{"id":38139,"date":"2020-01-27T18:46:06","date_gmt":"2020-01-27T21:46:06","guid":{"rendered":"http:\/\/www.noticiasradioreflejos.com.ar\/noticias\/?p=38139"},"modified":"2020-01-27T18:46:06","modified_gmt":"2020-01-27T21:46:06","slug":"se-disputo-el-segundo-encuentro-del-grand-prix-de-voley","status":"publish","type":"post","link":"https:\/\/www.noticiasradioreflejos.com.ar\/2021\/se-disputo-el-segundo-encuentro-del-grand-prix-de-voley\/","title":{"rendered":"Se disput\u00f3 el segundo encuentro del Grand Prix de Voley"},"content":{"rendered":"<p><a title=\"edfbe4fe-5583-4c83-926f-ca09d58b318a\" href=\"http:\/\/live.staticflickr.com\/65535\/49451834041_25bff06c65_s.jpg\" rel=\"\"><img loading=\"lazy\" decoding=\"async\" class=\"alignleft\" style=\"float: left;\" title=\"edfbe4fe-5583-4c83-926f-ca09d58b318a\" src=\"http:\/\/live.staticflickr.com\/65535\/49451834041_25bff06c65.jpg\" alt=\"edfbe4fe-5583-4c83-926f-ca09d58b318a\" width=\"500\" height=\"332\" \/><\/a>Villa Ventana fue el escenario para disputar, en esta oportunidad, el segundo encuentro del Grand Prix de Voley, evento organizado por el \u00e1rea de Deportes municipal.<!--more--><\/p>\n<p>En esta oportunidad, acompa\u00f1ados por el tiempo, los equipos ganadores pudieron disputar una final local, en donde Cynthia Abreg\u00fa y Josefina Candal se impusieron ante Macarena Rodr\u00edguez Vidal, Macarena Laborde y Delfina Dri.<\/p>\n<p>En el caso de los varones se llev\u00f3 a cabo una final entre el primer equipo de la categor\u00eda menores (Joaqu\u00edn e Ignacio Aranda) y el primero de la categor\u00eda mayores, resultando victoriosos el conformado por Juli\u00e1n Paredes y Tom\u00e1s Rayes.<\/p>\n<p>A continuaci\u00f3n detallamos c\u00f3mo qued\u00f3 la tabla de posiciones luego de los encuentros disputados en Laguna Las Encadenadas y Villa Ventana:<\/p>\n<p>TABLA DE POSICIONES<\/p>\n<table width=\"566\">\n<tbody>\n<tr>\n<td colspan=\"7\" width=\"566\">MASCULINO MAYORES<\/td>\n<\/tr>\n<tr>\n<td width=\"358\">EQUIPO<\/td>\n<td width=\"66\">PUNTOS<\/td>\n<td width=\"28\">PJ<\/td>\n<td width=\"28\">G<\/td>\n<td width=\"28\">P<\/td>\n<td width=\"28\">SF<\/td>\n<td width=\"29\">SC<\/td>\n<\/tr>\n<tr>\n<td width=\"358\">Esteban Attema, Santiago Le\u00f3n y Mauro Jim\u00e9nez<\/td>\n<td width=\"66\">16<\/td>\n<td width=\"28\">4<\/td>\n<td width=\"28\">4<\/td>\n<td width=\"28\">0<\/td>\n<td width=\"28\">8<\/td>\n<td width=\"29\">0<\/td>\n<\/tr>\n<tr>\n<td width=\"358\">Juan y Eber Piedrabuena<\/td>\n<td width=\"66\">16<\/td>\n<td width=\"28\">8<\/td>\n<td width=\"28\">2<\/td>\n<td width=\"28\">6<\/td>\n<td width=\"28\">7<\/td>\n<td width=\"29\">11<\/td>\n<\/tr>\n<tr>\n<td width=\"358\">Juli\u00e1n Paredes y Tom\u00e1s Rayes.<\/p>\n<p>&nbsp;<\/td>\n<td width=\"66\">16<\/td>\n<td width=\"28\">4<\/td>\n<td width=\"28\">4<\/td>\n<td width=\"28\">0<\/td>\n<td width=\"28\">8<\/td>\n<td width=\"29\">0<\/td>\n<\/tr>\n<tr>\n<td width=\"358\">Juan y Nicol\u00e1s Ortiz<\/td>\n<td width=\"66\">13<\/td>\n<td width=\"28\">8<\/td>\n<td width=\"28\">2<\/td>\n<td width=\"28\">6<\/td>\n<td width=\"28\">5<\/td>\n<td width=\"29\">14<\/td>\n<\/tr>\n<tr>\n<td width=\"358\">Rodolfo Wendorff y Bernardo Temps<\/td>\n<td width=\"66\">7<\/td>\n<td width=\"28\">4<\/td>\n<td width=\"28\">1<\/td>\n<td width=\"28\">3<\/td>\n<td width=\"28\">2<\/td>\n<td width=\"29\">6<\/td>\n<\/tr>\n<\/tbody>\n<\/table>\n<p>&nbsp;<\/p>\n<table width=\"566\">\n<tbody>\n<tr>\n<td colspan=\"7\" width=\"566\">MASCULINO MENORES<\/td>\n<\/tr>\n<tr>\n<td width=\"357\">EQUIPO<\/td>\n<td width=\"66\">PUNTOS<\/td>\n<td width=\"28\">PJ<\/td>\n<td width=\"28\">G<\/td>\n<td width=\"28\">P<\/td>\n<td width=\"29\">SF<\/td>\n<td width=\"29\">SC<\/td>\n<\/tr>\n<tr>\n<td width=\"357\">Ignacio y Joaqu\u00edn Aranda<\/td>\n<td width=\"66\">26<\/td>\n<td width=\"28\">8<\/td>\n<td width=\"28\">6<\/td>\n<td width=\"28\">2<\/td>\n<td width=\"29\">13<\/td>\n<td width=\"29\">5<\/td>\n<\/tr>\n<tr>\n<td width=\"357\">Caetano Bravo y Joaqu\u00edn Palacios<\/td>\n<td width=\"66\">9<\/td>\n<td width=\"28\">4<\/td>\n<td width=\"28\">2<\/td>\n<td width=\"28\">2<\/td>\n<td width=\"29\">5<\/td>\n<td width=\"29\">5<\/td>\n<\/tr>\n<tr>\n<td width=\"357\">German Meyer y\u00a0 Gonzalo Hubichi<\/td>\n<td width=\"66\">6<\/td>\n<td width=\"28\">4<\/td>\n<td width=\"28\">1<\/td>\n<td width=\"28\">3<\/td>\n<td width=\"29\">2<\/td>\n<td width=\"29\">7<\/td>\n<\/tr>\n<\/tbody>\n<\/table>\n<p>&nbsp;<\/p>\n<table width=\"566\">\n<tbody>\n<tr>\n<td colspan=\"7\" width=\"566\">FEMENINO<\/td>\n<\/tr>\n<tr>\n<td width=\"357\">EQUIPO<\/td>\n<td width=\"66\">PUNTOS<\/td>\n<td width=\"28\">PJ<\/td>\n<td width=\"28\">G<\/td>\n<td width=\"28\">P<\/td>\n<td width=\"29\">SF<\/td>\n<td width=\"29\">SC<\/td>\n<\/tr>\n<tr>\n<td width=\"357\">Macarena Rodr\u00edguez Vidal, Macarena Laborde y Delfina Dri<\/td>\n<td width=\"66\">19<\/td>\n<td width=\"28\">6<\/td>\n<td width=\"28\">5<\/td>\n<td width=\"28\">1<\/td>\n<td width=\"29\">10<\/td>\n<td width=\"29\">4<\/td>\n<\/tr>\n<tr>\n<td width=\"357\">J\u00e9sica Vigil, Yamila Leonardi y Luc\u00eda L\u00f3pez<\/td>\n<td width=\"66\">15<\/td>\n<td width=\"28\">6<\/td>\n<td width=\"28\">4<\/td>\n<td width=\"28\">2<\/td>\n<td width=\"29\">8<\/td>\n<td width=\"29\">7<\/td>\n<\/tr>\n<tr>\n<td width=\"357\">Clara Rinc\u00f3n, Gianela Lambicchi y Victoria Rusconi<\/td>\n<td width=\"66\">12<\/td>\n<td width=\"28\">6<\/td>\n<td width=\"28\">1<\/td>\n<td width=\"28\">5<\/td>\n<td width=\"29\">5<\/td>\n<td width=\"29\">10<\/td>\n<\/tr>\n<tr>\n<td width=\"357\">Cynthia Abreg\u00fa y Josefina Candal<\/td>\n<td width=\"66\">9<\/td>\n<td width=\"28\">3<\/td>\n<td width=\"28\">2<\/td>\n<td width=\"28\">1<\/td>\n<td width=\"29\">4<\/td>\n<td width=\"29\">2<\/td>\n<\/tr>\n<\/tbody>\n<\/table>\n<p>&nbsp;<\/p>\n<p><a title=\"2e65a0fe-4400-4042-a485-26e4fd79ed8f\" href=\"http:\/\/live.staticflickr.com\/65535\/49452065567_63083e7001_s.jpg\" rel=\"\"><img loading=\"lazy\" decoding=\"async\" class=\"aligncenter\" title=\"2e65a0fe-4400-4042-a485-26e4fd79ed8f\" src=\"http:\/\/live.staticflickr.com\/65535\/49452065567_63083e7001_z.jpg\" alt=\"2e65a0fe-4400-4042-a485-26e4fd79ed8f\" width=\"640\" height=\"640\" \/><\/a><\/p>\n","protected":false},"excerpt":{"rendered":"<p>Villa Ventana fue el escenario para disputar, en esta oportunidad, el segundo encuentro del Grand Prix de Voley, evento organizado por el \u00e1rea de Deportes municipal.<\/p>\n","protected":false},"author":3,"featured_media":0,"comment_status":"closed","ping_status":"open","sticky":false,"template":"","format":"standard","meta":{"footnotes":""},"categories":[27],"tags":[],"class_list":["post-38139","post","type-post","status-publish","format-standard","hentry","category-deportes"],"yoast_head":"<!-- This site is optimized with the Yoast SEO plugin v25.9 - https:\/\/yoast.com\/wordpress\/plugins\/seo\/ -->\n<title>Se disput\u00f3 el segundo encuentro del Grand Prix de Voley - Noticias Radio Reflejos<\/title>\n<meta name=\"robots\" content=\"index, follow, max-snippet:-1, max-image-preview:large, max-video-preview:-1\" \/>\n<link rel=\"canonical\" href=\"https:\/\/www.noticiasradioreflejos.com.ar\/2021\/se-disputo-el-segundo-encuentro-del-grand-prix-de-voley\/\" \/>\n<meta property=\"og:locale\" content=\"es_ES\" \/>\n<meta property=\"og:type\" content=\"article\" \/>\n<meta property=\"og:title\" content=\"Se disput\u00f3 el segundo encuentro del Grand Prix de Voley - Noticias Radio Reflejos\" \/>\n<meta property=\"og:description\" content=\"Villa Ventana fue el escenario para disputar, en esta oportunidad, el segundo encuentro del Grand Prix de Voley, evento organizado por el \u00e1rea de Deportes municipal.\" \/>\n<meta property=\"og:url\" content=\"https:\/\/www.noticiasradioreflejos.com.ar\/2021\/se-disputo-el-segundo-encuentro-del-grand-prix-de-voley\/\" \/>\n<meta property=\"og:site_name\" content=\"Noticias Radio Reflejos\" \/>\n<meta property=\"article:published_time\" content=\"2020-01-27T21:46:06+00:00\" \/>\n<meta property=\"og:image\" content=\"http:\/\/live.staticflickr.com\/65535\/49451834041_25bff06c65.jpg\" \/>\n<meta name=\"author\" content=\"Arnaldo Botto\" \/>\n<meta name=\"twitter:card\" content=\"summary_large_image\" \/>\n<script type=\"application\/ld+json\" class=\"yoast-schema-graph\">{\"@context\":\"https:\/\/schema.org\",\"@graph\":[{\"@type\":\"WebPage\",\"@id\":\"https:\/\/www.noticiasradioreflejos.com.ar\/2021\/se-disputo-el-segundo-encuentro-del-grand-prix-de-voley\/\",\"url\":\"https:\/\/www.noticiasradioreflejos.com.ar\/2021\/se-disputo-el-segundo-encuentro-del-grand-prix-de-voley\/\",\"name\":\"Se disput\u00f3 el segundo encuentro del Grand Prix de Voley - Noticias Radio Reflejos\",\"isPartOf\":{\"@id\":\"https:\/\/www.noticiasradioreflejos.com.ar\/2021\/#website\"},\"primaryImageOfPage\":{\"@id\":\"https:\/\/www.noticiasradioreflejos.com.ar\/2021\/se-disputo-el-segundo-encuentro-del-grand-prix-de-voley\/#primaryimage\"},\"image\":{\"@id\":\"https:\/\/www.noticiasradioreflejos.com.ar\/2021\/se-disputo-el-segundo-encuentro-del-grand-prix-de-voley\/#primaryimage\"},\"thumbnailUrl\":\"http:\/\/live.staticflickr.com\/65535\/49451834041_25bff06c65.jpg\",\"datePublished\":\"2020-01-27T21:46:06+00:00\",\"author\":{\"@id\":\"https:\/\/www.noticiasradioreflejos.com.ar\/2021\/#\/schema\/person\/ad82545263dcc5ec0996818884fd5fb1\"},\"breadcrumb\":{\"@id\":\"https:\/\/www.noticiasradioreflejos.com.ar\/2021\/se-disputo-el-segundo-encuentro-del-grand-prix-de-voley\/#breadcrumb\"},\"inLanguage\":\"es\",\"potentialAction\":[{\"@type\":\"ReadAction\",\"target\":[\"https:\/\/www.noticiasradioreflejos.com.ar\/2021\/se-disputo-el-segundo-encuentro-del-grand-prix-de-voley\/\"]}]},{\"@type\":\"ImageObject\",\"inLanguage\":\"es\",\"@id\":\"https:\/\/www.noticiasradioreflejos.com.ar\/2021\/se-disputo-el-segundo-encuentro-del-grand-prix-de-voley\/#primaryimage\",\"url\":\"http:\/\/live.staticflickr.com\/65535\/49451834041_25bff06c65.jpg\",\"contentUrl\":\"http:\/\/live.staticflickr.com\/65535\/49451834041_25bff06c65.jpg\"},{\"@type\":\"BreadcrumbList\",\"@id\":\"https:\/\/www.noticiasradioreflejos.com.ar\/2021\/se-disputo-el-segundo-encuentro-del-grand-prix-de-voley\/#breadcrumb\",\"itemListElement\":[{\"@type\":\"ListItem\",\"position\":1,\"name\":\"Portada\",\"item\":\"https:\/\/www.noticiasradioreflejos.com.ar\/2021\/\"},{\"@type\":\"ListItem\",\"position\":2,\"name\":\"Se disput\u00f3 el segundo encuentro del Grand Prix de Voley\"}]},{\"@type\":\"WebSite\",\"@id\":\"https:\/\/www.noticiasradioreflejos.com.ar\/2021\/#website\",\"url\":\"https:\/\/www.noticiasradioreflejos.com.ar\/2021\/\",\"name\":\"Noticias Radio Reflejos\",\"description\":\"Las noticias de mi comarca\",\"potentialAction\":[{\"@type\":\"SearchAction\",\"target\":{\"@type\":\"EntryPoint\",\"urlTemplate\":\"https:\/\/www.noticiasradioreflejos.com.ar\/2021\/?s={search_term_string}\"},\"query-input\":{\"@type\":\"PropertyValueSpecification\",\"valueRequired\":true,\"valueName\":\"search_term_string\"}}],\"inLanguage\":\"es\"},{\"@type\":\"Person\",\"@id\":\"https:\/\/www.noticiasradioreflejos.com.ar\/2021\/#\/schema\/person\/ad82545263dcc5ec0996818884fd5fb1\",\"name\":\"Arnaldo Botto\",\"image\":{\"@type\":\"ImageObject\",\"inLanguage\":\"es\",\"@id\":\"https:\/\/www.noticiasradioreflejos.com.ar\/2021\/#\/schema\/person\/image\/\",\"url\":\"https:\/\/secure.gravatar.com\/avatar\/55cb5e37c1efa326397366e6974cb338056df65cb50e7d64d1cf314e87504837?s=96&d=mm&r=g\",\"contentUrl\":\"https:\/\/secure.gravatar.com\/avatar\/55cb5e37c1efa326397366e6974cb338056df65cb50e7d64d1cf314e87504837?s=96&d=mm&r=g\",\"caption\":\"Arnaldo Botto\"},\"url\":\"https:\/\/www.noticiasradioreflejos.com.ar\/2021\/author\/arnaldo\/\"}]}<\/script>\n<!-- \/ Yoast SEO plugin. -->","yoast_head_json":{"title":"Se disput\u00f3 el segundo encuentro del Grand Prix de Voley - Noticias Radio Reflejos","robots":{"index":"index","follow":"follow","max-snippet":"max-snippet:-1","max-image-preview":"max-image-preview:large","max-video-preview":"max-video-preview:-1"},"canonical":"https:\/\/www.noticiasradioreflejos.com.ar\/2021\/se-disputo-el-segundo-encuentro-del-grand-prix-de-voley\/","og_locale":"es_ES","og_type":"article","og_title":"Se disput\u00f3 el segundo encuentro del Grand Prix de Voley - Noticias Radio Reflejos","og_description":"Villa Ventana fue el escenario para disputar, en esta oportunidad, el segundo encuentro del Grand Prix de Voley, evento organizado por el \u00e1rea de Deportes municipal.","og_url":"https:\/\/www.noticiasradioreflejos.com.ar\/2021\/se-disputo-el-segundo-encuentro-del-grand-prix-de-voley\/","og_site_name":"Noticias Radio Reflejos","article_published_time":"2020-01-27T21:46:06+00:00","og_image":[{"url":"http:\/\/live.staticflickr.com\/65535\/49451834041_25bff06c65.jpg","type":"","width":"","height":""}],"author":"Arnaldo Botto","twitter_card":"summary_large_image","schema":{"@context":"https:\/\/schema.org","@graph":[{"@type":"WebPage","@id":"https:\/\/www.noticiasradioreflejos.com.ar\/2021\/se-disputo-el-segundo-encuentro-del-grand-prix-de-voley\/","url":"https:\/\/www.noticiasradioreflejos.com.ar\/2021\/se-disputo-el-segundo-encuentro-del-grand-prix-de-voley\/","name":"Se disput\u00f3 el segundo encuentro del Grand Prix de Voley - Noticias Radio Reflejos","isPartOf":{"@id":"https:\/\/www.noticiasradioreflejos.com.ar\/2021\/#website"},"primaryImageOfPage":{"@id":"https:\/\/www.noticiasradioreflejos.com.ar\/2021\/se-disputo-el-segundo-encuentro-del-grand-prix-de-voley\/#primaryimage"},"image":{"@id":"https:\/\/www.noticiasradioreflejos.com.ar\/2021\/se-disputo-el-segundo-encuentro-del-grand-prix-de-voley\/#primaryimage"},"thumbnailUrl":"http:\/\/live.staticflickr.com\/65535\/49451834041_25bff06c65.jpg","datePublished":"2020-01-27T21:46:06+00:00","author":{"@id":"https:\/\/www.noticiasradioreflejos.com.ar\/2021\/#\/schema\/person\/ad82545263dcc5ec0996818884fd5fb1"},"breadcrumb":{"@id":"https:\/\/www.noticiasradioreflejos.com.ar\/2021\/se-disputo-el-segundo-encuentro-del-grand-prix-de-voley\/#breadcrumb"},"inLanguage":"es","potentialAction":[{"@type":"ReadAction","target":["https:\/\/www.noticiasradioreflejos.com.ar\/2021\/se-disputo-el-segundo-encuentro-del-grand-prix-de-voley\/"]}]},{"@type":"ImageObject","inLanguage":"es","@id":"https:\/\/www.noticiasradioreflejos.com.ar\/2021\/se-disputo-el-segundo-encuentro-del-grand-prix-de-voley\/#primaryimage","url":"http:\/\/live.staticflickr.com\/65535\/49451834041_25bff06c65.jpg","contentUrl":"http:\/\/live.staticflickr.com\/65535\/49451834041_25bff06c65.jpg"},{"@type":"BreadcrumbList","@id":"https:\/\/www.noticiasradioreflejos.com.ar\/2021\/se-disputo-el-segundo-encuentro-del-grand-prix-de-voley\/#breadcrumb","itemListElement":[{"@type":"ListItem","position":1,"name":"Portada","item":"https:\/\/www.noticiasradioreflejos.com.ar\/2021\/"},{"@type":"ListItem","position":2,"name":"Se disput\u00f3 el segundo encuentro del Grand Prix de Voley"}]},{"@type":"WebSite","@id":"https:\/\/www.noticiasradioreflejos.com.ar\/2021\/#website","url":"https:\/\/www.noticiasradioreflejos.com.ar\/2021\/","name":"Noticias Radio Reflejos","description":"Las noticias de mi comarca","potentialAction":[{"@type":"SearchAction","target":{"@type":"EntryPoint","urlTemplate":"https:\/\/www.noticiasradioreflejos.com.ar\/2021\/?s={search_term_string}"},"query-input":{"@type":"PropertyValueSpecification","valueRequired":true,"valueName":"search_term_string"}}],"inLanguage":"es"},{"@type":"Person","@id":"https:\/\/www.noticiasradioreflejos.com.ar\/2021\/#\/schema\/person\/ad82545263dcc5ec0996818884fd5fb1","name":"Arnaldo Botto","image":{"@type":"ImageObject","inLanguage":"es","@id":"https:\/\/www.noticiasradioreflejos.com.ar\/2021\/#\/schema\/person\/image\/","url":"https:\/\/secure.gravatar.com\/avatar\/55cb5e37c1efa326397366e6974cb338056df65cb50e7d64d1cf314e87504837?s=96&d=mm&r=g","contentUrl":"https:\/\/secure.gravatar.com\/avatar\/55cb5e37c1efa326397366e6974cb338056df65cb50e7d64d1cf314e87504837?s=96&d=mm&r=g","caption":"Arnaldo Botto"},"url":"https:\/\/www.noticiasradioreflejos.com.ar\/2021\/author\/arnaldo\/"}]}},"_links":{"self":[{"href":"https:\/\/www.noticiasradioreflejos.com.ar\/2021\/wp-json\/wp\/v2\/posts\/38139","targetHints":{"allow":["GET"]}}],"collection":[{"href":"https:\/\/www.noticiasradioreflejos.com.ar\/2021\/wp-json\/wp\/v2\/posts"}],"about":[{"href":"https:\/\/www.noticiasradioreflejos.com.ar\/2021\/wp-json\/wp\/v2\/types\/post"}],"author":[{"embeddable":true,"href":"https:\/\/www.noticiasradioreflejos.com.ar\/2021\/wp-json\/wp\/v2\/users\/3"}],"replies":[{"embeddable":true,"href":"https:\/\/www.noticiasradioreflejos.com.ar\/2021\/wp-json\/wp\/v2\/comments?post=38139"}],"version-history":[{"count":0,"href":"https:\/\/www.noticiasradioreflejos.com.ar\/2021\/wp-json\/wp\/v2\/posts\/38139\/revisions"}],"wp:attachment":[{"href":"https:\/\/www.noticiasradioreflejos.com.ar\/2021\/wp-json\/wp\/v2\/media?parent=38139"}],"wp:term":[{"taxonomy":"category","embeddable":true,"href":"https:\/\/www.noticiasradioreflejos.com.ar\/2021\/wp-json\/wp\/v2\/categories?post=38139"},{"taxonomy":"post_tag","embeddable":true,"href":"https:\/\/www.noticiasradioreflejos.com.ar\/2021\/wp-json\/wp\/v2\/tags?post=38139"}],"curies":[{"name":"wp","href":"https:\/\/api.w.org\/{rel}","templated":true}]}}