{"id":38130,"date":"2020-01-27T14:57:39","date_gmt":"2020-01-27T17:57:39","guid":{"rendered":"http:\/\/www.noticiasradioreflejos.com.ar\/noticias\/?p=38130"},"modified":"2020-01-27T14:57:39","modified_gmt":"2020-01-27T17:57:39","slug":"coopersive-informa-sobre-corte-de-energia-de-esta-lunes-27-01-20","status":"publish","type":"post","link":"https:\/\/www.noticiasradioreflejos.com.ar\/2021\/coopersive-informa-sobre-corte-de-energia-de-esta-lunes-27-01-20\/","title":{"rendered":"Coopersive informa sobre corte de energ\u00eda de esta lunes 27-01-20"},"content":{"rendered":"<p>Comunicamos a la poblaci\u00f3n que el corte producido en el d\u00eda de hoy, desde las 03:15 hasta las 11:15 horas, fue originado por la salida de servicio del transformador ubicado en la Subestaci\u00f3n Transformadora de Sierra de la Ventana debido a una p\u00e9rdida de fluidos, lo que hizo que se activaran las protecciones del mismo y, por cuestiones de seguridad para resguardar el equipo, se suspendiera el suministro de energ\u00eda.<!--more--><br \/>\nUna vez que nuestros operarios detectaron el inconveniente, procedieron a dar aviso al Centro Operativo de EDES (empresa propietaria de la Sub Estaci\u00f3n \u2013si bien la misma se construy\u00f3 en gran parte con fondos de Coopersive, una vez terminada se cedi\u00f3 la propiedad a EDES-). Durante toda la ma\u00f1ana, operarios de esa empresa, junto con el apoyo log\u00edstico de nuestro personal, se abocaron a la soluci\u00f3n del problema, lo que permiti\u00f3 reanudar el servicio en el horario previsto.<\/p>\n<p>Sepan disculpar las molestias ocasionadas.<\/p>\n<p>Consejo de Administraci\u00f3n<br \/>\n27-ene-2020<\/p>\n","protected":false},"excerpt":{"rendered":"<p>Comunicamos a la poblaci\u00f3n que el corte producido en el d\u00eda de hoy, desde las 03:15 hasta las 11:15 horas, fue originado por la salida de servicio del transformador ubicado en la Subestaci\u00f3n Transformadora de Sierra de la Ventana debido a una p\u00e9rdida de fluidos, lo que hizo que se activaran las protecciones del mismo [&hellip;]<\/p>\n","protected":false},"author":3,"featured_media":0,"comment_status":"closed","ping_status":"open","sticky":false,"template":"","format":"standard","meta":{"footnotes":""},"categories":[26],"tags":[],"class_list":["post-38130","post","type-post","status-publish","format-standard","hentry","category-sociedad"],"yoast_head":"<!-- This site is optimized with the Yoast SEO plugin v25.9 - https:\/\/yoast.com\/wordpress\/plugins\/seo\/ -->\n<title>Coopersive informa sobre corte de energ\u00eda de esta lunes 27-01-20 - Noticias Radio Reflejos<\/title>\n<meta name=\"robots\" content=\"index, follow, max-snippet:-1, max-image-preview:large, max-video-preview:-1\" \/>\n<link rel=\"canonical\" href=\"https:\/\/www.noticiasradioreflejos.com.ar\/2021\/coopersive-informa-sobre-corte-de-energia-de-esta-lunes-27-01-20\/\" \/>\n<meta property=\"og:locale\" content=\"es_ES\" \/>\n<meta property=\"og:type\" content=\"article\" \/>\n<meta property=\"og:title\" content=\"Coopersive informa sobre corte de energ\u00eda de esta lunes 27-01-20 - Noticias Radio Reflejos\" \/>\n<meta property=\"og:description\" content=\"Comunicamos a la poblaci\u00f3n que el corte producido en el d\u00eda de hoy, desde las 03:15 hasta las 11:15 horas, fue originado por la salida de servicio del transformador ubicado en la Subestaci\u00f3n Transformadora de Sierra de la Ventana debido a una p\u00e9rdida de fluidos, lo que hizo que se activaran las protecciones del mismo [&hellip;]\" \/>\n<meta property=\"og:url\" content=\"https:\/\/www.noticiasradioreflejos.com.ar\/2021\/coopersive-informa-sobre-corte-de-energia-de-esta-lunes-27-01-20\/\" \/>\n<meta property=\"og:site_name\" content=\"Noticias Radio Reflejos\" \/>\n<meta property=\"article:published_time\" content=\"2020-01-27T17:57:39+00:00\" \/>\n<meta property=\"og:image\" content=\"https:\/\/www.noticiasradioreflejos.com.ar\/2021\/wp-content\/uploads\/2017\/11\/Coopersive-LTDA.jpg\" \/>\n\t<meta property=\"og:image:width\" content=\"960\" \/>\n\t<meta property=\"og:image:height\" content=\"540\" \/>\n\t<meta property=\"og:image:type\" content=\"image\/jpeg\" \/>\n<meta name=\"author\" content=\"Arnaldo Botto\" \/>\n<meta name=\"twitter:card\" content=\"summary_large_image\" \/>\n<script type=\"application\/ld+json\" class=\"yoast-schema-graph\">{\"@context\":\"https:\/\/schema.org\",\"@graph\":[{\"@type\":\"WebPage\",\"@id\":\"https:\/\/www.noticiasradioreflejos.com.ar\/2021\/coopersive-informa-sobre-corte-de-energia-de-esta-lunes-27-01-20\/\",\"url\":\"https:\/\/www.noticiasradioreflejos.com.ar\/2021\/coopersive-informa-sobre-corte-de-energia-de-esta-lunes-27-01-20\/\",\"name\":\"Coopersive informa sobre corte de energ\u00eda de esta lunes 27-01-20 - Noticias Radio Reflejos\",\"isPartOf\":{\"@id\":\"https:\/\/www.noticiasradioreflejos.com.ar\/2021\/#website\"},\"datePublished\":\"2020-01-27T17:57:39+00:00\",\"author\":{\"@id\":\"https:\/\/www.noticiasradioreflejos.com.ar\/2021\/#\/schema\/person\/ad82545263dcc5ec0996818884fd5fb1\"},\"breadcrumb\":{\"@id\":\"https:\/\/www.noticiasradioreflejos.com.ar\/2021\/coopersive-informa-sobre-corte-de-energia-de-esta-lunes-27-01-20\/#breadcrumb\"},\"inLanguage\":\"es\",\"potentialAction\":[{\"@type\":\"ReadAction\",\"target\":[\"https:\/\/www.noticiasradioreflejos.com.ar\/2021\/coopersive-informa-sobre-corte-de-energia-de-esta-lunes-27-01-20\/\"]}]},{\"@type\":\"BreadcrumbList\",\"@id\":\"https:\/\/www.noticiasradioreflejos.com.ar\/2021\/coopersive-informa-sobre-corte-de-energia-de-esta-lunes-27-01-20\/#breadcrumb\",\"itemListElement\":[{\"@type\":\"ListItem\",\"position\":1,\"name\":\"Portada\",\"item\":\"https:\/\/www.noticiasradioreflejos.com.ar\/2021\/\"},{\"@type\":\"ListItem\",\"position\":2,\"name\":\"Coopersive informa sobre corte de energ\u00eda de esta lunes 27-01-20\"}]},{\"@type\":\"WebSite\",\"@id\":\"https:\/\/www.noticiasradioreflejos.com.ar\/2021\/#website\",\"url\":\"https:\/\/www.noticiasradioreflejos.com.ar\/2021\/\",\"name\":\"Noticias Radio Reflejos\",\"description\":\"Las noticias de mi comarca\",\"potentialAction\":[{\"@type\":\"SearchAction\",\"target\":{\"@type\":\"EntryPoint\",\"urlTemplate\":\"https:\/\/www.noticiasradioreflejos.com.ar\/2021\/?s={search_term_string}\"},\"query-input\":{\"@type\":\"PropertyValueSpecification\",\"valueRequired\":true,\"valueName\":\"search_term_string\"}}],\"inLanguage\":\"es\"},{\"@type\":\"Person\",\"@id\":\"https:\/\/www.noticiasradioreflejos.com.ar\/2021\/#\/schema\/person\/ad82545263dcc5ec0996818884fd5fb1\",\"name\":\"Arnaldo Botto\",\"image\":{\"@type\":\"ImageObject\",\"inLanguage\":\"es\",\"@id\":\"https:\/\/www.noticiasradioreflejos.com.ar\/2021\/#\/schema\/person\/image\/\",\"url\":\"https:\/\/secure.gravatar.com\/avatar\/55cb5e37c1efa326397366e6974cb338056df65cb50e7d64d1cf314e87504837?s=96&d=mm&r=g\",\"contentUrl\":\"https:\/\/secure.gravatar.com\/avatar\/55cb5e37c1efa326397366e6974cb338056df65cb50e7d64d1cf314e87504837?s=96&d=mm&r=g\",\"caption\":\"Arnaldo Botto\"},\"url\":\"https:\/\/www.noticiasradioreflejos.com.ar\/2021\/author\/arnaldo\/\"}]}<\/script>\n<!-- \/ Yoast SEO plugin. -->","yoast_head_json":{"title":"Coopersive informa sobre corte de energ\u00eda de esta lunes 27-01-20 - Noticias Radio Reflejos","robots":{"index":"index","follow":"follow","max-snippet":"max-snippet:-1","max-image-preview":"max-image-preview:large","max-video-preview":"max-video-preview:-1"},"canonical":"https:\/\/www.noticiasradioreflejos.com.ar\/2021\/coopersive-informa-sobre-corte-de-energia-de-esta-lunes-27-01-20\/","og_locale":"es_ES","og_type":"article","og_title":"Coopersive informa sobre corte de energ\u00eda de esta lunes 27-01-20 - Noticias Radio Reflejos","og_description":"Comunicamos a la poblaci\u00f3n que el corte producido en el d\u00eda de hoy, desde las 03:15 hasta las 11:15 horas, fue originado por la salida de servicio del transformador ubicado en la Subestaci\u00f3n Transformadora de Sierra de la Ventana debido a una p\u00e9rdida de fluidos, lo que hizo que se activaran las protecciones del mismo [&hellip;]","og_url":"https:\/\/www.noticiasradioreflejos.com.ar\/2021\/coopersive-informa-sobre-corte-de-energia-de-esta-lunes-27-01-20\/","og_site_name":"Noticias Radio Reflejos","article_published_time":"2020-01-27T17:57:39+00:00","og_image":[{"width":960,"height":540,"url":"https:\/\/www.noticiasradioreflejos.com.ar\/2021\/wp-content\/uploads\/2017\/11\/Coopersive-LTDA.jpg","type":"image\/jpeg"}],"author":"Arnaldo Botto","twitter_card":"summary_large_image","schema":{"@context":"https:\/\/schema.org","@graph":[{"@type":"WebPage","@id":"https:\/\/www.noticiasradioreflejos.com.ar\/2021\/coopersive-informa-sobre-corte-de-energia-de-esta-lunes-27-01-20\/","url":"https:\/\/www.noticiasradioreflejos.com.ar\/2021\/coopersive-informa-sobre-corte-de-energia-de-esta-lunes-27-01-20\/","name":"Coopersive informa sobre corte de energ\u00eda de esta lunes 27-01-20 - Noticias Radio Reflejos","isPartOf":{"@id":"https:\/\/www.noticiasradioreflejos.com.ar\/2021\/#website"},"datePublished":"2020-01-27T17:57:39+00:00","author":{"@id":"https:\/\/www.noticiasradioreflejos.com.ar\/2021\/#\/schema\/person\/ad82545263dcc5ec0996818884fd5fb1"},"breadcrumb":{"@id":"https:\/\/www.noticiasradioreflejos.com.ar\/2021\/coopersive-informa-sobre-corte-de-energia-de-esta-lunes-27-01-20\/#breadcrumb"},"inLanguage":"es","potentialAction":[{"@type":"ReadAction","target":["https:\/\/www.noticiasradioreflejos.com.ar\/2021\/coopersive-informa-sobre-corte-de-energia-de-esta-lunes-27-01-20\/"]}]},{"@type":"BreadcrumbList","@id":"https:\/\/www.noticiasradioreflejos.com.ar\/2021\/coopersive-informa-sobre-corte-de-energia-de-esta-lunes-27-01-20\/#breadcrumb","itemListElement":[{"@type":"ListItem","position":1,"name":"Portada","item":"https:\/\/www.noticiasradioreflejos.com.ar\/2021\/"},{"@type":"ListItem","position":2,"name":"Coopersive informa sobre corte de energ\u00eda de esta lunes 27-01-20"}]},{"@type":"WebSite","@id":"https:\/\/www.noticiasradioreflejos.com.ar\/2021\/#website","url":"https:\/\/www.noticiasradioreflejos.com.ar\/2021\/","name":"Noticias Radio Reflejos","description":"Las noticias de mi comarca","potentialAction":[{"@type":"SearchAction","target":{"@type":"EntryPoint","urlTemplate":"https:\/\/www.noticiasradioreflejos.com.ar\/2021\/?s={search_term_string}"},"query-input":{"@type":"PropertyValueSpecification","valueRequired":true,"valueName":"search_term_string"}}],"inLanguage":"es"},{"@type":"Person","@id":"https:\/\/www.noticiasradioreflejos.com.ar\/2021\/#\/schema\/person\/ad82545263dcc5ec0996818884fd5fb1","name":"Arnaldo Botto","image":{"@type":"ImageObject","inLanguage":"es","@id":"https:\/\/www.noticiasradioreflejos.com.ar\/2021\/#\/schema\/person\/image\/","url":"https:\/\/secure.gravatar.com\/avatar\/55cb5e37c1efa326397366e6974cb338056df65cb50e7d64d1cf314e87504837?s=96&d=mm&r=g","contentUrl":"https:\/\/secure.gravatar.com\/avatar\/55cb5e37c1efa326397366e6974cb338056df65cb50e7d64d1cf314e87504837?s=96&d=mm&r=g","caption":"Arnaldo Botto"},"url":"https:\/\/www.noticiasradioreflejos.com.ar\/2021\/author\/arnaldo\/"}]}},"_links":{"self":[{"href":"https:\/\/www.noticiasradioreflejos.com.ar\/2021\/wp-json\/wp\/v2\/posts\/38130","targetHints":{"allow":["GET"]}}],"collection":[{"href":"https:\/\/www.noticiasradioreflejos.com.ar\/2021\/wp-json\/wp\/v2\/posts"}],"about":[{"href":"https:\/\/www.noticiasradioreflejos.com.ar\/2021\/wp-json\/wp\/v2\/types\/post"}],"author":[{"embeddable":true,"href":"https:\/\/www.noticiasradioreflejos.com.ar\/2021\/wp-json\/wp\/v2\/users\/3"}],"replies":[{"embeddable":true,"href":"https:\/\/www.noticiasradioreflejos.com.ar\/2021\/wp-json\/wp\/v2\/comments?post=38130"}],"version-history":[{"count":0,"href":"https:\/\/www.noticiasradioreflejos.com.ar\/2021\/wp-json\/wp\/v2\/posts\/38130\/revisions"}],"wp:attachment":[{"href":"https:\/\/www.noticiasradioreflejos.com.ar\/2021\/wp-json\/wp\/v2\/media?parent=38130"}],"wp:term":[{"taxonomy":"category","embeddable":true,"href":"https:\/\/www.noticiasradioreflejos.com.ar\/2021\/wp-json\/wp\/v2\/categories?post=38130"},{"taxonomy":"post_tag","embeddable":true,"href":"https:\/\/www.noticiasradioreflejos.com.ar\/2021\/wp-json\/wp\/v2\/tags?post=38130"}],"curies":[{"name":"wp","href":"https:\/\/api.w.org\/{rel}","templated":true}]}}