{"id":38110,"date":"2020-01-25T18:29:08","date_gmt":"2020-01-25T21:29:08","guid":{"rendered":"http:\/\/www.noticiasradioreflejos.com.ar\/noticias\/?p=38110"},"modified":"2020-01-25T18:29:08","modified_gmt":"2020-01-25T21:29:08","slug":"el-sin-sentido-de-la-violencia-desmedida-arrebatando-una-vida-nos-impacta-nos-interpela-nos-compromete","status":"publish","type":"post","link":"https:\/\/www.noticiasradioreflejos.com.ar\/2021\/el-sin-sentido-de-la-violencia-desmedida-arrebatando-una-vida-nos-impacta-nos-interpela-nos-compromete\/","title":{"rendered":"El sin sentido de la violencia desmedida arrebatando una vida nos impacta, nos interpela, nos compromete."},"content":{"rendered":"<p>El pasado viernes 17 de enero por la noche, un joven fue asesinado.<br \/>\nDesde el<strong> Consejo Municipal de las Mujere<\/strong>s expresamos nuestra opini\u00f3n sobre lo ocurrido mediante el comunicado del  Ministerio de las Mujeres, G\u00e9neros y Diversidad de la Naci\u00f3n, texto al que adherimos en todos sus t\u00e9rminos.<!--more--><\/p>\n<p>\u201cHace algunos d\u00edas se debate sobre el deporte, el alcohol y el violento modo en que muchos varones se vinculan con ambas cosas y entre s\u00ed. Queremos aprovechar para reflexionar sobre algunas ideas y conceptos que sobrevuelan muchas de las conversaciones de la \u00faltima semana.<\/p>\n<p>\ud83d\udccc Se habla mucho de \u201cc\u00f3mo son los varones\u201d y aparece un concepto: el de la \u201cmasculinidad\u201d. \u00bfY eso? Hay una frase que dice \u201cMujeres y varones no se nace, se llega a serlo\u201d. Esta afirmaci\u00f3n (un poco clich\u00e9) es fundamental para determinar el punto de partida.<\/p>\n<p>\ud83d\udccc Lo cierto es que la identidad, el \u201cqui\u00e9nes somos\u201d es una construcci\u00f3n cultural que muchas veces se disfraza de determinismo biol\u00f3gico. Esto significa que lo que se cree \u201cnatural\u201d de cada g\u00e9nero es, en esencia, aprendido socialmente y por lo tanto (\u00a1y por suerte!) puede cambiar.<\/p>\n<p>\ud83d\udccc El tema es: \u00bfcon qu\u00e9 par\u00e1metros vamos dando forma a nuestra identidad? Ac\u00e1 aparece el problema, porque hay un sistema de valores y creencias que se impone con fuerza y moldea formas de ser que reproducen desigualdades y pr\u00e1cticas muy violentas: el famoso \u201cpatriarcado\u201d.<\/p>\n<p>\ud83d\udccc Si hay un mandato social y cultural que les dice a los varones constantemente que no pueden mostrar sus sentimientos y que recurrir a la violencia f\u00edsica es no s\u00f3lo aceptable sino esperado, es probable que muchos de ellos act\u00faen en consecuencia para cumplir con la expectativa.<br \/>\n\ud83d\udccc En otras palabras: si toda la vida te dijeron que llorar es de maric\u00f3n, la pi\u00f1a va ser un recurso posible para validarte con tus pares y medir tu valor.<br \/>\n\ud83d\udccc Entonces, \u00bfel problema es la pr\u00e1ctica de un determinado deporte? No. Y en muchos casos, tampoco lo es el alcohol sino el v\u00ednculo t\u00f3xico que el patriarcado les impone tener con esas pr\u00e1cticas y que con el objetivo de \u201cpertenecer\u201d se ejecutan sin cuestionamientos.<br \/>\n\ud83d\udccc \u00bfQu\u00e9 tiene que ver esto con la violencia? Todo. El modo en que los varones construyen su \u201cmasculinidad\u201d es determinante para ponerle un freno a la violencia. Entender que hay otras formas (\u00a1mucho m\u00e1s sanas y humanas!) de desarrollarse en libertad es clave para empezar a cambiar.<br \/>\n\ud83d\udccc La sociedad justa que queremos no se construye ni con princesas ni con superh\u00e9roes. Se hace todos los d\u00edas con personas que elijan en libertad su proyecto de vida, sin condicionamientos ni mandatos de violencia. \u00bfC\u00f3mo? Con el compromiso de todxs.\u201d<\/p>\n","protected":false},"excerpt":{"rendered":"<p>El pasado viernes 17 de enero por la noche, un joven fue asesinado. Desde el Consejo Municipal de las Mujeres expresamos nuestra opini\u00f3n sobre lo ocurrido mediante el comunicado del Ministerio de las Mujeres, G\u00e9neros y Diversidad de la Naci\u00f3n, texto al que adherimos en todos sus t\u00e9rminos.<\/p>\n","protected":false},"author":3,"featured_media":0,"comment_status":"closed","ping_status":"open","sticky":false,"template":"","format":"standard","meta":{"footnotes":""},"categories":[24],"tags":[],"class_list":["post-38110","post","type-post","status-publish","format-standard","hentry","category-politica"],"yoast_head":"<!-- This site is optimized with the Yoast SEO plugin v25.9 - https:\/\/yoast.com\/wordpress\/plugins\/seo\/ -->\n<title>El sin sentido de la violencia desmedida arrebatando una vida nos impacta, nos interpela, nos compromete. - Noticias Radio Reflejos<\/title>\n<meta name=\"robots\" content=\"index, follow, max-snippet:-1, max-image-preview:large, max-video-preview:-1\" \/>\n<link rel=\"canonical\" href=\"https:\/\/www.noticiasradioreflejos.com.ar\/2021\/el-sin-sentido-de-la-violencia-desmedida-arrebatando-una-vida-nos-impacta-nos-interpela-nos-compromete\/\" \/>\n<meta property=\"og:locale\" content=\"es_ES\" \/>\n<meta property=\"og:type\" content=\"article\" \/>\n<meta property=\"og:title\" content=\"El sin sentido de la violencia desmedida arrebatando una vida nos impacta, nos interpela, nos compromete. - Noticias Radio Reflejos\" \/>\n<meta property=\"og:description\" content=\"El pasado viernes 17 de enero por la noche, un joven fue asesinado. Desde el Consejo Municipal de las Mujeres expresamos nuestra opini\u00f3n sobre lo ocurrido mediante el comunicado del Ministerio de las Mujeres, G\u00e9neros y Diversidad de la Naci\u00f3n, texto al que adherimos en todos sus t\u00e9rminos.\" \/>\n<meta property=\"og:url\" content=\"https:\/\/www.noticiasradioreflejos.com.ar\/2021\/el-sin-sentido-de-la-violencia-desmedida-arrebatando-una-vida-nos-impacta-nos-interpela-nos-compromete\/\" \/>\n<meta property=\"og:site_name\" content=\"Noticias Radio Reflejos\" \/>\n<meta property=\"article:published_time\" content=\"2020-01-25T21:29:08+00:00\" \/>\n<meta property=\"og:image\" content=\"https:\/\/www.noticiasradioreflejos.com.ar\/2021\/wp-content\/uploads\/2021\/07\/logosol300x200.png\" \/>\n\t<meta property=\"og:image:width\" content=\"300\" \/>\n\t<meta property=\"og:image:height\" content=\"200\" \/>\n\t<meta property=\"og:image:type\" content=\"image\/png\" \/>\n<meta name=\"author\" content=\"Arnaldo Botto\" \/>\n<meta name=\"twitter:card\" content=\"summary_large_image\" \/>\n<script type=\"application\/ld+json\" class=\"yoast-schema-graph\">{\"@context\":\"https:\/\/schema.org\",\"@graph\":[{\"@type\":\"WebPage\",\"@id\":\"https:\/\/www.noticiasradioreflejos.com.ar\/2021\/el-sin-sentido-de-la-violencia-desmedida-arrebatando-una-vida-nos-impacta-nos-interpela-nos-compromete\/\",\"url\":\"https:\/\/www.noticiasradioreflejos.com.ar\/2021\/el-sin-sentido-de-la-violencia-desmedida-arrebatando-una-vida-nos-impacta-nos-interpela-nos-compromete\/\",\"name\":\"El sin sentido de la violencia desmedida arrebatando una vida nos impacta, nos interpela, nos compromete. - Noticias Radio Reflejos\",\"isPartOf\":{\"@id\":\"https:\/\/www.noticiasradioreflejos.com.ar\/2021\/#website\"},\"datePublished\":\"2020-01-25T21:29:08+00:00\",\"author\":{\"@id\":\"https:\/\/www.noticiasradioreflejos.com.ar\/2021\/#\/schema\/person\/ad82545263dcc5ec0996818884fd5fb1\"},\"breadcrumb\":{\"@id\":\"https:\/\/www.noticiasradioreflejos.com.ar\/2021\/el-sin-sentido-de-la-violencia-desmedida-arrebatando-una-vida-nos-impacta-nos-interpela-nos-compromete\/#breadcrumb\"},\"inLanguage\":\"es\",\"potentialAction\":[{\"@type\":\"ReadAction\",\"target\":[\"https:\/\/www.noticiasradioreflejos.com.ar\/2021\/el-sin-sentido-de-la-violencia-desmedida-arrebatando-una-vida-nos-impacta-nos-interpela-nos-compromete\/\"]}]},{\"@type\":\"BreadcrumbList\",\"@id\":\"https:\/\/www.noticiasradioreflejos.com.ar\/2021\/el-sin-sentido-de-la-violencia-desmedida-arrebatando-una-vida-nos-impacta-nos-interpela-nos-compromete\/#breadcrumb\",\"itemListElement\":[{\"@type\":\"ListItem\",\"position\":1,\"name\":\"Portada\",\"item\":\"https:\/\/www.noticiasradioreflejos.com.ar\/2021\/\"},{\"@type\":\"ListItem\",\"position\":2,\"name\":\"El sin sentido de la violencia desmedida arrebatando una vida nos impacta, nos interpela, nos compromete.\"}]},{\"@type\":\"WebSite\",\"@id\":\"https:\/\/www.noticiasradioreflejos.com.ar\/2021\/#website\",\"url\":\"https:\/\/www.noticiasradioreflejos.com.ar\/2021\/\",\"name\":\"Noticias Radio Reflejos\",\"description\":\"Las noticias de mi comarca\",\"potentialAction\":[{\"@type\":\"SearchAction\",\"target\":{\"@type\":\"EntryPoint\",\"urlTemplate\":\"https:\/\/www.noticiasradioreflejos.com.ar\/2021\/?s={search_term_string}\"},\"query-input\":{\"@type\":\"PropertyValueSpecification\",\"valueRequired\":true,\"valueName\":\"search_term_string\"}}],\"inLanguage\":\"es\"},{\"@type\":\"Person\",\"@id\":\"https:\/\/www.noticiasradioreflejos.com.ar\/2021\/#\/schema\/person\/ad82545263dcc5ec0996818884fd5fb1\",\"name\":\"Arnaldo Botto\",\"image\":{\"@type\":\"ImageObject\",\"inLanguage\":\"es\",\"@id\":\"https:\/\/www.noticiasradioreflejos.com.ar\/2021\/#\/schema\/person\/image\/\",\"url\":\"https:\/\/secure.gravatar.com\/avatar\/55cb5e37c1efa326397366e6974cb338056df65cb50e7d64d1cf314e87504837?s=96&d=mm&r=g\",\"contentUrl\":\"https:\/\/secure.gravatar.com\/avatar\/55cb5e37c1efa326397366e6974cb338056df65cb50e7d64d1cf314e87504837?s=96&d=mm&r=g\",\"caption\":\"Arnaldo Botto\"},\"url\":\"https:\/\/www.noticiasradioreflejos.com.ar\/2021\/author\/arnaldo\/\"}]}<\/script>\n<!-- \/ Yoast SEO plugin. -->","yoast_head_json":{"title":"El sin sentido de la violencia desmedida arrebatando una vida nos impacta, nos interpela, nos compromete. - Noticias Radio Reflejos","robots":{"index":"index","follow":"follow","max-snippet":"max-snippet:-1","max-image-preview":"max-image-preview:large","max-video-preview":"max-video-preview:-1"},"canonical":"https:\/\/www.noticiasradioreflejos.com.ar\/2021\/el-sin-sentido-de-la-violencia-desmedida-arrebatando-una-vida-nos-impacta-nos-interpela-nos-compromete\/","og_locale":"es_ES","og_type":"article","og_title":"El sin sentido de la violencia desmedida arrebatando una vida nos impacta, nos interpela, nos compromete. - Noticias Radio Reflejos","og_description":"El pasado viernes 17 de enero por la noche, un joven fue asesinado. Desde el Consejo Municipal de las Mujeres expresamos nuestra opini\u00f3n sobre lo ocurrido mediante el comunicado del Ministerio de las Mujeres, G\u00e9neros y Diversidad de la Naci\u00f3n, texto al que adherimos en todos sus t\u00e9rminos.","og_url":"https:\/\/www.noticiasradioreflejos.com.ar\/2021\/el-sin-sentido-de-la-violencia-desmedida-arrebatando-una-vida-nos-impacta-nos-interpela-nos-compromete\/","og_site_name":"Noticias Radio Reflejos","article_published_time":"2020-01-25T21:29:08+00:00","og_image":[{"width":300,"height":200,"url":"https:\/\/www.noticiasradioreflejos.com.ar\/2021\/wp-content\/uploads\/2021\/07\/logosol300x200.png","type":"image\/png"}],"author":"Arnaldo Botto","twitter_card":"summary_large_image","schema":{"@context":"https:\/\/schema.org","@graph":[{"@type":"WebPage","@id":"https:\/\/www.noticiasradioreflejos.com.ar\/2021\/el-sin-sentido-de-la-violencia-desmedida-arrebatando-una-vida-nos-impacta-nos-interpela-nos-compromete\/","url":"https:\/\/www.noticiasradioreflejos.com.ar\/2021\/el-sin-sentido-de-la-violencia-desmedida-arrebatando-una-vida-nos-impacta-nos-interpela-nos-compromete\/","name":"El sin sentido de la violencia desmedida arrebatando una vida nos impacta, nos interpela, nos compromete. - Noticias Radio Reflejos","isPartOf":{"@id":"https:\/\/www.noticiasradioreflejos.com.ar\/2021\/#website"},"datePublished":"2020-01-25T21:29:08+00:00","author":{"@id":"https:\/\/www.noticiasradioreflejos.com.ar\/2021\/#\/schema\/person\/ad82545263dcc5ec0996818884fd5fb1"},"breadcrumb":{"@id":"https:\/\/www.noticiasradioreflejos.com.ar\/2021\/el-sin-sentido-de-la-violencia-desmedida-arrebatando-una-vida-nos-impacta-nos-interpela-nos-compromete\/#breadcrumb"},"inLanguage":"es","potentialAction":[{"@type":"ReadAction","target":["https:\/\/www.noticiasradioreflejos.com.ar\/2021\/el-sin-sentido-de-la-violencia-desmedida-arrebatando-una-vida-nos-impacta-nos-interpela-nos-compromete\/"]}]},{"@type":"BreadcrumbList","@id":"https:\/\/www.noticiasradioreflejos.com.ar\/2021\/el-sin-sentido-de-la-violencia-desmedida-arrebatando-una-vida-nos-impacta-nos-interpela-nos-compromete\/#breadcrumb","itemListElement":[{"@type":"ListItem","position":1,"name":"Portada","item":"https:\/\/www.noticiasradioreflejos.com.ar\/2021\/"},{"@type":"ListItem","position":2,"name":"El sin sentido de la violencia desmedida arrebatando una vida nos impacta, nos interpela, nos compromete."}]},{"@type":"WebSite","@id":"https:\/\/www.noticiasradioreflejos.com.ar\/2021\/#website","url":"https:\/\/www.noticiasradioreflejos.com.ar\/2021\/","name":"Noticias Radio Reflejos","description":"Las noticias de mi comarca","potentialAction":[{"@type":"SearchAction","target":{"@type":"EntryPoint","urlTemplate":"https:\/\/www.noticiasradioreflejos.com.ar\/2021\/?s={search_term_string}"},"query-input":{"@type":"PropertyValueSpecification","valueRequired":true,"valueName":"search_term_string"}}],"inLanguage":"es"},{"@type":"Person","@id":"https:\/\/www.noticiasradioreflejos.com.ar\/2021\/#\/schema\/person\/ad82545263dcc5ec0996818884fd5fb1","name":"Arnaldo Botto","image":{"@type":"ImageObject","inLanguage":"es","@id":"https:\/\/www.noticiasradioreflejos.com.ar\/2021\/#\/schema\/person\/image\/","url":"https:\/\/secure.gravatar.com\/avatar\/55cb5e37c1efa326397366e6974cb338056df65cb50e7d64d1cf314e87504837?s=96&d=mm&r=g","contentUrl":"https:\/\/secure.gravatar.com\/avatar\/55cb5e37c1efa326397366e6974cb338056df65cb50e7d64d1cf314e87504837?s=96&d=mm&r=g","caption":"Arnaldo Botto"},"url":"https:\/\/www.noticiasradioreflejos.com.ar\/2021\/author\/arnaldo\/"}]}},"_links":{"self":[{"href":"https:\/\/www.noticiasradioreflejos.com.ar\/2021\/wp-json\/wp\/v2\/posts\/38110","targetHints":{"allow":["GET"]}}],"collection":[{"href":"https:\/\/www.noticiasradioreflejos.com.ar\/2021\/wp-json\/wp\/v2\/posts"}],"about":[{"href":"https:\/\/www.noticiasradioreflejos.com.ar\/2021\/wp-json\/wp\/v2\/types\/post"}],"author":[{"embeddable":true,"href":"https:\/\/www.noticiasradioreflejos.com.ar\/2021\/wp-json\/wp\/v2\/users\/3"}],"replies":[{"embeddable":true,"href":"https:\/\/www.noticiasradioreflejos.com.ar\/2021\/wp-json\/wp\/v2\/comments?post=38110"}],"version-history":[{"count":0,"href":"https:\/\/www.noticiasradioreflejos.com.ar\/2021\/wp-json\/wp\/v2\/posts\/38110\/revisions"}],"wp:attachment":[{"href":"https:\/\/www.noticiasradioreflejos.com.ar\/2021\/wp-json\/wp\/v2\/media?parent=38110"}],"wp:term":[{"taxonomy":"category","embeddable":true,"href":"https:\/\/www.noticiasradioreflejos.com.ar\/2021\/wp-json\/wp\/v2\/categories?post=38110"},{"taxonomy":"post_tag","embeddable":true,"href":"https:\/\/www.noticiasradioreflejos.com.ar\/2021\/wp-json\/wp\/v2\/tags?post=38110"}],"curies":[{"name":"wp","href":"https:\/\/api.w.org\/{rel}","templated":true}]}}