{"id":38099,"date":"2020-01-24T14:08:01","date_gmt":"2020-01-24T17:08:01","guid":{"rendered":"http:\/\/www.noticiasradioreflejos.com.ar\/noticias\/?p=38099"},"modified":"2020-01-24T14:08:01","modified_gmt":"2020-01-24T17:08:01","slug":"arranca-nuevo-vecinalismo-en-el-distrito-queremos-ser-una-3ra-fuerza-politica-y-una-opcion-mas-jorge-simon","status":"publish","type":"post","link":"https:\/\/www.noticiasradioreflejos.com.ar\/2021\/arranca-nuevo-vecinalismo-en-el-distrito-queremos-ser-una-3ra-fuerza-politica-y-una-opcion-mas-jorge-simon\/","title":{"rendered":"Arranca nuevo vecinalismo en el distrito: \u00abQueremos ser una 3ra fuerza pol\u00edtica y una opci\u00f3n m\u00e1s\u00bb Jorge Simon"},"content":{"rendered":"<p>Jorge Simon y Hector \u00abBocha Herner\u00bb largaron \u00abBomba\u00bb visitando los estudios de FM Reflejos. Junto a un grupo de vecinos iniciaron una movida pol\u00edtica, inclin\u00e1ndose al vecinalismo. \u00abM\u00e1s que una bomba es una necesidad\u00bb asegur\u00f3 Simon, que tiene como antecedente su trayectoria en el Frente Renovador donde estuvo en la lista de senadores provinciales. Por su parte Herner, destacando que es nacido y criado en Sierra de la Ventana, Afirm\u00f3 \u00abNecesitamos un poco de aire fresco, de juventud\u00bb para finalizar \u00abLuchar para que Sierra se sienta mejor\u00bb.<!--more--><\/p>\n<p>\u00abMas que una bomba, es una necesidad que estamos teniendo pol\u00edticamente en el distrito, todos sabemos que hemos quedado en un Boca-River, ah\u00ed no tenemos opciones, all\u00ed en el medio para poder elegir, y queda la balanza desnivelada. Estamos en un Boca-River porque quedan dos partidos pol\u00edticos bien definidos, un Frente de Todos y un Cambiemos, entonces en el Concejo Deliberante nuestra representatividad se ve limitada, o desbalanceada, con un 7 a 5 por la cantidad de concejales que tenes de un partido con respecto del otro, y no esta realmente toda la comunidad representada all\u00ed. No es equilibrado las decisiones que se toman. Entendemos que en este transitar y en este mundo que tenemos social, hay mucha gente que no esta perfectamente identificada, o no se si esta identificada con la gente de cambiemos, ni con el frente de todos. Tambi\u00e9n tenemos el caso que quedaron fuera de representaci\u00f3n la gente del partido de izquierda, que en esta ultima lecci\u00f3n tampoco tuvo representante. Entonces ante esta necesidad, y el descontento que venimos escuchando, y las balanzas desniveladas en lo que es la parte democr\u00e1tica, bueno, hace un tiempo atr\u00e1s ven\u00edamos trabajando no en el vecinalismo puramente, pero si aglomerando toda la gente dentro del frente renovador en su momento, como hay gente que tiene ganas de trabajar tambi\u00e9n por el distrito y viendolo de otra manera, queremos abrir una tercer fuerza pol\u00edtica para poder nivelar un poco la opini\u00f3n, y la fuerza pol\u00edtica dentro del Concejo Deliberante fundamentalmente, y ser una opci\u00f3n mas\u00bb. Inici\u00f3 Jorge<\/p>\n<p>\u00abLo que estamos haciendo es una convocatoria, estamos en los inicios de todo esto, sabemos que hay que hacer una plataforma como corresponde, inscribirse, hay que tener un nombre, y convocamos a la gente para una pr\u00f3xima reuni\u00f3n, y a partir de all\u00ed elegiremos un nombre entre todos, haremos un consenso, entre toda la gente que participe, y de todas las ideas pol\u00edticas, bienvenido todo el mundo. Lo que queremos es buscar los criterios, fijar los criterios fundamentalmente del distrito que queremos, mucha gente ya lo sabe, sabe que es lo que pretende, despu\u00e9s yo les voy a dar mi opini\u00f3n por ah\u00ed en lo particular, o en este transitar de la pol\u00edtica, y que es lo que opino de nuestro distrito\u00bb. Continu\u00f3<\/p>\n<p>\u00abEs mi primera vez y las intenciones son, primero y principal lo quiero aclarar, Jorge es mi amigo, yo veo las ganas que tiene \u00e9l y que le pone a las cosas, como por ejemplo, cuando hicimos la obra de gas, lo que trabaja en Camcotisas, y ya sabemos su trayectoria. Entonces a mi me une a \u00e9l el tema de acompa\u00f1arlo, y las ideas que tiene son mas o menos las ideas que tenemos todos, osea todo el grupito que estamos charlando. Entonces uno se alinea y haber si podemos formar y atraer gente, que este fuera de lo que es lo popular, haber si lo podemos traer y formar una nueva fuerza, formar una tercera fuerza, para competir, para tener un espacio adentro de la c\u00e1mara, y ver cual es el resultado, y a futuro quien te dice que se pueda ir incrementando. Siempre vi bien hacer un partido vecinalista, y que sea no solo de Sierra de la Ventana, nosotros tenemos una comarca muy amplia, tenemos Tornquist, tenemos Saldungaray, Villa Ventana, Tres Picos, entonces tenemos que consensuar con todos los integrantes de la comarca, y ver si se puede hacer una fuerza, atraer gente que venga con ideas, un poco de aire fresco, de juventud, que salgamos un poquito de todo lo tradicional, y hay que ver que futuro nos depara. Yo creo siguiendo la trayectoria de Jorge, siempre fueron esas ideas que dieron vuelta para hacer algo que, realmente fueron para que Sierra de la Ventana tenga un despegue tur\u00edstico, hoy vemos en las calles lo que nos esta pasando, esta bien que el clima por ah\u00ed no nos acompa\u00f1a, y la econom\u00eda del pa\u00eds no acompa\u00f1a\u00bb. Cont\u00f3 Herner<\/p>\n<p>\u00abNosotros tenemos que pensar como turismo, al pensar como turismo reparas las cosas que despu\u00e9s disfruta la persona que vive ac\u00e1, entonces tenemos que pensar primero como turismo, tenemos que atraer al turista para que nos deje sus ingresos, y despu\u00e9s la comunidad viva mejor, tenga mejor desarrollo, y hay que planificar un poquito mas lejos, Sierra se esta agrandando much\u00edsimo, es terrible lo que crece d\u00eda a d\u00eda, gracias a dios, porque todos tenemos trabajo, pero tenemos que pensar de otra forma, nos estamos equivocando. Ideas precisamos a montones, de gente que venga que tenga su inter\u00e9s en vivir mejor, en trabajar mejor, y en hacer cosas por Sierra, todo lo que sea con buenas ideas se suma, y suma para todos, en definitiva es luchar o crear algo para que Sierra se sienta mejor representada\u00bb. Expres\u00f3<\/p>\n<p>NOTA COMPLETA:<br \/>\n<iframe loading=\"lazy\" src=\"https:\/\/w.soundcloud.com\/player\/?url=https%3A\/\/api.soundcloud.com\/tracks\/748794847&amp;color=%23ff5500&amp;auto_play=false&amp;hide_related=false&amp;show_comments=true&amp;show_user=true&amp;show_reposts=false&amp;show_teaser=true\" width=\"100%\" height=\"166\" frameborder=\"no\" scrolling=\"no\"><\/iframe><\/p>\n","protected":false},"excerpt":{"rendered":"<p>Jorge Simon y Hector \u00abBocha Herner\u00bb largaron \u00abBomba\u00bb visitando los estudios de FM Reflejos. Junto a un grupo de vecinos iniciaron una movida pol\u00edtica, inclin\u00e1ndose al vecinalismo. \u00abM\u00e1s que una bomba es una necesidad\u00bb asegur\u00f3 Simon, que tiene como antecedente su trayectoria en el Frente Renovador donde estuvo en la lista de senadores provinciales. Por [&hellip;]<\/p>\n","protected":false},"author":3,"featured_media":0,"comment_status":"closed","ping_status":"open","sticky":false,"template":"","format":"standard","meta":{"footnotes":""},"categories":[24],"tags":[],"class_list":["post-38099","post","type-post","status-publish","format-standard","hentry","category-politica"],"yoast_head":"<!-- This site is optimized with the Yoast SEO plugin v25.9 - https:\/\/yoast.com\/wordpress\/plugins\/seo\/ -->\n<title>Arranca nuevo vecinalismo en el distrito: &quot;Queremos ser una 3ra fuerza pol\u00edtica y una opci\u00f3n m\u00e1s&quot; Jorge Simon - Noticias Radio Reflejos<\/title>\n<meta name=\"robots\" content=\"index, follow, max-snippet:-1, max-image-preview:large, max-video-preview:-1\" \/>\n<link rel=\"canonical\" href=\"https:\/\/www.noticiasradioreflejos.com.ar\/2021\/arranca-nuevo-vecinalismo-en-el-distrito-queremos-ser-una-3ra-fuerza-politica-y-una-opcion-mas-jorge-simon\/\" \/>\n<meta property=\"og:locale\" content=\"es_ES\" \/>\n<meta property=\"og:type\" content=\"article\" \/>\n<meta property=\"og:title\" content=\"Arranca nuevo vecinalismo en el distrito: &quot;Queremos ser una 3ra fuerza pol\u00edtica y una opci\u00f3n m\u00e1s&quot; Jorge Simon - Noticias Radio Reflejos\" \/>\n<meta property=\"og:description\" content=\"Jorge Simon y Hector \u00abBocha Herner\u00bb largaron \u00abBomba\u00bb visitando los estudios de FM Reflejos. Junto a un grupo de vecinos iniciaron una movida pol\u00edtica, inclin\u00e1ndose al vecinalismo. \u00abM\u00e1s que una bomba es una necesidad\u00bb asegur\u00f3 Simon, que tiene como antecedente su trayectoria en el Frente Renovador donde estuvo en la lista de senadores provinciales. Por [&hellip;]\" \/>\n<meta property=\"og:url\" content=\"https:\/\/www.noticiasradioreflejos.com.ar\/2021\/arranca-nuevo-vecinalismo-en-el-distrito-queremos-ser-una-3ra-fuerza-politica-y-una-opcion-mas-jorge-simon\/\" \/>\n<meta property=\"og:site_name\" content=\"Noticias Radio Reflejos\" \/>\n<meta property=\"article:published_time\" content=\"2020-01-24T17:08:01+00:00\" \/>\n<meta property=\"og:image\" content=\"https:\/\/www.noticiasradioreflejos.com.ar\/2021\/wp-content\/uploads\/2021\/07\/logosol300x200.png\" \/>\n\t<meta property=\"og:image:width\" content=\"300\" \/>\n\t<meta property=\"og:image:height\" content=\"200\" \/>\n\t<meta property=\"og:image:type\" content=\"image\/png\" \/>\n<meta name=\"author\" content=\"Arnaldo Botto\" \/>\n<meta name=\"twitter:card\" content=\"summary_large_image\" \/>\n<script type=\"application\/ld+json\" class=\"yoast-schema-graph\">{\"@context\":\"https:\/\/schema.org\",\"@graph\":[{\"@type\":\"WebPage\",\"@id\":\"https:\/\/www.noticiasradioreflejos.com.ar\/2021\/arranca-nuevo-vecinalismo-en-el-distrito-queremos-ser-una-3ra-fuerza-politica-y-una-opcion-mas-jorge-simon\/\",\"url\":\"https:\/\/www.noticiasradioreflejos.com.ar\/2021\/arranca-nuevo-vecinalismo-en-el-distrito-queremos-ser-una-3ra-fuerza-politica-y-una-opcion-mas-jorge-simon\/\",\"name\":\"Arranca nuevo vecinalismo en el distrito: \\\"Queremos ser una 3ra fuerza pol\u00edtica y una opci\u00f3n m\u00e1s\\\" Jorge Simon - Noticias Radio Reflejos\",\"isPartOf\":{\"@id\":\"https:\/\/www.noticiasradioreflejos.com.ar\/2021\/#website\"},\"datePublished\":\"2020-01-24T17:08:01+00:00\",\"author\":{\"@id\":\"https:\/\/www.noticiasradioreflejos.com.ar\/2021\/#\/schema\/person\/ad82545263dcc5ec0996818884fd5fb1\"},\"breadcrumb\":{\"@id\":\"https:\/\/www.noticiasradioreflejos.com.ar\/2021\/arranca-nuevo-vecinalismo-en-el-distrito-queremos-ser-una-3ra-fuerza-politica-y-una-opcion-mas-jorge-simon\/#breadcrumb\"},\"inLanguage\":\"es\",\"potentialAction\":[{\"@type\":\"ReadAction\",\"target\":[\"https:\/\/www.noticiasradioreflejos.com.ar\/2021\/arranca-nuevo-vecinalismo-en-el-distrito-queremos-ser-una-3ra-fuerza-politica-y-una-opcion-mas-jorge-simon\/\"]}]},{\"@type\":\"BreadcrumbList\",\"@id\":\"https:\/\/www.noticiasradioreflejos.com.ar\/2021\/arranca-nuevo-vecinalismo-en-el-distrito-queremos-ser-una-3ra-fuerza-politica-y-una-opcion-mas-jorge-simon\/#breadcrumb\",\"itemListElement\":[{\"@type\":\"ListItem\",\"position\":1,\"name\":\"Portada\",\"item\":\"https:\/\/www.noticiasradioreflejos.com.ar\/2021\/\"},{\"@type\":\"ListItem\",\"position\":2,\"name\":\"Arranca nuevo vecinalismo en el distrito: \u00abQueremos ser una 3ra fuerza pol\u00edtica y una opci\u00f3n m\u00e1s\u00bb Jorge Simon\"}]},{\"@type\":\"WebSite\",\"@id\":\"https:\/\/www.noticiasradioreflejos.com.ar\/2021\/#website\",\"url\":\"https:\/\/www.noticiasradioreflejos.com.ar\/2021\/\",\"name\":\"Noticias Radio Reflejos\",\"description\":\"Las noticias de mi comarca\",\"potentialAction\":[{\"@type\":\"SearchAction\",\"target\":{\"@type\":\"EntryPoint\",\"urlTemplate\":\"https:\/\/www.noticiasradioreflejos.com.ar\/2021\/?s={search_term_string}\"},\"query-input\":{\"@type\":\"PropertyValueSpecification\",\"valueRequired\":true,\"valueName\":\"search_term_string\"}}],\"inLanguage\":\"es\"},{\"@type\":\"Person\",\"@id\":\"https:\/\/www.noticiasradioreflejos.com.ar\/2021\/#\/schema\/person\/ad82545263dcc5ec0996818884fd5fb1\",\"name\":\"Arnaldo Botto\",\"image\":{\"@type\":\"ImageObject\",\"inLanguage\":\"es\",\"@id\":\"https:\/\/www.noticiasradioreflejos.com.ar\/2021\/#\/schema\/person\/image\/\",\"url\":\"https:\/\/secure.gravatar.com\/avatar\/55cb5e37c1efa326397366e6974cb338056df65cb50e7d64d1cf314e87504837?s=96&d=mm&r=g\",\"contentUrl\":\"https:\/\/secure.gravatar.com\/avatar\/55cb5e37c1efa326397366e6974cb338056df65cb50e7d64d1cf314e87504837?s=96&d=mm&r=g\",\"caption\":\"Arnaldo Botto\"},\"url\":\"https:\/\/www.noticiasradioreflejos.com.ar\/2021\/author\/arnaldo\/\"}]}<\/script>\n<!-- \/ Yoast SEO plugin. -->","yoast_head_json":{"title":"Arranca nuevo vecinalismo en el distrito: \"Queremos ser una 3ra fuerza pol\u00edtica y una opci\u00f3n m\u00e1s\" Jorge Simon - Noticias Radio Reflejos","robots":{"index":"index","follow":"follow","max-snippet":"max-snippet:-1","max-image-preview":"max-image-preview:large","max-video-preview":"max-video-preview:-1"},"canonical":"https:\/\/www.noticiasradioreflejos.com.ar\/2021\/arranca-nuevo-vecinalismo-en-el-distrito-queremos-ser-una-3ra-fuerza-politica-y-una-opcion-mas-jorge-simon\/","og_locale":"es_ES","og_type":"article","og_title":"Arranca nuevo vecinalismo en el distrito: \"Queremos ser una 3ra fuerza pol\u00edtica y una opci\u00f3n m\u00e1s\" Jorge Simon - Noticias Radio Reflejos","og_description":"Jorge Simon y Hector \u00abBocha Herner\u00bb largaron \u00abBomba\u00bb visitando los estudios de FM Reflejos. Junto a un grupo de vecinos iniciaron una movida pol\u00edtica, inclin\u00e1ndose al vecinalismo. \u00abM\u00e1s que una bomba es una necesidad\u00bb asegur\u00f3 Simon, que tiene como antecedente su trayectoria en el Frente Renovador donde estuvo en la lista de senadores provinciales. Por [&hellip;]","og_url":"https:\/\/www.noticiasradioreflejos.com.ar\/2021\/arranca-nuevo-vecinalismo-en-el-distrito-queremos-ser-una-3ra-fuerza-politica-y-una-opcion-mas-jorge-simon\/","og_site_name":"Noticias Radio Reflejos","article_published_time":"2020-01-24T17:08:01+00:00","og_image":[{"width":300,"height":200,"url":"https:\/\/www.noticiasradioreflejos.com.ar\/2021\/wp-content\/uploads\/2021\/07\/logosol300x200.png","type":"image\/png"}],"author":"Arnaldo Botto","twitter_card":"summary_large_image","schema":{"@context":"https:\/\/schema.org","@graph":[{"@type":"WebPage","@id":"https:\/\/www.noticiasradioreflejos.com.ar\/2021\/arranca-nuevo-vecinalismo-en-el-distrito-queremos-ser-una-3ra-fuerza-politica-y-una-opcion-mas-jorge-simon\/","url":"https:\/\/www.noticiasradioreflejos.com.ar\/2021\/arranca-nuevo-vecinalismo-en-el-distrito-queremos-ser-una-3ra-fuerza-politica-y-una-opcion-mas-jorge-simon\/","name":"Arranca nuevo vecinalismo en el distrito: \"Queremos ser una 3ra fuerza pol\u00edtica y una opci\u00f3n m\u00e1s\" Jorge Simon - Noticias Radio Reflejos","isPartOf":{"@id":"https:\/\/www.noticiasradioreflejos.com.ar\/2021\/#website"},"datePublished":"2020-01-24T17:08:01+00:00","author":{"@id":"https:\/\/www.noticiasradioreflejos.com.ar\/2021\/#\/schema\/person\/ad82545263dcc5ec0996818884fd5fb1"},"breadcrumb":{"@id":"https:\/\/www.noticiasradioreflejos.com.ar\/2021\/arranca-nuevo-vecinalismo-en-el-distrito-queremos-ser-una-3ra-fuerza-politica-y-una-opcion-mas-jorge-simon\/#breadcrumb"},"inLanguage":"es","potentialAction":[{"@type":"ReadAction","target":["https:\/\/www.noticiasradioreflejos.com.ar\/2021\/arranca-nuevo-vecinalismo-en-el-distrito-queremos-ser-una-3ra-fuerza-politica-y-una-opcion-mas-jorge-simon\/"]}]},{"@type":"BreadcrumbList","@id":"https:\/\/www.noticiasradioreflejos.com.ar\/2021\/arranca-nuevo-vecinalismo-en-el-distrito-queremos-ser-una-3ra-fuerza-politica-y-una-opcion-mas-jorge-simon\/#breadcrumb","itemListElement":[{"@type":"ListItem","position":1,"name":"Portada","item":"https:\/\/www.noticiasradioreflejos.com.ar\/2021\/"},{"@type":"ListItem","position":2,"name":"Arranca nuevo vecinalismo en el distrito: \u00abQueremos ser una 3ra fuerza pol\u00edtica y una opci\u00f3n m\u00e1s\u00bb Jorge Simon"}]},{"@type":"WebSite","@id":"https:\/\/www.noticiasradioreflejos.com.ar\/2021\/#website","url":"https:\/\/www.noticiasradioreflejos.com.ar\/2021\/","name":"Noticias Radio Reflejos","description":"Las noticias de mi comarca","potentialAction":[{"@type":"SearchAction","target":{"@type":"EntryPoint","urlTemplate":"https:\/\/www.noticiasradioreflejos.com.ar\/2021\/?s={search_term_string}"},"query-input":{"@type":"PropertyValueSpecification","valueRequired":true,"valueName":"search_term_string"}}],"inLanguage":"es"},{"@type":"Person","@id":"https:\/\/www.noticiasradioreflejos.com.ar\/2021\/#\/schema\/person\/ad82545263dcc5ec0996818884fd5fb1","name":"Arnaldo Botto","image":{"@type":"ImageObject","inLanguage":"es","@id":"https:\/\/www.noticiasradioreflejos.com.ar\/2021\/#\/schema\/person\/image\/","url":"https:\/\/secure.gravatar.com\/avatar\/55cb5e37c1efa326397366e6974cb338056df65cb50e7d64d1cf314e87504837?s=96&d=mm&r=g","contentUrl":"https:\/\/secure.gravatar.com\/avatar\/55cb5e37c1efa326397366e6974cb338056df65cb50e7d64d1cf314e87504837?s=96&d=mm&r=g","caption":"Arnaldo Botto"},"url":"https:\/\/www.noticiasradioreflejos.com.ar\/2021\/author\/arnaldo\/"}]}},"_links":{"self":[{"href":"https:\/\/www.noticiasradioreflejos.com.ar\/2021\/wp-json\/wp\/v2\/posts\/38099","targetHints":{"allow":["GET"]}}],"collection":[{"href":"https:\/\/www.noticiasradioreflejos.com.ar\/2021\/wp-json\/wp\/v2\/posts"}],"about":[{"href":"https:\/\/www.noticiasradioreflejos.com.ar\/2021\/wp-json\/wp\/v2\/types\/post"}],"author":[{"embeddable":true,"href":"https:\/\/www.noticiasradioreflejos.com.ar\/2021\/wp-json\/wp\/v2\/users\/3"}],"replies":[{"embeddable":true,"href":"https:\/\/www.noticiasradioreflejos.com.ar\/2021\/wp-json\/wp\/v2\/comments?post=38099"}],"version-history":[{"count":0,"href":"https:\/\/www.noticiasradioreflejos.com.ar\/2021\/wp-json\/wp\/v2\/posts\/38099\/revisions"}],"wp:attachment":[{"href":"https:\/\/www.noticiasradioreflejos.com.ar\/2021\/wp-json\/wp\/v2\/media?parent=38099"}],"wp:term":[{"taxonomy":"category","embeddable":true,"href":"https:\/\/www.noticiasradioreflejos.com.ar\/2021\/wp-json\/wp\/v2\/categories?post=38099"},{"taxonomy":"post_tag","embeddable":true,"href":"https:\/\/www.noticiasradioreflejos.com.ar\/2021\/wp-json\/wp\/v2\/tags?post=38099"}],"curies":[{"name":"wp","href":"https:\/\/api.w.org\/{rel}","templated":true}]}}