{"id":38098,"date":"2020-01-24T14:15:04","date_gmt":"2020-01-24T17:15:04","guid":{"rendered":"http:\/\/www.noticiasradioreflejos.com.ar\/noticias\/?p=38098"},"modified":"2020-01-24T14:15:04","modified_gmt":"2020-01-24T17:15:04","slug":"hablar-poco-y-demostrar-que-las-cosas-se-hacen-con-seriedad-sergio-teko-dominguez","status":"publish","type":"post","link":"https:\/\/www.noticiasradioreflejos.com.ar\/2021\/hablar-poco-y-demostrar-que-las-cosas-se-hacen-con-seriedad-sergio-teko-dominguez\/","title":{"rendered":"\u00abHablar poco, y demostrar que las cosas se hacen con seriedad\u00bb &#8211; Sergio \u00abTeko\u00bb Dominguez."},"content":{"rendered":"<p>La Asoc. Bomberos Voluntarios de Sierra de la Ventana adquiri\u00f3 una autobomba en Alemania con prestaciones especiales para incendios forestales. Desde Z\u00e1rate, hablamos telef\u00f3nicamente con el presidente de la instituci\u00f3n serrana sobre la nueva adquisici\u00f3n y de c\u00f3mo se ha equipado nuestro cuartel en los \u00faltimos tiempos.<!--more--><\/p>\n<p>\u00abPara nosotros es muy dif\u00edcil explicarte la sensaci\u00f3n que tenemos en este momento. Un sacrificio de hace mas de un a\u00f1o, de un cami\u00f3n que se compr\u00f3 en Alemania, por la misma v\u00eda que compramos el anterior. Es un Mercedes Benz 1222, 4&#215;4 equipado con un equipo forestal, es modelo 86, con 20 mil kil\u00f3metros reales, tiene hasta las cubiertas nuevas. Fue tanto el sacrificio y el esfuerzo que se hizo, para lograr sacarlo y liberarlo, un trabajo en conjunto con toda una comunidad, y esta es una de las comisiones que se ha destacado por trabajar much\u00edsimo, hablar poco, y demostrar que las cosas se hacen con seriedad, con much\u00edsima responsabilidad, por mas que la situaci\u00f3n econ\u00f3mica del pa\u00eds este complicada, nosotros pudimos lograr con la venta del Mercedes que hicimos por medio del municipio a Chasic\u00f3 y poniendo 120 mil pesos arriba pudimos comprar este cami\u00f3n. Esto es lo que jerarquiza a nuestro cuartel es lograr que podamos acudir a los incendios que tengamos de ac\u00e1 en adelante, con algo totalmente nuevo. Esto tiene la novedad que tiene capacidad de 2500 litros, la mayor\u00eda de los camiones que nosotros hemos comprado vienen con 1400\/1500\u00bb. Explic\u00f3<\/p>\n<p>\u00abHoy la verdad que tenemos un cuartel en el cual creo que a nivel m\u00f3viles estamos super bien, hoy contamos con el Iveco del plan nacional del fuego, con este Mercedes ya tenemos 2 1222, que son para equipos forestales, tenemos un Volvo preparado para lo que es accidentolog\u00eda, y hace muy poquito tiempo atr\u00e1s compramos una Ford Duty modelo 2010, que esta equipada con un equipo de 1000 litros de agua, tenemos una Amarok para lo que es la parte de log\u00edstica, la Partner, una Toyota con un equipo de 450 litros forestales. Yo creo que ya estamos en una tranquilidad de que la gente se pueda quedar muy conforme, de que se esta trabajando como se debe\u00bb. Expres\u00f3 Teko<\/p>\n<p>NOTA COMPLETA:<br \/>\n<iframe loading=\"lazy\" src=\"https:\/\/w.soundcloud.com\/player\/?url=https%3A\/\/api.soundcloud.com\/tracks\/748765543&amp;color=%23ff5500&amp;auto_play=false&amp;hide_related=false&amp;show_comments=true&amp;show_user=true&amp;show_reposts=false&amp;show_teaser=true\" width=\"100%\" height=\"166\" frameborder=\"no\" scrolling=\"no\"><\/iframe><\/p>\n","protected":false},"excerpt":{"rendered":"<p>La Asoc. Bomberos Voluntarios de Sierra de la Ventana adquiri\u00f3 una autobomba en Alemania con prestaciones especiales para incendios forestales. Desde Z\u00e1rate, hablamos telef\u00f3nicamente con el presidente de la instituci\u00f3n serrana sobre la nueva adquisici\u00f3n y de c\u00f3mo se ha equipado nuestro cuartel en los \u00faltimos tiempos.<\/p>\n","protected":false},"author":3,"featured_media":0,"comment_status":"closed","ping_status":"open","sticky":false,"template":"","format":"standard","meta":{"footnotes":""},"categories":[26],"tags":[],"class_list":["post-38098","post","type-post","status-publish","format-standard","hentry","category-sociedad"],"yoast_head":"<!-- This site is optimized with the Yoast SEO plugin v25.9 - https:\/\/yoast.com\/wordpress\/plugins\/seo\/ -->\n<title>&quot;Hablar poco, y demostrar que las cosas se hacen con seriedad&quot; - Sergio &quot;Teko&quot; Dominguez. - Noticias Radio Reflejos<\/title>\n<meta name=\"robots\" content=\"index, follow, max-snippet:-1, max-image-preview:large, max-video-preview:-1\" \/>\n<link rel=\"canonical\" href=\"https:\/\/www.noticiasradioreflejos.com.ar\/2021\/hablar-poco-y-demostrar-que-las-cosas-se-hacen-con-seriedad-sergio-teko-dominguez\/\" \/>\n<meta property=\"og:locale\" content=\"es_ES\" \/>\n<meta property=\"og:type\" content=\"article\" \/>\n<meta property=\"og:title\" content=\"&quot;Hablar poco, y demostrar que las cosas se hacen con seriedad&quot; - Sergio &quot;Teko&quot; Dominguez. - Noticias Radio Reflejos\" \/>\n<meta property=\"og:description\" content=\"La Asoc. Bomberos Voluntarios de Sierra de la Ventana adquiri\u00f3 una autobomba en Alemania con prestaciones especiales para incendios forestales. Desde Z\u00e1rate, hablamos telef\u00f3nicamente con el presidente de la instituci\u00f3n serrana sobre la nueva adquisici\u00f3n y de c\u00f3mo se ha equipado nuestro cuartel en los \u00faltimos tiempos.\" \/>\n<meta property=\"og:url\" content=\"https:\/\/www.noticiasradioreflejos.com.ar\/2021\/hablar-poco-y-demostrar-que-las-cosas-se-hacen-con-seriedad-sergio-teko-dominguez\/\" \/>\n<meta property=\"og:site_name\" content=\"Noticias Radio Reflejos\" \/>\n<meta property=\"article:published_time\" content=\"2020-01-24T17:15:04+00:00\" \/>\n<meta property=\"og:image\" content=\"https:\/\/www.noticiasradioreflejos.com.ar\/2021\/wp-content\/uploads\/2021\/07\/logosol300x200.png\" \/>\n\t<meta property=\"og:image:width\" content=\"300\" \/>\n\t<meta property=\"og:image:height\" content=\"200\" \/>\n\t<meta property=\"og:image:type\" content=\"image\/png\" \/>\n<meta name=\"author\" content=\"Arnaldo Botto\" \/>\n<meta name=\"twitter:card\" content=\"summary_large_image\" \/>\n<script type=\"application\/ld+json\" class=\"yoast-schema-graph\">{\"@context\":\"https:\/\/schema.org\",\"@graph\":[{\"@type\":\"WebPage\",\"@id\":\"https:\/\/www.noticiasradioreflejos.com.ar\/2021\/hablar-poco-y-demostrar-que-las-cosas-se-hacen-con-seriedad-sergio-teko-dominguez\/\",\"url\":\"https:\/\/www.noticiasradioreflejos.com.ar\/2021\/hablar-poco-y-demostrar-que-las-cosas-se-hacen-con-seriedad-sergio-teko-dominguez\/\",\"name\":\"\\\"Hablar poco, y demostrar que las cosas se hacen con seriedad\\\" - Sergio \\\"Teko\\\" Dominguez. - Noticias Radio Reflejos\",\"isPartOf\":{\"@id\":\"https:\/\/www.noticiasradioreflejos.com.ar\/2021\/#website\"},\"datePublished\":\"2020-01-24T17:15:04+00:00\",\"author\":{\"@id\":\"https:\/\/www.noticiasradioreflejos.com.ar\/2021\/#\/schema\/person\/ad82545263dcc5ec0996818884fd5fb1\"},\"breadcrumb\":{\"@id\":\"https:\/\/www.noticiasradioreflejos.com.ar\/2021\/hablar-poco-y-demostrar-que-las-cosas-se-hacen-con-seriedad-sergio-teko-dominguez\/#breadcrumb\"},\"inLanguage\":\"es\",\"potentialAction\":[{\"@type\":\"ReadAction\",\"target\":[\"https:\/\/www.noticiasradioreflejos.com.ar\/2021\/hablar-poco-y-demostrar-que-las-cosas-se-hacen-con-seriedad-sergio-teko-dominguez\/\"]}]},{\"@type\":\"BreadcrumbList\",\"@id\":\"https:\/\/www.noticiasradioreflejos.com.ar\/2021\/hablar-poco-y-demostrar-que-las-cosas-se-hacen-con-seriedad-sergio-teko-dominguez\/#breadcrumb\",\"itemListElement\":[{\"@type\":\"ListItem\",\"position\":1,\"name\":\"Portada\",\"item\":\"https:\/\/www.noticiasradioreflejos.com.ar\/2021\/\"},{\"@type\":\"ListItem\",\"position\":2,\"name\":\"\u00abHablar poco, y demostrar que las cosas se hacen con seriedad\u00bb &#8211; Sergio \u00abTeko\u00bb Dominguez.\"}]},{\"@type\":\"WebSite\",\"@id\":\"https:\/\/www.noticiasradioreflejos.com.ar\/2021\/#website\",\"url\":\"https:\/\/www.noticiasradioreflejos.com.ar\/2021\/\",\"name\":\"Noticias Radio Reflejos\",\"description\":\"Las noticias de mi comarca\",\"potentialAction\":[{\"@type\":\"SearchAction\",\"target\":{\"@type\":\"EntryPoint\",\"urlTemplate\":\"https:\/\/www.noticiasradioreflejos.com.ar\/2021\/?s={search_term_string}\"},\"query-input\":{\"@type\":\"PropertyValueSpecification\",\"valueRequired\":true,\"valueName\":\"search_term_string\"}}],\"inLanguage\":\"es\"},{\"@type\":\"Person\",\"@id\":\"https:\/\/www.noticiasradioreflejos.com.ar\/2021\/#\/schema\/person\/ad82545263dcc5ec0996818884fd5fb1\",\"name\":\"Arnaldo Botto\",\"image\":{\"@type\":\"ImageObject\",\"inLanguage\":\"es\",\"@id\":\"https:\/\/www.noticiasradioreflejos.com.ar\/2021\/#\/schema\/person\/image\/\",\"url\":\"https:\/\/secure.gravatar.com\/avatar\/55cb5e37c1efa326397366e6974cb338056df65cb50e7d64d1cf314e87504837?s=96&d=mm&r=g\",\"contentUrl\":\"https:\/\/secure.gravatar.com\/avatar\/55cb5e37c1efa326397366e6974cb338056df65cb50e7d64d1cf314e87504837?s=96&d=mm&r=g\",\"caption\":\"Arnaldo Botto\"},\"url\":\"https:\/\/www.noticiasradioreflejos.com.ar\/2021\/author\/arnaldo\/\"}]}<\/script>\n<!-- \/ Yoast SEO plugin. -->","yoast_head_json":{"title":"\"Hablar poco, y demostrar que las cosas se hacen con seriedad\" - Sergio \"Teko\" Dominguez. - Noticias Radio Reflejos","robots":{"index":"index","follow":"follow","max-snippet":"max-snippet:-1","max-image-preview":"max-image-preview:large","max-video-preview":"max-video-preview:-1"},"canonical":"https:\/\/www.noticiasradioreflejos.com.ar\/2021\/hablar-poco-y-demostrar-que-las-cosas-se-hacen-con-seriedad-sergio-teko-dominguez\/","og_locale":"es_ES","og_type":"article","og_title":"\"Hablar poco, y demostrar que las cosas se hacen con seriedad\" - Sergio \"Teko\" Dominguez. - Noticias Radio Reflejos","og_description":"La Asoc. Bomberos Voluntarios de Sierra de la Ventana adquiri\u00f3 una autobomba en Alemania con prestaciones especiales para incendios forestales. Desde Z\u00e1rate, hablamos telef\u00f3nicamente con el presidente de la instituci\u00f3n serrana sobre la nueva adquisici\u00f3n y de c\u00f3mo se ha equipado nuestro cuartel en los \u00faltimos tiempos.","og_url":"https:\/\/www.noticiasradioreflejos.com.ar\/2021\/hablar-poco-y-demostrar-que-las-cosas-se-hacen-con-seriedad-sergio-teko-dominguez\/","og_site_name":"Noticias Radio Reflejos","article_published_time":"2020-01-24T17:15:04+00:00","og_image":[{"width":300,"height":200,"url":"https:\/\/www.noticiasradioreflejos.com.ar\/2021\/wp-content\/uploads\/2021\/07\/logosol300x200.png","type":"image\/png"}],"author":"Arnaldo Botto","twitter_card":"summary_large_image","schema":{"@context":"https:\/\/schema.org","@graph":[{"@type":"WebPage","@id":"https:\/\/www.noticiasradioreflejos.com.ar\/2021\/hablar-poco-y-demostrar-que-las-cosas-se-hacen-con-seriedad-sergio-teko-dominguez\/","url":"https:\/\/www.noticiasradioreflejos.com.ar\/2021\/hablar-poco-y-demostrar-que-las-cosas-se-hacen-con-seriedad-sergio-teko-dominguez\/","name":"\"Hablar poco, y demostrar que las cosas se hacen con seriedad\" - Sergio \"Teko\" Dominguez. - Noticias Radio Reflejos","isPartOf":{"@id":"https:\/\/www.noticiasradioreflejos.com.ar\/2021\/#website"},"datePublished":"2020-01-24T17:15:04+00:00","author":{"@id":"https:\/\/www.noticiasradioreflejos.com.ar\/2021\/#\/schema\/person\/ad82545263dcc5ec0996818884fd5fb1"},"breadcrumb":{"@id":"https:\/\/www.noticiasradioreflejos.com.ar\/2021\/hablar-poco-y-demostrar-que-las-cosas-se-hacen-con-seriedad-sergio-teko-dominguez\/#breadcrumb"},"inLanguage":"es","potentialAction":[{"@type":"ReadAction","target":["https:\/\/www.noticiasradioreflejos.com.ar\/2021\/hablar-poco-y-demostrar-que-las-cosas-se-hacen-con-seriedad-sergio-teko-dominguez\/"]}]},{"@type":"BreadcrumbList","@id":"https:\/\/www.noticiasradioreflejos.com.ar\/2021\/hablar-poco-y-demostrar-que-las-cosas-se-hacen-con-seriedad-sergio-teko-dominguez\/#breadcrumb","itemListElement":[{"@type":"ListItem","position":1,"name":"Portada","item":"https:\/\/www.noticiasradioreflejos.com.ar\/2021\/"},{"@type":"ListItem","position":2,"name":"\u00abHablar poco, y demostrar que las cosas se hacen con seriedad\u00bb &#8211; Sergio \u00abTeko\u00bb Dominguez."}]},{"@type":"WebSite","@id":"https:\/\/www.noticiasradioreflejos.com.ar\/2021\/#website","url":"https:\/\/www.noticiasradioreflejos.com.ar\/2021\/","name":"Noticias Radio Reflejos","description":"Las noticias de mi comarca","potentialAction":[{"@type":"SearchAction","target":{"@type":"EntryPoint","urlTemplate":"https:\/\/www.noticiasradioreflejos.com.ar\/2021\/?s={search_term_string}"},"query-input":{"@type":"PropertyValueSpecification","valueRequired":true,"valueName":"search_term_string"}}],"inLanguage":"es"},{"@type":"Person","@id":"https:\/\/www.noticiasradioreflejos.com.ar\/2021\/#\/schema\/person\/ad82545263dcc5ec0996818884fd5fb1","name":"Arnaldo Botto","image":{"@type":"ImageObject","inLanguage":"es","@id":"https:\/\/www.noticiasradioreflejos.com.ar\/2021\/#\/schema\/person\/image\/","url":"https:\/\/secure.gravatar.com\/avatar\/55cb5e37c1efa326397366e6974cb338056df65cb50e7d64d1cf314e87504837?s=96&d=mm&r=g","contentUrl":"https:\/\/secure.gravatar.com\/avatar\/55cb5e37c1efa326397366e6974cb338056df65cb50e7d64d1cf314e87504837?s=96&d=mm&r=g","caption":"Arnaldo Botto"},"url":"https:\/\/www.noticiasradioreflejos.com.ar\/2021\/author\/arnaldo\/"}]}},"_links":{"self":[{"href":"https:\/\/www.noticiasradioreflejos.com.ar\/2021\/wp-json\/wp\/v2\/posts\/38098","targetHints":{"allow":["GET"]}}],"collection":[{"href":"https:\/\/www.noticiasradioreflejos.com.ar\/2021\/wp-json\/wp\/v2\/posts"}],"about":[{"href":"https:\/\/www.noticiasradioreflejos.com.ar\/2021\/wp-json\/wp\/v2\/types\/post"}],"author":[{"embeddable":true,"href":"https:\/\/www.noticiasradioreflejos.com.ar\/2021\/wp-json\/wp\/v2\/users\/3"}],"replies":[{"embeddable":true,"href":"https:\/\/www.noticiasradioreflejos.com.ar\/2021\/wp-json\/wp\/v2\/comments?post=38098"}],"version-history":[{"count":0,"href":"https:\/\/www.noticiasradioreflejos.com.ar\/2021\/wp-json\/wp\/v2\/posts\/38098\/revisions"}],"wp:attachment":[{"href":"https:\/\/www.noticiasradioreflejos.com.ar\/2021\/wp-json\/wp\/v2\/media?parent=38098"}],"wp:term":[{"taxonomy":"category","embeddable":true,"href":"https:\/\/www.noticiasradioreflejos.com.ar\/2021\/wp-json\/wp\/v2\/categories?post=38098"},{"taxonomy":"post_tag","embeddable":true,"href":"https:\/\/www.noticiasradioreflejos.com.ar\/2021\/wp-json\/wp\/v2\/tags?post=38098"}],"curies":[{"name":"wp","href":"https:\/\/api.w.org\/{rel}","templated":true}]}}