{"id":38078,"date":"2020-01-24T08:45:45","date_gmt":"2020-01-24T11:45:45","guid":{"rendered":"http:\/\/www.noticiasradioreflejos.com.ar\/noticias\/?p=38078"},"modified":"2020-01-24T08:45:45","modified_gmt":"2020-01-24T11:45:45","slug":"viento-y-tierra-tormenta-electrica-poca-lluvia-y-sin-luz","status":"publish","type":"post","link":"https:\/\/www.noticiasradioreflejos.com.ar\/2021\/viento-y-tierra-tormenta-electrica-poca-lluvia-y-sin-luz\/","title":{"rendered":"Viento y tierra, tormenta el\u00e9ctrica, poca lluvia y sin luz."},"content":{"rendered":"<p>Marco ideal para una pel\u00edcula de terror. En Sierra de la Ventana, el cielo nocturno estuvo iluminado por las descargas el\u00e9ctricas de una tormenta pasajera que solt\u00f3 unas pocas gotas. La energ\u00eda el\u00e9ctrica estuvo cortada por m\u00e1s de 40 minutos, despu\u00e9s de varios cortes y microcortes durante el d\u00eda.<!--more--><\/p>\n<p>El SMN emiti\u00f3 un alerta durante la tarde de ayer anticipando probables lluvias, ca\u00edda de granizo con intensos vientos luego de una jornada agobiante donde la m\u00e1xima lleg\u00f3 a los 36.4\u00b0 y la t\u00e9rmica super\u00f3 los 39\u00b0. En Sierra de la Ventana las r\u00e1fagas de viento alcanzaron los 40 Km\/h. hubo un chaparr\u00f3n que no alcanz\u00f3 al medio mm, mientras truenos y descargas el\u00e9ctricas encend\u00edan el cielo serrano. En el comienzo de la tormenta se produjeron varios cortes de energ\u00eda consecutivos que derivaron en un corte general que afect\u00f3 a Saldungaray y Sierra de la Ventana por m\u00e1s de media hora. Durante toda la jornada tambien se produjeron ca\u00eddas de tensi\u00f3n.<br \/>\nFinalmente en las primera horas de la madrugada de este viernes lleg\u00f3 la calma, donde prevalecen vientos moderados del sector sur. La m\u00e1xima para hoy estar\u00e1 en los 33\u00b0 y el cielo mayormente despejado. para el f\u00edn de semana se esperan m\u00ednimas de 15 a 17 grados y m\u00e1ximas de 32\u00b0 con vientos moderados del sur.<\/p>\n<p><strong>Totales de lluvias<\/strong><br \/>\n0.3 mm en Sierra de la Ventana<br \/>\n2.5 mm en Calqu\u00edn<br \/>\n3.5 mm en Villa Ventana<br \/>\n1.2 mm en la Cumbre del Cerro Ventana<br \/>\n3 mm en Tornquist.<br \/>\n0.6 mm en Cnel Pringles<br \/>\n1.5 mm en Cnel Suarez<br \/>\n40 mm en Dufaur 40<br \/>\n5 mm en Saavedra 5<br \/>\n5 mm en Pig\u00fc\u00e9 <\/p>\n","protected":false},"excerpt":{"rendered":"<p>Marco ideal para una pel\u00edcula de terror. En Sierra de la Ventana, el cielo nocturno estuvo iluminado por las descargas el\u00e9ctricas de una tormenta pasajera que solt\u00f3 unas pocas gotas. La energ\u00eda el\u00e9ctrica estuvo cortada por m\u00e1s de 40 minutos, despu\u00e9s de varios cortes y microcortes durante el d\u00eda.<\/p>\n","protected":false},"author":3,"featured_media":0,"comment_status":"closed","ping_status":"open","sticky":false,"template":"","format":"standard","meta":{"footnotes":""},"categories":[26],"tags":[],"class_list":["post-38078","post","type-post","status-publish","format-standard","hentry","category-sociedad"],"yoast_head":"<!-- This site is optimized with the Yoast SEO plugin v25.9 - https:\/\/yoast.com\/wordpress\/plugins\/seo\/ -->\n<title>Viento y tierra, tormenta el\u00e9ctrica, poca lluvia y sin luz. - Noticias Radio Reflejos<\/title>\n<meta name=\"robots\" content=\"index, follow, max-snippet:-1, max-image-preview:large, max-video-preview:-1\" \/>\n<link rel=\"canonical\" href=\"https:\/\/www.noticiasradioreflejos.com.ar\/2021\/viento-y-tierra-tormenta-electrica-poca-lluvia-y-sin-luz\/\" \/>\n<meta property=\"og:locale\" content=\"es_ES\" \/>\n<meta property=\"og:type\" content=\"article\" \/>\n<meta property=\"og:title\" content=\"Viento y tierra, tormenta el\u00e9ctrica, poca lluvia y sin luz. - Noticias Radio Reflejos\" \/>\n<meta property=\"og:description\" content=\"Marco ideal para una pel\u00edcula de terror. En Sierra de la Ventana, el cielo nocturno estuvo iluminado por las descargas el\u00e9ctricas de una tormenta pasajera que solt\u00f3 unas pocas gotas. La energ\u00eda el\u00e9ctrica estuvo cortada por m\u00e1s de 40 minutos, despu\u00e9s de varios cortes y microcortes durante el d\u00eda.\" \/>\n<meta property=\"og:url\" content=\"https:\/\/www.noticiasradioreflejos.com.ar\/2021\/viento-y-tierra-tormenta-electrica-poca-lluvia-y-sin-luz\/\" \/>\n<meta property=\"og:site_name\" content=\"Noticias Radio Reflejos\" \/>\n<meta property=\"article:published_time\" content=\"2020-01-24T11:45:45+00:00\" \/>\n<meta property=\"og:image\" content=\"https:\/\/www.noticiasradioreflejos.com.ar\/2021\/wp-content\/uploads\/2021\/07\/logosol300x200.png\" \/>\n\t<meta property=\"og:image:width\" content=\"300\" \/>\n\t<meta property=\"og:image:height\" content=\"200\" \/>\n\t<meta property=\"og:image:type\" content=\"image\/png\" \/>\n<meta name=\"author\" content=\"Arnaldo Botto\" \/>\n<meta name=\"twitter:card\" content=\"summary_large_image\" \/>\n<script type=\"application\/ld+json\" class=\"yoast-schema-graph\">{\"@context\":\"https:\/\/schema.org\",\"@graph\":[{\"@type\":\"WebPage\",\"@id\":\"https:\/\/www.noticiasradioreflejos.com.ar\/2021\/viento-y-tierra-tormenta-electrica-poca-lluvia-y-sin-luz\/\",\"url\":\"https:\/\/www.noticiasradioreflejos.com.ar\/2021\/viento-y-tierra-tormenta-electrica-poca-lluvia-y-sin-luz\/\",\"name\":\"Viento y tierra, tormenta el\u00e9ctrica, poca lluvia y sin luz. - Noticias Radio Reflejos\",\"isPartOf\":{\"@id\":\"https:\/\/www.noticiasradioreflejos.com.ar\/2021\/#website\"},\"datePublished\":\"2020-01-24T11:45:45+00:00\",\"author\":{\"@id\":\"https:\/\/www.noticiasradioreflejos.com.ar\/2021\/#\/schema\/person\/ad82545263dcc5ec0996818884fd5fb1\"},\"breadcrumb\":{\"@id\":\"https:\/\/www.noticiasradioreflejos.com.ar\/2021\/viento-y-tierra-tormenta-electrica-poca-lluvia-y-sin-luz\/#breadcrumb\"},\"inLanguage\":\"es\",\"potentialAction\":[{\"@type\":\"ReadAction\",\"target\":[\"https:\/\/www.noticiasradioreflejos.com.ar\/2021\/viento-y-tierra-tormenta-electrica-poca-lluvia-y-sin-luz\/\"]}]},{\"@type\":\"BreadcrumbList\",\"@id\":\"https:\/\/www.noticiasradioreflejos.com.ar\/2021\/viento-y-tierra-tormenta-electrica-poca-lluvia-y-sin-luz\/#breadcrumb\",\"itemListElement\":[{\"@type\":\"ListItem\",\"position\":1,\"name\":\"Portada\",\"item\":\"https:\/\/www.noticiasradioreflejos.com.ar\/2021\/\"},{\"@type\":\"ListItem\",\"position\":2,\"name\":\"Viento y tierra, tormenta el\u00e9ctrica, poca lluvia y sin luz.\"}]},{\"@type\":\"WebSite\",\"@id\":\"https:\/\/www.noticiasradioreflejos.com.ar\/2021\/#website\",\"url\":\"https:\/\/www.noticiasradioreflejos.com.ar\/2021\/\",\"name\":\"Noticias Radio Reflejos\",\"description\":\"Las noticias de mi comarca\",\"potentialAction\":[{\"@type\":\"SearchAction\",\"target\":{\"@type\":\"EntryPoint\",\"urlTemplate\":\"https:\/\/www.noticiasradioreflejos.com.ar\/2021\/?s={search_term_string}\"},\"query-input\":{\"@type\":\"PropertyValueSpecification\",\"valueRequired\":true,\"valueName\":\"search_term_string\"}}],\"inLanguage\":\"es\"},{\"@type\":\"Person\",\"@id\":\"https:\/\/www.noticiasradioreflejos.com.ar\/2021\/#\/schema\/person\/ad82545263dcc5ec0996818884fd5fb1\",\"name\":\"Arnaldo Botto\",\"image\":{\"@type\":\"ImageObject\",\"inLanguage\":\"es\",\"@id\":\"https:\/\/www.noticiasradioreflejos.com.ar\/2021\/#\/schema\/person\/image\/\",\"url\":\"https:\/\/secure.gravatar.com\/avatar\/55cb5e37c1efa326397366e6974cb338056df65cb50e7d64d1cf314e87504837?s=96&d=mm&r=g\",\"contentUrl\":\"https:\/\/secure.gravatar.com\/avatar\/55cb5e37c1efa326397366e6974cb338056df65cb50e7d64d1cf314e87504837?s=96&d=mm&r=g\",\"caption\":\"Arnaldo Botto\"},\"url\":\"https:\/\/www.noticiasradioreflejos.com.ar\/2021\/author\/arnaldo\/\"}]}<\/script>\n<!-- \/ Yoast SEO plugin. -->","yoast_head_json":{"title":"Viento y tierra, tormenta el\u00e9ctrica, poca lluvia y sin luz. - Noticias Radio Reflejos","robots":{"index":"index","follow":"follow","max-snippet":"max-snippet:-1","max-image-preview":"max-image-preview:large","max-video-preview":"max-video-preview:-1"},"canonical":"https:\/\/www.noticiasradioreflejos.com.ar\/2021\/viento-y-tierra-tormenta-electrica-poca-lluvia-y-sin-luz\/","og_locale":"es_ES","og_type":"article","og_title":"Viento y tierra, tormenta el\u00e9ctrica, poca lluvia y sin luz. - Noticias Radio Reflejos","og_description":"Marco ideal para una pel\u00edcula de terror. En Sierra de la Ventana, el cielo nocturno estuvo iluminado por las descargas el\u00e9ctricas de una tormenta pasajera que solt\u00f3 unas pocas gotas. La energ\u00eda el\u00e9ctrica estuvo cortada por m\u00e1s de 40 minutos, despu\u00e9s de varios cortes y microcortes durante el d\u00eda.","og_url":"https:\/\/www.noticiasradioreflejos.com.ar\/2021\/viento-y-tierra-tormenta-electrica-poca-lluvia-y-sin-luz\/","og_site_name":"Noticias Radio Reflejos","article_published_time":"2020-01-24T11:45:45+00:00","og_image":[{"width":300,"height":200,"url":"https:\/\/www.noticiasradioreflejos.com.ar\/2021\/wp-content\/uploads\/2021\/07\/logosol300x200.png","type":"image\/png"}],"author":"Arnaldo Botto","twitter_card":"summary_large_image","schema":{"@context":"https:\/\/schema.org","@graph":[{"@type":"WebPage","@id":"https:\/\/www.noticiasradioreflejos.com.ar\/2021\/viento-y-tierra-tormenta-electrica-poca-lluvia-y-sin-luz\/","url":"https:\/\/www.noticiasradioreflejos.com.ar\/2021\/viento-y-tierra-tormenta-electrica-poca-lluvia-y-sin-luz\/","name":"Viento y tierra, tormenta el\u00e9ctrica, poca lluvia y sin luz. - Noticias Radio Reflejos","isPartOf":{"@id":"https:\/\/www.noticiasradioreflejos.com.ar\/2021\/#website"},"datePublished":"2020-01-24T11:45:45+00:00","author":{"@id":"https:\/\/www.noticiasradioreflejos.com.ar\/2021\/#\/schema\/person\/ad82545263dcc5ec0996818884fd5fb1"},"breadcrumb":{"@id":"https:\/\/www.noticiasradioreflejos.com.ar\/2021\/viento-y-tierra-tormenta-electrica-poca-lluvia-y-sin-luz\/#breadcrumb"},"inLanguage":"es","potentialAction":[{"@type":"ReadAction","target":["https:\/\/www.noticiasradioreflejos.com.ar\/2021\/viento-y-tierra-tormenta-electrica-poca-lluvia-y-sin-luz\/"]}]},{"@type":"BreadcrumbList","@id":"https:\/\/www.noticiasradioreflejos.com.ar\/2021\/viento-y-tierra-tormenta-electrica-poca-lluvia-y-sin-luz\/#breadcrumb","itemListElement":[{"@type":"ListItem","position":1,"name":"Portada","item":"https:\/\/www.noticiasradioreflejos.com.ar\/2021\/"},{"@type":"ListItem","position":2,"name":"Viento y tierra, tormenta el\u00e9ctrica, poca lluvia y sin luz."}]},{"@type":"WebSite","@id":"https:\/\/www.noticiasradioreflejos.com.ar\/2021\/#website","url":"https:\/\/www.noticiasradioreflejos.com.ar\/2021\/","name":"Noticias Radio Reflejos","description":"Las noticias de mi comarca","potentialAction":[{"@type":"SearchAction","target":{"@type":"EntryPoint","urlTemplate":"https:\/\/www.noticiasradioreflejos.com.ar\/2021\/?s={search_term_string}"},"query-input":{"@type":"PropertyValueSpecification","valueRequired":true,"valueName":"search_term_string"}}],"inLanguage":"es"},{"@type":"Person","@id":"https:\/\/www.noticiasradioreflejos.com.ar\/2021\/#\/schema\/person\/ad82545263dcc5ec0996818884fd5fb1","name":"Arnaldo Botto","image":{"@type":"ImageObject","inLanguage":"es","@id":"https:\/\/www.noticiasradioreflejos.com.ar\/2021\/#\/schema\/person\/image\/","url":"https:\/\/secure.gravatar.com\/avatar\/55cb5e37c1efa326397366e6974cb338056df65cb50e7d64d1cf314e87504837?s=96&d=mm&r=g","contentUrl":"https:\/\/secure.gravatar.com\/avatar\/55cb5e37c1efa326397366e6974cb338056df65cb50e7d64d1cf314e87504837?s=96&d=mm&r=g","caption":"Arnaldo Botto"},"url":"https:\/\/www.noticiasradioreflejos.com.ar\/2021\/author\/arnaldo\/"}]}},"_links":{"self":[{"href":"https:\/\/www.noticiasradioreflejos.com.ar\/2021\/wp-json\/wp\/v2\/posts\/38078","targetHints":{"allow":["GET"]}}],"collection":[{"href":"https:\/\/www.noticiasradioreflejos.com.ar\/2021\/wp-json\/wp\/v2\/posts"}],"about":[{"href":"https:\/\/www.noticiasradioreflejos.com.ar\/2021\/wp-json\/wp\/v2\/types\/post"}],"author":[{"embeddable":true,"href":"https:\/\/www.noticiasradioreflejos.com.ar\/2021\/wp-json\/wp\/v2\/users\/3"}],"replies":[{"embeddable":true,"href":"https:\/\/www.noticiasradioreflejos.com.ar\/2021\/wp-json\/wp\/v2\/comments?post=38078"}],"version-history":[{"count":0,"href":"https:\/\/www.noticiasradioreflejos.com.ar\/2021\/wp-json\/wp\/v2\/posts\/38078\/revisions"}],"wp:attachment":[{"href":"https:\/\/www.noticiasradioreflejos.com.ar\/2021\/wp-json\/wp\/v2\/media?parent=38078"}],"wp:term":[{"taxonomy":"category","embeddable":true,"href":"https:\/\/www.noticiasradioreflejos.com.ar\/2021\/wp-json\/wp\/v2\/categories?post=38078"},{"taxonomy":"post_tag","embeddable":true,"href":"https:\/\/www.noticiasradioreflejos.com.ar\/2021\/wp-json\/wp\/v2\/tags?post=38078"}],"curies":[{"name":"wp","href":"https:\/\/api.w.org\/{rel}","templated":true}]}}