{"id":38075,"date":"2020-01-23T19:04:13","date_gmt":"2020-01-23T22:04:13","guid":{"rendered":"http:\/\/www.noticiasradioreflejos.com.ar\/noticias\/?p=38075"},"modified":"2020-01-23T19:04:13","modified_gmt":"2020-01-23T22:04:13","slug":"300-litros-de-aceite-vegetal-usado-fueron-reciclados-en-tornquist","status":"publish","type":"post","link":"https:\/\/www.noticiasradioreflejos.com.ar\/2021\/300-litros-de-aceite-vegetal-usado-fueron-reciclados-en-tornquist\/","title":{"rendered":"300 litros de aceite vegetal usado fueron reciclados en Tornquist"},"content":{"rendered":"<p>La Direcci\u00f3n de Medio Ambiente informa que el d\u00eda de ayer, se realiz\u00f3 una nueva recolecci\u00f3n de Aceite Vegetal Usado (AVU).<br \/>\nEn esta ocasi\u00f3n,  la empresa RBA Ambiental, retir\u00f3 m\u00e1s de 300 litros de locales de prestadores gastron\u00f3micos de la localidad de Tornquist, que se encuentran adheridos al sistema de recolecci\u00f3n. Es importante destacar, que este residuo se reutilizar\u00e1 y se transformar\u00e1 en biodi\u00e9sel. <!--more--><\/p>\n<p>Adem\u00e1s, en esta oportunidad se sumaron 6 nuevos comercios a este sistema, donde la empresa entreg\u00f3 recipientes generadores para el acopio del residuo.<br \/>\nRecordamos que tanto Tornquist como Villa Ventana, cuentan con puntos de acopio para los vecinos:<br \/>\n\u2022\tTaller Protegido- Tornquist<br \/>\n\u2022\tDelegaci\u00f3n Municipal- Villa Ventana (de lunes a viernes de 7.30 a 12.30 y s\u00e1bados de 9 a 11.30hs).<br \/>\nLos vecinos podr\u00e1n acercar el aceite utilizado en botellas y\/o bidones, que ser\u00e1n depositados en los recipientes all\u00ed establecidos.<br \/>\nTornquist Municipio, agradece una vez m\u00e1s, a todos aquellos que se suman a este sistema de reciclado, que permite reutilizar uno de los recursos m\u00e1s contaminante para el ambiente. <\/p>\n","protected":false},"excerpt":{"rendered":"<p>La Direcci\u00f3n de Medio Ambiente informa que el d\u00eda de ayer, se realiz\u00f3 una nueva recolecci\u00f3n de Aceite Vegetal Usado (AVU). En esta ocasi\u00f3n, la empresa RBA Ambiental, retir\u00f3 m\u00e1s de 300 litros de locales de prestadores gastron\u00f3micos de la localidad de Tornquist, que se encuentran adheridos al sistema de recolecci\u00f3n. Es importante destacar, que [&hellip;]<\/p>\n","protected":false},"author":3,"featured_media":0,"comment_status":"closed","ping_status":"open","sticky":false,"template":"","format":"standard","meta":{"footnotes":""},"categories":[28],"tags":[],"class_list":["post-38075","post","type-post","status-publish","format-standard","hentry","category-municipales"],"yoast_head":"<!-- This site is optimized with the Yoast SEO plugin v25.9 - https:\/\/yoast.com\/wordpress\/plugins\/seo\/ -->\n<title>300 litros de aceite vegetal usado fueron reciclados en Tornquist - Noticias Radio Reflejos<\/title>\n<meta name=\"robots\" content=\"index, follow, max-snippet:-1, max-image-preview:large, max-video-preview:-1\" \/>\n<link rel=\"canonical\" href=\"https:\/\/www.noticiasradioreflejos.com.ar\/2021\/300-litros-de-aceite-vegetal-usado-fueron-reciclados-en-tornquist\/\" \/>\n<meta property=\"og:locale\" content=\"es_ES\" \/>\n<meta property=\"og:type\" content=\"article\" \/>\n<meta property=\"og:title\" content=\"300 litros de aceite vegetal usado fueron reciclados en Tornquist - Noticias Radio Reflejos\" \/>\n<meta property=\"og:description\" content=\"La Direcci\u00f3n de Medio Ambiente informa que el d\u00eda de ayer, se realiz\u00f3 una nueva recolecci\u00f3n de Aceite Vegetal Usado (AVU). En esta ocasi\u00f3n, la empresa RBA Ambiental, retir\u00f3 m\u00e1s de 300 litros de locales de prestadores gastron\u00f3micos de la localidad de Tornquist, que se encuentran adheridos al sistema de recolecci\u00f3n. Es importante destacar, que [&hellip;]\" \/>\n<meta property=\"og:url\" content=\"https:\/\/www.noticiasradioreflejos.com.ar\/2021\/300-litros-de-aceite-vegetal-usado-fueron-reciclados-en-tornquist\/\" \/>\n<meta property=\"og:site_name\" content=\"Noticias Radio Reflejos\" \/>\n<meta property=\"article:published_time\" content=\"2020-01-23T22:04:13+00:00\" \/>\n<meta property=\"og:image\" content=\"https:\/\/www.noticiasradioreflejos.com.ar\/2021\/wp-content\/uploads\/2021\/07\/logosol300x200.png\" \/>\n\t<meta property=\"og:image:width\" content=\"300\" \/>\n\t<meta property=\"og:image:height\" content=\"200\" \/>\n\t<meta property=\"og:image:type\" content=\"image\/png\" \/>\n<meta name=\"author\" content=\"Arnaldo Botto\" \/>\n<meta name=\"twitter:card\" content=\"summary_large_image\" \/>\n<script type=\"application\/ld+json\" class=\"yoast-schema-graph\">{\"@context\":\"https:\/\/schema.org\",\"@graph\":[{\"@type\":\"WebPage\",\"@id\":\"https:\/\/www.noticiasradioreflejos.com.ar\/2021\/300-litros-de-aceite-vegetal-usado-fueron-reciclados-en-tornquist\/\",\"url\":\"https:\/\/www.noticiasradioreflejos.com.ar\/2021\/300-litros-de-aceite-vegetal-usado-fueron-reciclados-en-tornquist\/\",\"name\":\"300 litros de aceite vegetal usado fueron reciclados en Tornquist - Noticias Radio Reflejos\",\"isPartOf\":{\"@id\":\"https:\/\/www.noticiasradioreflejos.com.ar\/2021\/#website\"},\"datePublished\":\"2020-01-23T22:04:13+00:00\",\"author\":{\"@id\":\"https:\/\/www.noticiasradioreflejos.com.ar\/2021\/#\/schema\/person\/ad82545263dcc5ec0996818884fd5fb1\"},\"breadcrumb\":{\"@id\":\"https:\/\/www.noticiasradioreflejos.com.ar\/2021\/300-litros-de-aceite-vegetal-usado-fueron-reciclados-en-tornquist\/#breadcrumb\"},\"inLanguage\":\"es\",\"potentialAction\":[{\"@type\":\"ReadAction\",\"target\":[\"https:\/\/www.noticiasradioreflejos.com.ar\/2021\/300-litros-de-aceite-vegetal-usado-fueron-reciclados-en-tornquist\/\"]}]},{\"@type\":\"BreadcrumbList\",\"@id\":\"https:\/\/www.noticiasradioreflejos.com.ar\/2021\/300-litros-de-aceite-vegetal-usado-fueron-reciclados-en-tornquist\/#breadcrumb\",\"itemListElement\":[{\"@type\":\"ListItem\",\"position\":1,\"name\":\"Portada\",\"item\":\"https:\/\/www.noticiasradioreflejos.com.ar\/2021\/\"},{\"@type\":\"ListItem\",\"position\":2,\"name\":\"300 litros de aceite vegetal usado fueron reciclados en Tornquist\"}]},{\"@type\":\"WebSite\",\"@id\":\"https:\/\/www.noticiasradioreflejos.com.ar\/2021\/#website\",\"url\":\"https:\/\/www.noticiasradioreflejos.com.ar\/2021\/\",\"name\":\"Noticias Radio Reflejos\",\"description\":\"Las noticias de mi comarca\",\"potentialAction\":[{\"@type\":\"SearchAction\",\"target\":{\"@type\":\"EntryPoint\",\"urlTemplate\":\"https:\/\/www.noticiasradioreflejos.com.ar\/2021\/?s={search_term_string}\"},\"query-input\":{\"@type\":\"PropertyValueSpecification\",\"valueRequired\":true,\"valueName\":\"search_term_string\"}}],\"inLanguage\":\"es\"},{\"@type\":\"Person\",\"@id\":\"https:\/\/www.noticiasradioreflejos.com.ar\/2021\/#\/schema\/person\/ad82545263dcc5ec0996818884fd5fb1\",\"name\":\"Arnaldo Botto\",\"image\":{\"@type\":\"ImageObject\",\"inLanguage\":\"es\",\"@id\":\"https:\/\/www.noticiasradioreflejos.com.ar\/2021\/#\/schema\/person\/image\/\",\"url\":\"https:\/\/secure.gravatar.com\/avatar\/55cb5e37c1efa326397366e6974cb338056df65cb50e7d64d1cf314e87504837?s=96&d=mm&r=g\",\"contentUrl\":\"https:\/\/secure.gravatar.com\/avatar\/55cb5e37c1efa326397366e6974cb338056df65cb50e7d64d1cf314e87504837?s=96&d=mm&r=g\",\"caption\":\"Arnaldo Botto\"},\"url\":\"https:\/\/www.noticiasradioreflejos.com.ar\/2021\/author\/arnaldo\/\"}]}<\/script>\n<!-- \/ Yoast SEO plugin. -->","yoast_head_json":{"title":"300 litros de aceite vegetal usado fueron reciclados en Tornquist - Noticias Radio Reflejos","robots":{"index":"index","follow":"follow","max-snippet":"max-snippet:-1","max-image-preview":"max-image-preview:large","max-video-preview":"max-video-preview:-1"},"canonical":"https:\/\/www.noticiasradioreflejos.com.ar\/2021\/300-litros-de-aceite-vegetal-usado-fueron-reciclados-en-tornquist\/","og_locale":"es_ES","og_type":"article","og_title":"300 litros de aceite vegetal usado fueron reciclados en Tornquist - Noticias Radio Reflejos","og_description":"La Direcci\u00f3n de Medio Ambiente informa que el d\u00eda de ayer, se realiz\u00f3 una nueva recolecci\u00f3n de Aceite Vegetal Usado (AVU). En esta ocasi\u00f3n, la empresa RBA Ambiental, retir\u00f3 m\u00e1s de 300 litros de locales de prestadores gastron\u00f3micos de la localidad de Tornquist, que se encuentran adheridos al sistema de recolecci\u00f3n. Es importante destacar, que [&hellip;]","og_url":"https:\/\/www.noticiasradioreflejos.com.ar\/2021\/300-litros-de-aceite-vegetal-usado-fueron-reciclados-en-tornquist\/","og_site_name":"Noticias Radio Reflejos","article_published_time":"2020-01-23T22:04:13+00:00","og_image":[{"width":300,"height":200,"url":"https:\/\/www.noticiasradioreflejos.com.ar\/2021\/wp-content\/uploads\/2021\/07\/logosol300x200.png","type":"image\/png"}],"author":"Arnaldo Botto","twitter_card":"summary_large_image","schema":{"@context":"https:\/\/schema.org","@graph":[{"@type":"WebPage","@id":"https:\/\/www.noticiasradioreflejos.com.ar\/2021\/300-litros-de-aceite-vegetal-usado-fueron-reciclados-en-tornquist\/","url":"https:\/\/www.noticiasradioreflejos.com.ar\/2021\/300-litros-de-aceite-vegetal-usado-fueron-reciclados-en-tornquist\/","name":"300 litros de aceite vegetal usado fueron reciclados en Tornquist - Noticias Radio Reflejos","isPartOf":{"@id":"https:\/\/www.noticiasradioreflejos.com.ar\/2021\/#website"},"datePublished":"2020-01-23T22:04:13+00:00","author":{"@id":"https:\/\/www.noticiasradioreflejos.com.ar\/2021\/#\/schema\/person\/ad82545263dcc5ec0996818884fd5fb1"},"breadcrumb":{"@id":"https:\/\/www.noticiasradioreflejos.com.ar\/2021\/300-litros-de-aceite-vegetal-usado-fueron-reciclados-en-tornquist\/#breadcrumb"},"inLanguage":"es","potentialAction":[{"@type":"ReadAction","target":["https:\/\/www.noticiasradioreflejos.com.ar\/2021\/300-litros-de-aceite-vegetal-usado-fueron-reciclados-en-tornquist\/"]}]},{"@type":"BreadcrumbList","@id":"https:\/\/www.noticiasradioreflejos.com.ar\/2021\/300-litros-de-aceite-vegetal-usado-fueron-reciclados-en-tornquist\/#breadcrumb","itemListElement":[{"@type":"ListItem","position":1,"name":"Portada","item":"https:\/\/www.noticiasradioreflejos.com.ar\/2021\/"},{"@type":"ListItem","position":2,"name":"300 litros de aceite vegetal usado fueron reciclados en Tornquist"}]},{"@type":"WebSite","@id":"https:\/\/www.noticiasradioreflejos.com.ar\/2021\/#website","url":"https:\/\/www.noticiasradioreflejos.com.ar\/2021\/","name":"Noticias Radio Reflejos","description":"Las noticias de mi comarca","potentialAction":[{"@type":"SearchAction","target":{"@type":"EntryPoint","urlTemplate":"https:\/\/www.noticiasradioreflejos.com.ar\/2021\/?s={search_term_string}"},"query-input":{"@type":"PropertyValueSpecification","valueRequired":true,"valueName":"search_term_string"}}],"inLanguage":"es"},{"@type":"Person","@id":"https:\/\/www.noticiasradioreflejos.com.ar\/2021\/#\/schema\/person\/ad82545263dcc5ec0996818884fd5fb1","name":"Arnaldo Botto","image":{"@type":"ImageObject","inLanguage":"es","@id":"https:\/\/www.noticiasradioreflejos.com.ar\/2021\/#\/schema\/person\/image\/","url":"https:\/\/secure.gravatar.com\/avatar\/55cb5e37c1efa326397366e6974cb338056df65cb50e7d64d1cf314e87504837?s=96&d=mm&r=g","contentUrl":"https:\/\/secure.gravatar.com\/avatar\/55cb5e37c1efa326397366e6974cb338056df65cb50e7d64d1cf314e87504837?s=96&d=mm&r=g","caption":"Arnaldo Botto"},"url":"https:\/\/www.noticiasradioreflejos.com.ar\/2021\/author\/arnaldo\/"}]}},"_links":{"self":[{"href":"https:\/\/www.noticiasradioreflejos.com.ar\/2021\/wp-json\/wp\/v2\/posts\/38075","targetHints":{"allow":["GET"]}}],"collection":[{"href":"https:\/\/www.noticiasradioreflejos.com.ar\/2021\/wp-json\/wp\/v2\/posts"}],"about":[{"href":"https:\/\/www.noticiasradioreflejos.com.ar\/2021\/wp-json\/wp\/v2\/types\/post"}],"author":[{"embeddable":true,"href":"https:\/\/www.noticiasradioreflejos.com.ar\/2021\/wp-json\/wp\/v2\/users\/3"}],"replies":[{"embeddable":true,"href":"https:\/\/www.noticiasradioreflejos.com.ar\/2021\/wp-json\/wp\/v2\/comments?post=38075"}],"version-history":[{"count":0,"href":"https:\/\/www.noticiasradioreflejos.com.ar\/2021\/wp-json\/wp\/v2\/posts\/38075\/revisions"}],"wp:attachment":[{"href":"https:\/\/www.noticiasradioreflejos.com.ar\/2021\/wp-json\/wp\/v2\/media?parent=38075"}],"wp:term":[{"taxonomy":"category","embeddable":true,"href":"https:\/\/www.noticiasradioreflejos.com.ar\/2021\/wp-json\/wp\/v2\/categories?post=38075"},{"taxonomy":"post_tag","embeddable":true,"href":"https:\/\/www.noticiasradioreflejos.com.ar\/2021\/wp-json\/wp\/v2\/tags?post=38075"}],"curies":[{"name":"wp","href":"https:\/\/api.w.org\/{rel}","templated":true}]}}