{"id":38068,"date":"2020-01-23T08:36:55","date_gmt":"2020-01-23T11:36:55","guid":{"rendered":"http:\/\/www.noticiasradioreflejos.com.ar\/noticias\/?p=38068"},"modified":"2020-01-23T08:36:55","modified_gmt":"2020-01-23T11:36:55","slug":"el-carpincho-un-habitante-de-la-comarca-que-genera-debate","status":"publish","type":"post","link":"https:\/\/www.noticiasradioreflejos.com.ar\/2021\/el-carpincho-un-habitante-de-la-comarca-que-genera-debate\/","title":{"rendered":"El carpincho, un habitante de la Comarca que genera debate."},"content":{"rendered":"<p>La presencia del roedor m\u00e1s grande del mundo en el SOB ya es indisimulable. Expertos consultados afirman que no es una plaga ni representa un riesgo para la poblaci\u00f3n. Y que deber\u00eda iniciarse un debate para la convivencia.<!--more--><\/p>\n<p>\u201cEl carpincho encontr\u00f3, en el sudoeste bonaerense, un lugar apacible para vivir. Como especie acu\u00e1tica vino a ocupar un nicho que estaba vac\u00edo. Pero est\u00e1 claro que un roedor herb\u00edvoro no nos va a complicar la vida\u201d.<br \/>\nLo dijo Alejandro Morici, naturalista radicado en Bordenave y estudioso del tema en la zona de Sierra de la Ventana, acerca del debate instalado por la mayor aparici\u00f3n de carpinchos en una regi\u00f3n, como la nuestra, que no registra antecedentes significativos anteriores al a\u00f1o 2005. Morici sostuvo que los carpinchos ya atravesaron las sierras, en la Comarca, siguieron por Coronel Su\u00e1rez y llegaron a Las Encadenadas, a la altura de Guamin\u00ed.<\/p>\n<p>\u201cLa colonizaci\u00f3n se hizo por la costa. Ha sido por factores antr\u00f3picos y por el cambio clim\u00e1tico\u201d, dijo.<br \/>\n\u201cLa primera explicaci\u00f3n hay que buscarla en la disminuci\u00f3n de la temperatura promedio, lo que permite a esta especie tropical aprovechar nuestra zona. Y existen otros factores fundamentales\u201d, agreg\u00f3.<\/p>\n<p>El investigador aludi\u00f3 a la deforestaci\u00f3n masiva que se est\u00e1 haciendo en el territorio nativo del carpincho \u2014\u00bbel Delta, hoy diezmado por los countries y los barrios privados\u201d, dijo\u2014, lo que hizo que el roedor se traslade a un sitio parecido al que se mueve habitualmente.<\/p>\n<p>\u201cEsto tambi\u00e9n se vio favorecido por la extensi\u00f3n, cerca de la costa, de las plantaciones de soja y de girasol, por ejemplo, que le dan cobertura para que se pueda esconder \u201c, coment\u00f3.<\/p>\n<p>Morici tambi\u00e9n sostuvo que el carpincho utiliza al mar como corredor, ya que es buen mam\u00edfero acu\u00e1tico y que, a su vez, ingresa por todos los r\u00edos que encuentra a medida que se va desplaza por la geograf\u00eda costera. \u00abHa entrado por el Sauce Grande, por el r\u00edo Quequ\u00e9n y as\u00ed hacia el interior de la provincia de Buenos Aires\u201d, dijo.<\/p>\n<p>\u201cEl carpincho tambi\u00e9n se ha beneficiado por el despoblamiento de productores, ya que ni siquiera quedan los perros, al margen de que el sudoeste bonaerense es una zona favorable porque no encuentra predadores\u201d, admiti\u00f3.<\/p>\n<p>\u201cEn el norte, el puma y el yaguaret\u00e9 lo manten\u00edan a raya, por decirlo de alguna manera, pero tanto all\u00e1 como ac\u00e1 el puma existe en forma excepcional, justamente por lo que comentaba de la ampliaci\u00f3n de la frontera agr\u00edcola\u201d, afirm\u00f3.<\/p>\n<p>En la misma l\u00ednea de an\u00e1lisis, Morici entiende que el carpincho no puede ser contemplado como una plaga.<\/p>\n<p>\u201cNo se lo considera plaga en ning\u00fan sitio de la Argentina. Incluso, en la provincia de Santa Fe es una especie protegida por ley, porque est\u00e1 expuesto a la caza por la piel y por la carne, que se comercializan\u201d, sostuvo.<\/p>\n<p>\u201cPero, como todo roedor, al tener que gastar los dientes de adelante puede afectar alguna parte de los palos (NdR: de los alambrados) o alg\u00fan cultivo con la ca\u00f1a media gruesa, como pueden ser el ma\u00edz, el sorgo y dem\u00e1s\u201d, explic\u00f3.<\/p>\n<p>\u201cEl tema de que el carpincho sea una plaga es discutible, ya que, entiendo, la cantidad de animales en la regi\u00f3n no es tan numerosa para llegar a ese nivel\u201d, coment\u00f3 Carlos Bodanza, m\u00e9dico veterinario especializado en plagas a nivel rural, presidente del Colegio de Veterinarios de Bah\u00eda Blanca y periodista agropecuario.<\/p>\n<p><strong><a title=\"1518304948936\" href=\"http:\/\/live.staticflickr.com\/65535\/49429073261_42f30e99bc_s.jpg\" rel=\"\"><img loading=\"lazy\" decoding=\"async\" class=\"alignleft\" style=\"float: left;\" title=\"1518304948936\" src=\"http:\/\/live.staticflickr.com\/65535\/49429073261_42f30e99bc.jpg\" alt=\"1518304948936\" width=\"500\" height=\"281\" \/><\/a>Carlos Bodanza, m\u00e9dico veterinario.<\/strong><br \/>\n\u201cDesde el punto de vista agr\u00edcola, el carpincho tiene el h\u00e1bito de comer cerca de las riberas de los arroyos o de las lagunas donde vive, por lo cual no existe un da\u00f1o importante en los cultivos. Podr\u00eda haber casos puntuales, pero ese no es su h\u00e1bito alimenticio\u201d, agreg\u00f3.<\/p>\n<p>Bodanza tambi\u00e9n cont\u00f3 que nunca el da\u00f1o ser\u00e1 tan importante como el que provocan, en los cultivos, el loro, el girasol, la vizcacha y la paloma.<\/p>\n<p>\u201cEn agro, cuando se dice erradicar una plaga o eliminar una maleza se habla de controlarla o manejarla, ya que esos son los t\u00e9rmicos adecuados para manejarse en la naturaleza\u00bb, manifest\u00f3.<\/p>\n<p>\u00abCuando uno habla de prohibir estamos aludiendo a una especie, por ejemplo el carpincho, que hoy no tiene un predador natural, m\u00e1s all\u00e1 del puma o el gato mont\u00e9s y la caza controlada que podr\u00eda realizar el hombre. Ah\u00ed se provocar\u00eda un desequilibrio con esa poblaci\u00f3n\u201d, relat\u00f3.<\/p>\n<p>Bodanza tambi\u00e9n cit\u00f3 el caso del peludo. \u201cEs considerado una plaga dentro del sector agropecuario porque lo vemos rompiendo infinidad de silos bolsa. Tambi\u00e9n ha proliferado el chancho jabal\u00ed en una amplia zona, ya que a causa de los incendios se trasladaron hacia la zona cercana a Bah\u00eda Blanca y, ahora, est\u00e1n desde la ruta nacional 35 hacia nuestra ciudad\u201d, relat\u00f3.<\/p>\n<p>\u201cTanto el jabal\u00ed, como el carpincho, s\u00ed podr\u00edan ser peligrosos a la hora de cortar una ruta, pero de ah\u00ed a ser una plaga hay una distancia. No me atrevo a calificarlo de esa manera\u201d, asegur\u00f3 Bodanza.<\/p>\n<p>\u201cEl concepto de plaga es un poco anacr\u00f3nico e inconveniente desde el punto de vista ambiental\u201d, sostuvo \u2014por su parte\u2014 Crist\u00f3bal Doiny Cabr\u00e9, naturalista y vecino de Sierra de la Ventana.<\/p>\n<p><strong>Crist\u00f3bal Doiny Cabr\u00e9, naturalista.<\/strong><\/p>\n<p>\u201cEs cierto, de todos modos, que hay especies que pueden convertirse en un problema y por eso lo ideal es hacer un manejo adecuado\u201d, afirm\u00f3.<\/p>\n<p>\u201cCreo que antes de intervenir, o no, respecto de una especie aut\u00f3ctona, es prudente hacer un estudio biol\u00f3gico para saber cu\u00e1ntos hay y cu\u00e1l es la dispersi\u00f3n que han alcanzado que, por lo que dicen, es bastante amplia en nuestra regi\u00f3n en la zona del Sauce Chico\u201d, sostuvo.<\/p>\n<p>Doiny Cabr\u00e9 ratific\u00f3 que los carpinchos no son originarios del territorio bonaerense, por lo que este hecho genera una intrusi\u00f3n a un ecosistema que ya est\u00e1 muy modificado.<\/p>\n<p>\u201cVoy a Sierra de la Ventana desde chico y no recuerdo haber visto alg\u00fan carpincho alguna vez. Creo que los primeros empezaron a aparecer en 2005. Al primero lo vi fue en 2006 y me llam\u00f3 mucho la atenci\u00f3n porque de lejos parec\u00eda una nutria y me sorprend\u00f3 por el tama\u00f1o; claro, era un carpincho\u201d, asever\u00f3 el naturalista.<\/p>\n<p>\u201cAntes era algo simp\u00e1tico, pero hoy se van bastantes m\u00e1s; se nota mucho. No digo que no pueda transformarse en un problema, pero \u2014insisti\u00f3\u2014 creo que cualquier decisi\u00f3n que se tome, porque acaso contaminen el agua en los sitios donde hay desarrollos tur\u00edsticos, deber\u00e1 contener una base t\u00e9cnica y cient\u00edfica\u201d.<\/p>\n<p><a title=\"1518293944701\" href=\"http:\/\/live.staticflickr.com\/65535\/49429293762_3a891203dd_s.jpg\" rel=\"\"><img loading=\"lazy\" decoding=\"async\" class=\"alignleft\" style=\"float: left;\" title=\"1518293944701\" src=\"http:\/\/live.staticflickr.com\/65535\/49429293762_3a891203dd.jpg\" alt=\"1518293944701\" width=\"500\" height=\"490\" \/><\/a><\/p>\n<p>En ese mismo sentido, una eventual contaminaci\u00f3n por las excretas de los carpinchos ha originado no pocas discusiones. Incluso, por la aparente aparici\u00f3n de Escherichia coli en el dique de Sierra de la Ventana.<\/p>\n<p>\u201cLa EC detectada en el agua tiene m\u00e1s probabilidades de provenir de un vacuno que de un carpincho\u201d, aclar\u00f3 Bodanza.<\/p>\n<p>\u201cDesconozco la composici\u00f3n bacteriana de la material fecal de un carpincho, pero s\u00ed se sabe de la presencia de EC con cepas t\u00f3xicas, la O 157, en la materia fecal del bovinos. Eso existe en todas las riberas de los arroyos de la zona, porque son fuentes de bebida de los rodeos\u201d, afirm\u00f3.<\/p>\n<p>\u201cEl problema es que se hace un balneario en un arroyo que viene bajando de las sierras y es l\u00f3gico que traiga excretas de todas las especies que andan dando vueltas\u201d, a\u00f1adi\u00f3.<\/p>\n<p>\u201c\u00bfSi es un peligro para los turistas? No. El carpincho, como todo roedor, es asustadizo y huidozo\u00bb, dijo.<\/p>\n<p>\u201cNo representa un peligro, m\u00e1s all\u00e1 de que conozco casos de productores que han atropellado algunos en caminos vecinales. En zona de Tres Arroyos se ve con frecuencia\u201d, coment\u00f3.<\/p>\n<p>Ejemplares en El Lago de los Cisnes, en Necochea, en 2013.<\/p>\n<p>Bodanza cit\u00f3 al distrito de Tornquist como un caso puntual, ya que han bajado los cauces de los arroyos y, adem\u00e1s, son usados para fines tur\u00edsticos como balnearios.<\/p>\n<p>\u201cEs probable que all\u00ed se hayan juntando m\u00e1s excretas de lo normal de el cauce de un arroyo, pero nada que permita inferir, por ahora, que sea una plaga del sector agropecuario\u201d, coment\u00f3.<\/p>\n<p>\u201cHasta el momento, de acuerdo con lo que he estudiado en la Comarca Serrana y en Coronel Su\u00e1rez, no encontr\u00e9 ning\u00fan efecto colateral negativo por la presencia de carpinchos, con la sola excepci\u00f3n de haberlo visto\u00bb, afirm\u00f3 Morici.<\/p>\n<p>\u00abS\u00ed podr\u00eda atacar alg\u00fan cultivo cercano a los cuerpos de agua, pero ser\u00eda excepcional\u201d, a\u00f1adi\u00f3.<\/p>\n<p>\u201cNo creo que vaya a constituirse en un problema, as\u00ed como tampoco que vaya a transmitir alguna enfermedad\u201d, sostuvo.<\/p>\n<p>\u201cPor ejemplo, en el caso de los eventuales excrementos en los balnearios no creo que haya una afectaci\u00f3n grave, ya que si as\u00ed sucediera en todos los balnearios de los r\u00edos Paran\u00e1 y Uruguay, por ejemplo, donde acuden miles de personas, conocer\u00edamos los alcances de esta complejidad. Y hasta hoy no las hay\u201d, argument\u00f3.<\/p>\n<p>Morici dijo que el carpincho es una especie que est\u00e1, desde Misiones hasta Buenos Aires, conviviendo con no pocos r\u00edos y que en ning\u00fan lado es considerado como transmisor de alguna enfermedad para el hombre.<\/p>\n<p>Doiny Cabr\u00e9 dijo que desconoce si los carpinchos pueden generar problemas a los cultivos, como tampoco si podr\u00edan contaminar los diques.<\/p>\n<p>\u201cNo tengo registros de nuestra zona porque esto es muy reciente, claro\u201d, a\u00f1adi\u00f3 el naturalista.<\/p>\n<p>\u201cPodr\u00eda instalarse en toda la provincia\u201d<br \/>\n\u201cA este paso, calculo que el carpincho va a cubrir toda la provincia de Buenos Aires\u201d, sostuvo Alejandro Morici.<\/p>\n<p>\u201cVemos que hay otras especies que est\u00e1n avanzando en este territorio desde el norte hacia el sur. Son los casos de diferentes aves y reptiles, por ejemplo\u201d, agreg\u00f3.<\/p>\n<p>\u201cEsto se debe a los cambios de temperaturas, ya que el clima hoy est\u00e1 m\u00e1s c\u00e1lido en nuestra regi\u00f3n\u201d, dijo.<\/p>\n<p>\u201c\u00bfHacer un censo? Se podr\u00eda, aunque es muy dif\u00edcil porque no hay un m\u00e9todo establecido para hacerlo\u201d, aclar\u00f3.<\/p>\n<p>Morici a\u00f1adi\u00f3 que en las reservas naturales se podr\u00eda realizar por intermedio de los guardaparques, en los momentos en que salen a tomar sol, por ejemplo, pero que en lugares abiertos es muy complejo.<\/p>\n<p>Ante la consulta sobre si el carpincho puede convertirse en una problema para la regi\u00f3n, Morici neg\u00f3 esa alternativa.<\/p>\n<p>\u201cLos inconvenientes son siempre los mismos. Las especies problem\u00e1ticas son las ex\u00f3ticas; es decir, ciervos, ant\u00edlopes y jabal\u00edes. Esos son los verdaderos problemas que tenemos en Buenos Aires y en La Pampa porque, b\u00e1sicamente, desplazan a las especies aut\u00f3ctonas\u201d, argument\u00f3 el investigador oriundo de Quilmes, en el GBA.<\/p>\n<p><strong>Guillermo D. Rueda<\/strong><br \/>\n<strong> nombre@lanueva.com<\/strong><\/p>\n","protected":false},"excerpt":{"rendered":"<p>La presencia del roedor m\u00e1s grande del mundo en el SOB ya es indisimulable. Expertos consultados afirman que no es una plaga ni representa un riesgo para la poblaci\u00f3n. Y que deber\u00eda iniciarse un debate para la convivencia.<\/p>\n","protected":false},"author":3,"featured_media":0,"comment_status":"closed","ping_status":"open","sticky":false,"template":"","format":"standard","meta":{"footnotes":""},"categories":[26,33],"tags":[38],"class_list":["post-38068","post","type-post","status-publish","format-standard","hentry","category-sociedad","category-turismo","tag-recomendado"],"yoast_head":"<!-- This site is optimized with the Yoast SEO plugin v25.9 - https:\/\/yoast.com\/wordpress\/plugins\/seo\/ -->\n<title>El carpincho, un habitante de la Comarca que genera debate. - Noticias Radio Reflejos<\/title>\n<meta name=\"robots\" content=\"index, follow, max-snippet:-1, max-image-preview:large, max-video-preview:-1\" \/>\n<link rel=\"canonical\" href=\"https:\/\/www.noticiasradioreflejos.com.ar\/2021\/el-carpincho-un-habitante-de-la-comarca-que-genera-debate\/\" \/>\n<meta property=\"og:locale\" content=\"es_ES\" \/>\n<meta property=\"og:type\" content=\"article\" \/>\n<meta property=\"og:title\" content=\"El carpincho, un habitante de la Comarca que genera debate. - Noticias Radio Reflejos\" \/>\n<meta property=\"og:description\" content=\"La presencia del roedor m\u00e1s grande del mundo en el SOB ya es indisimulable. Expertos consultados afirman que no es una plaga ni representa un riesgo para la poblaci\u00f3n. Y que deber\u00eda iniciarse un debate para la convivencia.\" \/>\n<meta property=\"og:url\" content=\"https:\/\/www.noticiasradioreflejos.com.ar\/2021\/el-carpincho-un-habitante-de-la-comarca-que-genera-debate\/\" \/>\n<meta property=\"og:site_name\" content=\"Noticias Radio Reflejos\" \/>\n<meta property=\"article:published_time\" content=\"2020-01-23T11:36:55+00:00\" \/>\n<meta property=\"og:image\" content=\"http:\/\/live.staticflickr.com\/65535\/49429073261_42f30e99bc.jpg\" \/>\n<meta name=\"author\" content=\"Arnaldo Botto\" \/>\n<meta name=\"twitter:card\" content=\"summary_large_image\" \/>\n<script type=\"application\/ld+json\" class=\"yoast-schema-graph\">{\"@context\":\"https:\/\/schema.org\",\"@graph\":[{\"@type\":\"WebPage\",\"@id\":\"https:\/\/www.noticiasradioreflejos.com.ar\/2021\/el-carpincho-un-habitante-de-la-comarca-que-genera-debate\/\",\"url\":\"https:\/\/www.noticiasradioreflejos.com.ar\/2021\/el-carpincho-un-habitante-de-la-comarca-que-genera-debate\/\",\"name\":\"El carpincho, un habitante de la Comarca que genera debate. - Noticias Radio Reflejos\",\"isPartOf\":{\"@id\":\"https:\/\/www.noticiasradioreflejos.com.ar\/2021\/#website\"},\"primaryImageOfPage\":{\"@id\":\"https:\/\/www.noticiasradioreflejos.com.ar\/2021\/el-carpincho-un-habitante-de-la-comarca-que-genera-debate\/#primaryimage\"},\"image\":{\"@id\":\"https:\/\/www.noticiasradioreflejos.com.ar\/2021\/el-carpincho-un-habitante-de-la-comarca-que-genera-debate\/#primaryimage\"},\"thumbnailUrl\":\"http:\/\/live.staticflickr.com\/65535\/49429073261_42f30e99bc.jpg\",\"datePublished\":\"2020-01-23T11:36:55+00:00\",\"author\":{\"@id\":\"https:\/\/www.noticiasradioreflejos.com.ar\/2021\/#\/schema\/person\/ad82545263dcc5ec0996818884fd5fb1\"},\"breadcrumb\":{\"@id\":\"https:\/\/www.noticiasradioreflejos.com.ar\/2021\/el-carpincho-un-habitante-de-la-comarca-que-genera-debate\/#breadcrumb\"},\"inLanguage\":\"es\",\"potentialAction\":[{\"@type\":\"ReadAction\",\"target\":[\"https:\/\/www.noticiasradioreflejos.com.ar\/2021\/el-carpincho-un-habitante-de-la-comarca-que-genera-debate\/\"]}]},{\"@type\":\"ImageObject\",\"inLanguage\":\"es\",\"@id\":\"https:\/\/www.noticiasradioreflejos.com.ar\/2021\/el-carpincho-un-habitante-de-la-comarca-que-genera-debate\/#primaryimage\",\"url\":\"http:\/\/live.staticflickr.com\/65535\/49429073261_42f30e99bc.jpg\",\"contentUrl\":\"http:\/\/live.staticflickr.com\/65535\/49429073261_42f30e99bc.jpg\"},{\"@type\":\"BreadcrumbList\",\"@id\":\"https:\/\/www.noticiasradioreflejos.com.ar\/2021\/el-carpincho-un-habitante-de-la-comarca-que-genera-debate\/#breadcrumb\",\"itemListElement\":[{\"@type\":\"ListItem\",\"position\":1,\"name\":\"Portada\",\"item\":\"https:\/\/www.noticiasradioreflejos.com.ar\/2021\/\"},{\"@type\":\"ListItem\",\"position\":2,\"name\":\"El carpincho, un habitante de la Comarca que genera debate.\"}]},{\"@type\":\"WebSite\",\"@id\":\"https:\/\/www.noticiasradioreflejos.com.ar\/2021\/#website\",\"url\":\"https:\/\/www.noticiasradioreflejos.com.ar\/2021\/\",\"name\":\"Noticias Radio Reflejos\",\"description\":\"Las noticias de mi comarca\",\"potentialAction\":[{\"@type\":\"SearchAction\",\"target\":{\"@type\":\"EntryPoint\",\"urlTemplate\":\"https:\/\/www.noticiasradioreflejos.com.ar\/2021\/?s={search_term_string}\"},\"query-input\":{\"@type\":\"PropertyValueSpecification\",\"valueRequired\":true,\"valueName\":\"search_term_string\"}}],\"inLanguage\":\"es\"},{\"@type\":\"Person\",\"@id\":\"https:\/\/www.noticiasradioreflejos.com.ar\/2021\/#\/schema\/person\/ad82545263dcc5ec0996818884fd5fb1\",\"name\":\"Arnaldo Botto\",\"image\":{\"@type\":\"ImageObject\",\"inLanguage\":\"es\",\"@id\":\"https:\/\/www.noticiasradioreflejos.com.ar\/2021\/#\/schema\/person\/image\/\",\"url\":\"https:\/\/secure.gravatar.com\/avatar\/55cb5e37c1efa326397366e6974cb338056df65cb50e7d64d1cf314e87504837?s=96&d=mm&r=g\",\"contentUrl\":\"https:\/\/secure.gravatar.com\/avatar\/55cb5e37c1efa326397366e6974cb338056df65cb50e7d64d1cf314e87504837?s=96&d=mm&r=g\",\"caption\":\"Arnaldo Botto\"},\"url\":\"https:\/\/www.noticiasradioreflejos.com.ar\/2021\/author\/arnaldo\/\"}]}<\/script>\n<!-- \/ Yoast SEO plugin. -->","yoast_head_json":{"title":"El carpincho, un habitante de la Comarca que genera debate. - Noticias Radio Reflejos","robots":{"index":"index","follow":"follow","max-snippet":"max-snippet:-1","max-image-preview":"max-image-preview:large","max-video-preview":"max-video-preview:-1"},"canonical":"https:\/\/www.noticiasradioreflejos.com.ar\/2021\/el-carpincho-un-habitante-de-la-comarca-que-genera-debate\/","og_locale":"es_ES","og_type":"article","og_title":"El carpincho, un habitante de la Comarca que genera debate. - Noticias Radio Reflejos","og_description":"La presencia del roedor m\u00e1s grande del mundo en el SOB ya es indisimulable. Expertos consultados afirman que no es una plaga ni representa un riesgo para la poblaci\u00f3n. Y que deber\u00eda iniciarse un debate para la convivencia.","og_url":"https:\/\/www.noticiasradioreflejos.com.ar\/2021\/el-carpincho-un-habitante-de-la-comarca-que-genera-debate\/","og_site_name":"Noticias Radio Reflejos","article_published_time":"2020-01-23T11:36:55+00:00","og_image":[{"url":"http:\/\/live.staticflickr.com\/65535\/49429073261_42f30e99bc.jpg","type":"","width":"","height":""}],"author":"Arnaldo Botto","twitter_card":"summary_large_image","schema":{"@context":"https:\/\/schema.org","@graph":[{"@type":"WebPage","@id":"https:\/\/www.noticiasradioreflejos.com.ar\/2021\/el-carpincho-un-habitante-de-la-comarca-que-genera-debate\/","url":"https:\/\/www.noticiasradioreflejos.com.ar\/2021\/el-carpincho-un-habitante-de-la-comarca-que-genera-debate\/","name":"El carpincho, un habitante de la Comarca que genera debate. - Noticias Radio Reflejos","isPartOf":{"@id":"https:\/\/www.noticiasradioreflejos.com.ar\/2021\/#website"},"primaryImageOfPage":{"@id":"https:\/\/www.noticiasradioreflejos.com.ar\/2021\/el-carpincho-un-habitante-de-la-comarca-que-genera-debate\/#primaryimage"},"image":{"@id":"https:\/\/www.noticiasradioreflejos.com.ar\/2021\/el-carpincho-un-habitante-de-la-comarca-que-genera-debate\/#primaryimage"},"thumbnailUrl":"http:\/\/live.staticflickr.com\/65535\/49429073261_42f30e99bc.jpg","datePublished":"2020-01-23T11:36:55+00:00","author":{"@id":"https:\/\/www.noticiasradioreflejos.com.ar\/2021\/#\/schema\/person\/ad82545263dcc5ec0996818884fd5fb1"},"breadcrumb":{"@id":"https:\/\/www.noticiasradioreflejos.com.ar\/2021\/el-carpincho-un-habitante-de-la-comarca-que-genera-debate\/#breadcrumb"},"inLanguage":"es","potentialAction":[{"@type":"ReadAction","target":["https:\/\/www.noticiasradioreflejos.com.ar\/2021\/el-carpincho-un-habitante-de-la-comarca-que-genera-debate\/"]}]},{"@type":"ImageObject","inLanguage":"es","@id":"https:\/\/www.noticiasradioreflejos.com.ar\/2021\/el-carpincho-un-habitante-de-la-comarca-que-genera-debate\/#primaryimage","url":"http:\/\/live.staticflickr.com\/65535\/49429073261_42f30e99bc.jpg","contentUrl":"http:\/\/live.staticflickr.com\/65535\/49429073261_42f30e99bc.jpg"},{"@type":"BreadcrumbList","@id":"https:\/\/www.noticiasradioreflejos.com.ar\/2021\/el-carpincho-un-habitante-de-la-comarca-que-genera-debate\/#breadcrumb","itemListElement":[{"@type":"ListItem","position":1,"name":"Portada","item":"https:\/\/www.noticiasradioreflejos.com.ar\/2021\/"},{"@type":"ListItem","position":2,"name":"El carpincho, un habitante de la Comarca que genera debate."}]},{"@type":"WebSite","@id":"https:\/\/www.noticiasradioreflejos.com.ar\/2021\/#website","url":"https:\/\/www.noticiasradioreflejos.com.ar\/2021\/","name":"Noticias Radio Reflejos","description":"Las noticias de mi comarca","potentialAction":[{"@type":"SearchAction","target":{"@type":"EntryPoint","urlTemplate":"https:\/\/www.noticiasradioreflejos.com.ar\/2021\/?s={search_term_string}"},"query-input":{"@type":"PropertyValueSpecification","valueRequired":true,"valueName":"search_term_string"}}],"inLanguage":"es"},{"@type":"Person","@id":"https:\/\/www.noticiasradioreflejos.com.ar\/2021\/#\/schema\/person\/ad82545263dcc5ec0996818884fd5fb1","name":"Arnaldo Botto","image":{"@type":"ImageObject","inLanguage":"es","@id":"https:\/\/www.noticiasradioreflejos.com.ar\/2021\/#\/schema\/person\/image\/","url":"https:\/\/secure.gravatar.com\/avatar\/55cb5e37c1efa326397366e6974cb338056df65cb50e7d64d1cf314e87504837?s=96&d=mm&r=g","contentUrl":"https:\/\/secure.gravatar.com\/avatar\/55cb5e37c1efa326397366e6974cb338056df65cb50e7d64d1cf314e87504837?s=96&d=mm&r=g","caption":"Arnaldo Botto"},"url":"https:\/\/www.noticiasradioreflejos.com.ar\/2021\/author\/arnaldo\/"}]}},"_links":{"self":[{"href":"https:\/\/www.noticiasradioreflejos.com.ar\/2021\/wp-json\/wp\/v2\/posts\/38068","targetHints":{"allow":["GET"]}}],"collection":[{"href":"https:\/\/www.noticiasradioreflejos.com.ar\/2021\/wp-json\/wp\/v2\/posts"}],"about":[{"href":"https:\/\/www.noticiasradioreflejos.com.ar\/2021\/wp-json\/wp\/v2\/types\/post"}],"author":[{"embeddable":true,"href":"https:\/\/www.noticiasradioreflejos.com.ar\/2021\/wp-json\/wp\/v2\/users\/3"}],"replies":[{"embeddable":true,"href":"https:\/\/www.noticiasradioreflejos.com.ar\/2021\/wp-json\/wp\/v2\/comments?post=38068"}],"version-history":[{"count":0,"href":"https:\/\/www.noticiasradioreflejos.com.ar\/2021\/wp-json\/wp\/v2\/posts\/38068\/revisions"}],"wp:attachment":[{"href":"https:\/\/www.noticiasradioreflejos.com.ar\/2021\/wp-json\/wp\/v2\/media?parent=38068"}],"wp:term":[{"taxonomy":"category","embeddable":true,"href":"https:\/\/www.noticiasradioreflejos.com.ar\/2021\/wp-json\/wp\/v2\/categories?post=38068"},{"taxonomy":"post_tag","embeddable":true,"href":"https:\/\/www.noticiasradioreflejos.com.ar\/2021\/wp-json\/wp\/v2\/tags?post=38068"}],"curies":[{"name":"wp","href":"https:\/\/api.w.org\/{rel}","templated":true}]}}