{"id":38065,"date":"2020-01-23T08:06:13","date_gmt":"2020-01-23T11:06:13","guid":{"rendered":"http:\/\/www.noticiasradioreflejos.com.ar\/noticias\/?p=38065"},"modified":"2020-01-23T08:06:13","modified_gmt":"2020-01-23T11:06:13","slug":"se-espera-una-jornada-calurosa-en-la-comarca-como-evitar-el-golpe-de-calor","status":"publish","type":"post","link":"https:\/\/www.noticiasradioreflejos.com.ar\/2021\/se-espera-una-jornada-calurosa-en-la-comarca-como-evitar-el-golpe-de-calor\/","title":{"rendered":"Se espera una jornada calurosa en la comarca. C\u00f3mo evitar el golpe de calor"},"content":{"rendered":"<p>Podr\u00eda transformarse en el d\u00eda m\u00e1s caluroso de la semana. La m\u00e1xima llegar\u00eda a los 39\u00b0 con la t\u00e9rmica por encima de los 42\u00b0.<!--more--><br \/>\nSi bien este jueves 23 amaneci\u00f3 con cielos nublados, el SMN anuncia que tendremos una jornada de cielos mayormente despejados, con vientos suaves a moderados del NorOeste y una temperatura m\u00e1xima que rondar\u00e1 los 39 a 40 grados de term\u00f3metro. Ayer se registraron en Sierra de la Ventana una m\u00e1xima de 38.2\u00b0 y la sensaci\u00f3n t\u00e9rmica alcanz\u00f3 los 42,6\u00b0. Para hoy se anuncia que los valores ser\u00e1n superiores.<br \/>\nPara ma\u00f1ana viernes y el fin de semana tendremos un alivio, ya que esta noche comenzar\u00e1n a soplar vientos moderados a fuertes del sector sur, y tambi\u00e9n habr\u00e1 aumento de la nubosidad, lo que traer\u00e1 aparejado m\u00e1ximas de hasta 32\u00b0 y m\u00ednimas de 15 a 17 grados.<br \/>\nComo consecuencia de la seguidilla de d\u00edas calurosos y lo que se llegar\u00e1 a registrar hoy es conveniente tener en cuenta los consejos para evitar el golpe de calor que son:<br \/>\n<strong><br \/>\nGolpe de calor<\/strong><br \/>\nEl golpe de calor es el aumento de la temperatura del cuerpo por una exposici\u00f3n prolongada al sol o por hacer ejercicios en ambientes calurosos y poco ventilados. Se produce porque el cuerpo pierde agua y sales, la persona comienza a sentir un malestar general por el aumento de la temperatura corporal y la falla de los mecanismos para su regulaci\u00f3n<\/p>\n<p>\u201cSe trata de un cuadro de deshidrataci\u00f3n generalizada y los s\u00edntomas son similares para todos. Este malestar puede aparecer al momento o despu\u00e9s de algunos d\u00edas de altas temperaturas\u201d. Seg\u00fan explic\u00f3 el jefe del Programa de Medicina Interna General del Hospital de Cl\u00ednicas, Roberto Fayan\u00e1s (MN 48.947), \u201cla clave est\u00e1 en poder reconocer la necesidad de mantenerse hidratado\u201d.<\/p>\n<p>Las personas mayores, por la edad, se vuelven menos sensibles a sentir sed, por lo que deben recordar y tener como h\u00e1bito tomar agua. Cuando la temperatura sube y comienzan los s\u00edntomas el cuerpo puede haber perdido entre cuatro y seis litros, que se deben reponer de forma constante.<\/p>\n<p>Existen dos grupos de riesgo m\u00e1s propensos a sufrir golpes de calor: los ancianos y los ni\u00f1os. \u201cA medida que aumenta la edad, las personas se vuelven menos susceptibles a regular la temperatura, sufren per\u00edodos de hipotermia durante el invierno y tienen problemas con el calor en verano -explic\u00f3 Fayan\u00e1s-. Con respecto a los beb\u00e9s, los s\u00edntomas de la deshidrataci\u00f3n son muy similares: suelen estar tranquilos, con una baja en su actividad normal, se quedan dormidos, pierden la iniciativa, tienden a no comer ni llorar\u201d.<\/p>\n<p>En ese sentido, el coordinador del Comit\u00e9 de Emergencias Hospital General de Ni\u00f1os Pedro de Elizalde, Ra\u00fal G\u00f3mez Traverso (MN 83.414) enumer\u00f3 los s\u00edntomas a tener en cuenta:<\/p>\n<p>\u2013 Dolor de cabeza<br \/>\n\u2013 Sensaci\u00f3n de v\u00e9rtigo<br \/>\n\u2013 N\u00e1useas<br \/>\n\u2013 Confusi\u00f3n<br \/>\n\u2013 Convulsiones y p\u00e9rdida de conciencia<br \/>\n\u2013 Piel enrojecida, caliente y seca<br \/>\n\u2013 Respiraci\u00f3n y pulso d\u00e9bil<br \/>\n\u2013 Temperatura corporal elevada (entre 41 y 42 grados)<\/p>\n<p>Si la persona sufre alguno de estos s\u00edntomas, \u201ces importante trasladar al afectado a la sombra, a un lugar fresco y tranquilo, hacer que mantenga la cabeza un poco alta, e intentar refrescarlo moj\u00e1ndole la ropa o aplicarle hielo en la cabeza, darle de beber agua fresca o un poco salada y solicitar ayuda m\u00e9dica\u201d.<\/p>\n<p>Finalmente, cit\u00f3 algunas recomendaciones para prevenir:<br \/>\n\u2013 Reducir la actividad f\u00edsica. Usar ropa holgada y de colores claros, sombreros y anteojos oscuros.<br \/>\n\u2013 Evitar comidas muy abundantes: ingerir verduras y frutas.<br \/>\n\u2013 Aumentar el consumo de l\u00edquidos sin esperar a tener sed para mantener una hidrataci\u00f3n adecuada.<br \/>\n\u2013 Permanecer en espacios ventilados o acondicionados.<br \/>\n\u2013 Evitar bebidas alcoh\u00f3licas o muy azucaradas.<br \/>\n\u2013 No exponerse al sol en exceso, ni en horas centrales del d\u00eda (entre las 11 y las 17).<\/p>\n","protected":false},"excerpt":{"rendered":"<p>Podr\u00eda transformarse en el d\u00eda m\u00e1s caluroso de la semana. La m\u00e1xima llegar\u00eda a los 39\u00b0 con la t\u00e9rmica por encima de los 42\u00b0.<\/p>\n","protected":false},"author":3,"featured_media":0,"comment_status":"closed","ping_status":"open","sticky":false,"template":"","format":"standard","meta":{"footnotes":""},"categories":[26],"tags":[],"class_list":["post-38065","post","type-post","status-publish","format-standard","hentry","category-sociedad"],"yoast_head":"<!-- This site is optimized with the Yoast SEO plugin v25.9 - https:\/\/yoast.com\/wordpress\/plugins\/seo\/ -->\n<title>Se espera una jornada calurosa en la comarca. C\u00f3mo evitar el golpe de calor - Noticias Radio Reflejos<\/title>\n<meta name=\"robots\" content=\"index, follow, max-snippet:-1, max-image-preview:large, max-video-preview:-1\" \/>\n<link rel=\"canonical\" href=\"https:\/\/www.noticiasradioreflejos.com.ar\/2021\/se-espera-una-jornada-calurosa-en-la-comarca-como-evitar-el-golpe-de-calor\/\" \/>\n<meta property=\"og:locale\" content=\"es_ES\" \/>\n<meta property=\"og:type\" content=\"article\" \/>\n<meta property=\"og:title\" content=\"Se espera una jornada calurosa en la comarca. C\u00f3mo evitar el golpe de calor - Noticias Radio Reflejos\" \/>\n<meta property=\"og:description\" content=\"Podr\u00eda transformarse en el d\u00eda m\u00e1s caluroso de la semana. La m\u00e1xima llegar\u00eda a los 39\u00b0 con la t\u00e9rmica por encima de los 42\u00b0.\" \/>\n<meta property=\"og:url\" content=\"https:\/\/www.noticiasradioreflejos.com.ar\/2021\/se-espera-una-jornada-calurosa-en-la-comarca-como-evitar-el-golpe-de-calor\/\" \/>\n<meta property=\"og:site_name\" content=\"Noticias Radio Reflejos\" \/>\n<meta property=\"article:published_time\" content=\"2020-01-23T11:06:13+00:00\" \/>\n<meta property=\"og:image\" content=\"https:\/\/www.noticiasradioreflejos.com.ar\/2021\/wp-content\/uploads\/2021\/07\/logosol300x200.png\" \/>\n\t<meta property=\"og:image:width\" content=\"300\" \/>\n\t<meta property=\"og:image:height\" content=\"200\" \/>\n\t<meta property=\"og:image:type\" content=\"image\/png\" \/>\n<meta name=\"author\" content=\"Arnaldo Botto\" \/>\n<meta name=\"twitter:card\" content=\"summary_large_image\" \/>\n<script type=\"application\/ld+json\" class=\"yoast-schema-graph\">{\"@context\":\"https:\/\/schema.org\",\"@graph\":[{\"@type\":\"WebPage\",\"@id\":\"https:\/\/www.noticiasradioreflejos.com.ar\/2021\/se-espera-una-jornada-calurosa-en-la-comarca-como-evitar-el-golpe-de-calor\/\",\"url\":\"https:\/\/www.noticiasradioreflejos.com.ar\/2021\/se-espera-una-jornada-calurosa-en-la-comarca-como-evitar-el-golpe-de-calor\/\",\"name\":\"Se espera una jornada calurosa en la comarca. C\u00f3mo evitar el golpe de calor - Noticias Radio Reflejos\",\"isPartOf\":{\"@id\":\"https:\/\/www.noticiasradioreflejos.com.ar\/2021\/#website\"},\"datePublished\":\"2020-01-23T11:06:13+00:00\",\"author\":{\"@id\":\"https:\/\/www.noticiasradioreflejos.com.ar\/2021\/#\/schema\/person\/ad82545263dcc5ec0996818884fd5fb1\"},\"breadcrumb\":{\"@id\":\"https:\/\/www.noticiasradioreflejos.com.ar\/2021\/se-espera-una-jornada-calurosa-en-la-comarca-como-evitar-el-golpe-de-calor\/#breadcrumb\"},\"inLanguage\":\"es\",\"potentialAction\":[{\"@type\":\"ReadAction\",\"target\":[\"https:\/\/www.noticiasradioreflejos.com.ar\/2021\/se-espera-una-jornada-calurosa-en-la-comarca-como-evitar-el-golpe-de-calor\/\"]}]},{\"@type\":\"BreadcrumbList\",\"@id\":\"https:\/\/www.noticiasradioreflejos.com.ar\/2021\/se-espera-una-jornada-calurosa-en-la-comarca-como-evitar-el-golpe-de-calor\/#breadcrumb\",\"itemListElement\":[{\"@type\":\"ListItem\",\"position\":1,\"name\":\"Portada\",\"item\":\"https:\/\/www.noticiasradioreflejos.com.ar\/2021\/\"},{\"@type\":\"ListItem\",\"position\":2,\"name\":\"Se espera una jornada calurosa en la comarca. C\u00f3mo evitar el golpe de calor\"}]},{\"@type\":\"WebSite\",\"@id\":\"https:\/\/www.noticiasradioreflejos.com.ar\/2021\/#website\",\"url\":\"https:\/\/www.noticiasradioreflejos.com.ar\/2021\/\",\"name\":\"Noticias Radio Reflejos\",\"description\":\"Las noticias de mi comarca\",\"potentialAction\":[{\"@type\":\"SearchAction\",\"target\":{\"@type\":\"EntryPoint\",\"urlTemplate\":\"https:\/\/www.noticiasradioreflejos.com.ar\/2021\/?s={search_term_string}\"},\"query-input\":{\"@type\":\"PropertyValueSpecification\",\"valueRequired\":true,\"valueName\":\"search_term_string\"}}],\"inLanguage\":\"es\"},{\"@type\":\"Person\",\"@id\":\"https:\/\/www.noticiasradioreflejos.com.ar\/2021\/#\/schema\/person\/ad82545263dcc5ec0996818884fd5fb1\",\"name\":\"Arnaldo Botto\",\"image\":{\"@type\":\"ImageObject\",\"inLanguage\":\"es\",\"@id\":\"https:\/\/www.noticiasradioreflejos.com.ar\/2021\/#\/schema\/person\/image\/\",\"url\":\"https:\/\/secure.gravatar.com\/avatar\/55cb5e37c1efa326397366e6974cb338056df65cb50e7d64d1cf314e87504837?s=96&d=mm&r=g\",\"contentUrl\":\"https:\/\/secure.gravatar.com\/avatar\/55cb5e37c1efa326397366e6974cb338056df65cb50e7d64d1cf314e87504837?s=96&d=mm&r=g\",\"caption\":\"Arnaldo Botto\"},\"url\":\"https:\/\/www.noticiasradioreflejos.com.ar\/2021\/author\/arnaldo\/\"}]}<\/script>\n<!-- \/ Yoast SEO plugin. -->","yoast_head_json":{"title":"Se espera una jornada calurosa en la comarca. C\u00f3mo evitar el golpe de calor - Noticias Radio Reflejos","robots":{"index":"index","follow":"follow","max-snippet":"max-snippet:-1","max-image-preview":"max-image-preview:large","max-video-preview":"max-video-preview:-1"},"canonical":"https:\/\/www.noticiasradioreflejos.com.ar\/2021\/se-espera-una-jornada-calurosa-en-la-comarca-como-evitar-el-golpe-de-calor\/","og_locale":"es_ES","og_type":"article","og_title":"Se espera una jornada calurosa en la comarca. C\u00f3mo evitar el golpe de calor - Noticias Radio Reflejos","og_description":"Podr\u00eda transformarse en el d\u00eda m\u00e1s caluroso de la semana. La m\u00e1xima llegar\u00eda a los 39\u00b0 con la t\u00e9rmica por encima de los 42\u00b0.","og_url":"https:\/\/www.noticiasradioreflejos.com.ar\/2021\/se-espera-una-jornada-calurosa-en-la-comarca-como-evitar-el-golpe-de-calor\/","og_site_name":"Noticias Radio Reflejos","article_published_time":"2020-01-23T11:06:13+00:00","og_image":[{"width":300,"height":200,"url":"https:\/\/www.noticiasradioreflejos.com.ar\/2021\/wp-content\/uploads\/2021\/07\/logosol300x200.png","type":"image\/png"}],"author":"Arnaldo Botto","twitter_card":"summary_large_image","schema":{"@context":"https:\/\/schema.org","@graph":[{"@type":"WebPage","@id":"https:\/\/www.noticiasradioreflejos.com.ar\/2021\/se-espera-una-jornada-calurosa-en-la-comarca-como-evitar-el-golpe-de-calor\/","url":"https:\/\/www.noticiasradioreflejos.com.ar\/2021\/se-espera-una-jornada-calurosa-en-la-comarca-como-evitar-el-golpe-de-calor\/","name":"Se espera una jornada calurosa en la comarca. C\u00f3mo evitar el golpe de calor - Noticias Radio Reflejos","isPartOf":{"@id":"https:\/\/www.noticiasradioreflejos.com.ar\/2021\/#website"},"datePublished":"2020-01-23T11:06:13+00:00","author":{"@id":"https:\/\/www.noticiasradioreflejos.com.ar\/2021\/#\/schema\/person\/ad82545263dcc5ec0996818884fd5fb1"},"breadcrumb":{"@id":"https:\/\/www.noticiasradioreflejos.com.ar\/2021\/se-espera-una-jornada-calurosa-en-la-comarca-como-evitar-el-golpe-de-calor\/#breadcrumb"},"inLanguage":"es","potentialAction":[{"@type":"ReadAction","target":["https:\/\/www.noticiasradioreflejos.com.ar\/2021\/se-espera-una-jornada-calurosa-en-la-comarca-como-evitar-el-golpe-de-calor\/"]}]},{"@type":"BreadcrumbList","@id":"https:\/\/www.noticiasradioreflejos.com.ar\/2021\/se-espera-una-jornada-calurosa-en-la-comarca-como-evitar-el-golpe-de-calor\/#breadcrumb","itemListElement":[{"@type":"ListItem","position":1,"name":"Portada","item":"https:\/\/www.noticiasradioreflejos.com.ar\/2021\/"},{"@type":"ListItem","position":2,"name":"Se espera una jornada calurosa en la comarca. C\u00f3mo evitar el golpe de calor"}]},{"@type":"WebSite","@id":"https:\/\/www.noticiasradioreflejos.com.ar\/2021\/#website","url":"https:\/\/www.noticiasradioreflejos.com.ar\/2021\/","name":"Noticias Radio Reflejos","description":"Las noticias de mi comarca","potentialAction":[{"@type":"SearchAction","target":{"@type":"EntryPoint","urlTemplate":"https:\/\/www.noticiasradioreflejos.com.ar\/2021\/?s={search_term_string}"},"query-input":{"@type":"PropertyValueSpecification","valueRequired":true,"valueName":"search_term_string"}}],"inLanguage":"es"},{"@type":"Person","@id":"https:\/\/www.noticiasradioreflejos.com.ar\/2021\/#\/schema\/person\/ad82545263dcc5ec0996818884fd5fb1","name":"Arnaldo Botto","image":{"@type":"ImageObject","inLanguage":"es","@id":"https:\/\/www.noticiasradioreflejos.com.ar\/2021\/#\/schema\/person\/image\/","url":"https:\/\/secure.gravatar.com\/avatar\/55cb5e37c1efa326397366e6974cb338056df65cb50e7d64d1cf314e87504837?s=96&d=mm&r=g","contentUrl":"https:\/\/secure.gravatar.com\/avatar\/55cb5e37c1efa326397366e6974cb338056df65cb50e7d64d1cf314e87504837?s=96&d=mm&r=g","caption":"Arnaldo Botto"},"url":"https:\/\/www.noticiasradioreflejos.com.ar\/2021\/author\/arnaldo\/"}]}},"_links":{"self":[{"href":"https:\/\/www.noticiasradioreflejos.com.ar\/2021\/wp-json\/wp\/v2\/posts\/38065","targetHints":{"allow":["GET"]}}],"collection":[{"href":"https:\/\/www.noticiasradioreflejos.com.ar\/2021\/wp-json\/wp\/v2\/posts"}],"about":[{"href":"https:\/\/www.noticiasradioreflejos.com.ar\/2021\/wp-json\/wp\/v2\/types\/post"}],"author":[{"embeddable":true,"href":"https:\/\/www.noticiasradioreflejos.com.ar\/2021\/wp-json\/wp\/v2\/users\/3"}],"replies":[{"embeddable":true,"href":"https:\/\/www.noticiasradioreflejos.com.ar\/2021\/wp-json\/wp\/v2\/comments?post=38065"}],"version-history":[{"count":0,"href":"https:\/\/www.noticiasradioreflejos.com.ar\/2021\/wp-json\/wp\/v2\/posts\/38065\/revisions"}],"wp:attachment":[{"href":"https:\/\/www.noticiasradioreflejos.com.ar\/2021\/wp-json\/wp\/v2\/media?parent=38065"}],"wp:term":[{"taxonomy":"category","embeddable":true,"href":"https:\/\/www.noticiasradioreflejos.com.ar\/2021\/wp-json\/wp\/v2\/categories?post=38065"},{"taxonomy":"post_tag","embeddable":true,"href":"https:\/\/www.noticiasradioreflejos.com.ar\/2021\/wp-json\/wp\/v2\/tags?post=38065"}],"curies":[{"name":"wp","href":"https:\/\/api.w.org\/{rel}","templated":true}]}}