{"id":38058,"date":"2020-01-22T16:59:56","date_gmt":"2020-01-22T19:59:56","guid":{"rendered":"http:\/\/www.noticiasradioreflejos.com.ar\/noticias\/?p=38058"},"modified":"2020-01-22T16:59:56","modified_gmt":"2020-01-22T19:59:56","slug":"afip-el-consejo-de-ciencias-economicas-provincial-remarco-la-complejidad-del-ejercicio-profesional","status":"publish","type":"post","link":"https:\/\/www.noticiasradioreflejos.com.ar\/2021\/afip-el-consejo-de-ciencias-economicas-provincial-remarco-la-complejidad-del-ejercicio-profesional\/","title":{"rendered":"AFIP: El Consejo de Ciencias Econ\u00f3micas provincial remarc\u00f3 la complejidad del ejercicio profesional"},"content":{"rendered":"<p>Lo hizo durante una reuni\u00f3n con las nuevas autoridades de la AFIP en donde manifest\u00f3 el complejo contexto en el que los graduados en ciencias econ\u00f3micas llevan a cabo su labor.<!--more--><br \/>\nEl Consejo Profesional de Ciencias Econ\u00f3micas de la Provincia de Buenos Aires present\u00f3 una nota dirigida a la nueva titular de la AFIP, Dra. Mercedes Marc\u00f3 del Pont, en donde manifest\u00f3 \u201cel complejo contexto en el que los graduados en ciencias econ\u00f3micas llevan a cabo su labor desde hace ya mucho tiempo\u201d.<br \/>\nSe dio en el marco de la primera de varias reuniones planificadas para el resto del a\u00f1o. Cont\u00f3 con la presencia del Director General de Recursos de la Seguridad Social de AFIP, Carlos Castagneto y del Presidente del Consejo, Dr. Hugo Gim\u00e9nez, entre otros. Durante el encuentro se acord\u00f3 crear un espacio de di\u00e1logo y trabajo entre ambas entidades con el fin de tomar decisiones que beneficien a los profesionales en Ciencias Econ\u00f3micas.<br \/>\nSi bien el Consejo reconoce las prioridades de la Administraci\u00f3n, destaca en el escrito \u201cla decisi\u00f3n pol\u00edtica de atender las dificultades por las que atraviesan las Pymes\u201d y ofrece la colaboraci\u00f3n para que esta tarea no implique trasladar a los colegas matriculados una presi\u00f3n mayor a la razonable asumida por la profesi\u00f3n.<\/p>\n","protected":false},"excerpt":{"rendered":"<p>Lo hizo durante una reuni\u00f3n con las nuevas autoridades de la AFIP en donde manifest\u00f3 el complejo contexto en el que los graduados en ciencias econ\u00f3micas llevan a cabo su labor.<\/p>\n","protected":false},"author":3,"featured_media":0,"comment_status":"closed","ping_status":"open","sticky":false,"template":"","format":"standard","meta":{"footnotes":""},"categories":[36],"tags":[],"class_list":["post-38058","post","type-post","status-publish","format-standard","hentry","category-economia"],"yoast_head":"<!-- This site is optimized with the Yoast SEO plugin v25.9 - https:\/\/yoast.com\/wordpress\/plugins\/seo\/ -->\n<title>AFIP: El Consejo de Ciencias Econ\u00f3micas provincial remarc\u00f3 la complejidad del ejercicio profesional - Noticias Radio Reflejos<\/title>\n<meta name=\"robots\" content=\"index, follow, max-snippet:-1, max-image-preview:large, max-video-preview:-1\" \/>\n<link rel=\"canonical\" href=\"https:\/\/www.noticiasradioreflejos.com.ar\/2021\/afip-el-consejo-de-ciencias-economicas-provincial-remarco-la-complejidad-del-ejercicio-profesional\/\" \/>\n<meta property=\"og:locale\" content=\"es_ES\" \/>\n<meta property=\"og:type\" content=\"article\" \/>\n<meta property=\"og:title\" content=\"AFIP: El Consejo de Ciencias Econ\u00f3micas provincial remarc\u00f3 la complejidad del ejercicio profesional - Noticias Radio Reflejos\" \/>\n<meta property=\"og:description\" content=\"Lo hizo durante una reuni\u00f3n con las nuevas autoridades de la AFIP en donde manifest\u00f3 el complejo contexto en el que los graduados en ciencias econ\u00f3micas llevan a cabo su labor.\" \/>\n<meta property=\"og:url\" content=\"https:\/\/www.noticiasradioreflejos.com.ar\/2021\/afip-el-consejo-de-ciencias-economicas-provincial-remarco-la-complejidad-del-ejercicio-profesional\/\" \/>\n<meta property=\"og:site_name\" content=\"Noticias Radio Reflejos\" \/>\n<meta property=\"article:published_time\" content=\"2020-01-22T19:59:56+00:00\" \/>\n<meta property=\"og:image\" content=\"https:\/\/www.noticiasradioreflejos.com.ar\/2021\/wp-content\/uploads\/2021\/07\/logosol300x200.png\" \/>\n\t<meta property=\"og:image:width\" content=\"300\" \/>\n\t<meta property=\"og:image:height\" content=\"200\" \/>\n\t<meta property=\"og:image:type\" content=\"image\/png\" \/>\n<meta name=\"author\" content=\"Arnaldo Botto\" \/>\n<meta name=\"twitter:card\" content=\"summary_large_image\" \/>\n<script type=\"application\/ld+json\" class=\"yoast-schema-graph\">{\"@context\":\"https:\/\/schema.org\",\"@graph\":[{\"@type\":\"WebPage\",\"@id\":\"https:\/\/www.noticiasradioreflejos.com.ar\/2021\/afip-el-consejo-de-ciencias-economicas-provincial-remarco-la-complejidad-del-ejercicio-profesional\/\",\"url\":\"https:\/\/www.noticiasradioreflejos.com.ar\/2021\/afip-el-consejo-de-ciencias-economicas-provincial-remarco-la-complejidad-del-ejercicio-profesional\/\",\"name\":\"AFIP: El Consejo de Ciencias Econ\u00f3micas provincial remarc\u00f3 la complejidad del ejercicio profesional - Noticias Radio Reflejos\",\"isPartOf\":{\"@id\":\"https:\/\/www.noticiasradioreflejos.com.ar\/2021\/#website\"},\"datePublished\":\"2020-01-22T19:59:56+00:00\",\"author\":{\"@id\":\"https:\/\/www.noticiasradioreflejos.com.ar\/2021\/#\/schema\/person\/ad82545263dcc5ec0996818884fd5fb1\"},\"breadcrumb\":{\"@id\":\"https:\/\/www.noticiasradioreflejos.com.ar\/2021\/afip-el-consejo-de-ciencias-economicas-provincial-remarco-la-complejidad-del-ejercicio-profesional\/#breadcrumb\"},\"inLanguage\":\"es\",\"potentialAction\":[{\"@type\":\"ReadAction\",\"target\":[\"https:\/\/www.noticiasradioreflejos.com.ar\/2021\/afip-el-consejo-de-ciencias-economicas-provincial-remarco-la-complejidad-del-ejercicio-profesional\/\"]}]},{\"@type\":\"BreadcrumbList\",\"@id\":\"https:\/\/www.noticiasradioreflejos.com.ar\/2021\/afip-el-consejo-de-ciencias-economicas-provincial-remarco-la-complejidad-del-ejercicio-profesional\/#breadcrumb\",\"itemListElement\":[{\"@type\":\"ListItem\",\"position\":1,\"name\":\"Portada\",\"item\":\"https:\/\/www.noticiasradioreflejos.com.ar\/2021\/\"},{\"@type\":\"ListItem\",\"position\":2,\"name\":\"AFIP: El Consejo de Ciencias Econ\u00f3micas provincial remarc\u00f3 la complejidad del ejercicio profesional\"}]},{\"@type\":\"WebSite\",\"@id\":\"https:\/\/www.noticiasradioreflejos.com.ar\/2021\/#website\",\"url\":\"https:\/\/www.noticiasradioreflejos.com.ar\/2021\/\",\"name\":\"Noticias Radio Reflejos\",\"description\":\"Las noticias de mi comarca\",\"potentialAction\":[{\"@type\":\"SearchAction\",\"target\":{\"@type\":\"EntryPoint\",\"urlTemplate\":\"https:\/\/www.noticiasradioreflejos.com.ar\/2021\/?s={search_term_string}\"},\"query-input\":{\"@type\":\"PropertyValueSpecification\",\"valueRequired\":true,\"valueName\":\"search_term_string\"}}],\"inLanguage\":\"es\"},{\"@type\":\"Person\",\"@id\":\"https:\/\/www.noticiasradioreflejos.com.ar\/2021\/#\/schema\/person\/ad82545263dcc5ec0996818884fd5fb1\",\"name\":\"Arnaldo Botto\",\"image\":{\"@type\":\"ImageObject\",\"inLanguage\":\"es\",\"@id\":\"https:\/\/www.noticiasradioreflejos.com.ar\/2021\/#\/schema\/person\/image\/\",\"url\":\"https:\/\/secure.gravatar.com\/avatar\/55cb5e37c1efa326397366e6974cb338056df65cb50e7d64d1cf314e87504837?s=96&d=mm&r=g\",\"contentUrl\":\"https:\/\/secure.gravatar.com\/avatar\/55cb5e37c1efa326397366e6974cb338056df65cb50e7d64d1cf314e87504837?s=96&d=mm&r=g\",\"caption\":\"Arnaldo Botto\"},\"url\":\"https:\/\/www.noticiasradioreflejos.com.ar\/2021\/author\/arnaldo\/\"}]}<\/script>\n<!-- \/ Yoast SEO plugin. -->","yoast_head_json":{"title":"AFIP: El Consejo de Ciencias Econ\u00f3micas provincial remarc\u00f3 la complejidad del ejercicio profesional - Noticias Radio Reflejos","robots":{"index":"index","follow":"follow","max-snippet":"max-snippet:-1","max-image-preview":"max-image-preview:large","max-video-preview":"max-video-preview:-1"},"canonical":"https:\/\/www.noticiasradioreflejos.com.ar\/2021\/afip-el-consejo-de-ciencias-economicas-provincial-remarco-la-complejidad-del-ejercicio-profesional\/","og_locale":"es_ES","og_type":"article","og_title":"AFIP: El Consejo de Ciencias Econ\u00f3micas provincial remarc\u00f3 la complejidad del ejercicio profesional - Noticias Radio Reflejos","og_description":"Lo hizo durante una reuni\u00f3n con las nuevas autoridades de la AFIP en donde manifest\u00f3 el complejo contexto en el que los graduados en ciencias econ\u00f3micas llevan a cabo su labor.","og_url":"https:\/\/www.noticiasradioreflejos.com.ar\/2021\/afip-el-consejo-de-ciencias-economicas-provincial-remarco-la-complejidad-del-ejercicio-profesional\/","og_site_name":"Noticias Radio Reflejos","article_published_time":"2020-01-22T19:59:56+00:00","og_image":[{"width":300,"height":200,"url":"https:\/\/www.noticiasradioreflejos.com.ar\/2021\/wp-content\/uploads\/2021\/07\/logosol300x200.png","type":"image\/png"}],"author":"Arnaldo Botto","twitter_card":"summary_large_image","schema":{"@context":"https:\/\/schema.org","@graph":[{"@type":"WebPage","@id":"https:\/\/www.noticiasradioreflejos.com.ar\/2021\/afip-el-consejo-de-ciencias-economicas-provincial-remarco-la-complejidad-del-ejercicio-profesional\/","url":"https:\/\/www.noticiasradioreflejos.com.ar\/2021\/afip-el-consejo-de-ciencias-economicas-provincial-remarco-la-complejidad-del-ejercicio-profesional\/","name":"AFIP: El Consejo de Ciencias Econ\u00f3micas provincial remarc\u00f3 la complejidad del ejercicio profesional - Noticias Radio Reflejos","isPartOf":{"@id":"https:\/\/www.noticiasradioreflejos.com.ar\/2021\/#website"},"datePublished":"2020-01-22T19:59:56+00:00","author":{"@id":"https:\/\/www.noticiasradioreflejos.com.ar\/2021\/#\/schema\/person\/ad82545263dcc5ec0996818884fd5fb1"},"breadcrumb":{"@id":"https:\/\/www.noticiasradioreflejos.com.ar\/2021\/afip-el-consejo-de-ciencias-economicas-provincial-remarco-la-complejidad-del-ejercicio-profesional\/#breadcrumb"},"inLanguage":"es","potentialAction":[{"@type":"ReadAction","target":["https:\/\/www.noticiasradioreflejos.com.ar\/2021\/afip-el-consejo-de-ciencias-economicas-provincial-remarco-la-complejidad-del-ejercicio-profesional\/"]}]},{"@type":"BreadcrumbList","@id":"https:\/\/www.noticiasradioreflejos.com.ar\/2021\/afip-el-consejo-de-ciencias-economicas-provincial-remarco-la-complejidad-del-ejercicio-profesional\/#breadcrumb","itemListElement":[{"@type":"ListItem","position":1,"name":"Portada","item":"https:\/\/www.noticiasradioreflejos.com.ar\/2021\/"},{"@type":"ListItem","position":2,"name":"AFIP: El Consejo de Ciencias Econ\u00f3micas provincial remarc\u00f3 la complejidad del ejercicio profesional"}]},{"@type":"WebSite","@id":"https:\/\/www.noticiasradioreflejos.com.ar\/2021\/#website","url":"https:\/\/www.noticiasradioreflejos.com.ar\/2021\/","name":"Noticias Radio Reflejos","description":"Las noticias de mi comarca","potentialAction":[{"@type":"SearchAction","target":{"@type":"EntryPoint","urlTemplate":"https:\/\/www.noticiasradioreflejos.com.ar\/2021\/?s={search_term_string}"},"query-input":{"@type":"PropertyValueSpecification","valueRequired":true,"valueName":"search_term_string"}}],"inLanguage":"es"},{"@type":"Person","@id":"https:\/\/www.noticiasradioreflejos.com.ar\/2021\/#\/schema\/person\/ad82545263dcc5ec0996818884fd5fb1","name":"Arnaldo Botto","image":{"@type":"ImageObject","inLanguage":"es","@id":"https:\/\/www.noticiasradioreflejos.com.ar\/2021\/#\/schema\/person\/image\/","url":"https:\/\/secure.gravatar.com\/avatar\/55cb5e37c1efa326397366e6974cb338056df65cb50e7d64d1cf314e87504837?s=96&d=mm&r=g","contentUrl":"https:\/\/secure.gravatar.com\/avatar\/55cb5e37c1efa326397366e6974cb338056df65cb50e7d64d1cf314e87504837?s=96&d=mm&r=g","caption":"Arnaldo Botto"},"url":"https:\/\/www.noticiasradioreflejos.com.ar\/2021\/author\/arnaldo\/"}]}},"_links":{"self":[{"href":"https:\/\/www.noticiasradioreflejos.com.ar\/2021\/wp-json\/wp\/v2\/posts\/38058","targetHints":{"allow":["GET"]}}],"collection":[{"href":"https:\/\/www.noticiasradioreflejos.com.ar\/2021\/wp-json\/wp\/v2\/posts"}],"about":[{"href":"https:\/\/www.noticiasradioreflejos.com.ar\/2021\/wp-json\/wp\/v2\/types\/post"}],"author":[{"embeddable":true,"href":"https:\/\/www.noticiasradioreflejos.com.ar\/2021\/wp-json\/wp\/v2\/users\/3"}],"replies":[{"embeddable":true,"href":"https:\/\/www.noticiasradioreflejos.com.ar\/2021\/wp-json\/wp\/v2\/comments?post=38058"}],"version-history":[{"count":0,"href":"https:\/\/www.noticiasradioreflejos.com.ar\/2021\/wp-json\/wp\/v2\/posts\/38058\/revisions"}],"wp:attachment":[{"href":"https:\/\/www.noticiasradioreflejos.com.ar\/2021\/wp-json\/wp\/v2\/media?parent=38058"}],"wp:term":[{"taxonomy":"category","embeddable":true,"href":"https:\/\/www.noticiasradioreflejos.com.ar\/2021\/wp-json\/wp\/v2\/categories?post=38058"},{"taxonomy":"post_tag","embeddable":true,"href":"https:\/\/www.noticiasradioreflejos.com.ar\/2021\/wp-json\/wp\/v2\/tags?post=38058"}],"curies":[{"name":"wp","href":"https:\/\/api.w.org\/{rel}","templated":true}]}}