{"id":38049,"date":"2020-01-22T12:07:48","date_gmt":"2020-01-22T15:07:48","guid":{"rendered":"http:\/\/www.noticiasradioreflejos.com.ar\/noticias\/?p=38049"},"modified":"2020-01-22T12:07:48","modified_gmt":"2020-01-22T15:07:48","slug":"la-decision-politica-y-responsabilidad-es-mia-priorizo-la-seguridad-del-turista-y-la-gente-sergio-bordoni","status":"publish","type":"post","link":"https:\/\/www.noticiasradioreflejos.com.ar\/2021\/la-decision-politica-y-responsabilidad-es-mia-priorizo-la-seguridad-del-turista-y-la-gente-sergio-bordoni\/","title":{"rendered":"\u00abLa decisi\u00f3n pol\u00edtica y responsabilidad es m\u00eda, priorizo la seguridad del turista y la gente\u00bb Sergio Bordoni."},"content":{"rendered":"<p>Las expresiones del Intendente de Tornquist ante el desmantelamiento del mirador (deck de madera) que se ubicaba frente al Cerro Ventana.\u00a0 <strong>Sergio Bordoni<\/strong> asumi\u00f3 toda la responsabilidad y brind\u00f3 todos los detalles sobre el porqu\u00e9 de la medida.<!--more--><br \/>\nEn una nota radial, esta ma\u00f1ana en el programa \u00abUn Mate y Un Caf\u00e9\u00bb, el jefe comunal de Tornquist explic\u00f3 los motivos que llevaron a derribar el mirador, puntualizando claramente que su decisi\u00f3n, se bas\u00f3 ante un accidente sufrido por un menor y que la familia amenaz\u00f3 con iniciar \u00abAcciones Legales\u00bb. esto dispar\u00f3 la urgencia en prevenir m\u00e1s accidentes y avanzar con la obra de construcci\u00f3n de un nuevo mirador que se construye en la margen sur de la ruta 76, en un sector que pertenece al OPDS.<\/p>\n<p>Bordoni dijo: \u00abEl d\u00eda s\u00e1bado hubo un accidente de un menor, en el cual la madre nos hizo saber a trav\u00e9s de los medios de comunicaci\u00f3n que quer\u00eda iniciar acciones judiciales, se rompi\u00f3 una tabla y creo que se lastim\u00f3 el labio y se rasp\u00f3, por suerte no pas\u00f3 a mayores, y quer\u00eda iniciar acciones judiciales contra el municipio. Todav\u00eda no tenemos nada de eso, ese deck lo venimos arreglando desde que estamos en gesti\u00f3n, hemos cambiado m\u00e1s de una tabla ya, pero la problem\u00e1tica no es cambiar la tabla, el tema es que muchos a\u00f1os de que esta hecho y la estructura en si del deck esta deteriorada, la parte de abajo, no las maderas de arriba solamente, y era honestamente un peligro.\u00bb Afirm\u00f3.<\/p>\n<p>En relaci\u00f3n a los comentarios en la redes que manifestaban y opinaban en sentido contrario a la decisi\u00f3n gubernamental, Bordoni asever\u00f3: \u00abNo obstante eso, ya lo hab\u00edamos apuntalado para tratar de que siguiera funcionando, hace un a\u00f1o nosotros presentamos el proyecto, con la c\u00e1mara de turismo de la comarca que la forman parte de Sierra de la Ventana, Villa, Tornquist, presentamos el proyecto donde lo estamos haciendo y estamos trabajando para hacerlo, hab\u00edamos parado por una cuesti\u00f3n econ\u00f3mica, y ahora empezamos a acelerarlo para sacar ese, que lo tuvimos que sacar si o si. No quiero correr mas riesgo porque ac\u00e1 algunos hablaban \u00bfdonde pidieron permiso para hacer un nuevo deck?, nosotros pedimos permiso al OPDS, lo que quiero dejar en claro que ese deck que estaba construido no estaba autorizado para que funcionara ah\u00ed donde funcionaba. No iba a permitir que corriera peligro ning\u00fan turista mas, y tome la decisi\u00f3n yo personalmente de sacarlo, y en el termino de 20 d\u00edas va a estar el otro deck, que es natural, sobre la otra banquina, sobre tierras del parque provincial. Yo entiendo que el deck nos representaba, pero entre que nos represente tur\u00edsticamente y correr el riesgo de gente que va a visitarlo y no solo eso, que si la sanci\u00f3n viene contra el municipio, yo decid\u00ed cortar por lo sano y en 15\/20 d\u00edas m\u00e1s tener el otro deck, tener uno mucho mas lindo que ese y con algo natural\u00bb. Expres\u00f3<\/p>\n<p>NOTA COMPLETA:<br \/>\n<iframe loading=\"lazy\" src=\"https:\/\/w.soundcloud.com\/player\/?url=https%3A\/\/api.soundcloud.com\/tracks\/747599191&amp;color=%23ff5500&amp;auto_play=false&amp;hide_related=false&amp;show_comments=true&amp;show_user=true&amp;show_reposts=false&amp;show_teaser=true\" width=\"100%\" height=\"166\" frameborder=\"no\" scrolling=\"no\"><\/iframe><\/p>\n","protected":false},"excerpt":{"rendered":"<p>Las expresiones del Intendente de Tornquist ante el desmantelamiento del mirador (deck de madera) que se ubicaba frente al Cerro Ventana.\u00a0 Sergio Bordoni asumi\u00f3 toda la responsabilidad y brind\u00f3 todos los detalles sobre el porqu\u00e9 de la medida.<\/p>\n","protected":false},"author":3,"featured_media":0,"comment_status":"closed","ping_status":"open","sticky":false,"template":"","format":"standard","meta":{"footnotes":""},"categories":[33],"tags":[],"class_list":["post-38049","post","type-post","status-publish","format-standard","hentry","category-turismo"],"yoast_head":"<!-- This site is optimized with the Yoast SEO plugin v25.9 - https:\/\/yoast.com\/wordpress\/plugins\/seo\/ -->\n<title>&quot;La decisi\u00f3n pol\u00edtica y responsabilidad es m\u00eda, priorizo la seguridad del turista y la gente&quot; Sergio Bordoni. - Noticias Radio Reflejos<\/title>\n<meta name=\"robots\" content=\"index, follow, max-snippet:-1, max-image-preview:large, max-video-preview:-1\" \/>\n<link rel=\"canonical\" href=\"https:\/\/www.noticiasradioreflejos.com.ar\/2021\/la-decision-politica-y-responsabilidad-es-mia-priorizo-la-seguridad-del-turista-y-la-gente-sergio-bordoni\/\" \/>\n<meta property=\"og:locale\" content=\"es_ES\" \/>\n<meta property=\"og:type\" content=\"article\" \/>\n<meta property=\"og:title\" content=\"&quot;La decisi\u00f3n pol\u00edtica y responsabilidad es m\u00eda, priorizo la seguridad del turista y la gente&quot; Sergio Bordoni. - Noticias Radio Reflejos\" \/>\n<meta property=\"og:description\" content=\"Las expresiones del Intendente de Tornquist ante el desmantelamiento del mirador (deck de madera) que se ubicaba frente al Cerro Ventana.\u00a0 Sergio Bordoni asumi\u00f3 toda la responsabilidad y brind\u00f3 todos los detalles sobre el porqu\u00e9 de la medida.\" \/>\n<meta property=\"og:url\" content=\"https:\/\/www.noticiasradioreflejos.com.ar\/2021\/la-decision-politica-y-responsabilidad-es-mia-priorizo-la-seguridad-del-turista-y-la-gente-sergio-bordoni\/\" \/>\n<meta property=\"og:site_name\" content=\"Noticias Radio Reflejos\" \/>\n<meta property=\"article:published_time\" content=\"2020-01-22T15:07:48+00:00\" \/>\n<meta property=\"og:image\" content=\"https:\/\/www.noticiasradioreflejos.com.ar\/2021\/wp-content\/uploads\/2021\/07\/logosol300x200.png\" \/>\n\t<meta property=\"og:image:width\" content=\"300\" \/>\n\t<meta property=\"og:image:height\" content=\"200\" \/>\n\t<meta property=\"og:image:type\" content=\"image\/png\" \/>\n<meta name=\"author\" content=\"Arnaldo Botto\" \/>\n<meta name=\"twitter:card\" content=\"summary_large_image\" \/>\n<script type=\"application\/ld+json\" class=\"yoast-schema-graph\">{\"@context\":\"https:\/\/schema.org\",\"@graph\":[{\"@type\":\"WebPage\",\"@id\":\"https:\/\/www.noticiasradioreflejos.com.ar\/2021\/la-decision-politica-y-responsabilidad-es-mia-priorizo-la-seguridad-del-turista-y-la-gente-sergio-bordoni\/\",\"url\":\"https:\/\/www.noticiasradioreflejos.com.ar\/2021\/la-decision-politica-y-responsabilidad-es-mia-priorizo-la-seguridad-del-turista-y-la-gente-sergio-bordoni\/\",\"name\":\"\\\"La decisi\u00f3n pol\u00edtica y responsabilidad es m\u00eda, priorizo la seguridad del turista y la gente\\\" Sergio Bordoni. - Noticias Radio Reflejos\",\"isPartOf\":{\"@id\":\"https:\/\/www.noticiasradioreflejos.com.ar\/2021\/#website\"},\"datePublished\":\"2020-01-22T15:07:48+00:00\",\"author\":{\"@id\":\"https:\/\/www.noticiasradioreflejos.com.ar\/2021\/#\/schema\/person\/ad82545263dcc5ec0996818884fd5fb1\"},\"breadcrumb\":{\"@id\":\"https:\/\/www.noticiasradioreflejos.com.ar\/2021\/la-decision-politica-y-responsabilidad-es-mia-priorizo-la-seguridad-del-turista-y-la-gente-sergio-bordoni\/#breadcrumb\"},\"inLanguage\":\"es\",\"potentialAction\":[{\"@type\":\"ReadAction\",\"target\":[\"https:\/\/www.noticiasradioreflejos.com.ar\/2021\/la-decision-politica-y-responsabilidad-es-mia-priorizo-la-seguridad-del-turista-y-la-gente-sergio-bordoni\/\"]}]},{\"@type\":\"BreadcrumbList\",\"@id\":\"https:\/\/www.noticiasradioreflejos.com.ar\/2021\/la-decision-politica-y-responsabilidad-es-mia-priorizo-la-seguridad-del-turista-y-la-gente-sergio-bordoni\/#breadcrumb\",\"itemListElement\":[{\"@type\":\"ListItem\",\"position\":1,\"name\":\"Portada\",\"item\":\"https:\/\/www.noticiasradioreflejos.com.ar\/2021\/\"},{\"@type\":\"ListItem\",\"position\":2,\"name\":\"\u00abLa decisi\u00f3n pol\u00edtica y responsabilidad es m\u00eda, priorizo la seguridad del turista y la gente\u00bb Sergio Bordoni.\"}]},{\"@type\":\"WebSite\",\"@id\":\"https:\/\/www.noticiasradioreflejos.com.ar\/2021\/#website\",\"url\":\"https:\/\/www.noticiasradioreflejos.com.ar\/2021\/\",\"name\":\"Noticias Radio Reflejos\",\"description\":\"Las noticias de mi comarca\",\"potentialAction\":[{\"@type\":\"SearchAction\",\"target\":{\"@type\":\"EntryPoint\",\"urlTemplate\":\"https:\/\/www.noticiasradioreflejos.com.ar\/2021\/?s={search_term_string}\"},\"query-input\":{\"@type\":\"PropertyValueSpecification\",\"valueRequired\":true,\"valueName\":\"search_term_string\"}}],\"inLanguage\":\"es\"},{\"@type\":\"Person\",\"@id\":\"https:\/\/www.noticiasradioreflejos.com.ar\/2021\/#\/schema\/person\/ad82545263dcc5ec0996818884fd5fb1\",\"name\":\"Arnaldo Botto\",\"image\":{\"@type\":\"ImageObject\",\"inLanguage\":\"es\",\"@id\":\"https:\/\/www.noticiasradioreflejos.com.ar\/2021\/#\/schema\/person\/image\/\",\"url\":\"https:\/\/secure.gravatar.com\/avatar\/55cb5e37c1efa326397366e6974cb338056df65cb50e7d64d1cf314e87504837?s=96&d=mm&r=g\",\"contentUrl\":\"https:\/\/secure.gravatar.com\/avatar\/55cb5e37c1efa326397366e6974cb338056df65cb50e7d64d1cf314e87504837?s=96&d=mm&r=g\",\"caption\":\"Arnaldo Botto\"},\"url\":\"https:\/\/www.noticiasradioreflejos.com.ar\/2021\/author\/arnaldo\/\"}]}<\/script>\n<!-- \/ Yoast SEO plugin. -->","yoast_head_json":{"title":"\"La decisi\u00f3n pol\u00edtica y responsabilidad es m\u00eda, priorizo la seguridad del turista y la gente\" Sergio Bordoni. - Noticias Radio Reflejos","robots":{"index":"index","follow":"follow","max-snippet":"max-snippet:-1","max-image-preview":"max-image-preview:large","max-video-preview":"max-video-preview:-1"},"canonical":"https:\/\/www.noticiasradioreflejos.com.ar\/2021\/la-decision-politica-y-responsabilidad-es-mia-priorizo-la-seguridad-del-turista-y-la-gente-sergio-bordoni\/","og_locale":"es_ES","og_type":"article","og_title":"\"La decisi\u00f3n pol\u00edtica y responsabilidad es m\u00eda, priorizo la seguridad del turista y la gente\" Sergio Bordoni. - Noticias Radio Reflejos","og_description":"Las expresiones del Intendente de Tornquist ante el desmantelamiento del mirador (deck de madera) que se ubicaba frente al Cerro Ventana.\u00a0 Sergio Bordoni asumi\u00f3 toda la responsabilidad y brind\u00f3 todos los detalles sobre el porqu\u00e9 de la medida.","og_url":"https:\/\/www.noticiasradioreflejos.com.ar\/2021\/la-decision-politica-y-responsabilidad-es-mia-priorizo-la-seguridad-del-turista-y-la-gente-sergio-bordoni\/","og_site_name":"Noticias Radio Reflejos","article_published_time":"2020-01-22T15:07:48+00:00","og_image":[{"width":300,"height":200,"url":"https:\/\/www.noticiasradioreflejos.com.ar\/2021\/wp-content\/uploads\/2021\/07\/logosol300x200.png","type":"image\/png"}],"author":"Arnaldo Botto","twitter_card":"summary_large_image","schema":{"@context":"https:\/\/schema.org","@graph":[{"@type":"WebPage","@id":"https:\/\/www.noticiasradioreflejos.com.ar\/2021\/la-decision-politica-y-responsabilidad-es-mia-priorizo-la-seguridad-del-turista-y-la-gente-sergio-bordoni\/","url":"https:\/\/www.noticiasradioreflejos.com.ar\/2021\/la-decision-politica-y-responsabilidad-es-mia-priorizo-la-seguridad-del-turista-y-la-gente-sergio-bordoni\/","name":"\"La decisi\u00f3n pol\u00edtica y responsabilidad es m\u00eda, priorizo la seguridad del turista y la gente\" Sergio Bordoni. - Noticias Radio Reflejos","isPartOf":{"@id":"https:\/\/www.noticiasradioreflejos.com.ar\/2021\/#website"},"datePublished":"2020-01-22T15:07:48+00:00","author":{"@id":"https:\/\/www.noticiasradioreflejos.com.ar\/2021\/#\/schema\/person\/ad82545263dcc5ec0996818884fd5fb1"},"breadcrumb":{"@id":"https:\/\/www.noticiasradioreflejos.com.ar\/2021\/la-decision-politica-y-responsabilidad-es-mia-priorizo-la-seguridad-del-turista-y-la-gente-sergio-bordoni\/#breadcrumb"},"inLanguage":"es","potentialAction":[{"@type":"ReadAction","target":["https:\/\/www.noticiasradioreflejos.com.ar\/2021\/la-decision-politica-y-responsabilidad-es-mia-priorizo-la-seguridad-del-turista-y-la-gente-sergio-bordoni\/"]}]},{"@type":"BreadcrumbList","@id":"https:\/\/www.noticiasradioreflejos.com.ar\/2021\/la-decision-politica-y-responsabilidad-es-mia-priorizo-la-seguridad-del-turista-y-la-gente-sergio-bordoni\/#breadcrumb","itemListElement":[{"@type":"ListItem","position":1,"name":"Portada","item":"https:\/\/www.noticiasradioreflejos.com.ar\/2021\/"},{"@type":"ListItem","position":2,"name":"\u00abLa decisi\u00f3n pol\u00edtica y responsabilidad es m\u00eda, priorizo la seguridad del turista y la gente\u00bb Sergio Bordoni."}]},{"@type":"WebSite","@id":"https:\/\/www.noticiasradioreflejos.com.ar\/2021\/#website","url":"https:\/\/www.noticiasradioreflejos.com.ar\/2021\/","name":"Noticias Radio Reflejos","description":"Las noticias de mi comarca","potentialAction":[{"@type":"SearchAction","target":{"@type":"EntryPoint","urlTemplate":"https:\/\/www.noticiasradioreflejos.com.ar\/2021\/?s={search_term_string}"},"query-input":{"@type":"PropertyValueSpecification","valueRequired":true,"valueName":"search_term_string"}}],"inLanguage":"es"},{"@type":"Person","@id":"https:\/\/www.noticiasradioreflejos.com.ar\/2021\/#\/schema\/person\/ad82545263dcc5ec0996818884fd5fb1","name":"Arnaldo Botto","image":{"@type":"ImageObject","inLanguage":"es","@id":"https:\/\/www.noticiasradioreflejos.com.ar\/2021\/#\/schema\/person\/image\/","url":"https:\/\/secure.gravatar.com\/avatar\/55cb5e37c1efa326397366e6974cb338056df65cb50e7d64d1cf314e87504837?s=96&d=mm&r=g","contentUrl":"https:\/\/secure.gravatar.com\/avatar\/55cb5e37c1efa326397366e6974cb338056df65cb50e7d64d1cf314e87504837?s=96&d=mm&r=g","caption":"Arnaldo Botto"},"url":"https:\/\/www.noticiasradioreflejos.com.ar\/2021\/author\/arnaldo\/"}]}},"_links":{"self":[{"href":"https:\/\/www.noticiasradioreflejos.com.ar\/2021\/wp-json\/wp\/v2\/posts\/38049","targetHints":{"allow":["GET"]}}],"collection":[{"href":"https:\/\/www.noticiasradioreflejos.com.ar\/2021\/wp-json\/wp\/v2\/posts"}],"about":[{"href":"https:\/\/www.noticiasradioreflejos.com.ar\/2021\/wp-json\/wp\/v2\/types\/post"}],"author":[{"embeddable":true,"href":"https:\/\/www.noticiasradioreflejos.com.ar\/2021\/wp-json\/wp\/v2\/users\/3"}],"replies":[{"embeddable":true,"href":"https:\/\/www.noticiasradioreflejos.com.ar\/2021\/wp-json\/wp\/v2\/comments?post=38049"}],"version-history":[{"count":0,"href":"https:\/\/www.noticiasradioreflejos.com.ar\/2021\/wp-json\/wp\/v2\/posts\/38049\/revisions"}],"wp:attachment":[{"href":"https:\/\/www.noticiasradioreflejos.com.ar\/2021\/wp-json\/wp\/v2\/media?parent=38049"}],"wp:term":[{"taxonomy":"category","embeddable":true,"href":"https:\/\/www.noticiasradioreflejos.com.ar\/2021\/wp-json\/wp\/v2\/categories?post=38049"},{"taxonomy":"post_tag","embeddable":true,"href":"https:\/\/www.noticiasradioreflejos.com.ar\/2021\/wp-json\/wp\/v2\/tags?post=38049"}],"curies":[{"name":"wp","href":"https:\/\/api.w.org\/{rel}","templated":true}]}}