{"id":38037,"date":"2020-01-22T08:15:23","date_gmt":"2020-01-22T11:15:23","guid":{"rendered":"http:\/\/www.noticiasradioreflejos.com.ar\/noticias\/?p=38037"},"modified":"2020-01-22T08:15:23","modified_gmt":"2020-01-22T11:15:23","slug":"el-municipio-derribo-por-falencias-el-deck-mirador-del-cerro-ventana","status":"publish","type":"post","link":"https:\/\/www.noticiasradioreflejos.com.ar\/2021\/el-municipio-derribo-por-falencias-el-deck-mirador-del-cerro-ventana\/","title":{"rendered":"El municipio derrib\u00f3 por falencias el deck mirador del cerro ventana"},"content":{"rendered":"<p><a title=\"61ad7790-349b-4c23-87d6-ecc481f2796e\" href=\"http:\/\/live.staticflickr.com\/65535\/49423371958_81d4165c82_s.jpg\" rel=\"\"><img loading=\"lazy\" decoding=\"async\" class=\"alignleft\" style=\"float: left;\" title=\"61ad7790-349b-4c23-87d6-ecc481f2796e\" src=\"http:\/\/live.staticflickr.com\/65535\/49423371958_81d4165c82.jpg\" alt=\"61ad7790-349b-4c23-87d6-ecc481f2796e\" width=\"500\" height=\"230\" \/><\/a>El mismo presentaba un importante deterioro. En redes sociales hubo cr\u00edticas por la medida. El municipio inform\u00f3 que habilitar\u00e1n un nuevo sector con m\u00e1s comodidades.<!--more--><\/p>\n<p>En las redes sociales muchas personas pusieron el grito en el cielo por la forma de retirar el deck mirador del Cerro Ventana ubicado sobre ruta 76.<br \/>\nEl impacto visual que caus\u00f3 el trabajo de maquinaria municipal arrancando el mismo de ra\u00edz gener\u00f3 muchas cr\u00edticas en las redes sociales al conocerse las fotos y videos.<br \/>\nEl municipio por su parte hab\u00eda emitido horas antes un comunicado informando a trav\u00e9s de la Secretar\u00eda de Turismo, Producci\u00f3n, Comercio e Industria, que por razones de seguridad la estructura del deck \u201cEl mirador\u201d permanecer\u00e1 cerrado, ya que representaba un riesgo para los turistas y vecinos que visiten la zona\u201d.<\/p>\n<p><a title=\"4aabd83b-1aff-4db7-aa6c-a612eb23bd0c\" href=\"http:\/\/live.staticflickr.com\/65535\/49424062682_c6b03f1257_s.jpg\" rel=\"\"><img loading=\"lazy\" decoding=\"async\" class=\"aligncenter\" title=\"4aabd83b-1aff-4db7-aa6c-a612eb23bd0c\" src=\"http:\/\/live.staticflickr.com\/65535\/49424062682_c6b03f1257_z.jpg\" alt=\"4aabd83b-1aff-4db7-aa6c-a612eb23bd0c\" width=\"640\" height=\"295\" \/><\/a>Hubo hace d\u00edas un accidente con un menor en el deck y por ello tomaron la decisi\u00f3n de eliminarlo del lugar.<\/p>\n<p>En tal sentido, seg\u00fan se redact\u00f3 mas adelante se habilitar\u00e1 en el transcurso de esta semana, un nuevo sector de recreaci\u00f3n tur\u00edstica, que se est\u00e1 construyendo frente al ex deck de madera, debajo del cerro Cashuat\u00ed, que oficiar\u00e1 de zona de descanso y punto panor\u00e1mico.<\/p>\n<p>El mismo contar\u00e1 con un amplio sector de estacionamiento vehicular y adem\u00e1s se prev\u00e9 que habr\u00e1 en breve puestos gastron\u00f3micos o zona de servicio con ba\u00f1os construidos a nuevo.<\/p>\n<p>Las tareas se van a acelerar debido a que estamos en plena temporada y ese lugar en particular es uno de los mas visitados.<\/p>\n<p><iframe loading=\"lazy\" src=\"https:\/\/www.youtube.com\/embed\/6Vzx6t2mEG4\" width=\"560\" height=\"315\" frameborder=\"0\" allowfullscreen=\"allowfullscreen\"><\/iframe><\/p>\n<p><strong>Video CELT TV<\/strong><\/p>\n","protected":false},"excerpt":{"rendered":"<p>El mismo presentaba un importante deterioro. En redes sociales hubo cr\u00edticas por la medida. El municipio inform\u00f3 que habilitar\u00e1n un nuevo sector con m\u00e1s comodidades.<\/p>\n","protected":false},"author":3,"featured_media":0,"comment_status":"closed","ping_status":"open","sticky":false,"template":"","format":"standard","meta":{"footnotes":""},"categories":[33],"tags":[],"class_list":["post-38037","post","type-post","status-publish","format-standard","hentry","category-turismo"],"yoast_head":"<!-- This site is optimized with the Yoast SEO plugin v25.9 - https:\/\/yoast.com\/wordpress\/plugins\/seo\/ -->\n<title>El municipio derrib\u00f3 por falencias el deck mirador del cerro ventana - Noticias Radio Reflejos<\/title>\n<meta name=\"robots\" content=\"index, follow, max-snippet:-1, max-image-preview:large, max-video-preview:-1\" \/>\n<link rel=\"canonical\" href=\"https:\/\/www.noticiasradioreflejos.com.ar\/2021\/el-municipio-derribo-por-falencias-el-deck-mirador-del-cerro-ventana\/\" \/>\n<meta property=\"og:locale\" content=\"es_ES\" \/>\n<meta property=\"og:type\" content=\"article\" \/>\n<meta property=\"og:title\" content=\"El municipio derrib\u00f3 por falencias el deck mirador del cerro ventana - Noticias Radio Reflejos\" \/>\n<meta property=\"og:description\" content=\"El mismo presentaba un importante deterioro. En redes sociales hubo cr\u00edticas por la medida. El municipio inform\u00f3 que habilitar\u00e1n un nuevo sector con m\u00e1s comodidades.\" \/>\n<meta property=\"og:url\" content=\"https:\/\/www.noticiasradioreflejos.com.ar\/2021\/el-municipio-derribo-por-falencias-el-deck-mirador-del-cerro-ventana\/\" \/>\n<meta property=\"og:site_name\" content=\"Noticias Radio Reflejos\" \/>\n<meta property=\"article:published_time\" content=\"2020-01-22T11:15:23+00:00\" \/>\n<meta property=\"og:image\" content=\"http:\/\/live.staticflickr.com\/65535\/49423371958_81d4165c82.jpg\" \/>\n<meta name=\"author\" content=\"Arnaldo Botto\" \/>\n<meta name=\"twitter:card\" content=\"summary_large_image\" \/>\n<script type=\"application\/ld+json\" class=\"yoast-schema-graph\">{\"@context\":\"https:\/\/schema.org\",\"@graph\":[{\"@type\":\"WebPage\",\"@id\":\"https:\/\/www.noticiasradioreflejos.com.ar\/2021\/el-municipio-derribo-por-falencias-el-deck-mirador-del-cerro-ventana\/\",\"url\":\"https:\/\/www.noticiasradioreflejos.com.ar\/2021\/el-municipio-derribo-por-falencias-el-deck-mirador-del-cerro-ventana\/\",\"name\":\"El municipio derrib\u00f3 por falencias el deck mirador del cerro ventana - Noticias Radio Reflejos\",\"isPartOf\":{\"@id\":\"https:\/\/www.noticiasradioreflejos.com.ar\/2021\/#website\"},\"primaryImageOfPage\":{\"@id\":\"https:\/\/www.noticiasradioreflejos.com.ar\/2021\/el-municipio-derribo-por-falencias-el-deck-mirador-del-cerro-ventana\/#primaryimage\"},\"image\":{\"@id\":\"https:\/\/www.noticiasradioreflejos.com.ar\/2021\/el-municipio-derribo-por-falencias-el-deck-mirador-del-cerro-ventana\/#primaryimage\"},\"thumbnailUrl\":\"http:\/\/live.staticflickr.com\/65535\/49423371958_81d4165c82.jpg\",\"datePublished\":\"2020-01-22T11:15:23+00:00\",\"author\":{\"@id\":\"https:\/\/www.noticiasradioreflejos.com.ar\/2021\/#\/schema\/person\/ad82545263dcc5ec0996818884fd5fb1\"},\"breadcrumb\":{\"@id\":\"https:\/\/www.noticiasradioreflejos.com.ar\/2021\/el-municipio-derribo-por-falencias-el-deck-mirador-del-cerro-ventana\/#breadcrumb\"},\"inLanguage\":\"es\",\"potentialAction\":[{\"@type\":\"ReadAction\",\"target\":[\"https:\/\/www.noticiasradioreflejos.com.ar\/2021\/el-municipio-derribo-por-falencias-el-deck-mirador-del-cerro-ventana\/\"]}]},{\"@type\":\"ImageObject\",\"inLanguage\":\"es\",\"@id\":\"https:\/\/www.noticiasradioreflejos.com.ar\/2021\/el-municipio-derribo-por-falencias-el-deck-mirador-del-cerro-ventana\/#primaryimage\",\"url\":\"http:\/\/live.staticflickr.com\/65535\/49423371958_81d4165c82.jpg\",\"contentUrl\":\"http:\/\/live.staticflickr.com\/65535\/49423371958_81d4165c82.jpg\"},{\"@type\":\"BreadcrumbList\",\"@id\":\"https:\/\/www.noticiasradioreflejos.com.ar\/2021\/el-municipio-derribo-por-falencias-el-deck-mirador-del-cerro-ventana\/#breadcrumb\",\"itemListElement\":[{\"@type\":\"ListItem\",\"position\":1,\"name\":\"Portada\",\"item\":\"https:\/\/www.noticiasradioreflejos.com.ar\/2021\/\"},{\"@type\":\"ListItem\",\"position\":2,\"name\":\"El municipio derrib\u00f3 por falencias el deck mirador del cerro ventana\"}]},{\"@type\":\"WebSite\",\"@id\":\"https:\/\/www.noticiasradioreflejos.com.ar\/2021\/#website\",\"url\":\"https:\/\/www.noticiasradioreflejos.com.ar\/2021\/\",\"name\":\"Noticias Radio Reflejos\",\"description\":\"Las noticias de mi comarca\",\"potentialAction\":[{\"@type\":\"SearchAction\",\"target\":{\"@type\":\"EntryPoint\",\"urlTemplate\":\"https:\/\/www.noticiasradioreflejos.com.ar\/2021\/?s={search_term_string}\"},\"query-input\":{\"@type\":\"PropertyValueSpecification\",\"valueRequired\":true,\"valueName\":\"search_term_string\"}}],\"inLanguage\":\"es\"},{\"@type\":\"Person\",\"@id\":\"https:\/\/www.noticiasradioreflejos.com.ar\/2021\/#\/schema\/person\/ad82545263dcc5ec0996818884fd5fb1\",\"name\":\"Arnaldo Botto\",\"image\":{\"@type\":\"ImageObject\",\"inLanguage\":\"es\",\"@id\":\"https:\/\/www.noticiasradioreflejos.com.ar\/2021\/#\/schema\/person\/image\/\",\"url\":\"https:\/\/secure.gravatar.com\/avatar\/55cb5e37c1efa326397366e6974cb338056df65cb50e7d64d1cf314e87504837?s=96&d=mm&r=g\",\"contentUrl\":\"https:\/\/secure.gravatar.com\/avatar\/55cb5e37c1efa326397366e6974cb338056df65cb50e7d64d1cf314e87504837?s=96&d=mm&r=g\",\"caption\":\"Arnaldo Botto\"},\"url\":\"https:\/\/www.noticiasradioreflejos.com.ar\/2021\/author\/arnaldo\/\"}]}<\/script>\n<!-- \/ Yoast SEO plugin. -->","yoast_head_json":{"title":"El municipio derrib\u00f3 por falencias el deck mirador del cerro ventana - Noticias Radio Reflejos","robots":{"index":"index","follow":"follow","max-snippet":"max-snippet:-1","max-image-preview":"max-image-preview:large","max-video-preview":"max-video-preview:-1"},"canonical":"https:\/\/www.noticiasradioreflejos.com.ar\/2021\/el-municipio-derribo-por-falencias-el-deck-mirador-del-cerro-ventana\/","og_locale":"es_ES","og_type":"article","og_title":"El municipio derrib\u00f3 por falencias el deck mirador del cerro ventana - Noticias Radio Reflejos","og_description":"El mismo presentaba un importante deterioro. En redes sociales hubo cr\u00edticas por la medida. El municipio inform\u00f3 que habilitar\u00e1n un nuevo sector con m\u00e1s comodidades.","og_url":"https:\/\/www.noticiasradioreflejos.com.ar\/2021\/el-municipio-derribo-por-falencias-el-deck-mirador-del-cerro-ventana\/","og_site_name":"Noticias Radio Reflejos","article_published_time":"2020-01-22T11:15:23+00:00","og_image":[{"url":"http:\/\/live.staticflickr.com\/65535\/49423371958_81d4165c82.jpg","type":"","width":"","height":""}],"author":"Arnaldo Botto","twitter_card":"summary_large_image","schema":{"@context":"https:\/\/schema.org","@graph":[{"@type":"WebPage","@id":"https:\/\/www.noticiasradioreflejos.com.ar\/2021\/el-municipio-derribo-por-falencias-el-deck-mirador-del-cerro-ventana\/","url":"https:\/\/www.noticiasradioreflejos.com.ar\/2021\/el-municipio-derribo-por-falencias-el-deck-mirador-del-cerro-ventana\/","name":"El municipio derrib\u00f3 por falencias el deck mirador del cerro ventana - Noticias Radio Reflejos","isPartOf":{"@id":"https:\/\/www.noticiasradioreflejos.com.ar\/2021\/#website"},"primaryImageOfPage":{"@id":"https:\/\/www.noticiasradioreflejos.com.ar\/2021\/el-municipio-derribo-por-falencias-el-deck-mirador-del-cerro-ventana\/#primaryimage"},"image":{"@id":"https:\/\/www.noticiasradioreflejos.com.ar\/2021\/el-municipio-derribo-por-falencias-el-deck-mirador-del-cerro-ventana\/#primaryimage"},"thumbnailUrl":"http:\/\/live.staticflickr.com\/65535\/49423371958_81d4165c82.jpg","datePublished":"2020-01-22T11:15:23+00:00","author":{"@id":"https:\/\/www.noticiasradioreflejos.com.ar\/2021\/#\/schema\/person\/ad82545263dcc5ec0996818884fd5fb1"},"breadcrumb":{"@id":"https:\/\/www.noticiasradioreflejos.com.ar\/2021\/el-municipio-derribo-por-falencias-el-deck-mirador-del-cerro-ventana\/#breadcrumb"},"inLanguage":"es","potentialAction":[{"@type":"ReadAction","target":["https:\/\/www.noticiasradioreflejos.com.ar\/2021\/el-municipio-derribo-por-falencias-el-deck-mirador-del-cerro-ventana\/"]}]},{"@type":"ImageObject","inLanguage":"es","@id":"https:\/\/www.noticiasradioreflejos.com.ar\/2021\/el-municipio-derribo-por-falencias-el-deck-mirador-del-cerro-ventana\/#primaryimage","url":"http:\/\/live.staticflickr.com\/65535\/49423371958_81d4165c82.jpg","contentUrl":"http:\/\/live.staticflickr.com\/65535\/49423371958_81d4165c82.jpg"},{"@type":"BreadcrumbList","@id":"https:\/\/www.noticiasradioreflejos.com.ar\/2021\/el-municipio-derribo-por-falencias-el-deck-mirador-del-cerro-ventana\/#breadcrumb","itemListElement":[{"@type":"ListItem","position":1,"name":"Portada","item":"https:\/\/www.noticiasradioreflejos.com.ar\/2021\/"},{"@type":"ListItem","position":2,"name":"El municipio derrib\u00f3 por falencias el deck mirador del cerro ventana"}]},{"@type":"WebSite","@id":"https:\/\/www.noticiasradioreflejos.com.ar\/2021\/#website","url":"https:\/\/www.noticiasradioreflejos.com.ar\/2021\/","name":"Noticias Radio Reflejos","description":"Las noticias de mi comarca","potentialAction":[{"@type":"SearchAction","target":{"@type":"EntryPoint","urlTemplate":"https:\/\/www.noticiasradioreflejos.com.ar\/2021\/?s={search_term_string}"},"query-input":{"@type":"PropertyValueSpecification","valueRequired":true,"valueName":"search_term_string"}}],"inLanguage":"es"},{"@type":"Person","@id":"https:\/\/www.noticiasradioreflejos.com.ar\/2021\/#\/schema\/person\/ad82545263dcc5ec0996818884fd5fb1","name":"Arnaldo Botto","image":{"@type":"ImageObject","inLanguage":"es","@id":"https:\/\/www.noticiasradioreflejos.com.ar\/2021\/#\/schema\/person\/image\/","url":"https:\/\/secure.gravatar.com\/avatar\/55cb5e37c1efa326397366e6974cb338056df65cb50e7d64d1cf314e87504837?s=96&d=mm&r=g","contentUrl":"https:\/\/secure.gravatar.com\/avatar\/55cb5e37c1efa326397366e6974cb338056df65cb50e7d64d1cf314e87504837?s=96&d=mm&r=g","caption":"Arnaldo Botto"},"url":"https:\/\/www.noticiasradioreflejos.com.ar\/2021\/author\/arnaldo\/"}]}},"_links":{"self":[{"href":"https:\/\/www.noticiasradioreflejos.com.ar\/2021\/wp-json\/wp\/v2\/posts\/38037","targetHints":{"allow":["GET"]}}],"collection":[{"href":"https:\/\/www.noticiasradioreflejos.com.ar\/2021\/wp-json\/wp\/v2\/posts"}],"about":[{"href":"https:\/\/www.noticiasradioreflejos.com.ar\/2021\/wp-json\/wp\/v2\/types\/post"}],"author":[{"embeddable":true,"href":"https:\/\/www.noticiasradioreflejos.com.ar\/2021\/wp-json\/wp\/v2\/users\/3"}],"replies":[{"embeddable":true,"href":"https:\/\/www.noticiasradioreflejos.com.ar\/2021\/wp-json\/wp\/v2\/comments?post=38037"}],"version-history":[{"count":0,"href":"https:\/\/www.noticiasradioreflejos.com.ar\/2021\/wp-json\/wp\/v2\/posts\/38037\/revisions"}],"wp:attachment":[{"href":"https:\/\/www.noticiasradioreflejos.com.ar\/2021\/wp-json\/wp\/v2\/media?parent=38037"}],"wp:term":[{"taxonomy":"category","embeddable":true,"href":"https:\/\/www.noticiasradioreflejos.com.ar\/2021\/wp-json\/wp\/v2\/categories?post=38037"},{"taxonomy":"post_tag","embeddable":true,"href":"https:\/\/www.noticiasradioreflejos.com.ar\/2021\/wp-json\/wp\/v2\/tags?post=38037"}],"curies":[{"name":"wp","href":"https:\/\/api.w.org\/{rel}","templated":true}]}}