{"id":38019,"date":"2020-01-21T08:31:28","date_gmt":"2020-01-21T11:31:28","guid":{"rendered":"http:\/\/www.noticiasradioreflejos.com.ar\/noticias\/?p=38019"},"modified":"2020-01-21T08:31:28","modified_gmt":"2020-01-21T11:31:28","slug":"paso-el-alerta-con-poca-lluvia-en-la-comarca-continua-el-calor","status":"publish","type":"post","link":"https:\/\/www.noticiasradioreflejos.com.ar\/2021\/paso-el-alerta-con-poca-lluvia-en-la-comarca-continua-el-calor\/","title":{"rendered":"Pas\u00f3 el alerta con poca lluvia en la comarca. Contin\u00faa el calor."},"content":{"rendered":"<p>Hubo tormentas el\u00e9ctricas en toda la zona, en la comarca serrana las precipitaciones fueron escasas.<!--more--><br \/>\nDurante la tarde de ayer, lunes 20 de enero, los cielos serranos se mostraban amenazadores, en los sectores norte, sur y oeste se ve\u00edan gran nubosidad y cerca de las 21 hs, comenzaron a soplar vientos fuertes, con f\u00e1fagas que llegaron hasta los 43 km\/hs, pero las precipitaciones fueron muy escasas, en el sector urbano de Sierra de la Ventana se registr\u00f3 solo 1 mm.<br \/>\nPara este martes, se espera una m\u00e1xima de 32\u00b0 con cielos parcialmente nublados, mi\u00e9rcoles con 35\u00b0 de m\u00e1xima y cielo despejado; para el jueves el term\u00f3metro rozar\u00e1 los 39\u00b0, fuertes vientos del norte lo que anticipa una jornada agobiante, para la noche del jueves lluvias.<\/p>\n<p><strong>Datos de la zona<\/strong><br \/>\n1 mm en Sierra de la Ventana<br \/>\n2 mm en Calqu\u00edn<br \/>\n5.3 mm en Villa Ventana<br \/>\n1.2 mm en Cumbre del Cerro Napost\u00e1 Oeste<br \/>\n2.8 mm en Fra Pal<br \/>\n9.8 mm en Dufaur<br \/>\n7.5 mm en El Pantanoso<br \/>\n10.2 mm en San Eloy<br \/>\n10 mm en Cnel Suarez<br \/>\n9.4 mm en Punta Alta<br \/>\n3 mm en Monte Hermoso<br \/>\n7.9 mm en Pig\u00fc\u00e9<br \/>\n1.2 mm en Cnel Pringles<br \/>\n13 mm en Carhu\u00e9<br \/>\n0.5 mm en Espartillar<br \/>\n30 mm. en Saavedra<br \/>\n5 mm. en Dufaur<br \/>\n4 mm. en Huanguel\u00e9n<br \/>\n32 mm. en Daireaux<\/p>\n","protected":false},"excerpt":{"rendered":"<p>Hubo tormentas el\u00e9ctricas en toda la zona, en la comarca serrana las precipitaciones fueron escasas.<\/p>\n","protected":false},"author":3,"featured_media":0,"comment_status":"closed","ping_status":"open","sticky":false,"template":"","format":"standard","meta":{"footnotes":""},"categories":[26],"tags":[],"class_list":["post-38019","post","type-post","status-publish","format-standard","hentry","category-sociedad"],"yoast_head":"<!-- This site is optimized with the Yoast SEO plugin v25.9 - https:\/\/yoast.com\/wordpress\/plugins\/seo\/ -->\n<title>Pas\u00f3 el alerta con poca lluvia en la comarca. Contin\u00faa el calor. - Noticias Radio Reflejos<\/title>\n<meta name=\"robots\" content=\"index, follow, max-snippet:-1, max-image-preview:large, max-video-preview:-1\" \/>\n<link rel=\"canonical\" href=\"https:\/\/www.noticiasradioreflejos.com.ar\/2021\/paso-el-alerta-con-poca-lluvia-en-la-comarca-continua-el-calor\/\" \/>\n<meta property=\"og:locale\" content=\"es_ES\" \/>\n<meta property=\"og:type\" content=\"article\" \/>\n<meta property=\"og:title\" content=\"Pas\u00f3 el alerta con poca lluvia en la comarca. Contin\u00faa el calor. - Noticias Radio Reflejos\" \/>\n<meta property=\"og:description\" content=\"Hubo tormentas el\u00e9ctricas en toda la zona, en la comarca serrana las precipitaciones fueron escasas.\" \/>\n<meta property=\"og:url\" content=\"https:\/\/www.noticiasradioreflejos.com.ar\/2021\/paso-el-alerta-con-poca-lluvia-en-la-comarca-continua-el-calor\/\" \/>\n<meta property=\"og:site_name\" content=\"Noticias Radio Reflejos\" \/>\n<meta property=\"article:published_time\" content=\"2020-01-21T11:31:28+00:00\" \/>\n<meta property=\"og:image\" content=\"https:\/\/www.noticiasradioreflejos.com.ar\/2021\/wp-content\/uploads\/2021\/07\/logosol300x200.png\" \/>\n\t<meta property=\"og:image:width\" content=\"300\" \/>\n\t<meta property=\"og:image:height\" content=\"200\" \/>\n\t<meta property=\"og:image:type\" content=\"image\/png\" \/>\n<meta name=\"author\" content=\"Arnaldo Botto\" \/>\n<meta name=\"twitter:card\" content=\"summary_large_image\" \/>\n<script type=\"application\/ld+json\" class=\"yoast-schema-graph\">{\"@context\":\"https:\/\/schema.org\",\"@graph\":[{\"@type\":\"WebPage\",\"@id\":\"https:\/\/www.noticiasradioreflejos.com.ar\/2021\/paso-el-alerta-con-poca-lluvia-en-la-comarca-continua-el-calor\/\",\"url\":\"https:\/\/www.noticiasradioreflejos.com.ar\/2021\/paso-el-alerta-con-poca-lluvia-en-la-comarca-continua-el-calor\/\",\"name\":\"Pas\u00f3 el alerta con poca lluvia en la comarca. Contin\u00faa el calor. - Noticias Radio Reflejos\",\"isPartOf\":{\"@id\":\"https:\/\/www.noticiasradioreflejos.com.ar\/2021\/#website\"},\"datePublished\":\"2020-01-21T11:31:28+00:00\",\"author\":{\"@id\":\"https:\/\/www.noticiasradioreflejos.com.ar\/2021\/#\/schema\/person\/ad82545263dcc5ec0996818884fd5fb1\"},\"breadcrumb\":{\"@id\":\"https:\/\/www.noticiasradioreflejos.com.ar\/2021\/paso-el-alerta-con-poca-lluvia-en-la-comarca-continua-el-calor\/#breadcrumb\"},\"inLanguage\":\"es\",\"potentialAction\":[{\"@type\":\"ReadAction\",\"target\":[\"https:\/\/www.noticiasradioreflejos.com.ar\/2021\/paso-el-alerta-con-poca-lluvia-en-la-comarca-continua-el-calor\/\"]}]},{\"@type\":\"BreadcrumbList\",\"@id\":\"https:\/\/www.noticiasradioreflejos.com.ar\/2021\/paso-el-alerta-con-poca-lluvia-en-la-comarca-continua-el-calor\/#breadcrumb\",\"itemListElement\":[{\"@type\":\"ListItem\",\"position\":1,\"name\":\"Portada\",\"item\":\"https:\/\/www.noticiasradioreflejos.com.ar\/2021\/\"},{\"@type\":\"ListItem\",\"position\":2,\"name\":\"Pas\u00f3 el alerta con poca lluvia en la comarca. Contin\u00faa el calor.\"}]},{\"@type\":\"WebSite\",\"@id\":\"https:\/\/www.noticiasradioreflejos.com.ar\/2021\/#website\",\"url\":\"https:\/\/www.noticiasradioreflejos.com.ar\/2021\/\",\"name\":\"Noticias Radio Reflejos\",\"description\":\"Las noticias de mi comarca\",\"potentialAction\":[{\"@type\":\"SearchAction\",\"target\":{\"@type\":\"EntryPoint\",\"urlTemplate\":\"https:\/\/www.noticiasradioreflejos.com.ar\/2021\/?s={search_term_string}\"},\"query-input\":{\"@type\":\"PropertyValueSpecification\",\"valueRequired\":true,\"valueName\":\"search_term_string\"}}],\"inLanguage\":\"es\"},{\"@type\":\"Person\",\"@id\":\"https:\/\/www.noticiasradioreflejos.com.ar\/2021\/#\/schema\/person\/ad82545263dcc5ec0996818884fd5fb1\",\"name\":\"Arnaldo Botto\",\"image\":{\"@type\":\"ImageObject\",\"inLanguage\":\"es\",\"@id\":\"https:\/\/www.noticiasradioreflejos.com.ar\/2021\/#\/schema\/person\/image\/\",\"url\":\"https:\/\/secure.gravatar.com\/avatar\/55cb5e37c1efa326397366e6974cb338056df65cb50e7d64d1cf314e87504837?s=96&d=mm&r=g\",\"contentUrl\":\"https:\/\/secure.gravatar.com\/avatar\/55cb5e37c1efa326397366e6974cb338056df65cb50e7d64d1cf314e87504837?s=96&d=mm&r=g\",\"caption\":\"Arnaldo Botto\"},\"url\":\"https:\/\/www.noticiasradioreflejos.com.ar\/2021\/author\/arnaldo\/\"}]}<\/script>\n<!-- \/ Yoast SEO plugin. -->","yoast_head_json":{"title":"Pas\u00f3 el alerta con poca lluvia en la comarca. Contin\u00faa el calor. - Noticias Radio Reflejos","robots":{"index":"index","follow":"follow","max-snippet":"max-snippet:-1","max-image-preview":"max-image-preview:large","max-video-preview":"max-video-preview:-1"},"canonical":"https:\/\/www.noticiasradioreflejos.com.ar\/2021\/paso-el-alerta-con-poca-lluvia-en-la-comarca-continua-el-calor\/","og_locale":"es_ES","og_type":"article","og_title":"Pas\u00f3 el alerta con poca lluvia en la comarca. Contin\u00faa el calor. - Noticias Radio Reflejos","og_description":"Hubo tormentas el\u00e9ctricas en toda la zona, en la comarca serrana las precipitaciones fueron escasas.","og_url":"https:\/\/www.noticiasradioreflejos.com.ar\/2021\/paso-el-alerta-con-poca-lluvia-en-la-comarca-continua-el-calor\/","og_site_name":"Noticias Radio Reflejos","article_published_time":"2020-01-21T11:31:28+00:00","og_image":[{"width":300,"height":200,"url":"https:\/\/www.noticiasradioreflejos.com.ar\/2021\/wp-content\/uploads\/2021\/07\/logosol300x200.png","type":"image\/png"}],"author":"Arnaldo Botto","twitter_card":"summary_large_image","schema":{"@context":"https:\/\/schema.org","@graph":[{"@type":"WebPage","@id":"https:\/\/www.noticiasradioreflejos.com.ar\/2021\/paso-el-alerta-con-poca-lluvia-en-la-comarca-continua-el-calor\/","url":"https:\/\/www.noticiasradioreflejos.com.ar\/2021\/paso-el-alerta-con-poca-lluvia-en-la-comarca-continua-el-calor\/","name":"Pas\u00f3 el alerta con poca lluvia en la comarca. Contin\u00faa el calor. - Noticias Radio Reflejos","isPartOf":{"@id":"https:\/\/www.noticiasradioreflejos.com.ar\/2021\/#website"},"datePublished":"2020-01-21T11:31:28+00:00","author":{"@id":"https:\/\/www.noticiasradioreflejos.com.ar\/2021\/#\/schema\/person\/ad82545263dcc5ec0996818884fd5fb1"},"breadcrumb":{"@id":"https:\/\/www.noticiasradioreflejos.com.ar\/2021\/paso-el-alerta-con-poca-lluvia-en-la-comarca-continua-el-calor\/#breadcrumb"},"inLanguage":"es","potentialAction":[{"@type":"ReadAction","target":["https:\/\/www.noticiasradioreflejos.com.ar\/2021\/paso-el-alerta-con-poca-lluvia-en-la-comarca-continua-el-calor\/"]}]},{"@type":"BreadcrumbList","@id":"https:\/\/www.noticiasradioreflejos.com.ar\/2021\/paso-el-alerta-con-poca-lluvia-en-la-comarca-continua-el-calor\/#breadcrumb","itemListElement":[{"@type":"ListItem","position":1,"name":"Portada","item":"https:\/\/www.noticiasradioreflejos.com.ar\/2021\/"},{"@type":"ListItem","position":2,"name":"Pas\u00f3 el alerta con poca lluvia en la comarca. Contin\u00faa el calor."}]},{"@type":"WebSite","@id":"https:\/\/www.noticiasradioreflejos.com.ar\/2021\/#website","url":"https:\/\/www.noticiasradioreflejos.com.ar\/2021\/","name":"Noticias Radio Reflejos","description":"Las noticias de mi comarca","potentialAction":[{"@type":"SearchAction","target":{"@type":"EntryPoint","urlTemplate":"https:\/\/www.noticiasradioreflejos.com.ar\/2021\/?s={search_term_string}"},"query-input":{"@type":"PropertyValueSpecification","valueRequired":true,"valueName":"search_term_string"}}],"inLanguage":"es"},{"@type":"Person","@id":"https:\/\/www.noticiasradioreflejos.com.ar\/2021\/#\/schema\/person\/ad82545263dcc5ec0996818884fd5fb1","name":"Arnaldo Botto","image":{"@type":"ImageObject","inLanguage":"es","@id":"https:\/\/www.noticiasradioreflejos.com.ar\/2021\/#\/schema\/person\/image\/","url":"https:\/\/secure.gravatar.com\/avatar\/55cb5e37c1efa326397366e6974cb338056df65cb50e7d64d1cf314e87504837?s=96&d=mm&r=g","contentUrl":"https:\/\/secure.gravatar.com\/avatar\/55cb5e37c1efa326397366e6974cb338056df65cb50e7d64d1cf314e87504837?s=96&d=mm&r=g","caption":"Arnaldo Botto"},"url":"https:\/\/www.noticiasradioreflejos.com.ar\/2021\/author\/arnaldo\/"}]}},"_links":{"self":[{"href":"https:\/\/www.noticiasradioreflejos.com.ar\/2021\/wp-json\/wp\/v2\/posts\/38019","targetHints":{"allow":["GET"]}}],"collection":[{"href":"https:\/\/www.noticiasradioreflejos.com.ar\/2021\/wp-json\/wp\/v2\/posts"}],"about":[{"href":"https:\/\/www.noticiasradioreflejos.com.ar\/2021\/wp-json\/wp\/v2\/types\/post"}],"author":[{"embeddable":true,"href":"https:\/\/www.noticiasradioreflejos.com.ar\/2021\/wp-json\/wp\/v2\/users\/3"}],"replies":[{"embeddable":true,"href":"https:\/\/www.noticiasradioreflejos.com.ar\/2021\/wp-json\/wp\/v2\/comments?post=38019"}],"version-history":[{"count":0,"href":"https:\/\/www.noticiasradioreflejos.com.ar\/2021\/wp-json\/wp\/v2\/posts\/38019\/revisions"}],"wp:attachment":[{"href":"https:\/\/www.noticiasradioreflejos.com.ar\/2021\/wp-json\/wp\/v2\/media?parent=38019"}],"wp:term":[{"taxonomy":"category","embeddable":true,"href":"https:\/\/www.noticiasradioreflejos.com.ar\/2021\/wp-json\/wp\/v2\/categories?post=38019"},{"taxonomy":"post_tag","embeddable":true,"href":"https:\/\/www.noticiasradioreflejos.com.ar\/2021\/wp-json\/wp\/v2\/tags?post=38019"}],"curies":[{"name":"wp","href":"https:\/\/api.w.org\/{rel}","templated":true}]}}