{"id":37925,"date":"2020-01-17T08:05:36","date_gmt":"2020-01-17T11:05:36","guid":{"rendered":"http:\/\/www.noticiasradioreflejos.com.ar\/noticias\/?p=37925"},"modified":"2020-01-17T08:05:36","modified_gmt":"2020-01-17T11:05:36","slug":"sierra-de-la-ventana-celebra-hoy-su-112-aniversario","status":"publish","type":"post","link":"https:\/\/www.noticiasradioreflejos.com.ar\/2021\/sierra-de-la-ventana-celebra-hoy-su-112-aniversario\/","title":{"rendered":"Sierra de la Ventana celebra hoy su 112\u00b0 Aniversario"},"content":{"rendered":"<p><a href=\"http:\/\/www.noticiasradioreflejos.com.ar\/noticias\/wp-content\/uploads\/2018\/01\/imagen-desde-el-cerro.jpg\"><img loading=\"lazy\" decoding=\"async\" class=\"alignleft size-medium wp-image-18021\" src=\"http:\/\/www.noticiasradioreflejos.com.ar\/noticias\/wp-content\/uploads\/2018\/01\/imagen-desde-el-cerro-300x133.jpg\" alt=\"imagen desde el cerro\" width=\"300\" height=\"133\" \/><\/a>A partir de las 9,30 hs se realizar\u00e1 el acto oficial en Av. Malvinas y Dorrego, posteriormente se realizar\u00e1 un homenaje al Dr. Julio Hector Pugliese y por la tarde, desde las 19 hs la c\u00e1mara de comercio organiz\u00f3 eventos musicales en varios puntos del centro comercial.<\/p>\n<p><b>Sierra de la Ventana<\/b>\u00a0es una localidad ubicada en el\u00a0<a title=\"Partido de Tornquist\" href=\"https:\/\/es.wikipedia.org\/wiki\/Partido_de_Tornquist\">partido de Tornquist<\/a>, al sudoeste de la\u00a0<a title=\"Provincia de Buenos Aires\" href=\"https:\/\/es.wikipedia.org\/wiki\/Provincia_de_Buenos_Aires\">provincia de Buenos Aires<\/a>,\u00a0<a title=\"Argentina\" href=\"https:\/\/es.wikipedia.org\/wiki\/Argentina\">Argentina<\/a>. Es uno de los centros tur\u00edsticos de esa regi\u00f3n bonaerense.<!--more--><\/p>\n<p><strong>Su historia<\/strong><br \/>\nSu nombre se debe a la curiosa conformaci\u00f3n del Cerro Ventana, que presenta una abertura natural en su cumbre. El Cerro Ventana es el principal atractivo de la zona con sus 1.134 m.s.n.m. En la cima, la ventana enmarca un paisaje \u00fanico.<br \/>\nEl grupo aborigen que poblaba esta zona de la provincia de Buenos Aires antes de la llegada de los espa\u00f1oles, se conoce como los Pampas, espec\u00edficamente el grupo puelche habitaba la regi\u00f3n. Bautizados con ese nombre por los Araucanos su nombre significa \u00abgente del este\u00bb.<br \/>\nEran delgados, con ojos rasgados y los cuerpos muy bien formados y altos. Eran cazadores y recolectores. Se alimentaban de guanacos y \u00f1and\u00faes, y m\u00e1s tarde, con la llegada de los espa\u00f1oles, comieron caballos. Vivieron en toldos de cuero sostenidos por ramas. Estos toldos se situaban cerca de los bosques para tener a mano los frutos. Su vestimenta era de cuero combinado con plumas, aros de cobre o plata (imitando a los araucanos) y pintura en la cara, brazos y piernas: para indicar duelo, guerra, etc. La armas eran la lanza, la boleadora, el arco y la flecha, la honda, etc.<\/p>\n<p><a href=\"http:\/\/www.noticiasradioreflejos.com.ar\/noticias\/wp-content\/uploads\/2019\/01\/img027.jpg\"><img loading=\"lazy\" decoding=\"async\" class=\"aligncenter size-large wp-image-27936\" src=\"http:\/\/www.noticiasradioreflejos.com.ar\/noticias\/wp-content\/uploads\/2019\/01\/img027-1024x611.jpg\" alt=\"img027\" width=\"1024\" height=\"611\" \/><\/a><\/p>\n<p>En 1879 el Gobierno de Buenos Aires vende a Don Jorge E. Catty un campo ubicado al nordeste de Bah\u00eda Blanca, sobre el r\u00edo Sauce Grande, que a su vez el Sr. Catty vende a Don Te\u00f3filo Bordeu. Este \u00faltimo los divide en tres lotes iguales con frente al Sauce Grande, con la finalidad de utilizar los campos para pastoreo.<br \/>\nPasan por varios due\u00f1os, hasta que en 1895 los lotes pasan al poder de Don Septimio Leishman quien a\u00f1os m\u00e1s tarde, los vende a Don Dietrich Daniel Meyer, quien en 1908 vender\u00e1 las tierras correspondientes a la Estaci\u00f3n Ferroviaria.<br \/>\nHacia el a\u00f1o 1903, se autoriza el ramal del Ferrocarril del Sud a Bah\u00eda Blanca, estableci\u00e9ndose as\u00ed la estaci\u00f3n Sierra de la Ventana y poco antes la estaci\u00f3n Sauce Grande .<\/p>\n<p><a href=\"http:\/\/www.noticiasradioreflejos.com.ar\/noticias\/wp-content\/uploads\/2018\/01\/004.jpg\"><img loading=\"lazy\" decoding=\"async\" class=\"aligncenter size-full wp-image-18043\" src=\"http:\/\/www.noticiasradioreflejos.com.ar\/noticias\/wp-content\/uploads\/2018\/01\/004.jpg\" alt=\"004\" width=\"705\" height=\"525\" srcset=\"https:\/\/www.noticiasradioreflejos.com.ar\/2021\/wp-content\/uploads\/2018\/01\/004.jpg 705w, https:\/\/www.noticiasradioreflejos.com.ar\/2021\/wp-content\/uploads\/2018\/01\/004-300x223.jpg 300w\" sizes=\"auto, (max-width: 705px) 100vw, 705px\" \/><\/a><\/p>\n<p>En 1904 comienza la construcci\u00f3n del Club Hotel de la Ventana.<br \/>\nDon Diedrich Daniel Meyer es considerado fundador de la localidad, la que denomina Villa T\u00edvoli Argentina (en homenaje a la antigua ciudad romana en T\u00edvoli) y como fecha fundacional se toma el 17 de enero de 1908, ya que en ese d\u00eda se realiza la venta y escrituraci\u00f3n de las tres porciones de tierra, de la Villa T\u00edvoli Argentina, a los se\u00f1ores Eugh Evans Guney y Esteven D.<\/p>\n<p>El 16 de septiembre de 1912 se produce el cambio del nombre de la estaci\u00f3n Sauce Grande por el de Sierra de la Ventana, y la estaci\u00f3n que llevaba hasta ese momento dicho nombre es cambiado por el del due\u00f1o de las tierras aleda\u00f1as a la estaci\u00f3n, el Sr. Saldungaray.<\/p>\n<p>Actualmente Sierra de la Ventana est\u00e1 formada por distintos barrios y villas: Villa T\u00edvoli, Barrio Parque Delfino, Barrio San Bernardo, Barrio Parque Golf, Villa Arcadia, Valle Hermoso y Barrio La Cumbre.<\/p>\n<p>Esta regi\u00f3n serrana se encuentra a 47 km de la ciudad de\u00a0<a title=\"Tornquist\" href=\"https:\/\/es.wikipedia.org\/wiki\/Tornquist\">Tornquist<\/a>, a 42 km de\u00a0<a title=\"Coronel Pringles\" href=\"https:\/\/es.wikipedia.org\/wiki\/Coronel_Pringles\">Coronel Pringles<\/a>\u00a0por camino de ripio o 95 km por ruta, a 125 km de la ciudad de\u00a0<a title=\"Bah\u00eda Blanca\" href=\"https:\/\/es.wikipedia.org\/wiki\/Bah%C3%ADa_Blanca\">Bah\u00eda Blanca<\/a>; a 556 km de la ciudad Capital Federal\u00a0<a title=\"Buenos Aires\" href=\"https:\/\/es.wikipedia.org\/wiki\/Buenos_Aires\">Buenos Aires<\/a>. Se accede desde\u00a0<a title=\"Ruta Provincial 76 (Buenos Aires)\" href=\"https:\/\/es.wikipedia.org\/wiki\/Ruta_Provincial_76_(Buenos_Aires)\">RP 76<\/a>, por\u00a0<a title=\"Ruta Provincial 72 (Buenos Aires)\" href=\"https:\/\/es.wikipedia.org\/wiki\/Ruta_Provincial_72_(Buenos_Aires)\">RP 72<\/a>\u00a0(a 12 km). La opci\u00f3n desde\u00a0<a title=\"Buenos Aires\" href=\"https:\/\/es.wikipedia.org\/wiki\/Buenos_Aires\">Buenos Aires<\/a>\u00a0es tomar la\u00a0<a title=\"Ruta Nacional 3 (Argentina)\" href=\"https:\/\/es.wikipedia.org\/wiki\/Ruta_Nacional_3_(Argentina)\">RN3<\/a>\u00a0hasta\u00a0<a title=\"Azul (Argentina)\" href=\"https:\/\/es.wikipedia.org\/wiki\/Azul_(Argentina)\">Azul<\/a>\u00a0donde se toma la\u00a0<a title=\"Ruta Provincial 51 (Buenos Aires)\" href=\"https:\/\/es.wikipedia.org\/wiki\/Ruta_Provincial_51_(Buenos_Aires)\">RP 51<\/a>, y luego continuar hacia el sur optando por la\u00a0<a title=\"Ruta Provincial 76 (Buenos Aires)\" href=\"https:\/\/es.wikipedia.org\/wiki\/Ruta_Provincial_76_(Buenos_Aires)\">RP76<\/a>, o seguir hasta\u00a0<a title=\"Ruta Provincial 72 (Buenos Aires)\" href=\"https:\/\/es.wikipedia.org\/wiki\/Ruta_Provincial_72_(Buenos_Aires)\">RP 72<\/a>\u00a0y pasar por la localidad de\u00a0<a title=\"Saldungaray\" href=\"https:\/\/es.wikipedia.org\/wiki\/Saldungaray\">Saldungaray<\/a>.<\/p>\n<p><a href=\"http:\/\/www.noticiasradioreflejos.com.ar\/noticias\/wp-content\/uploads\/2017\/04\/Sierra-de-la-Ventana.jpg\"><img loading=\"lazy\" decoding=\"async\" class=\"aligncenter size-large wp-image-9552\" src=\"http:\/\/www.noticiasradioreflejos.com.ar\/noticias\/wp-content\/uploads\/2017\/04\/Sierra-de-la-Ventana-1024x768.jpg\" alt=\"Sierra de la Ventana\" width=\"1024\" height=\"768\" srcset=\"https:\/\/www.noticiasradioreflejos.com.ar\/2021\/wp-content\/uploads\/2017\/04\/Sierra-de-la-Ventana-1024x768.jpg 1024w, https:\/\/www.noticiasradioreflejos.com.ar\/2021\/wp-content\/uploads\/2017\/04\/Sierra-de-la-Ventana-300x225.jpg 300w, https:\/\/www.noticiasradioreflejos.com.ar\/2021\/wp-content\/uploads\/2017\/04\/Sierra-de-la-Ventana-768x576.jpg 768w, https:\/\/www.noticiasradioreflejos.com.ar\/2021\/wp-content\/uploads\/2017\/04\/Sierra-de-la-Ventana-750x563.jpg 750w, https:\/\/www.noticiasradioreflejos.com.ar\/2021\/wp-content\/uploads\/2017\/04\/Sierra-de-la-Ventana-1140x855.jpg 1140w, https:\/\/www.noticiasradioreflejos.com.ar\/2021\/wp-content\/uploads\/2017\/04\/Sierra-de-la-Ventana.jpg 1200w\" sizes=\"auto, (max-width: 1024px) 100vw, 1024px\" \/><\/a><\/p>\n<p>Desde Buenos Aires se puede llegar a Sierra de la Ventana en\u00a0<a title=\"Autob\u00fas\" href=\"https:\/\/es.wikipedia.org\/wiki\/Autob%C3%BAs\">micros<\/a>\u00a0que parten de la\u00a0<a title=\"Terminal de \u00d3mnibus de Retiro\" href=\"https:\/\/es.wikipedia.org\/wiki\/Terminal_de_%C3%93mnibus_de_Retiro\">Estaci\u00f3n Retiro<\/a>\u00a0todos los d\u00edas con excepci\u00f3n de los s\u00e1bados.<\/p>\n<p>Se puede llegar a la localidad de\u00a0<a title=\"\" href=\"https:\/\/es.wikipedia.org\/wiki\/Tornquist\">Tornquist<\/a>, distante unos 50 km de Sierra, en\u00a0<a title=\"Tren\" href=\"https:\/\/es.wikipedia.org\/wiki\/Tren\">trenes<\/a>\u00a0provenientes de\u00a0<a title=\"Estaci\u00f3n Constituci\u00f3n (Roca)\" href=\"https:\/\/es.wikipedia.org\/wiki\/Estaci%C3%B3n_Constituci%C3%B3n_(Roca)\">Estaci\u00f3n Constituci\u00f3n<\/a>, en determinados d\u00edas y horarios por intermedio de un servicio brindado por la empresa \u00ab<a title=\"Trenes Argentinos Operaciones\" href=\"https:\/\/es.wikipedia.org\/wiki\/Trenes_Argentinos_Operaciones\">Trenes Argentinos<\/a>\u00ab. El servicio ferroviario que pasaba por\u00a0<a title=\"Coronel Pringles\" href=\"https:\/\/es.wikipedia.org\/wiki\/Coronel_Pringles\">Cnel. Pringles<\/a>,\u00a0<a title=\"Saldungaray\" href=\"https:\/\/es.wikipedia.org\/wiki\/Saldungaray\">Saldungaray<\/a>,\u00a0<a title=\"Laprida (Buenos Aires)\" href=\"https:\/\/es.wikipedia.org\/wiki\/Laprida_(Buenos_Aires)\">Laprida<\/a>\u00a0y Sierra de la Ventana fue suspendido en el 2016 y desactivado <sup id=\"cite_ref-1\" class=\"reference separada\"><a href=\"https:\/\/es.wikipedia.org\/wiki\/Sierra_de_la_Ventana#cite_note-1\">1<\/a><\/sup>. en marzo del 2018, por liquidaci\u00f3n de\u00a0<a title=\"Ferrobaires\" href=\"https:\/\/es.wikipedia.org\/wiki\/Ferrobaires\">Ferrobaires<\/a>.<\/p>\n<p>La estaci\u00f3n Sierra de la Ventana se transform\u00f3 en un gran museo armado a pulm\u00f3n por su \u00faltimo jefe, de tradici\u00f3n ferroviaria.<sup id=\"cite_ref-2\" class=\"reference separada\"><a href=\"https:\/\/es.wikipedia.org\/wiki\/Sierra_de_la_Ventana#cite_note-2\">2<\/a><\/sup><\/p>\n<p><a href=\"http:\/\/www.noticiasradioreflejos.com.ar\/noticias\/wp-content\/uploads\/2020\/01\/Puente-Blanco-1929.jpg\"><img loading=\"lazy\" decoding=\"async\" class=\"aligncenter size-full wp-image-37905\" src=\"http:\/\/www.noticiasradioreflejos.com.ar\/noticias\/wp-content\/uploads\/2020\/01\/Puente-Blanco-1929.jpg\" alt=\"Puente Blanco - 1929\" width=\"829\" height=\"481\" \/><\/a><\/p>\n","protected":false},"excerpt":{"rendered":"<p>A partir de las 9,30 hs se realizar\u00e1 el acto oficial en Av. Malvinas y Dorrego, posteriormente se realizar\u00e1 un homenaje al Dr. Julio Hector Pugliese y por la tarde, desde las 19 hs la c\u00e1mara de comercio organiz\u00f3 eventos musicales en varios puntos del centro comercial. Sierra de la Ventana\u00a0es una localidad ubicada en [&hellip;]<\/p>\n","protected":false},"author":3,"featured_media":0,"comment_status":"closed","ping_status":"open","sticky":false,"template":"","format":"standard","meta":{"footnotes":""},"categories":[26],"tags":[],"class_list":["post-37925","post","type-post","status-publish","format-standard","hentry","category-sociedad"],"yoast_head":"<!-- This site is optimized with the Yoast SEO plugin v25.9 - https:\/\/yoast.com\/wordpress\/plugins\/seo\/ -->\n<title>Sierra de la Ventana celebra hoy su 112\u00b0 Aniversario - Noticias Radio Reflejos<\/title>\n<meta name=\"robots\" content=\"index, follow, max-snippet:-1, max-image-preview:large, max-video-preview:-1\" \/>\n<link rel=\"canonical\" href=\"https:\/\/www.noticiasradioreflejos.com.ar\/2021\/sierra-de-la-ventana-celebra-hoy-su-112-aniversario\/\" \/>\n<meta property=\"og:locale\" content=\"es_ES\" \/>\n<meta property=\"og:type\" content=\"article\" \/>\n<meta property=\"og:title\" content=\"Sierra de la Ventana celebra hoy su 112\u00b0 Aniversario - Noticias Radio Reflejos\" \/>\n<meta property=\"og:description\" content=\"A partir de las 9,30 hs se realizar\u00e1 el acto oficial en Av. Malvinas y Dorrego, posteriormente se realizar\u00e1 un homenaje al Dr. Julio Hector Pugliese y por la tarde, desde las 19 hs la c\u00e1mara de comercio organiz\u00f3 eventos musicales en varios puntos del centro comercial. Sierra de la Ventana\u00a0es una localidad ubicada en [&hellip;]\" \/>\n<meta property=\"og:url\" content=\"https:\/\/www.noticiasradioreflejos.com.ar\/2021\/sierra-de-la-ventana-celebra-hoy-su-112-aniversario\/\" \/>\n<meta property=\"og:site_name\" content=\"Noticias Radio Reflejos\" \/>\n<meta property=\"article:published_time\" content=\"2020-01-17T11:05:36+00:00\" \/>\n<meta property=\"og:image\" content=\"https:\/\/www.noticiasradioreflejos.com.ar\/2021\/wp-content\/uploads\/2021\/07\/logosol300x200.png\" \/>\n\t<meta property=\"og:image:width\" content=\"300\" \/>\n\t<meta property=\"og:image:height\" content=\"200\" \/>\n\t<meta property=\"og:image:type\" content=\"image\/png\" \/>\n<meta name=\"author\" content=\"Arnaldo Botto\" \/>\n<meta name=\"twitter:card\" content=\"summary_large_image\" \/>\n<script type=\"application\/ld+json\" class=\"yoast-schema-graph\">{\"@context\":\"https:\/\/schema.org\",\"@graph\":[{\"@type\":\"WebPage\",\"@id\":\"https:\/\/www.noticiasradioreflejos.com.ar\/2021\/sierra-de-la-ventana-celebra-hoy-su-112-aniversario\/\",\"url\":\"https:\/\/www.noticiasradioreflejos.com.ar\/2021\/sierra-de-la-ventana-celebra-hoy-su-112-aniversario\/\",\"name\":\"Sierra de la Ventana celebra hoy su 112\u00b0 Aniversario - Noticias Radio Reflejos\",\"isPartOf\":{\"@id\":\"https:\/\/www.noticiasradioreflejos.com.ar\/2021\/#website\"},\"primaryImageOfPage\":{\"@id\":\"https:\/\/www.noticiasradioreflejos.com.ar\/2021\/sierra-de-la-ventana-celebra-hoy-su-112-aniversario\/#primaryimage\"},\"image\":{\"@id\":\"https:\/\/www.noticiasradioreflejos.com.ar\/2021\/sierra-de-la-ventana-celebra-hoy-su-112-aniversario\/#primaryimage\"},\"thumbnailUrl\":\"http:\/\/www.noticiasradioreflejos.com.ar\/noticias\/wp-content\/uploads\/2018\/01\/imagen-desde-el-cerro-300x133.jpg\",\"datePublished\":\"2020-01-17T11:05:36+00:00\",\"author\":{\"@id\":\"https:\/\/www.noticiasradioreflejos.com.ar\/2021\/#\/schema\/person\/ad82545263dcc5ec0996818884fd5fb1\"},\"breadcrumb\":{\"@id\":\"https:\/\/www.noticiasradioreflejos.com.ar\/2021\/sierra-de-la-ventana-celebra-hoy-su-112-aniversario\/#breadcrumb\"},\"inLanguage\":\"es\",\"potentialAction\":[{\"@type\":\"ReadAction\",\"target\":[\"https:\/\/www.noticiasradioreflejos.com.ar\/2021\/sierra-de-la-ventana-celebra-hoy-su-112-aniversario\/\"]}]},{\"@type\":\"ImageObject\",\"inLanguage\":\"es\",\"@id\":\"https:\/\/www.noticiasradioreflejos.com.ar\/2021\/sierra-de-la-ventana-celebra-hoy-su-112-aniversario\/#primaryimage\",\"url\":\"http:\/\/www.noticiasradioreflejos.com.ar\/noticias\/wp-content\/uploads\/2018\/01\/imagen-desde-el-cerro-300x133.jpg\",\"contentUrl\":\"http:\/\/www.noticiasradioreflejos.com.ar\/noticias\/wp-content\/uploads\/2018\/01\/imagen-desde-el-cerro-300x133.jpg\"},{\"@type\":\"BreadcrumbList\",\"@id\":\"https:\/\/www.noticiasradioreflejos.com.ar\/2021\/sierra-de-la-ventana-celebra-hoy-su-112-aniversario\/#breadcrumb\",\"itemListElement\":[{\"@type\":\"ListItem\",\"position\":1,\"name\":\"Portada\",\"item\":\"https:\/\/www.noticiasradioreflejos.com.ar\/2021\/\"},{\"@type\":\"ListItem\",\"position\":2,\"name\":\"Sierra de la Ventana celebra hoy su 112\u00b0 Aniversario\"}]},{\"@type\":\"WebSite\",\"@id\":\"https:\/\/www.noticiasradioreflejos.com.ar\/2021\/#website\",\"url\":\"https:\/\/www.noticiasradioreflejos.com.ar\/2021\/\",\"name\":\"Noticias Radio Reflejos\",\"description\":\"Las noticias de mi comarca\",\"potentialAction\":[{\"@type\":\"SearchAction\",\"target\":{\"@type\":\"EntryPoint\",\"urlTemplate\":\"https:\/\/www.noticiasradioreflejos.com.ar\/2021\/?s={search_term_string}\"},\"query-input\":{\"@type\":\"PropertyValueSpecification\",\"valueRequired\":true,\"valueName\":\"search_term_string\"}}],\"inLanguage\":\"es\"},{\"@type\":\"Person\",\"@id\":\"https:\/\/www.noticiasradioreflejos.com.ar\/2021\/#\/schema\/person\/ad82545263dcc5ec0996818884fd5fb1\",\"name\":\"Arnaldo Botto\",\"image\":{\"@type\":\"ImageObject\",\"inLanguage\":\"es\",\"@id\":\"https:\/\/www.noticiasradioreflejos.com.ar\/2021\/#\/schema\/person\/image\/\",\"url\":\"https:\/\/secure.gravatar.com\/avatar\/55cb5e37c1efa326397366e6974cb338056df65cb50e7d64d1cf314e87504837?s=96&d=mm&r=g\",\"contentUrl\":\"https:\/\/secure.gravatar.com\/avatar\/55cb5e37c1efa326397366e6974cb338056df65cb50e7d64d1cf314e87504837?s=96&d=mm&r=g\",\"caption\":\"Arnaldo Botto\"},\"url\":\"https:\/\/www.noticiasradioreflejos.com.ar\/2021\/author\/arnaldo\/\"}]}<\/script>\n<!-- \/ Yoast SEO plugin. -->","yoast_head_json":{"title":"Sierra de la Ventana celebra hoy su 112\u00b0 Aniversario - Noticias Radio Reflejos","robots":{"index":"index","follow":"follow","max-snippet":"max-snippet:-1","max-image-preview":"max-image-preview:large","max-video-preview":"max-video-preview:-1"},"canonical":"https:\/\/www.noticiasradioreflejos.com.ar\/2021\/sierra-de-la-ventana-celebra-hoy-su-112-aniversario\/","og_locale":"es_ES","og_type":"article","og_title":"Sierra de la Ventana celebra hoy su 112\u00b0 Aniversario - Noticias Radio Reflejos","og_description":"A partir de las 9,30 hs se realizar\u00e1 el acto oficial en Av. Malvinas y Dorrego, posteriormente se realizar\u00e1 un homenaje al Dr. Julio Hector Pugliese y por la tarde, desde las 19 hs la c\u00e1mara de comercio organiz\u00f3 eventos musicales en varios puntos del centro comercial. Sierra de la Ventana\u00a0es una localidad ubicada en [&hellip;]","og_url":"https:\/\/www.noticiasradioreflejos.com.ar\/2021\/sierra-de-la-ventana-celebra-hoy-su-112-aniversario\/","og_site_name":"Noticias Radio Reflejos","article_published_time":"2020-01-17T11:05:36+00:00","og_image":[{"width":300,"height":200,"url":"https:\/\/www.noticiasradioreflejos.com.ar\/2021\/wp-content\/uploads\/2021\/07\/logosol300x200.png","type":"image\/png"}],"author":"Arnaldo Botto","twitter_card":"summary_large_image","schema":{"@context":"https:\/\/schema.org","@graph":[{"@type":"WebPage","@id":"https:\/\/www.noticiasradioreflejos.com.ar\/2021\/sierra-de-la-ventana-celebra-hoy-su-112-aniversario\/","url":"https:\/\/www.noticiasradioreflejos.com.ar\/2021\/sierra-de-la-ventana-celebra-hoy-su-112-aniversario\/","name":"Sierra de la Ventana celebra hoy su 112\u00b0 Aniversario - Noticias Radio Reflejos","isPartOf":{"@id":"https:\/\/www.noticiasradioreflejos.com.ar\/2021\/#website"},"primaryImageOfPage":{"@id":"https:\/\/www.noticiasradioreflejos.com.ar\/2021\/sierra-de-la-ventana-celebra-hoy-su-112-aniversario\/#primaryimage"},"image":{"@id":"https:\/\/www.noticiasradioreflejos.com.ar\/2021\/sierra-de-la-ventana-celebra-hoy-su-112-aniversario\/#primaryimage"},"thumbnailUrl":"http:\/\/www.noticiasradioreflejos.com.ar\/noticias\/wp-content\/uploads\/2018\/01\/imagen-desde-el-cerro-300x133.jpg","datePublished":"2020-01-17T11:05:36+00:00","author":{"@id":"https:\/\/www.noticiasradioreflejos.com.ar\/2021\/#\/schema\/person\/ad82545263dcc5ec0996818884fd5fb1"},"breadcrumb":{"@id":"https:\/\/www.noticiasradioreflejos.com.ar\/2021\/sierra-de-la-ventana-celebra-hoy-su-112-aniversario\/#breadcrumb"},"inLanguage":"es","potentialAction":[{"@type":"ReadAction","target":["https:\/\/www.noticiasradioreflejos.com.ar\/2021\/sierra-de-la-ventana-celebra-hoy-su-112-aniversario\/"]}]},{"@type":"ImageObject","inLanguage":"es","@id":"https:\/\/www.noticiasradioreflejos.com.ar\/2021\/sierra-de-la-ventana-celebra-hoy-su-112-aniversario\/#primaryimage","url":"http:\/\/www.noticiasradioreflejos.com.ar\/noticias\/wp-content\/uploads\/2018\/01\/imagen-desde-el-cerro-300x133.jpg","contentUrl":"http:\/\/www.noticiasradioreflejos.com.ar\/noticias\/wp-content\/uploads\/2018\/01\/imagen-desde-el-cerro-300x133.jpg"},{"@type":"BreadcrumbList","@id":"https:\/\/www.noticiasradioreflejos.com.ar\/2021\/sierra-de-la-ventana-celebra-hoy-su-112-aniversario\/#breadcrumb","itemListElement":[{"@type":"ListItem","position":1,"name":"Portada","item":"https:\/\/www.noticiasradioreflejos.com.ar\/2021\/"},{"@type":"ListItem","position":2,"name":"Sierra de la Ventana celebra hoy su 112\u00b0 Aniversario"}]},{"@type":"WebSite","@id":"https:\/\/www.noticiasradioreflejos.com.ar\/2021\/#website","url":"https:\/\/www.noticiasradioreflejos.com.ar\/2021\/","name":"Noticias Radio Reflejos","description":"Las noticias de mi comarca","potentialAction":[{"@type":"SearchAction","target":{"@type":"EntryPoint","urlTemplate":"https:\/\/www.noticiasradioreflejos.com.ar\/2021\/?s={search_term_string}"},"query-input":{"@type":"PropertyValueSpecification","valueRequired":true,"valueName":"search_term_string"}}],"inLanguage":"es"},{"@type":"Person","@id":"https:\/\/www.noticiasradioreflejos.com.ar\/2021\/#\/schema\/person\/ad82545263dcc5ec0996818884fd5fb1","name":"Arnaldo Botto","image":{"@type":"ImageObject","inLanguage":"es","@id":"https:\/\/www.noticiasradioreflejos.com.ar\/2021\/#\/schema\/person\/image\/","url":"https:\/\/secure.gravatar.com\/avatar\/55cb5e37c1efa326397366e6974cb338056df65cb50e7d64d1cf314e87504837?s=96&d=mm&r=g","contentUrl":"https:\/\/secure.gravatar.com\/avatar\/55cb5e37c1efa326397366e6974cb338056df65cb50e7d64d1cf314e87504837?s=96&d=mm&r=g","caption":"Arnaldo Botto"},"url":"https:\/\/www.noticiasradioreflejos.com.ar\/2021\/author\/arnaldo\/"}]}},"_links":{"self":[{"href":"https:\/\/www.noticiasradioreflejos.com.ar\/2021\/wp-json\/wp\/v2\/posts\/37925","targetHints":{"allow":["GET"]}}],"collection":[{"href":"https:\/\/www.noticiasradioreflejos.com.ar\/2021\/wp-json\/wp\/v2\/posts"}],"about":[{"href":"https:\/\/www.noticiasradioreflejos.com.ar\/2021\/wp-json\/wp\/v2\/types\/post"}],"author":[{"embeddable":true,"href":"https:\/\/www.noticiasradioreflejos.com.ar\/2021\/wp-json\/wp\/v2\/users\/3"}],"replies":[{"embeddable":true,"href":"https:\/\/www.noticiasradioreflejos.com.ar\/2021\/wp-json\/wp\/v2\/comments?post=37925"}],"version-history":[{"count":0,"href":"https:\/\/www.noticiasradioreflejos.com.ar\/2021\/wp-json\/wp\/v2\/posts\/37925\/revisions"}],"wp:attachment":[{"href":"https:\/\/www.noticiasradioreflejos.com.ar\/2021\/wp-json\/wp\/v2\/media?parent=37925"}],"wp:term":[{"taxonomy":"category","embeddable":true,"href":"https:\/\/www.noticiasradioreflejos.com.ar\/2021\/wp-json\/wp\/v2\/categories?post=37925"},{"taxonomy":"post_tag","embeddable":true,"href":"https:\/\/www.noticiasradioreflejos.com.ar\/2021\/wp-json\/wp\/v2\/tags?post=37925"}],"curies":[{"name":"wp","href":"https:\/\/api.w.org\/{rel}","templated":true}]}}