{"id":37921,"date":"2020-01-16T19:11:25","date_gmt":"2020-01-16T22:11:25","guid":{"rendered":"http:\/\/www.noticiasradioreflejos.com.ar\/noticias\/?p=37921"},"modified":"2020-01-16T19:11:25","modified_gmt":"2020-01-16T22:11:25","slug":"varios-intentos-de-cuento-del-tio-en-sierra-de-la-ventana","status":"publish","type":"post","link":"https:\/\/www.noticiasradioreflejos.com.ar\/2021\/varios-intentos-de-cuento-del-tio-en-sierra-de-la-ventana\/","title":{"rendered":"Varios intentos de \u00abCuento del T\u00edo\u00bb en Sierra de la Ventana."},"content":{"rendered":"<p><a title=\"julian\" href=\"http:\/\/live.staticflickr.com\/65535\/49396406057_63909d1aa1_s.jpg\" rel=\"\"><img loading=\"lazy\" decoding=\"async\" class=\"alignleft\" style=\"float: left;\" title=\"julian\" src=\"http:\/\/live.staticflickr.com\/65535\/49396406057_63909d1aa1.jpg\" alt=\"julian\" width=\"500\" height=\"438\" \/><\/a>Oyentes y lectores de nuestros medios manifiestan que se realizaron varios llamados durante el d\u00eda de hoy con la modalidad del \u00abCuento del T\u00edo\u00bb. Juli\u00e1n Mart\u00edn de Villa la arcadia fu\u00e9 el primero en escrachar en los medios el llamado, tomando una foto del tel\u00e9fono que recibi\u00f3 la llamada y el n\u00famero que lo realizaba, describiendo en su cuenta de Face el modus operandi de los delincuentes.<!--more--><br \/>\nSu publicaci\u00f3n dice: \u00abGente nos acaba de llamar un \u00absupuesto\u00bb abogado con relaci\u00f3n a ANSES, por una supuesta plata($95.000) mal liquidada de a\u00f1os a cobrar a favor de pap\u00e1, pidi\u00e9ndonos acercarnos a alg\u00fan cajero del banco para cobrar a trav\u00e9s de una transferencia inmediata el dinero. Supuestamente habi\u00e9ndonos enviado previamente a domicilio una carta documento(que no sucedi\u00f3) y diciendo que hoy se venc\u00eda el plazo de tiempo para cobrar o sino esa plata iba dirigida a una obra publica que despues nos iban a decir a cual.<br \/>\nLe cortamos y llamamos a Anses y nos comentaron que ellos no mandan a llamar a nadie a trav\u00e9s de ning\u00fan abogado.<br \/>\nObviamente algo relacionado al \u00abcuento del t\u00edo\u00bb.<br \/>\nSe los comento por si los llegan a llamar para que est\u00e9n al tanto e ignoren la llamada. Hay jubilados que les han vaciado sus ahorros\u00bb finaliz\u00f3<\/p>\n<p>Durante la tarde de hoy, tambien nos dan referencias de hechos similares en Valle Hermoso y el Barrio San Bernardo.<br \/>\nLa Secretar\u00eda de seguridad de Tornquist alert\u00f3 mediante un comunicado en el d\u00eda de ayer sobre estos hechos. <a href=\"http:\/\/www.noticiasradioreflejos.com.ar\/noticias\/index.php\/2020\/01\/15\/alertan-por-llamados-telefonicos-de-modalidad-cuento-del-tio\/\" target=\"_blank\" rel=\"noopener\"><strong>Ver Comunicado<\/strong><\/a><\/p>\n","protected":false},"excerpt":{"rendered":"<p>Oyentes y lectores de nuestros medios manifiestan que se realizaron varios llamados durante el d\u00eda de hoy con la modalidad del \u00abCuento del T\u00edo\u00bb. Juli\u00e1n Mart\u00edn de Villa la arcadia fu\u00e9 el primero en escrachar en los medios el llamado, tomando una foto del tel\u00e9fono que recibi\u00f3 la llamada y el n\u00famero que lo realizaba, [&hellip;]<\/p>\n","protected":false},"author":3,"featured_media":0,"comment_status":"closed","ping_status":"open","sticky":false,"template":"","format":"standard","meta":{"footnotes":""},"categories":[29],"tags":[],"class_list":["post-37921","post","type-post","status-publish","format-standard","hentry","category-policiales"],"yoast_head":"<!-- This site is optimized with the Yoast SEO plugin v25.9 - https:\/\/yoast.com\/wordpress\/plugins\/seo\/ -->\n<title>Varios intentos de &quot;Cuento del T\u00edo&quot; en Sierra de la Ventana. - Noticias Radio Reflejos<\/title>\n<meta name=\"robots\" content=\"index, follow, max-snippet:-1, max-image-preview:large, max-video-preview:-1\" \/>\n<link rel=\"canonical\" href=\"https:\/\/www.noticiasradioreflejos.com.ar\/2021\/varios-intentos-de-cuento-del-tio-en-sierra-de-la-ventana\/\" \/>\n<meta property=\"og:locale\" content=\"es_ES\" \/>\n<meta property=\"og:type\" content=\"article\" \/>\n<meta property=\"og:title\" content=\"Varios intentos de &quot;Cuento del T\u00edo&quot; en Sierra de la Ventana. - Noticias Radio Reflejos\" \/>\n<meta property=\"og:description\" content=\"Oyentes y lectores de nuestros medios manifiestan que se realizaron varios llamados durante el d\u00eda de hoy con la modalidad del \u00abCuento del T\u00edo\u00bb. Juli\u00e1n Mart\u00edn de Villa la arcadia fu\u00e9 el primero en escrachar en los medios el llamado, tomando una foto del tel\u00e9fono que recibi\u00f3 la llamada y el n\u00famero que lo realizaba, [&hellip;]\" \/>\n<meta property=\"og:url\" content=\"https:\/\/www.noticiasradioreflejos.com.ar\/2021\/varios-intentos-de-cuento-del-tio-en-sierra-de-la-ventana\/\" \/>\n<meta property=\"og:site_name\" content=\"Noticias Radio Reflejos\" \/>\n<meta property=\"article:published_time\" content=\"2020-01-16T22:11:25+00:00\" \/>\n<meta property=\"og:image\" content=\"http:\/\/live.staticflickr.com\/65535\/49396406057_63909d1aa1.jpg\" \/>\n<meta name=\"author\" content=\"Arnaldo Botto\" \/>\n<meta name=\"twitter:card\" content=\"summary_large_image\" \/>\n<script type=\"application\/ld+json\" class=\"yoast-schema-graph\">{\"@context\":\"https:\/\/schema.org\",\"@graph\":[{\"@type\":\"WebPage\",\"@id\":\"https:\/\/www.noticiasradioreflejos.com.ar\/2021\/varios-intentos-de-cuento-del-tio-en-sierra-de-la-ventana\/\",\"url\":\"https:\/\/www.noticiasradioreflejos.com.ar\/2021\/varios-intentos-de-cuento-del-tio-en-sierra-de-la-ventana\/\",\"name\":\"Varios intentos de \\\"Cuento del T\u00edo\\\" en Sierra de la Ventana. - Noticias Radio Reflejos\",\"isPartOf\":{\"@id\":\"https:\/\/www.noticiasradioreflejos.com.ar\/2021\/#website\"},\"primaryImageOfPage\":{\"@id\":\"https:\/\/www.noticiasradioreflejos.com.ar\/2021\/varios-intentos-de-cuento-del-tio-en-sierra-de-la-ventana\/#primaryimage\"},\"image\":{\"@id\":\"https:\/\/www.noticiasradioreflejos.com.ar\/2021\/varios-intentos-de-cuento-del-tio-en-sierra-de-la-ventana\/#primaryimage\"},\"thumbnailUrl\":\"http:\/\/live.staticflickr.com\/65535\/49396406057_63909d1aa1.jpg\",\"datePublished\":\"2020-01-16T22:11:25+00:00\",\"author\":{\"@id\":\"https:\/\/www.noticiasradioreflejos.com.ar\/2021\/#\/schema\/person\/ad82545263dcc5ec0996818884fd5fb1\"},\"breadcrumb\":{\"@id\":\"https:\/\/www.noticiasradioreflejos.com.ar\/2021\/varios-intentos-de-cuento-del-tio-en-sierra-de-la-ventana\/#breadcrumb\"},\"inLanguage\":\"es\",\"potentialAction\":[{\"@type\":\"ReadAction\",\"target\":[\"https:\/\/www.noticiasradioreflejos.com.ar\/2021\/varios-intentos-de-cuento-del-tio-en-sierra-de-la-ventana\/\"]}]},{\"@type\":\"ImageObject\",\"inLanguage\":\"es\",\"@id\":\"https:\/\/www.noticiasradioreflejos.com.ar\/2021\/varios-intentos-de-cuento-del-tio-en-sierra-de-la-ventana\/#primaryimage\",\"url\":\"http:\/\/live.staticflickr.com\/65535\/49396406057_63909d1aa1.jpg\",\"contentUrl\":\"http:\/\/live.staticflickr.com\/65535\/49396406057_63909d1aa1.jpg\"},{\"@type\":\"BreadcrumbList\",\"@id\":\"https:\/\/www.noticiasradioreflejos.com.ar\/2021\/varios-intentos-de-cuento-del-tio-en-sierra-de-la-ventana\/#breadcrumb\",\"itemListElement\":[{\"@type\":\"ListItem\",\"position\":1,\"name\":\"Portada\",\"item\":\"https:\/\/www.noticiasradioreflejos.com.ar\/2021\/\"},{\"@type\":\"ListItem\",\"position\":2,\"name\":\"Varios intentos de \u00abCuento del T\u00edo\u00bb en Sierra de la Ventana.\"}]},{\"@type\":\"WebSite\",\"@id\":\"https:\/\/www.noticiasradioreflejos.com.ar\/2021\/#website\",\"url\":\"https:\/\/www.noticiasradioreflejos.com.ar\/2021\/\",\"name\":\"Noticias Radio Reflejos\",\"description\":\"Las noticias de mi comarca\",\"potentialAction\":[{\"@type\":\"SearchAction\",\"target\":{\"@type\":\"EntryPoint\",\"urlTemplate\":\"https:\/\/www.noticiasradioreflejos.com.ar\/2021\/?s={search_term_string}\"},\"query-input\":{\"@type\":\"PropertyValueSpecification\",\"valueRequired\":true,\"valueName\":\"search_term_string\"}}],\"inLanguage\":\"es\"},{\"@type\":\"Person\",\"@id\":\"https:\/\/www.noticiasradioreflejos.com.ar\/2021\/#\/schema\/person\/ad82545263dcc5ec0996818884fd5fb1\",\"name\":\"Arnaldo Botto\",\"image\":{\"@type\":\"ImageObject\",\"inLanguage\":\"es\",\"@id\":\"https:\/\/www.noticiasradioreflejos.com.ar\/2021\/#\/schema\/person\/image\/\",\"url\":\"https:\/\/secure.gravatar.com\/avatar\/55cb5e37c1efa326397366e6974cb338056df65cb50e7d64d1cf314e87504837?s=96&d=mm&r=g\",\"contentUrl\":\"https:\/\/secure.gravatar.com\/avatar\/55cb5e37c1efa326397366e6974cb338056df65cb50e7d64d1cf314e87504837?s=96&d=mm&r=g\",\"caption\":\"Arnaldo Botto\"},\"url\":\"https:\/\/www.noticiasradioreflejos.com.ar\/2021\/author\/arnaldo\/\"}]}<\/script>\n<!-- \/ Yoast SEO plugin. -->","yoast_head_json":{"title":"Varios intentos de \"Cuento del T\u00edo\" en Sierra de la Ventana. - Noticias Radio Reflejos","robots":{"index":"index","follow":"follow","max-snippet":"max-snippet:-1","max-image-preview":"max-image-preview:large","max-video-preview":"max-video-preview:-1"},"canonical":"https:\/\/www.noticiasradioreflejos.com.ar\/2021\/varios-intentos-de-cuento-del-tio-en-sierra-de-la-ventana\/","og_locale":"es_ES","og_type":"article","og_title":"Varios intentos de \"Cuento del T\u00edo\" en Sierra de la Ventana. - Noticias Radio Reflejos","og_description":"Oyentes y lectores de nuestros medios manifiestan que se realizaron varios llamados durante el d\u00eda de hoy con la modalidad del \u00abCuento del T\u00edo\u00bb. Juli\u00e1n Mart\u00edn de Villa la arcadia fu\u00e9 el primero en escrachar en los medios el llamado, tomando una foto del tel\u00e9fono que recibi\u00f3 la llamada y el n\u00famero que lo realizaba, [&hellip;]","og_url":"https:\/\/www.noticiasradioreflejos.com.ar\/2021\/varios-intentos-de-cuento-del-tio-en-sierra-de-la-ventana\/","og_site_name":"Noticias Radio Reflejos","article_published_time":"2020-01-16T22:11:25+00:00","og_image":[{"url":"http:\/\/live.staticflickr.com\/65535\/49396406057_63909d1aa1.jpg","type":"","width":"","height":""}],"author":"Arnaldo Botto","twitter_card":"summary_large_image","schema":{"@context":"https:\/\/schema.org","@graph":[{"@type":"WebPage","@id":"https:\/\/www.noticiasradioreflejos.com.ar\/2021\/varios-intentos-de-cuento-del-tio-en-sierra-de-la-ventana\/","url":"https:\/\/www.noticiasradioreflejos.com.ar\/2021\/varios-intentos-de-cuento-del-tio-en-sierra-de-la-ventana\/","name":"Varios intentos de \"Cuento del T\u00edo\" en Sierra de la Ventana. - Noticias Radio Reflejos","isPartOf":{"@id":"https:\/\/www.noticiasradioreflejos.com.ar\/2021\/#website"},"primaryImageOfPage":{"@id":"https:\/\/www.noticiasradioreflejos.com.ar\/2021\/varios-intentos-de-cuento-del-tio-en-sierra-de-la-ventana\/#primaryimage"},"image":{"@id":"https:\/\/www.noticiasradioreflejos.com.ar\/2021\/varios-intentos-de-cuento-del-tio-en-sierra-de-la-ventana\/#primaryimage"},"thumbnailUrl":"http:\/\/live.staticflickr.com\/65535\/49396406057_63909d1aa1.jpg","datePublished":"2020-01-16T22:11:25+00:00","author":{"@id":"https:\/\/www.noticiasradioreflejos.com.ar\/2021\/#\/schema\/person\/ad82545263dcc5ec0996818884fd5fb1"},"breadcrumb":{"@id":"https:\/\/www.noticiasradioreflejos.com.ar\/2021\/varios-intentos-de-cuento-del-tio-en-sierra-de-la-ventana\/#breadcrumb"},"inLanguage":"es","potentialAction":[{"@type":"ReadAction","target":["https:\/\/www.noticiasradioreflejos.com.ar\/2021\/varios-intentos-de-cuento-del-tio-en-sierra-de-la-ventana\/"]}]},{"@type":"ImageObject","inLanguage":"es","@id":"https:\/\/www.noticiasradioreflejos.com.ar\/2021\/varios-intentos-de-cuento-del-tio-en-sierra-de-la-ventana\/#primaryimage","url":"http:\/\/live.staticflickr.com\/65535\/49396406057_63909d1aa1.jpg","contentUrl":"http:\/\/live.staticflickr.com\/65535\/49396406057_63909d1aa1.jpg"},{"@type":"BreadcrumbList","@id":"https:\/\/www.noticiasradioreflejos.com.ar\/2021\/varios-intentos-de-cuento-del-tio-en-sierra-de-la-ventana\/#breadcrumb","itemListElement":[{"@type":"ListItem","position":1,"name":"Portada","item":"https:\/\/www.noticiasradioreflejos.com.ar\/2021\/"},{"@type":"ListItem","position":2,"name":"Varios intentos de \u00abCuento del T\u00edo\u00bb en Sierra de la Ventana."}]},{"@type":"WebSite","@id":"https:\/\/www.noticiasradioreflejos.com.ar\/2021\/#website","url":"https:\/\/www.noticiasradioreflejos.com.ar\/2021\/","name":"Noticias Radio Reflejos","description":"Las noticias de mi comarca","potentialAction":[{"@type":"SearchAction","target":{"@type":"EntryPoint","urlTemplate":"https:\/\/www.noticiasradioreflejos.com.ar\/2021\/?s={search_term_string}"},"query-input":{"@type":"PropertyValueSpecification","valueRequired":true,"valueName":"search_term_string"}}],"inLanguage":"es"},{"@type":"Person","@id":"https:\/\/www.noticiasradioreflejos.com.ar\/2021\/#\/schema\/person\/ad82545263dcc5ec0996818884fd5fb1","name":"Arnaldo Botto","image":{"@type":"ImageObject","inLanguage":"es","@id":"https:\/\/www.noticiasradioreflejos.com.ar\/2021\/#\/schema\/person\/image\/","url":"https:\/\/secure.gravatar.com\/avatar\/55cb5e37c1efa326397366e6974cb338056df65cb50e7d64d1cf314e87504837?s=96&d=mm&r=g","contentUrl":"https:\/\/secure.gravatar.com\/avatar\/55cb5e37c1efa326397366e6974cb338056df65cb50e7d64d1cf314e87504837?s=96&d=mm&r=g","caption":"Arnaldo Botto"},"url":"https:\/\/www.noticiasradioreflejos.com.ar\/2021\/author\/arnaldo\/"}]}},"_links":{"self":[{"href":"https:\/\/www.noticiasradioreflejos.com.ar\/2021\/wp-json\/wp\/v2\/posts\/37921","targetHints":{"allow":["GET"]}}],"collection":[{"href":"https:\/\/www.noticiasradioreflejos.com.ar\/2021\/wp-json\/wp\/v2\/posts"}],"about":[{"href":"https:\/\/www.noticiasradioreflejos.com.ar\/2021\/wp-json\/wp\/v2\/types\/post"}],"author":[{"embeddable":true,"href":"https:\/\/www.noticiasradioreflejos.com.ar\/2021\/wp-json\/wp\/v2\/users\/3"}],"replies":[{"embeddable":true,"href":"https:\/\/www.noticiasradioreflejos.com.ar\/2021\/wp-json\/wp\/v2\/comments?post=37921"}],"version-history":[{"count":0,"href":"https:\/\/www.noticiasradioreflejos.com.ar\/2021\/wp-json\/wp\/v2\/posts\/37921\/revisions"}],"wp:attachment":[{"href":"https:\/\/www.noticiasradioreflejos.com.ar\/2021\/wp-json\/wp\/v2\/media?parent=37921"}],"wp:term":[{"taxonomy":"category","embeddable":true,"href":"https:\/\/www.noticiasradioreflejos.com.ar\/2021\/wp-json\/wp\/v2\/categories?post=37921"},{"taxonomy":"post_tag","embeddable":true,"href":"https:\/\/www.noticiasradioreflejos.com.ar\/2021\/wp-json\/wp\/v2\/tags?post=37921"}],"curies":[{"name":"wp","href":"https:\/\/api.w.org\/{rel}","templated":true}]}}