{"id":37914,"date":"2020-01-16T18:50:06","date_gmt":"2020-01-16T21:50:06","guid":{"rendered":"http:\/\/www.noticiasradioreflejos.com.ar\/noticias\/?p=37914"},"modified":"2020-01-16T18:50:06","modified_gmt":"2020-01-16T21:50:06","slug":"el-municipio-sigue-con-el-modelo-un-gobierno-para-pocos-este-tipo-de-politicas-va-en-contra-de-los-que-menos-tienen","status":"publish","type":"post","link":"https:\/\/www.noticiasradioreflejos.com.ar\/2021\/el-municipio-sigue-con-el-modelo-un-gobierno-para-pocos-este-tipo-de-politicas-va-en-contra-de-los-que-menos-tienen\/","title":{"rendered":"\u00abEl municipio sigue con el modelo, un gobierno para pocos. Este tipo de pol\u00edticas va en contra de los que menos tienen\u00bb."},"content":{"rendered":"<p><a title=\"IMG-20200109-WA0002\" href=\"http:\/\/live.staticflickr.com\/65535\/49395370373_2a2e7f7c0d_s.jpg\" rel=\"\"><img loading=\"lazy\" decoding=\"async\" style=\"float: left;\" title=\"IMG-20200109-WA0002\" src=\"http:\/\/live.staticflickr.com\/65535\/49395370373_2a2e7f7c0d.jpg\" alt=\"IMG-20200109-WA0002\" width=\"375\" height=\"500\" \/><\/a>Dos vecinos de la comarca pidieron espacio en la radio para hacer conocer fallas y falencias del gobierno municipal que incluyen, graves problemas en salud, falta de respuesta a pedidos de informe de los concejales opositores y denunciaron hechos que no se dieron a conocer p\u00fablicamente.<br \/>\n<strong>Jos\u00e9 Luis Medina<\/strong>, comerciante y vecino de Villa Ventana junto a <strong>Germ\u00e1n Mend\u00eda<\/strong>, funcionario de IOMA a nivel local, se expresaron duramente en los micr\u00f3fonos de FM Reflejos contra el gobierno de <strong>Bordoni.<\/strong><\/p>\n<p>Cr\u00e1teres que se abren en las calles, escuela de Villa Ventana y unidad sanitaria de Sierra de la Ventana inundadas, un presupuesto \u00aben terapia intensiva\u00bb, falta de cobertura de la ART a los empleados municipales por falta de pago y \u00ab2000 millones que no aparecen\u00bb, un cami\u00f3n compactador que se qued\u00f3 sin frenos y los empleados que se tuvieron que tirar del veh\u00edculo antes que se estrelle contra los \u00e1rboles, etc, son algunos de los hechos denunciados..<!--more--><\/p>\n<p>Dos vecinos de la comarca pidieron espacio en la radio para poder expresar su disconformidad con el gobierno municipal y hacer conocer a la comunidad varios eventos que tuvieron lugar en Villa y Sierra de la Ventana sin que se emitieran informes oficiales por lo ocurrido.<br \/>\n<a title=\"IMG-20200109-WA0012\" href=\"http:\/\/live.staticflickr.com\/65535\/49395850976_33004b54a7_s.jpg\" rel=\"\"><img loading=\"lazy\" decoding=\"async\" class=\"alignleft\" style=\"float: left;\" title=\"IMG-20200109-WA0012\" src=\"http:\/\/live.staticflickr.com\/65535\/49395850976_33004b54a7_z.jpg\" alt=\"IMG-20200109-WA0012\" width=\"480\" height=\"640\" \/><\/a>\u00abSe tiran ideas que nunca son escuchadas\u00bb, desliza Medina en el inicio de la nota, y para seguir reforzando la idea dice:\u00bbBordoni y Gabella hablan de consensos y s\u00f3lo en 4 a\u00f1os hicieron valer la mayor\u00eda\u00bb.<br \/>\n\u00abDesde hace cuatro a\u00f1os que venimos cuestionando y analizando desde el espacio donde uno est\u00e1 militando, como es el Frente de Todos, y el caso es que nuestros concejales hicieron 32 pedidos de informe que nunca fueron contestados\u00bb, asegur\u00f3 Medina.<br \/>\n\u00abVemos que las obras p\u00fablicas que fueron ejecutadas en estos 4 a\u00f1os por este gobierno y el de Mar\u00eda Eugenia Vidal hoy est\u00e1n colapsando\u00bb, puntualiz\u00f3 Medina en referencia a los desag\u00fces pluviales que se hicieron en Sierra de la Ventana.<br \/>\nPor su parte Mend\u00eda denuncia que no se ven controles de las obras: \u00abSe ven las cr\u00f3nicas de muertes anunciadas\u00bb dispar\u00f3, en referencia a obras ejecutadas por la actual administraci\u00f3n, y sigui\u00f3 con: \u00abNosotros podemos decir que son lluvias excepcionales que hac\u00eda rato que no ca\u00eda tanta agua; mi casa est\u00e1 hecha como corresponde y no entr\u00f3 una sola gota, y en la sala de Sierra de la Ventana los pacientes estuvieron con el agua hasta el cuello, ah\u00ed no pod\u00e9s estar internado\u00bb, a\u00f1adiendo que lo mismo pas\u00f3 en la Escuela 21 de Villa Ventana.<br \/>\nEn virtud de sus expresiones y el por qu\u00e9 las manifiestan, Germ\u00e1n dijo:\u00bbEs otra cosa que va m\u00e1s all\u00e1 de lo pol\u00edtico o no pol\u00edtico, si es militante o es vecino; es que como vecinos, tenemos que saber qu\u00e9 se hace con nuestro dinero, se pagan sueldos o se hacen obras, son perdurables en el tiempo o son este tipo de cosas que no tienen m\u00e1s que 6 meses y ya lo estamos lamentando\u00bb.<\/p>\n<p>Medina abord\u00f3 tambi\u00e9n el tema del presupuesto municipal, al que calific\u00f3 de \u00abEstamos en Terapia intensiva, donde no se hizo un estudio de c\u00f3mo iba a impactar conociendo la situaci\u00f3n de la provincia\u00bb y sum\u00f3 a sus dichos \u00abNo se puede ir a pedir ayuda a la provincia cuando ac\u00e1 se tiraron miles y miles de millones de pesos por la ventana; durante 4 a\u00f1os Bordoni manej\u00f3 2 mil millones de pesos y yo quiero saber d\u00f3nde est\u00e1 esa plata\u00bb, a los que Mend\u00eda se pregunta: \u00abDos mil millones de pesos, d\u00f3nde est\u00e1n..??, estamos hablando de escuelas inundadas, de salitas inundadas de cr\u00e1teres en las calles, en qu\u00e9 fueron a parar esos 2 mil millones de pesos\u00bb.<\/p>\n<p><a title=\"IMG-20200109-WA0017\" href=\"http:\/\/live.staticflickr.com\/65535\/49395370823_3031971ffc_s.jpg\" rel=\"\"><img loading=\"lazy\" decoding=\"async\" class=\"alignleft\" style=\"float: left;\" title=\"IMG-20200109-WA0017\" src=\"http:\/\/live.staticflickr.com\/65535\/49395370823_3031971ffc_z.jpg\" alt=\"IMG-20200109-WA0017\" width=\"480\" height=\"640\" \/><\/a>Enumeraron muchos otros temas sin dejar de lado los magros salarios de los municipales y el basurero a cielo abierto, para el cual se pidi\u00f3 un cr\u00e9dito por 15 millones y no se ejecutaron obras debido a un cambio en el d\u00f3lar que dej\u00f3 fuera de presupuesto la obra.<\/p>\n<p>Tambi\u00e9n el vecino denunci\u00f3 un hecho en Villa Ventana que pudo haberse convertido en una tragedia, cuando el Cami\u00f3n recolector compactador de residuos con tres operarios a bordo, se qued\u00f3 sin frenos y termin\u00f3 impactando contra un monte de \u00e1rboles.<\/p>\n<p><strong>Nota completa<\/strong><br \/>\n<iframe loading=\"lazy\" src=\"https:\/\/w.soundcloud.com\/player\/?url=https%3A\/\/api.soundcloud.com\/tracks\/744407224&amp;color=%23ff5500&amp;auto_play=false&amp;hide_related=false&amp;show_comments=true&amp;show_user=true&amp;show_reposts=false&amp;show_teaser=true\" width=\"100%\" height=\"166\" frameborder=\"no\" scrolling=\"no\"><\/iframe><\/p>\n<p><a title=\"IMG-20200109-WA0015\" href=\"http:\/\/live.staticflickr.com\/65535\/49396052062_ecd6f9b5fd_s.jpg\" rel=\"\"><img loading=\"lazy\" decoding=\"async\" class=\"aligncenter\" title=\"IMG-20200109-WA0015\" src=\"http:\/\/live.staticflickr.com\/65535\/49396052062_ecd6f9b5fd_z.jpg\" alt=\"IMG-20200109-WA0015\" width=\"480\" height=\"640\" \/><\/a><\/p>\n<p><a title=\"IMG-20200109-WA0011\" href=\"http:\/\/live.staticflickr.com\/65535\/49395370598_c160c9dccf_s.jpg\" rel=\"\"><img loading=\"lazy\" decoding=\"async\" class=\"aligncenter\" title=\"IMG-20200109-WA0011\" src=\"http:\/\/live.staticflickr.com\/65535\/49395370598_c160c9dccf_z.jpg\" alt=\"IMG-20200109-WA0011\" width=\"480\" height=\"640\" \/><\/a><\/p>\n<p><a title=\"IMG-20200109-WA0014\" href=\"http:\/\/live.staticflickr.com\/65535\/49395851141_95f155e85e_s.jpg\" rel=\"\"><img loading=\"lazy\" decoding=\"async\" class=\"aligncenter\" title=\"IMG-20200109-WA0014\" src=\"http:\/\/live.staticflickr.com\/65535\/49395851141_95f155e85e_z.jpg\" alt=\"IMG-20200109-WA0014\" width=\"480\" height=\"640\" \/><\/a><\/p>\n<p><a title=\"IMG-20200111-WA0000\" href=\"http:\/\/live.staticflickr.com\/65535\/49395850466_60abaf8f2a_s.jpg\" rel=\"\"><img loading=\"lazy\" decoding=\"async\" class=\"aligncenter\" title=\"IMG-20200111-WA0000\" src=\"http:\/\/live.staticflickr.com\/65535\/49395850466_60abaf8f2a_z.jpg\" alt=\"IMG-20200111-WA0000\" width=\"640\" height=\"480\" \/><\/a><a title=\"image (2)\" href=\"http:\/\/live.staticflickr.com\/65535\/49395852261_d35411bdf0_s.jpg\" rel=\"\"><img loading=\"lazy\" decoding=\"async\" class=\"aligncenter\" title=\"image (2)\" src=\"http:\/\/live.staticflickr.com\/65535\/49395852261_d35411bdf0_z.jpg\" alt=\"image (2)\" width=\"360\" height=\"640\" \/><\/a><\/p>\n<p>&nbsp;<\/p>\n<p><a title=\"image (1)\" href=\"http:\/\/live.staticflickr.com\/65535\/49395371403_04398455ec_s.jpg\" rel=\"\"><img loading=\"lazy\" decoding=\"async\" class=\"aligncenter\" title=\"image (1)\" src=\"http:\/\/live.staticflickr.com\/65535\/49395371403_04398455ec_z.jpg\" alt=\"image (1)\" width=\"452\" height=\"640\" \/><\/a><a title=\"image\" href=\"http:\/\/live.staticflickr.com\/65535\/49395851521_c721212e08_s.jpg\" rel=\"\"><img loading=\"lazy\" decoding=\"async\" class=\"aligncenter\" title=\"image\" src=\"http:\/\/live.staticflickr.com\/65535\/49395851521_c721212e08_z.jpg\" alt=\"image\" width=\"452\" height=\"640\" \/><\/a><\/p>\n","protected":false},"excerpt":{"rendered":"<p>Dos vecinos de la comarca pidieron espacio en la radio para hacer conocer fallas y falencias del gobierno municipal que incluyen, graves problemas en salud, falta de respuesta a pedidos de informe de los concejales opositores y denunciaron hechos que no se dieron a conocer p\u00fablicamente. Jos\u00e9 Luis Medina, comerciante y vecino de Villa Ventana [&hellip;]<\/p>\n","protected":false},"author":3,"featured_media":0,"comment_status":"closed","ping_status":"open","sticky":false,"template":"","format":"standard","meta":{"footnotes":""},"categories":[24],"tags":[],"class_list":["post-37914","post","type-post","status-publish","format-standard","hentry","category-politica"],"yoast_head":"<!-- This site is optimized with the Yoast SEO plugin v25.9 - https:\/\/yoast.com\/wordpress\/plugins\/seo\/ -->\n<title>&quot;El municipio sigue con el modelo, un gobierno para pocos. Este tipo de pol\u00edticas va en contra de los que menos tienen&quot;. - Noticias Radio Reflejos<\/title>\n<meta name=\"robots\" content=\"index, follow, max-snippet:-1, max-image-preview:large, max-video-preview:-1\" \/>\n<link rel=\"canonical\" href=\"https:\/\/www.noticiasradioreflejos.com.ar\/2021\/el-municipio-sigue-con-el-modelo-un-gobierno-para-pocos-este-tipo-de-politicas-va-en-contra-de-los-que-menos-tienen\/\" \/>\n<meta property=\"og:locale\" content=\"es_ES\" \/>\n<meta property=\"og:type\" content=\"article\" \/>\n<meta property=\"og:title\" content=\"&quot;El municipio sigue con el modelo, un gobierno para pocos. Este tipo de pol\u00edticas va en contra de los que menos tienen&quot;. - Noticias Radio Reflejos\" \/>\n<meta property=\"og:description\" content=\"Dos vecinos de la comarca pidieron espacio en la radio para hacer conocer fallas y falencias del gobierno municipal que incluyen, graves problemas en salud, falta de respuesta a pedidos de informe de los concejales opositores y denunciaron hechos que no se dieron a conocer p\u00fablicamente. Jos\u00e9 Luis Medina, comerciante y vecino de Villa Ventana [&hellip;]\" \/>\n<meta property=\"og:url\" content=\"https:\/\/www.noticiasradioreflejos.com.ar\/2021\/el-municipio-sigue-con-el-modelo-un-gobierno-para-pocos-este-tipo-de-politicas-va-en-contra-de-los-que-menos-tienen\/\" \/>\n<meta property=\"og:site_name\" content=\"Noticias Radio Reflejos\" \/>\n<meta property=\"article:published_time\" content=\"2020-01-16T21:50:06+00:00\" \/>\n<meta property=\"og:image\" content=\"http:\/\/live.staticflickr.com\/65535\/49395370373_2a2e7f7c0d.jpg\" \/>\n<meta name=\"author\" content=\"Arnaldo Botto\" \/>\n<meta name=\"twitter:card\" content=\"summary_large_image\" \/>\n<script type=\"application\/ld+json\" class=\"yoast-schema-graph\">{\"@context\":\"https:\/\/schema.org\",\"@graph\":[{\"@type\":\"WebPage\",\"@id\":\"https:\/\/www.noticiasradioreflejos.com.ar\/2021\/el-municipio-sigue-con-el-modelo-un-gobierno-para-pocos-este-tipo-de-politicas-va-en-contra-de-los-que-menos-tienen\/\",\"url\":\"https:\/\/www.noticiasradioreflejos.com.ar\/2021\/el-municipio-sigue-con-el-modelo-un-gobierno-para-pocos-este-tipo-de-politicas-va-en-contra-de-los-que-menos-tienen\/\",\"name\":\"\\\"El municipio sigue con el modelo, un gobierno para pocos. Este tipo de pol\u00edticas va en contra de los que menos tienen\\\". - Noticias Radio Reflejos\",\"isPartOf\":{\"@id\":\"https:\/\/www.noticiasradioreflejos.com.ar\/2021\/#website\"},\"primaryImageOfPage\":{\"@id\":\"https:\/\/www.noticiasradioreflejos.com.ar\/2021\/el-municipio-sigue-con-el-modelo-un-gobierno-para-pocos-este-tipo-de-politicas-va-en-contra-de-los-que-menos-tienen\/#primaryimage\"},\"image\":{\"@id\":\"https:\/\/www.noticiasradioreflejos.com.ar\/2021\/el-municipio-sigue-con-el-modelo-un-gobierno-para-pocos-este-tipo-de-politicas-va-en-contra-de-los-que-menos-tienen\/#primaryimage\"},\"thumbnailUrl\":\"http:\/\/live.staticflickr.com\/65535\/49395370373_2a2e7f7c0d.jpg\",\"datePublished\":\"2020-01-16T21:50:06+00:00\",\"author\":{\"@id\":\"https:\/\/www.noticiasradioreflejos.com.ar\/2021\/#\/schema\/person\/ad82545263dcc5ec0996818884fd5fb1\"},\"breadcrumb\":{\"@id\":\"https:\/\/www.noticiasradioreflejos.com.ar\/2021\/el-municipio-sigue-con-el-modelo-un-gobierno-para-pocos-este-tipo-de-politicas-va-en-contra-de-los-que-menos-tienen\/#breadcrumb\"},\"inLanguage\":\"es\",\"potentialAction\":[{\"@type\":\"ReadAction\",\"target\":[\"https:\/\/www.noticiasradioreflejos.com.ar\/2021\/el-municipio-sigue-con-el-modelo-un-gobierno-para-pocos-este-tipo-de-politicas-va-en-contra-de-los-que-menos-tienen\/\"]}]},{\"@type\":\"ImageObject\",\"inLanguage\":\"es\",\"@id\":\"https:\/\/www.noticiasradioreflejos.com.ar\/2021\/el-municipio-sigue-con-el-modelo-un-gobierno-para-pocos-este-tipo-de-politicas-va-en-contra-de-los-que-menos-tienen\/#primaryimage\",\"url\":\"http:\/\/live.staticflickr.com\/65535\/49395370373_2a2e7f7c0d.jpg\",\"contentUrl\":\"http:\/\/live.staticflickr.com\/65535\/49395370373_2a2e7f7c0d.jpg\"},{\"@type\":\"BreadcrumbList\",\"@id\":\"https:\/\/www.noticiasradioreflejos.com.ar\/2021\/el-municipio-sigue-con-el-modelo-un-gobierno-para-pocos-este-tipo-de-politicas-va-en-contra-de-los-que-menos-tienen\/#breadcrumb\",\"itemListElement\":[{\"@type\":\"ListItem\",\"position\":1,\"name\":\"Portada\",\"item\":\"https:\/\/www.noticiasradioreflejos.com.ar\/2021\/\"},{\"@type\":\"ListItem\",\"position\":2,\"name\":\"\u00abEl municipio sigue con el modelo, un gobierno para pocos. Este tipo de pol\u00edticas va en contra de los que menos tienen\u00bb.\"}]},{\"@type\":\"WebSite\",\"@id\":\"https:\/\/www.noticiasradioreflejos.com.ar\/2021\/#website\",\"url\":\"https:\/\/www.noticiasradioreflejos.com.ar\/2021\/\",\"name\":\"Noticias Radio Reflejos\",\"description\":\"Las noticias de mi comarca\",\"potentialAction\":[{\"@type\":\"SearchAction\",\"target\":{\"@type\":\"EntryPoint\",\"urlTemplate\":\"https:\/\/www.noticiasradioreflejos.com.ar\/2021\/?s={search_term_string}\"},\"query-input\":{\"@type\":\"PropertyValueSpecification\",\"valueRequired\":true,\"valueName\":\"search_term_string\"}}],\"inLanguage\":\"es\"},{\"@type\":\"Person\",\"@id\":\"https:\/\/www.noticiasradioreflejos.com.ar\/2021\/#\/schema\/person\/ad82545263dcc5ec0996818884fd5fb1\",\"name\":\"Arnaldo Botto\",\"image\":{\"@type\":\"ImageObject\",\"inLanguage\":\"es\",\"@id\":\"https:\/\/www.noticiasradioreflejos.com.ar\/2021\/#\/schema\/person\/image\/\",\"url\":\"https:\/\/secure.gravatar.com\/avatar\/55cb5e37c1efa326397366e6974cb338056df65cb50e7d64d1cf314e87504837?s=96&d=mm&r=g\",\"contentUrl\":\"https:\/\/secure.gravatar.com\/avatar\/55cb5e37c1efa326397366e6974cb338056df65cb50e7d64d1cf314e87504837?s=96&d=mm&r=g\",\"caption\":\"Arnaldo Botto\"},\"url\":\"https:\/\/www.noticiasradioreflejos.com.ar\/2021\/author\/arnaldo\/\"}]}<\/script>\n<!-- \/ Yoast SEO plugin. -->","yoast_head_json":{"title":"\"El municipio sigue con el modelo, un gobierno para pocos. Este tipo de pol\u00edticas va en contra de los que menos tienen\". - Noticias Radio Reflejos","robots":{"index":"index","follow":"follow","max-snippet":"max-snippet:-1","max-image-preview":"max-image-preview:large","max-video-preview":"max-video-preview:-1"},"canonical":"https:\/\/www.noticiasradioreflejos.com.ar\/2021\/el-municipio-sigue-con-el-modelo-un-gobierno-para-pocos-este-tipo-de-politicas-va-en-contra-de-los-que-menos-tienen\/","og_locale":"es_ES","og_type":"article","og_title":"\"El municipio sigue con el modelo, un gobierno para pocos. Este tipo de pol\u00edticas va en contra de los que menos tienen\". - Noticias Radio Reflejos","og_description":"Dos vecinos de la comarca pidieron espacio en la radio para hacer conocer fallas y falencias del gobierno municipal que incluyen, graves problemas en salud, falta de respuesta a pedidos de informe de los concejales opositores y denunciaron hechos que no se dieron a conocer p\u00fablicamente. Jos\u00e9 Luis Medina, comerciante y vecino de Villa Ventana [&hellip;]","og_url":"https:\/\/www.noticiasradioreflejos.com.ar\/2021\/el-municipio-sigue-con-el-modelo-un-gobierno-para-pocos-este-tipo-de-politicas-va-en-contra-de-los-que-menos-tienen\/","og_site_name":"Noticias Radio Reflejos","article_published_time":"2020-01-16T21:50:06+00:00","og_image":[{"url":"http:\/\/live.staticflickr.com\/65535\/49395370373_2a2e7f7c0d.jpg","type":"","width":"","height":""}],"author":"Arnaldo Botto","twitter_card":"summary_large_image","schema":{"@context":"https:\/\/schema.org","@graph":[{"@type":"WebPage","@id":"https:\/\/www.noticiasradioreflejos.com.ar\/2021\/el-municipio-sigue-con-el-modelo-un-gobierno-para-pocos-este-tipo-de-politicas-va-en-contra-de-los-que-menos-tienen\/","url":"https:\/\/www.noticiasradioreflejos.com.ar\/2021\/el-municipio-sigue-con-el-modelo-un-gobierno-para-pocos-este-tipo-de-politicas-va-en-contra-de-los-que-menos-tienen\/","name":"\"El municipio sigue con el modelo, un gobierno para pocos. Este tipo de pol\u00edticas va en contra de los que menos tienen\". - Noticias Radio Reflejos","isPartOf":{"@id":"https:\/\/www.noticiasradioreflejos.com.ar\/2021\/#website"},"primaryImageOfPage":{"@id":"https:\/\/www.noticiasradioreflejos.com.ar\/2021\/el-municipio-sigue-con-el-modelo-un-gobierno-para-pocos-este-tipo-de-politicas-va-en-contra-de-los-que-menos-tienen\/#primaryimage"},"image":{"@id":"https:\/\/www.noticiasradioreflejos.com.ar\/2021\/el-municipio-sigue-con-el-modelo-un-gobierno-para-pocos-este-tipo-de-politicas-va-en-contra-de-los-que-menos-tienen\/#primaryimage"},"thumbnailUrl":"http:\/\/live.staticflickr.com\/65535\/49395370373_2a2e7f7c0d.jpg","datePublished":"2020-01-16T21:50:06+00:00","author":{"@id":"https:\/\/www.noticiasradioreflejos.com.ar\/2021\/#\/schema\/person\/ad82545263dcc5ec0996818884fd5fb1"},"breadcrumb":{"@id":"https:\/\/www.noticiasradioreflejos.com.ar\/2021\/el-municipio-sigue-con-el-modelo-un-gobierno-para-pocos-este-tipo-de-politicas-va-en-contra-de-los-que-menos-tienen\/#breadcrumb"},"inLanguage":"es","potentialAction":[{"@type":"ReadAction","target":["https:\/\/www.noticiasradioreflejos.com.ar\/2021\/el-municipio-sigue-con-el-modelo-un-gobierno-para-pocos-este-tipo-de-politicas-va-en-contra-de-los-que-menos-tienen\/"]}]},{"@type":"ImageObject","inLanguage":"es","@id":"https:\/\/www.noticiasradioreflejos.com.ar\/2021\/el-municipio-sigue-con-el-modelo-un-gobierno-para-pocos-este-tipo-de-politicas-va-en-contra-de-los-que-menos-tienen\/#primaryimage","url":"http:\/\/live.staticflickr.com\/65535\/49395370373_2a2e7f7c0d.jpg","contentUrl":"http:\/\/live.staticflickr.com\/65535\/49395370373_2a2e7f7c0d.jpg"},{"@type":"BreadcrumbList","@id":"https:\/\/www.noticiasradioreflejos.com.ar\/2021\/el-municipio-sigue-con-el-modelo-un-gobierno-para-pocos-este-tipo-de-politicas-va-en-contra-de-los-que-menos-tienen\/#breadcrumb","itemListElement":[{"@type":"ListItem","position":1,"name":"Portada","item":"https:\/\/www.noticiasradioreflejos.com.ar\/2021\/"},{"@type":"ListItem","position":2,"name":"\u00abEl municipio sigue con el modelo, un gobierno para pocos. Este tipo de pol\u00edticas va en contra de los que menos tienen\u00bb."}]},{"@type":"WebSite","@id":"https:\/\/www.noticiasradioreflejos.com.ar\/2021\/#website","url":"https:\/\/www.noticiasradioreflejos.com.ar\/2021\/","name":"Noticias Radio Reflejos","description":"Las noticias de mi comarca","potentialAction":[{"@type":"SearchAction","target":{"@type":"EntryPoint","urlTemplate":"https:\/\/www.noticiasradioreflejos.com.ar\/2021\/?s={search_term_string}"},"query-input":{"@type":"PropertyValueSpecification","valueRequired":true,"valueName":"search_term_string"}}],"inLanguage":"es"},{"@type":"Person","@id":"https:\/\/www.noticiasradioreflejos.com.ar\/2021\/#\/schema\/person\/ad82545263dcc5ec0996818884fd5fb1","name":"Arnaldo Botto","image":{"@type":"ImageObject","inLanguage":"es","@id":"https:\/\/www.noticiasradioreflejos.com.ar\/2021\/#\/schema\/person\/image\/","url":"https:\/\/secure.gravatar.com\/avatar\/55cb5e37c1efa326397366e6974cb338056df65cb50e7d64d1cf314e87504837?s=96&d=mm&r=g","contentUrl":"https:\/\/secure.gravatar.com\/avatar\/55cb5e37c1efa326397366e6974cb338056df65cb50e7d64d1cf314e87504837?s=96&d=mm&r=g","caption":"Arnaldo Botto"},"url":"https:\/\/www.noticiasradioreflejos.com.ar\/2021\/author\/arnaldo\/"}]}},"_links":{"self":[{"href":"https:\/\/www.noticiasradioreflejos.com.ar\/2021\/wp-json\/wp\/v2\/posts\/37914","targetHints":{"allow":["GET"]}}],"collection":[{"href":"https:\/\/www.noticiasradioreflejos.com.ar\/2021\/wp-json\/wp\/v2\/posts"}],"about":[{"href":"https:\/\/www.noticiasradioreflejos.com.ar\/2021\/wp-json\/wp\/v2\/types\/post"}],"author":[{"embeddable":true,"href":"https:\/\/www.noticiasradioreflejos.com.ar\/2021\/wp-json\/wp\/v2\/users\/3"}],"replies":[{"embeddable":true,"href":"https:\/\/www.noticiasradioreflejos.com.ar\/2021\/wp-json\/wp\/v2\/comments?post=37914"}],"version-history":[{"count":0,"href":"https:\/\/www.noticiasradioreflejos.com.ar\/2021\/wp-json\/wp\/v2\/posts\/37914\/revisions"}],"wp:attachment":[{"href":"https:\/\/www.noticiasradioreflejos.com.ar\/2021\/wp-json\/wp\/v2\/media?parent=37914"}],"wp:term":[{"taxonomy":"category","embeddable":true,"href":"https:\/\/www.noticiasradioreflejos.com.ar\/2021\/wp-json\/wp\/v2\/categories?post=37914"},{"taxonomy":"post_tag","embeddable":true,"href":"https:\/\/www.noticiasradioreflejos.com.ar\/2021\/wp-json\/wp\/v2\/tags?post=37914"}],"curies":[{"name":"wp","href":"https:\/\/api.w.org\/{rel}","templated":true}]}}