{"id":37904,"date":"2020-01-16T17:23:02","date_gmt":"2020-01-16T20:23:02","guid":{"rendered":"http:\/\/www.noticiasradioreflejos.com.ar\/noticias\/?p=37904"},"modified":"2020-01-16T17:23:02","modified_gmt":"2020-01-16T20:23:02","slug":"nota-de-opinion-sobre-el-aniversario-de-sierra-de-la-ventana","status":"publish","type":"post","link":"https:\/\/www.noticiasradioreflejos.com.ar\/2021\/nota-de-opinion-sobre-el-aniversario-de-sierra-de-la-ventana\/","title":{"rendered":"Nota de opini\u00f3n sobre el Aniversario de Sierra de la Ventana."},"content":{"rendered":"<p><strong>Somos el motor del Distrito<\/strong><br \/>\nQuisiera verte crecer, porque con mi familia te elegimos para vivir. Llegamos unas semanas antes de tu centenario, fecha caprichosa, ya que la historia indica que fue en 1904 el asentamiento de tus primeros pobladores, con la construcci\u00f3n del ramal ferroviario que un\u00eda Bah\u00eda Blanca con Coronel Pringles. Pero eso ser\u00e1 tema de los historiadores y sus fechas.<!--more--><br \/>\nLo importante ahora pasa por otro lado. Hace 12 a\u00f1os que resido aqu\u00ed, y siempre se te mencion\u00f3 como la localidad m\u00e1s importante del Distrito, en el plano tur\u00edstico. Importante por tu actividad que nunca se agota.<br \/>\nC\u00f3mo nos hemos preparado para el turismo durante \u00e9stos a\u00f1os?<br \/>\n-De distintas formas, algunos como emprendedores, otros como detractores, algunos otros como oportunistas, pero muy pocos son los que han tomado conciencia que esta actividad es el motor real del Distrito.<br \/>\nEl campo tambi\u00e9n crea empleo, podr\u00e1n decirme.  S\u00ed. Es verdad, pero no en la cantidad que genera el turismo, que mueve indirectamente al comercio, los servicios y los emprendimientos inmobiliarios, de la mano de la construcci\u00f3n actividad que nunca baj\u00f3 los brazos, a\u00fan en plena recesi\u00f3n de la econom\u00eda.<br \/>\nEn tu Aniversario, escribo estas l\u00edneas para que se entienda que nuestro Pueblo naci\u00f3 para y por el turismo. De esa vieja estaci\u00f3n Sauce Grande part\u00eda la trocha angosta que finalizaba en ese gigante enclavado en las Sierras. En esas sierras peladas que en la primera d\u00e9cada del siglo pasado no mostraban nada. Y all\u00ed estaba el Gran Hotel, construido con lujo sublime de parte de una sociedad acaudalada que viv\u00eda mitad del a\u00f1o en el pa\u00eds y la otra mitad en Europa.<br \/>\nY all\u00ed creciste, primero con el turismo vip, de la oligarqu\u00eda nacional, y m\u00e1s tarde con la clase media que fue tom\u00e1ndote como destino a lo largo de los veranos.<br \/>\nQu\u00e9 planificaci\u00f3n tur\u00edstica tenemos?<br \/>\nA quienes estamos preparados para recibir? Nadie lo sabe con certeza.<br \/>\nPasaron 112 a\u00f1os y tal vez pasen algunos m\u00e1s y el turismo va a seguir llegando.<br \/>\nA d\u00f3nde? De d\u00f3nde? Por qu\u00e9? Cu\u00e1ntos d\u00edas? En qu\u00e9 \u00e9poca? m\u00e1s, menos?<br \/>\nTodas preguntas que con algo de estad\u00edstica objetiva tendr\u00edan su respuesta y as\u00ed una adecuada estrategia.<br \/>\nEs hora de crecer con seriedad, con ordenanzas que se cumplan y vecinos que se comprometan. Vamos a despegar el d\u00eda que nos levantemos y hagamos escuchar nuestras voces con respeto y respetando. Es momento de ponerte en el lugar que mereces dentro de la Regi\u00f3n y de la Provincia. Los argumentos corporativos, las justificaciones y los negocios de pocos no suman nada. O en todo caso, para pocos. El silencio menos.<\/p>\n<p>SIERRA DE LA VENTANA, tiene un potencial enorme desde que naci\u00f3 y debe ser mejor tratada por nuestros gobernantes.<br \/>\nC\u00f3mo?<br \/>\nCon obras bien hechas, con tasas retributivas que reflejen la calidad del servicio que se presta, con salud gratuita y de calidad, con trabajo genuino y con la tranquilidad que genera en una poblaci\u00f3n peque\u00f1a el esclarecimiento definitivo de los hechos delictivos, (cada vez m\u00e1s frecuentes). Con apoyo incondicional a nuestras manifestaciones art\u00edsticas y culturales, tambi\u00e9n se crece y mucho. Y por sobre todas las cosas con atenci\u00f3n al turismo como corresponde, en todos los \u00e1mbitos.<\/p>\n<p>LIC. CARLOS M. DANA<\/p>\n","protected":false},"excerpt":{"rendered":"<p>Somos el motor del Distrito Quisiera verte crecer, porque con mi familia te elegimos para vivir. Llegamos unas semanas antes de tu centenario, fecha caprichosa, ya que la historia indica que fue en 1904 el asentamiento de tus primeros pobladores, con la construcci\u00f3n del ramal ferroviario que un\u00eda Bah\u00eda Blanca con Coronel Pringles. Pero eso [&hellip;]<\/p>\n","protected":false},"author":3,"featured_media":18043,"comment_status":"closed","ping_status":"open","sticky":false,"template":"","format":"standard","meta":{"footnotes":""},"categories":[26],"tags":[],"class_list":["post-37904","post","type-post","status-publish","format-standard","has-post-thumbnail","hentry","category-sociedad"],"yoast_head":"<!-- This site is optimized with the Yoast SEO plugin v25.9 - https:\/\/yoast.com\/wordpress\/plugins\/seo\/ -->\n<title>Nota de opini\u00f3n sobre el Aniversario de Sierra de la Ventana. - Noticias Radio Reflejos<\/title>\n<meta name=\"robots\" content=\"index, follow, max-snippet:-1, max-image-preview:large, max-video-preview:-1\" \/>\n<link rel=\"canonical\" href=\"https:\/\/www.noticiasradioreflejos.com.ar\/2021\/nota-de-opinion-sobre-el-aniversario-de-sierra-de-la-ventana\/\" \/>\n<meta property=\"og:locale\" content=\"es_ES\" \/>\n<meta property=\"og:type\" content=\"article\" \/>\n<meta property=\"og:title\" content=\"Nota de opini\u00f3n sobre el Aniversario de Sierra de la Ventana. - Noticias Radio Reflejos\" \/>\n<meta property=\"og:description\" content=\"Somos el motor del Distrito Quisiera verte crecer, porque con mi familia te elegimos para vivir. Llegamos unas semanas antes de tu centenario, fecha caprichosa, ya que la historia indica que fue en 1904 el asentamiento de tus primeros pobladores, con la construcci\u00f3n del ramal ferroviario que un\u00eda Bah\u00eda Blanca con Coronel Pringles. Pero eso [&hellip;]\" \/>\n<meta property=\"og:url\" content=\"https:\/\/www.noticiasradioreflejos.com.ar\/2021\/nota-de-opinion-sobre-el-aniversario-de-sierra-de-la-ventana\/\" \/>\n<meta property=\"og:site_name\" content=\"Noticias Radio Reflejos\" \/>\n<meta property=\"article:published_time\" content=\"2020-01-16T20:23:02+00:00\" \/>\n<meta property=\"og:image\" content=\"https:\/\/www.noticiasradioreflejos.com.ar\/2021\/wp-content\/uploads\/2018\/01\/004.jpg\" \/>\n\t<meta property=\"og:image:width\" content=\"705\" \/>\n\t<meta property=\"og:image:height\" content=\"525\" \/>\n\t<meta property=\"og:image:type\" content=\"image\/jpeg\" \/>\n<meta name=\"author\" content=\"Arnaldo Botto\" \/>\n<meta name=\"twitter:card\" content=\"summary_large_image\" \/>\n<script type=\"application\/ld+json\" class=\"yoast-schema-graph\">{\"@context\":\"https:\/\/schema.org\",\"@graph\":[{\"@type\":\"WebPage\",\"@id\":\"https:\/\/www.noticiasradioreflejos.com.ar\/2021\/nota-de-opinion-sobre-el-aniversario-de-sierra-de-la-ventana\/\",\"url\":\"https:\/\/www.noticiasradioreflejos.com.ar\/2021\/nota-de-opinion-sobre-el-aniversario-de-sierra-de-la-ventana\/\",\"name\":\"Nota de opini\u00f3n sobre el Aniversario de Sierra de la Ventana. - Noticias Radio Reflejos\",\"isPartOf\":{\"@id\":\"https:\/\/www.noticiasradioreflejos.com.ar\/2021\/#website\"},\"primaryImageOfPage\":{\"@id\":\"https:\/\/www.noticiasradioreflejos.com.ar\/2021\/nota-de-opinion-sobre-el-aniversario-de-sierra-de-la-ventana\/#primaryimage\"},\"image\":{\"@id\":\"https:\/\/www.noticiasradioreflejos.com.ar\/2021\/nota-de-opinion-sobre-el-aniversario-de-sierra-de-la-ventana\/#primaryimage\"},\"thumbnailUrl\":\"https:\/\/www.noticiasradioreflejos.com.ar\/2021\/wp-content\/uploads\/2018\/01\/004.jpg\",\"datePublished\":\"2020-01-16T20:23:02+00:00\",\"author\":{\"@id\":\"https:\/\/www.noticiasradioreflejos.com.ar\/2021\/#\/schema\/person\/ad82545263dcc5ec0996818884fd5fb1\"},\"breadcrumb\":{\"@id\":\"https:\/\/www.noticiasradioreflejos.com.ar\/2021\/nota-de-opinion-sobre-el-aniversario-de-sierra-de-la-ventana\/#breadcrumb\"},\"inLanguage\":\"es\",\"potentialAction\":[{\"@type\":\"ReadAction\",\"target\":[\"https:\/\/www.noticiasradioreflejos.com.ar\/2021\/nota-de-opinion-sobre-el-aniversario-de-sierra-de-la-ventana\/\"]}]},{\"@type\":\"ImageObject\",\"inLanguage\":\"es\",\"@id\":\"https:\/\/www.noticiasradioreflejos.com.ar\/2021\/nota-de-opinion-sobre-el-aniversario-de-sierra-de-la-ventana\/#primaryimage\",\"url\":\"https:\/\/www.noticiasradioreflejos.com.ar\/2021\/wp-content\/uploads\/2018\/01\/004.jpg\",\"contentUrl\":\"https:\/\/www.noticiasradioreflejos.com.ar\/2021\/wp-content\/uploads\/2018\/01\/004.jpg\",\"width\":705,\"height\":525},{\"@type\":\"BreadcrumbList\",\"@id\":\"https:\/\/www.noticiasradioreflejos.com.ar\/2021\/nota-de-opinion-sobre-el-aniversario-de-sierra-de-la-ventana\/#breadcrumb\",\"itemListElement\":[{\"@type\":\"ListItem\",\"position\":1,\"name\":\"Portada\",\"item\":\"https:\/\/www.noticiasradioreflejos.com.ar\/2021\/\"},{\"@type\":\"ListItem\",\"position\":2,\"name\":\"Nota de opini\u00f3n sobre el Aniversario de Sierra de la Ventana.\"}]},{\"@type\":\"WebSite\",\"@id\":\"https:\/\/www.noticiasradioreflejos.com.ar\/2021\/#website\",\"url\":\"https:\/\/www.noticiasradioreflejos.com.ar\/2021\/\",\"name\":\"Noticias Radio Reflejos\",\"description\":\"Las noticias de mi comarca\",\"potentialAction\":[{\"@type\":\"SearchAction\",\"target\":{\"@type\":\"EntryPoint\",\"urlTemplate\":\"https:\/\/www.noticiasradioreflejos.com.ar\/2021\/?s={search_term_string}\"},\"query-input\":{\"@type\":\"PropertyValueSpecification\",\"valueRequired\":true,\"valueName\":\"search_term_string\"}}],\"inLanguage\":\"es\"},{\"@type\":\"Person\",\"@id\":\"https:\/\/www.noticiasradioreflejos.com.ar\/2021\/#\/schema\/person\/ad82545263dcc5ec0996818884fd5fb1\",\"name\":\"Arnaldo Botto\",\"image\":{\"@type\":\"ImageObject\",\"inLanguage\":\"es\",\"@id\":\"https:\/\/www.noticiasradioreflejos.com.ar\/2021\/#\/schema\/person\/image\/\",\"url\":\"https:\/\/secure.gravatar.com\/avatar\/55cb5e37c1efa326397366e6974cb338056df65cb50e7d64d1cf314e87504837?s=96&d=mm&r=g\",\"contentUrl\":\"https:\/\/secure.gravatar.com\/avatar\/55cb5e37c1efa326397366e6974cb338056df65cb50e7d64d1cf314e87504837?s=96&d=mm&r=g\",\"caption\":\"Arnaldo Botto\"},\"url\":\"https:\/\/www.noticiasradioreflejos.com.ar\/2021\/author\/arnaldo\/\"}]}<\/script>\n<!-- \/ Yoast SEO plugin. -->","yoast_head_json":{"title":"Nota de opini\u00f3n sobre el Aniversario de Sierra de la Ventana. - Noticias Radio Reflejos","robots":{"index":"index","follow":"follow","max-snippet":"max-snippet:-1","max-image-preview":"max-image-preview:large","max-video-preview":"max-video-preview:-1"},"canonical":"https:\/\/www.noticiasradioreflejos.com.ar\/2021\/nota-de-opinion-sobre-el-aniversario-de-sierra-de-la-ventana\/","og_locale":"es_ES","og_type":"article","og_title":"Nota de opini\u00f3n sobre el Aniversario de Sierra de la Ventana. - Noticias Radio Reflejos","og_description":"Somos el motor del Distrito Quisiera verte crecer, porque con mi familia te elegimos para vivir. Llegamos unas semanas antes de tu centenario, fecha caprichosa, ya que la historia indica que fue en 1904 el asentamiento de tus primeros pobladores, con la construcci\u00f3n del ramal ferroviario que un\u00eda Bah\u00eda Blanca con Coronel Pringles. Pero eso [&hellip;]","og_url":"https:\/\/www.noticiasradioreflejos.com.ar\/2021\/nota-de-opinion-sobre-el-aniversario-de-sierra-de-la-ventana\/","og_site_name":"Noticias Radio Reflejos","article_published_time":"2020-01-16T20:23:02+00:00","og_image":[{"width":705,"height":525,"url":"https:\/\/www.noticiasradioreflejos.com.ar\/2021\/wp-content\/uploads\/2018\/01\/004.jpg","type":"image\/jpeg"}],"author":"Arnaldo Botto","twitter_card":"summary_large_image","schema":{"@context":"https:\/\/schema.org","@graph":[{"@type":"WebPage","@id":"https:\/\/www.noticiasradioreflejos.com.ar\/2021\/nota-de-opinion-sobre-el-aniversario-de-sierra-de-la-ventana\/","url":"https:\/\/www.noticiasradioreflejos.com.ar\/2021\/nota-de-opinion-sobre-el-aniversario-de-sierra-de-la-ventana\/","name":"Nota de opini\u00f3n sobre el Aniversario de Sierra de la Ventana. - Noticias Radio Reflejos","isPartOf":{"@id":"https:\/\/www.noticiasradioreflejos.com.ar\/2021\/#website"},"primaryImageOfPage":{"@id":"https:\/\/www.noticiasradioreflejos.com.ar\/2021\/nota-de-opinion-sobre-el-aniversario-de-sierra-de-la-ventana\/#primaryimage"},"image":{"@id":"https:\/\/www.noticiasradioreflejos.com.ar\/2021\/nota-de-opinion-sobre-el-aniversario-de-sierra-de-la-ventana\/#primaryimage"},"thumbnailUrl":"https:\/\/www.noticiasradioreflejos.com.ar\/2021\/wp-content\/uploads\/2018\/01\/004.jpg","datePublished":"2020-01-16T20:23:02+00:00","author":{"@id":"https:\/\/www.noticiasradioreflejos.com.ar\/2021\/#\/schema\/person\/ad82545263dcc5ec0996818884fd5fb1"},"breadcrumb":{"@id":"https:\/\/www.noticiasradioreflejos.com.ar\/2021\/nota-de-opinion-sobre-el-aniversario-de-sierra-de-la-ventana\/#breadcrumb"},"inLanguage":"es","potentialAction":[{"@type":"ReadAction","target":["https:\/\/www.noticiasradioreflejos.com.ar\/2021\/nota-de-opinion-sobre-el-aniversario-de-sierra-de-la-ventana\/"]}]},{"@type":"ImageObject","inLanguage":"es","@id":"https:\/\/www.noticiasradioreflejos.com.ar\/2021\/nota-de-opinion-sobre-el-aniversario-de-sierra-de-la-ventana\/#primaryimage","url":"https:\/\/www.noticiasradioreflejos.com.ar\/2021\/wp-content\/uploads\/2018\/01\/004.jpg","contentUrl":"https:\/\/www.noticiasradioreflejos.com.ar\/2021\/wp-content\/uploads\/2018\/01\/004.jpg","width":705,"height":525},{"@type":"BreadcrumbList","@id":"https:\/\/www.noticiasradioreflejos.com.ar\/2021\/nota-de-opinion-sobre-el-aniversario-de-sierra-de-la-ventana\/#breadcrumb","itemListElement":[{"@type":"ListItem","position":1,"name":"Portada","item":"https:\/\/www.noticiasradioreflejos.com.ar\/2021\/"},{"@type":"ListItem","position":2,"name":"Nota de opini\u00f3n sobre el Aniversario de Sierra de la Ventana."}]},{"@type":"WebSite","@id":"https:\/\/www.noticiasradioreflejos.com.ar\/2021\/#website","url":"https:\/\/www.noticiasradioreflejos.com.ar\/2021\/","name":"Noticias Radio Reflejos","description":"Las noticias de mi comarca","potentialAction":[{"@type":"SearchAction","target":{"@type":"EntryPoint","urlTemplate":"https:\/\/www.noticiasradioreflejos.com.ar\/2021\/?s={search_term_string}"},"query-input":{"@type":"PropertyValueSpecification","valueRequired":true,"valueName":"search_term_string"}}],"inLanguage":"es"},{"@type":"Person","@id":"https:\/\/www.noticiasradioreflejos.com.ar\/2021\/#\/schema\/person\/ad82545263dcc5ec0996818884fd5fb1","name":"Arnaldo Botto","image":{"@type":"ImageObject","inLanguage":"es","@id":"https:\/\/www.noticiasradioreflejos.com.ar\/2021\/#\/schema\/person\/image\/","url":"https:\/\/secure.gravatar.com\/avatar\/55cb5e37c1efa326397366e6974cb338056df65cb50e7d64d1cf314e87504837?s=96&d=mm&r=g","contentUrl":"https:\/\/secure.gravatar.com\/avatar\/55cb5e37c1efa326397366e6974cb338056df65cb50e7d64d1cf314e87504837?s=96&d=mm&r=g","caption":"Arnaldo Botto"},"url":"https:\/\/www.noticiasradioreflejos.com.ar\/2021\/author\/arnaldo\/"}]}},"_links":{"self":[{"href":"https:\/\/www.noticiasradioreflejos.com.ar\/2021\/wp-json\/wp\/v2\/posts\/37904","targetHints":{"allow":["GET"]}}],"collection":[{"href":"https:\/\/www.noticiasradioreflejos.com.ar\/2021\/wp-json\/wp\/v2\/posts"}],"about":[{"href":"https:\/\/www.noticiasradioreflejos.com.ar\/2021\/wp-json\/wp\/v2\/types\/post"}],"author":[{"embeddable":true,"href":"https:\/\/www.noticiasradioreflejos.com.ar\/2021\/wp-json\/wp\/v2\/users\/3"}],"replies":[{"embeddable":true,"href":"https:\/\/www.noticiasradioreflejos.com.ar\/2021\/wp-json\/wp\/v2\/comments?post=37904"}],"version-history":[{"count":0,"href":"https:\/\/www.noticiasradioreflejos.com.ar\/2021\/wp-json\/wp\/v2\/posts\/37904\/revisions"}],"wp:featuredmedia":[{"embeddable":true,"href":"https:\/\/www.noticiasradioreflejos.com.ar\/2021\/wp-json\/wp\/v2\/media\/18043"}],"wp:attachment":[{"href":"https:\/\/www.noticiasradioreflejos.com.ar\/2021\/wp-json\/wp\/v2\/media?parent=37904"}],"wp:term":[{"taxonomy":"category","embeddable":true,"href":"https:\/\/www.noticiasradioreflejos.com.ar\/2021\/wp-json\/wp\/v2\/categories?post=37904"},{"taxonomy":"post_tag","embeddable":true,"href":"https:\/\/www.noticiasradioreflejos.com.ar\/2021\/wp-json\/wp\/v2\/tags?post=37904"}],"curies":[{"name":"wp","href":"https:\/\/api.w.org\/{rel}","templated":true}]}}