{"id":37899,"date":"2020-01-16T17:06:57","date_gmt":"2020-01-16T20:06:57","guid":{"rendered":"http:\/\/www.noticiasradioreflejos.com.ar\/noticias\/?p=37899"},"modified":"2020-01-16T17:06:57","modified_gmt":"2020-01-16T20:06:57","slug":"vanoli-y-arroyo-firmaron-un-convenio-para-instrumentar-la-tarjeta-alimentaria","status":"publish","type":"post","link":"https:\/\/www.noticiasradioreflejos.com.ar\/2021\/vanoli-y-arroyo-firmaron-un-convenio-para-instrumentar-la-tarjeta-alimentaria\/","title":{"rendered":"Vanoli y Arroyo firmaron un convenio para instrumentar la Tarjeta Alimentaria."},"content":{"rendered":"<p>El Director Ejecutivo de la ANSES, Alejandro Vanoli, y el titular del Ministerio de Desarrollo Social, Daniel Arroyo, firmaron hoy un convenio de cooperaci\u00f3n para instrumentar conjuntamente el Plan Argentina contra el Hambre a trav\u00e9s de la Tarjeta Alimentaria.<!--more-->\u201cPara la ANSES es de una enorme responsabilidad acompa\u00f1ar esta pol\u00edtica p\u00fablica de la Tarjeta Alimentaria. El organismo previsional dispone de las Unidades Integrales de Atenci\u00f3n (UDAI), que est\u00e1n en contacto con los actores sociales locales y los municipios. A la vez, nuestras bases de datos nos permitir\u00e1n llegar a argentinos y argentinas que todav\u00eda no accedieron a las pol\u00edticas p\u00fablicas que estamos llevando a cabo desde el 10 de diciembre, lo que nos permitir\u00e1 ver los casos de quienes no acceden a los beneficios para poder desplegar el apoyo a la Tarjeta junto con el Ministerio de Desarrollo\u201d, dijo Vanoli durante el encuentro que mantuvo con Arroyo.<\/p>\n<p>En este sentido, agreg\u00f3 que \u201ca partir de este convenio formalizamos el trabajo que venimos haciendo, colaborando para que millones de argentinos puedan volver a comer\u201d.<\/p>\n<p>Por su parte, el ministro Arroyo afirm\u00f3 que \u201cla principal pol\u00edtica del Gobierno Nacional es Argentina contra el Hambre, que tiene varios aspectos. Uno es la Tarjeta Alimentaria, una tarjeta de banco p\u00fablico que no permite extraer dinero del cajero y s\u00ed comprar alimentos para las familias. Hacemos el cruce con la base de datos de la ANSES, que es la mejor de Argentina, y de all\u00ed surgen los m\u00e1s de dos millones de ni\u00f1os que van a acceder, a trav\u00e9s de sus familias, a esta pol\u00edtica\u201d.<\/p>\n<p>Precis\u00f3 que \u201cesta tarjeta, para las madres o padres de un ni\u00f1o menor de seis a\u00f1os, contendr\u00e1 4000 pesos y para los que tienen m\u00e1s de un hijo hasta esa edad ser\u00e1 de 6000 pesos\u201d, y asegur\u00f3 que \u201cen las pr\u00f3ximas semanas se implementar\u00e1 en todo el pa\u00eds\u201d.<\/p>\n<p>El acuerdo, que se firm\u00f3 este mediod\u00eda en la sede de la ANSES, tiene por objeto establecer un marco t\u00e9cnico y jur\u00eddico a fin de generar relaciones de cooperaci\u00f3n y coordinaci\u00f3n tendientes al intercambio electr\u00f3nico de informaci\u00f3n entre el organismo previsional y el ministerio.<\/p>\n<p>Esto significa que la instrumentaci\u00f3n del plan a trav\u00e9s de la Tarjeta Alimentaria se har\u00e1 utilizando la base de datos de la Asignaci\u00f3n Universal por Hijo (AUH) de la ANSES, para llegar as\u00ed al amplio universo de personas que se pretende alcanzar a nivel nacional.<\/p>\n<p>En este sentido, la ANSES intercambiar\u00e1 mensualmente con el ministerio la base de datos actualizadas de los titulares de AUH y de Asignaci\u00f3n por Embarazo, dando prioridad a madres y padres con ni\u00f1os de hasta seis a\u00f1os; embarazadas a partir del tercer mes y personas discapacitadas.<\/p>\n<p>El convenio firmado hoy tendr\u00e1 una duraci\u00f3n de cuatro a\u00f1os, contempl\u00e1ndose su pr\u00f3rroga autom\u00e1tica por igual per\u00edodo.<\/p>\n<p>El objetivo general del Plan consiste en garantizar la seguridad alimentaria de toda la poblaci\u00f3n y familias argentinas, con especial atenci\u00f3n en los sectores de mayor vulnerabilidad econ\u00f3mica y social.<\/p>\n<p>Dentro de sus objetivos espec\u00edficos se encuentra el de implementar un sistema que complemente los ingresos de los hogares para la compra de alimentos, dando prioridad a los grupos indicados, los cuales se encuentran en situaci\u00f3n de vulnerabilidad social.<\/p>\n","protected":false},"excerpt":{"rendered":"<p>El Director Ejecutivo de la ANSES, Alejandro Vanoli, y el titular del Ministerio de Desarrollo Social, Daniel Arroyo, firmaron hoy un convenio de cooperaci\u00f3n para instrumentar conjuntamente el Plan Argentina contra el Hambre a trav\u00e9s de la Tarjeta Alimentaria.<\/p>\n","protected":false},"author":3,"featured_media":0,"comment_status":"closed","ping_status":"open","sticky":false,"template":"","format":"standard","meta":{"footnotes":""},"categories":[24],"tags":[],"class_list":["post-37899","post","type-post","status-publish","format-standard","hentry","category-politica"],"yoast_head":"<!-- This site is optimized with the Yoast SEO plugin v25.9 - https:\/\/yoast.com\/wordpress\/plugins\/seo\/ -->\n<title>Vanoli y Arroyo firmaron un convenio para instrumentar la Tarjeta Alimentaria. - Noticias Radio Reflejos<\/title>\n<meta name=\"robots\" content=\"index, follow, max-snippet:-1, max-image-preview:large, max-video-preview:-1\" \/>\n<link rel=\"canonical\" href=\"https:\/\/www.noticiasradioreflejos.com.ar\/2021\/vanoli-y-arroyo-firmaron-un-convenio-para-instrumentar-la-tarjeta-alimentaria\/\" \/>\n<meta property=\"og:locale\" content=\"es_ES\" \/>\n<meta property=\"og:type\" content=\"article\" \/>\n<meta property=\"og:title\" content=\"Vanoli y Arroyo firmaron un convenio para instrumentar la Tarjeta Alimentaria. - Noticias Radio Reflejos\" \/>\n<meta property=\"og:description\" content=\"El Director Ejecutivo de la ANSES, Alejandro Vanoli, y el titular del Ministerio de Desarrollo Social, Daniel Arroyo, firmaron hoy un convenio de cooperaci\u00f3n para instrumentar conjuntamente el Plan Argentina contra el Hambre a trav\u00e9s de la Tarjeta Alimentaria.\" \/>\n<meta property=\"og:url\" content=\"https:\/\/www.noticiasradioreflejos.com.ar\/2021\/vanoli-y-arroyo-firmaron-un-convenio-para-instrumentar-la-tarjeta-alimentaria\/\" \/>\n<meta property=\"og:site_name\" content=\"Noticias Radio Reflejos\" \/>\n<meta property=\"article:published_time\" content=\"2020-01-16T20:06:57+00:00\" \/>\n<meta property=\"og:image\" content=\"https:\/\/www.noticiasradioreflejos.com.ar\/2021\/wp-content\/uploads\/2021\/07\/logosol300x200.png\" \/>\n\t<meta property=\"og:image:width\" content=\"300\" \/>\n\t<meta property=\"og:image:height\" content=\"200\" \/>\n\t<meta property=\"og:image:type\" content=\"image\/png\" \/>\n<meta name=\"author\" content=\"Arnaldo Botto\" \/>\n<meta name=\"twitter:card\" content=\"summary_large_image\" \/>\n<script type=\"application\/ld+json\" class=\"yoast-schema-graph\">{\"@context\":\"https:\/\/schema.org\",\"@graph\":[{\"@type\":\"WebPage\",\"@id\":\"https:\/\/www.noticiasradioreflejos.com.ar\/2021\/vanoli-y-arroyo-firmaron-un-convenio-para-instrumentar-la-tarjeta-alimentaria\/\",\"url\":\"https:\/\/www.noticiasradioreflejos.com.ar\/2021\/vanoli-y-arroyo-firmaron-un-convenio-para-instrumentar-la-tarjeta-alimentaria\/\",\"name\":\"Vanoli y Arroyo firmaron un convenio para instrumentar la Tarjeta Alimentaria. - Noticias Radio Reflejos\",\"isPartOf\":{\"@id\":\"https:\/\/www.noticiasradioreflejos.com.ar\/2021\/#website\"},\"datePublished\":\"2020-01-16T20:06:57+00:00\",\"author\":{\"@id\":\"https:\/\/www.noticiasradioreflejos.com.ar\/2021\/#\/schema\/person\/ad82545263dcc5ec0996818884fd5fb1\"},\"breadcrumb\":{\"@id\":\"https:\/\/www.noticiasradioreflejos.com.ar\/2021\/vanoli-y-arroyo-firmaron-un-convenio-para-instrumentar-la-tarjeta-alimentaria\/#breadcrumb\"},\"inLanguage\":\"es\",\"potentialAction\":[{\"@type\":\"ReadAction\",\"target\":[\"https:\/\/www.noticiasradioreflejos.com.ar\/2021\/vanoli-y-arroyo-firmaron-un-convenio-para-instrumentar-la-tarjeta-alimentaria\/\"]}]},{\"@type\":\"BreadcrumbList\",\"@id\":\"https:\/\/www.noticiasradioreflejos.com.ar\/2021\/vanoli-y-arroyo-firmaron-un-convenio-para-instrumentar-la-tarjeta-alimentaria\/#breadcrumb\",\"itemListElement\":[{\"@type\":\"ListItem\",\"position\":1,\"name\":\"Portada\",\"item\":\"https:\/\/www.noticiasradioreflejos.com.ar\/2021\/\"},{\"@type\":\"ListItem\",\"position\":2,\"name\":\"Vanoli y Arroyo firmaron un convenio para instrumentar la Tarjeta Alimentaria.\"}]},{\"@type\":\"WebSite\",\"@id\":\"https:\/\/www.noticiasradioreflejos.com.ar\/2021\/#website\",\"url\":\"https:\/\/www.noticiasradioreflejos.com.ar\/2021\/\",\"name\":\"Noticias Radio Reflejos\",\"description\":\"Las noticias de mi comarca\",\"potentialAction\":[{\"@type\":\"SearchAction\",\"target\":{\"@type\":\"EntryPoint\",\"urlTemplate\":\"https:\/\/www.noticiasradioreflejos.com.ar\/2021\/?s={search_term_string}\"},\"query-input\":{\"@type\":\"PropertyValueSpecification\",\"valueRequired\":true,\"valueName\":\"search_term_string\"}}],\"inLanguage\":\"es\"},{\"@type\":\"Person\",\"@id\":\"https:\/\/www.noticiasradioreflejos.com.ar\/2021\/#\/schema\/person\/ad82545263dcc5ec0996818884fd5fb1\",\"name\":\"Arnaldo Botto\",\"image\":{\"@type\":\"ImageObject\",\"inLanguage\":\"es\",\"@id\":\"https:\/\/www.noticiasradioreflejos.com.ar\/2021\/#\/schema\/person\/image\/\",\"url\":\"https:\/\/secure.gravatar.com\/avatar\/55cb5e37c1efa326397366e6974cb338056df65cb50e7d64d1cf314e87504837?s=96&d=mm&r=g\",\"contentUrl\":\"https:\/\/secure.gravatar.com\/avatar\/55cb5e37c1efa326397366e6974cb338056df65cb50e7d64d1cf314e87504837?s=96&d=mm&r=g\",\"caption\":\"Arnaldo Botto\"},\"url\":\"https:\/\/www.noticiasradioreflejos.com.ar\/2021\/author\/arnaldo\/\"}]}<\/script>\n<!-- \/ Yoast SEO plugin. -->","yoast_head_json":{"title":"Vanoli y Arroyo firmaron un convenio para instrumentar la Tarjeta Alimentaria. - Noticias Radio Reflejos","robots":{"index":"index","follow":"follow","max-snippet":"max-snippet:-1","max-image-preview":"max-image-preview:large","max-video-preview":"max-video-preview:-1"},"canonical":"https:\/\/www.noticiasradioreflejos.com.ar\/2021\/vanoli-y-arroyo-firmaron-un-convenio-para-instrumentar-la-tarjeta-alimentaria\/","og_locale":"es_ES","og_type":"article","og_title":"Vanoli y Arroyo firmaron un convenio para instrumentar la Tarjeta Alimentaria. - Noticias Radio Reflejos","og_description":"El Director Ejecutivo de la ANSES, Alejandro Vanoli, y el titular del Ministerio de Desarrollo Social, Daniel Arroyo, firmaron hoy un convenio de cooperaci\u00f3n para instrumentar conjuntamente el Plan Argentina contra el Hambre a trav\u00e9s de la Tarjeta Alimentaria.","og_url":"https:\/\/www.noticiasradioreflejos.com.ar\/2021\/vanoli-y-arroyo-firmaron-un-convenio-para-instrumentar-la-tarjeta-alimentaria\/","og_site_name":"Noticias Radio Reflejos","article_published_time":"2020-01-16T20:06:57+00:00","og_image":[{"width":300,"height":200,"url":"https:\/\/www.noticiasradioreflejos.com.ar\/2021\/wp-content\/uploads\/2021\/07\/logosol300x200.png","type":"image\/png"}],"author":"Arnaldo Botto","twitter_card":"summary_large_image","schema":{"@context":"https:\/\/schema.org","@graph":[{"@type":"WebPage","@id":"https:\/\/www.noticiasradioreflejos.com.ar\/2021\/vanoli-y-arroyo-firmaron-un-convenio-para-instrumentar-la-tarjeta-alimentaria\/","url":"https:\/\/www.noticiasradioreflejos.com.ar\/2021\/vanoli-y-arroyo-firmaron-un-convenio-para-instrumentar-la-tarjeta-alimentaria\/","name":"Vanoli y Arroyo firmaron un convenio para instrumentar la Tarjeta Alimentaria. - Noticias Radio Reflejos","isPartOf":{"@id":"https:\/\/www.noticiasradioreflejos.com.ar\/2021\/#website"},"datePublished":"2020-01-16T20:06:57+00:00","author":{"@id":"https:\/\/www.noticiasradioreflejos.com.ar\/2021\/#\/schema\/person\/ad82545263dcc5ec0996818884fd5fb1"},"breadcrumb":{"@id":"https:\/\/www.noticiasradioreflejos.com.ar\/2021\/vanoli-y-arroyo-firmaron-un-convenio-para-instrumentar-la-tarjeta-alimentaria\/#breadcrumb"},"inLanguage":"es","potentialAction":[{"@type":"ReadAction","target":["https:\/\/www.noticiasradioreflejos.com.ar\/2021\/vanoli-y-arroyo-firmaron-un-convenio-para-instrumentar-la-tarjeta-alimentaria\/"]}]},{"@type":"BreadcrumbList","@id":"https:\/\/www.noticiasradioreflejos.com.ar\/2021\/vanoli-y-arroyo-firmaron-un-convenio-para-instrumentar-la-tarjeta-alimentaria\/#breadcrumb","itemListElement":[{"@type":"ListItem","position":1,"name":"Portada","item":"https:\/\/www.noticiasradioreflejos.com.ar\/2021\/"},{"@type":"ListItem","position":2,"name":"Vanoli y Arroyo firmaron un convenio para instrumentar la Tarjeta Alimentaria."}]},{"@type":"WebSite","@id":"https:\/\/www.noticiasradioreflejos.com.ar\/2021\/#website","url":"https:\/\/www.noticiasradioreflejos.com.ar\/2021\/","name":"Noticias Radio Reflejos","description":"Las noticias de mi comarca","potentialAction":[{"@type":"SearchAction","target":{"@type":"EntryPoint","urlTemplate":"https:\/\/www.noticiasradioreflejos.com.ar\/2021\/?s={search_term_string}"},"query-input":{"@type":"PropertyValueSpecification","valueRequired":true,"valueName":"search_term_string"}}],"inLanguage":"es"},{"@type":"Person","@id":"https:\/\/www.noticiasradioreflejos.com.ar\/2021\/#\/schema\/person\/ad82545263dcc5ec0996818884fd5fb1","name":"Arnaldo Botto","image":{"@type":"ImageObject","inLanguage":"es","@id":"https:\/\/www.noticiasradioreflejos.com.ar\/2021\/#\/schema\/person\/image\/","url":"https:\/\/secure.gravatar.com\/avatar\/55cb5e37c1efa326397366e6974cb338056df65cb50e7d64d1cf314e87504837?s=96&d=mm&r=g","contentUrl":"https:\/\/secure.gravatar.com\/avatar\/55cb5e37c1efa326397366e6974cb338056df65cb50e7d64d1cf314e87504837?s=96&d=mm&r=g","caption":"Arnaldo Botto"},"url":"https:\/\/www.noticiasradioreflejos.com.ar\/2021\/author\/arnaldo\/"}]}},"_links":{"self":[{"href":"https:\/\/www.noticiasradioreflejos.com.ar\/2021\/wp-json\/wp\/v2\/posts\/37899","targetHints":{"allow":["GET"]}}],"collection":[{"href":"https:\/\/www.noticiasradioreflejos.com.ar\/2021\/wp-json\/wp\/v2\/posts"}],"about":[{"href":"https:\/\/www.noticiasradioreflejos.com.ar\/2021\/wp-json\/wp\/v2\/types\/post"}],"author":[{"embeddable":true,"href":"https:\/\/www.noticiasradioreflejos.com.ar\/2021\/wp-json\/wp\/v2\/users\/3"}],"replies":[{"embeddable":true,"href":"https:\/\/www.noticiasradioreflejos.com.ar\/2021\/wp-json\/wp\/v2\/comments?post=37899"}],"version-history":[{"count":0,"href":"https:\/\/www.noticiasradioreflejos.com.ar\/2021\/wp-json\/wp\/v2\/posts\/37899\/revisions"}],"wp:attachment":[{"href":"https:\/\/www.noticiasradioreflejos.com.ar\/2021\/wp-json\/wp\/v2\/media?parent=37899"}],"wp:term":[{"taxonomy":"category","embeddable":true,"href":"https:\/\/www.noticiasradioreflejos.com.ar\/2021\/wp-json\/wp\/v2\/categories?post=37899"},{"taxonomy":"post_tag","embeddable":true,"href":"https:\/\/www.noticiasradioreflejos.com.ar\/2021\/wp-json\/wp\/v2\/tags?post=37899"}],"curies":[{"name":"wp","href":"https:\/\/api.w.org\/{rel}","templated":true}]}}