{"id":37897,"date":"2020-01-16T17:04:00","date_gmt":"2020-01-16T20:04:00","guid":{"rendered":"http:\/\/www.noticiasradioreflejos.com.ar\/noticias\/?p=37897"},"modified":"2020-01-16T17:04:00","modified_gmt":"2020-01-16T20:04:00","slug":"28va-edicion-de-la-fiesta-provincial-de-las-golondrinas","status":"publish","type":"post","link":"https:\/\/www.noticiasradioreflejos.com.ar\/2021\/28va-edicion-de-la-fiesta-provincial-de-las-golondrinas\/","title":{"rendered":"28va Edici\u00f3n de la Fiesta Provincial de las Golondrinas"},"content":{"rendered":"<p><a title=\"WhatsApp Image 2020-01-09 at 15.49.39\" href=\"http:\/\/live.staticflickr.com\/65535\/49358032857_fb598e497b_s.jpg\" rel=\"\"><img loading=\"lazy\" decoding=\"async\" class=\"alignleft\" style=\"float: left;\" title=\"WhatsApp Image 2020-01-09 at 15.49.39\" src=\"http:\/\/live.staticflickr.com\/65535\/49358032857_fb598e497b_z.jpg\" alt=\"WhatsApp Image 2020-01-09 at 15.49.39\" width=\"452\" height=\"640\" \/><\/a>La Secretaria de Turismo, Producci\u00f3n e Industria invita a la 28va edici\u00f3n de la Fiesta Provincial de las Golondrinas, el pr\u00f3ximo viernes 17, s\u00e1bado 18 y domingo 19 de enero, en Villa Ventana.<!--more--><\/p>\n<p>La villa, como todos los a\u00f1os ser\u00e1 epicentro de una de la tradicional fiesta, que tendr\u00e1 lugar en la Plaza Salerno a partir de las 18hs, donde habr\u00e1 una variada grilla de espect\u00e1culos. Tambi\u00e9n se podr\u00e1 disfrutar de diferentes opciones gastron\u00f3micas y apreciar las artesan\u00edas de la regi\u00f3n.<br \/>\nGrilla completa de shows:<br \/>\nViernes 17:<br \/>\n\u2022 Kostureras<br \/>\n\u2022 Rebenque<br \/>\n\u2022 Raices Rock<br \/>\n\u2022 Voragine<br \/>\n\u2022 Toda Suda<br \/>\n\u2022 Viento Sur<br \/>\n\u2022 Tocata<br \/>\n\u2022 Draghor \u201cTributo a Rata Blanca\u201d<br \/>\n\u2022 Lisboa<br \/>\n\u2022 Sucios y Perfumados<br \/>\nS\u00e1bado 18<br \/>\n\u2022 Forjados<br \/>\n\u2022 Melifluo<br \/>\n\u2022 Serpentina \u201cShow Infantil\u201d<br \/>\n\u2022 Cumbia Chula<br \/>\n\u2022 Pe\u00f1a Huinca Malal del Club Porte\u00f1o<br \/>\n\u2022 La Otra Parte<br \/>\n\u2022 Kaymanta<br \/>\n\u2022 Imparables \u201cTributo a R\u00e1faga\u201d<br \/>\nDomingo 19<br \/>\n\u2022 Taller de Folclore de la Biblioteca Macedonio Fernandez<br \/>\n\u2022 Carlos Porcel<br \/>\n\u2022 Media Pinta<br \/>\n\u2022 Chelominson Duet<br \/>\n\u2022 Pe\u00f1a Aitue<br \/>\n\u2022 Aparceros<br \/>\n\u2022 Wopa Cumbia<br \/>\n\u2022 Zoom \u201cHomenaje a Soda Estereo\u201d<br \/>\n\u2022 Fabio Gonzalez<\/p>\n","protected":false},"excerpt":{"rendered":"<p>La Secretaria de Turismo, Producci\u00f3n e Industria invita a la 28va edici\u00f3n de la Fiesta Provincial de las Golondrinas, el pr\u00f3ximo viernes 17, s\u00e1bado 18 y domingo 19 de enero, en Villa Ventana.<\/p>\n","protected":false},"author":3,"featured_media":0,"comment_status":"closed","ping_status":"open","sticky":false,"template":"","format":"standard","meta":{"footnotes":""},"categories":[28],"tags":[],"class_list":["post-37897","post","type-post","status-publish","format-standard","hentry","category-municipales"],"yoast_head":"<!-- This site is optimized with the Yoast SEO plugin v25.9 - https:\/\/yoast.com\/wordpress\/plugins\/seo\/ -->\n<title>28va Edici\u00f3n de la Fiesta Provincial de las Golondrinas - Noticias Radio Reflejos<\/title>\n<meta name=\"robots\" content=\"index, follow, max-snippet:-1, max-image-preview:large, max-video-preview:-1\" \/>\n<link rel=\"canonical\" href=\"https:\/\/www.noticiasradioreflejos.com.ar\/2021\/28va-edicion-de-la-fiesta-provincial-de-las-golondrinas\/\" \/>\n<meta property=\"og:locale\" content=\"es_ES\" \/>\n<meta property=\"og:type\" content=\"article\" \/>\n<meta property=\"og:title\" content=\"28va Edici\u00f3n de la Fiesta Provincial de las Golondrinas - Noticias Radio Reflejos\" \/>\n<meta property=\"og:description\" content=\"La Secretaria de Turismo, Producci\u00f3n e Industria invita a la 28va edici\u00f3n de la Fiesta Provincial de las Golondrinas, el pr\u00f3ximo viernes 17, s\u00e1bado 18 y domingo 19 de enero, en Villa Ventana.\" \/>\n<meta property=\"og:url\" content=\"https:\/\/www.noticiasradioreflejos.com.ar\/2021\/28va-edicion-de-la-fiesta-provincial-de-las-golondrinas\/\" \/>\n<meta property=\"og:site_name\" content=\"Noticias Radio Reflejos\" \/>\n<meta property=\"article:published_time\" content=\"2020-01-16T20:04:00+00:00\" \/>\n<meta property=\"og:image\" content=\"http:\/\/live.staticflickr.com\/65535\/49358032857_fb598e497b_z.jpg\" \/>\n<meta name=\"author\" content=\"Arnaldo Botto\" \/>\n<meta name=\"twitter:card\" content=\"summary_large_image\" \/>\n<script type=\"application\/ld+json\" class=\"yoast-schema-graph\">{\"@context\":\"https:\/\/schema.org\",\"@graph\":[{\"@type\":\"WebPage\",\"@id\":\"https:\/\/www.noticiasradioreflejos.com.ar\/2021\/28va-edicion-de-la-fiesta-provincial-de-las-golondrinas\/\",\"url\":\"https:\/\/www.noticiasradioreflejos.com.ar\/2021\/28va-edicion-de-la-fiesta-provincial-de-las-golondrinas\/\",\"name\":\"28va Edici\u00f3n de la Fiesta Provincial de las Golondrinas - Noticias Radio Reflejos\",\"isPartOf\":{\"@id\":\"https:\/\/www.noticiasradioreflejos.com.ar\/2021\/#website\"},\"primaryImageOfPage\":{\"@id\":\"https:\/\/www.noticiasradioreflejos.com.ar\/2021\/28va-edicion-de-la-fiesta-provincial-de-las-golondrinas\/#primaryimage\"},\"image\":{\"@id\":\"https:\/\/www.noticiasradioreflejos.com.ar\/2021\/28va-edicion-de-la-fiesta-provincial-de-las-golondrinas\/#primaryimage\"},\"thumbnailUrl\":\"http:\/\/live.staticflickr.com\/65535\/49358032857_fb598e497b_z.jpg\",\"datePublished\":\"2020-01-16T20:04:00+00:00\",\"author\":{\"@id\":\"https:\/\/www.noticiasradioreflejos.com.ar\/2021\/#\/schema\/person\/ad82545263dcc5ec0996818884fd5fb1\"},\"breadcrumb\":{\"@id\":\"https:\/\/www.noticiasradioreflejos.com.ar\/2021\/28va-edicion-de-la-fiesta-provincial-de-las-golondrinas\/#breadcrumb\"},\"inLanguage\":\"es\",\"potentialAction\":[{\"@type\":\"ReadAction\",\"target\":[\"https:\/\/www.noticiasradioreflejos.com.ar\/2021\/28va-edicion-de-la-fiesta-provincial-de-las-golondrinas\/\"]}]},{\"@type\":\"ImageObject\",\"inLanguage\":\"es\",\"@id\":\"https:\/\/www.noticiasradioreflejos.com.ar\/2021\/28va-edicion-de-la-fiesta-provincial-de-las-golondrinas\/#primaryimage\",\"url\":\"http:\/\/live.staticflickr.com\/65535\/49358032857_fb598e497b_z.jpg\",\"contentUrl\":\"http:\/\/live.staticflickr.com\/65535\/49358032857_fb598e497b_z.jpg\"},{\"@type\":\"BreadcrumbList\",\"@id\":\"https:\/\/www.noticiasradioreflejos.com.ar\/2021\/28va-edicion-de-la-fiesta-provincial-de-las-golondrinas\/#breadcrumb\",\"itemListElement\":[{\"@type\":\"ListItem\",\"position\":1,\"name\":\"Portada\",\"item\":\"https:\/\/www.noticiasradioreflejos.com.ar\/2021\/\"},{\"@type\":\"ListItem\",\"position\":2,\"name\":\"28va Edici\u00f3n de la Fiesta Provincial de las Golondrinas\"}]},{\"@type\":\"WebSite\",\"@id\":\"https:\/\/www.noticiasradioreflejos.com.ar\/2021\/#website\",\"url\":\"https:\/\/www.noticiasradioreflejos.com.ar\/2021\/\",\"name\":\"Noticias Radio Reflejos\",\"description\":\"Las noticias de mi comarca\",\"potentialAction\":[{\"@type\":\"SearchAction\",\"target\":{\"@type\":\"EntryPoint\",\"urlTemplate\":\"https:\/\/www.noticiasradioreflejos.com.ar\/2021\/?s={search_term_string}\"},\"query-input\":{\"@type\":\"PropertyValueSpecification\",\"valueRequired\":true,\"valueName\":\"search_term_string\"}}],\"inLanguage\":\"es\"},{\"@type\":\"Person\",\"@id\":\"https:\/\/www.noticiasradioreflejos.com.ar\/2021\/#\/schema\/person\/ad82545263dcc5ec0996818884fd5fb1\",\"name\":\"Arnaldo Botto\",\"image\":{\"@type\":\"ImageObject\",\"inLanguage\":\"es\",\"@id\":\"https:\/\/www.noticiasradioreflejos.com.ar\/2021\/#\/schema\/person\/image\/\",\"url\":\"https:\/\/secure.gravatar.com\/avatar\/55cb5e37c1efa326397366e6974cb338056df65cb50e7d64d1cf314e87504837?s=96&d=mm&r=g\",\"contentUrl\":\"https:\/\/secure.gravatar.com\/avatar\/55cb5e37c1efa326397366e6974cb338056df65cb50e7d64d1cf314e87504837?s=96&d=mm&r=g\",\"caption\":\"Arnaldo Botto\"},\"url\":\"https:\/\/www.noticiasradioreflejos.com.ar\/2021\/author\/arnaldo\/\"}]}<\/script>\n<!-- \/ Yoast SEO plugin. -->","yoast_head_json":{"title":"28va Edici\u00f3n de la Fiesta Provincial de las Golondrinas - Noticias Radio Reflejos","robots":{"index":"index","follow":"follow","max-snippet":"max-snippet:-1","max-image-preview":"max-image-preview:large","max-video-preview":"max-video-preview:-1"},"canonical":"https:\/\/www.noticiasradioreflejos.com.ar\/2021\/28va-edicion-de-la-fiesta-provincial-de-las-golondrinas\/","og_locale":"es_ES","og_type":"article","og_title":"28va Edici\u00f3n de la Fiesta Provincial de las Golondrinas - Noticias Radio Reflejos","og_description":"La Secretaria de Turismo, Producci\u00f3n e Industria invita a la 28va edici\u00f3n de la Fiesta Provincial de las Golondrinas, el pr\u00f3ximo viernes 17, s\u00e1bado 18 y domingo 19 de enero, en Villa Ventana.","og_url":"https:\/\/www.noticiasradioreflejos.com.ar\/2021\/28va-edicion-de-la-fiesta-provincial-de-las-golondrinas\/","og_site_name":"Noticias Radio Reflejos","article_published_time":"2020-01-16T20:04:00+00:00","og_image":[{"url":"http:\/\/live.staticflickr.com\/65535\/49358032857_fb598e497b_z.jpg","type":"","width":"","height":""}],"author":"Arnaldo Botto","twitter_card":"summary_large_image","schema":{"@context":"https:\/\/schema.org","@graph":[{"@type":"WebPage","@id":"https:\/\/www.noticiasradioreflejos.com.ar\/2021\/28va-edicion-de-la-fiesta-provincial-de-las-golondrinas\/","url":"https:\/\/www.noticiasradioreflejos.com.ar\/2021\/28va-edicion-de-la-fiesta-provincial-de-las-golondrinas\/","name":"28va Edici\u00f3n de la Fiesta Provincial de las Golondrinas - Noticias Radio Reflejos","isPartOf":{"@id":"https:\/\/www.noticiasradioreflejos.com.ar\/2021\/#website"},"primaryImageOfPage":{"@id":"https:\/\/www.noticiasradioreflejos.com.ar\/2021\/28va-edicion-de-la-fiesta-provincial-de-las-golondrinas\/#primaryimage"},"image":{"@id":"https:\/\/www.noticiasradioreflejos.com.ar\/2021\/28va-edicion-de-la-fiesta-provincial-de-las-golondrinas\/#primaryimage"},"thumbnailUrl":"http:\/\/live.staticflickr.com\/65535\/49358032857_fb598e497b_z.jpg","datePublished":"2020-01-16T20:04:00+00:00","author":{"@id":"https:\/\/www.noticiasradioreflejos.com.ar\/2021\/#\/schema\/person\/ad82545263dcc5ec0996818884fd5fb1"},"breadcrumb":{"@id":"https:\/\/www.noticiasradioreflejos.com.ar\/2021\/28va-edicion-de-la-fiesta-provincial-de-las-golondrinas\/#breadcrumb"},"inLanguage":"es","potentialAction":[{"@type":"ReadAction","target":["https:\/\/www.noticiasradioreflejos.com.ar\/2021\/28va-edicion-de-la-fiesta-provincial-de-las-golondrinas\/"]}]},{"@type":"ImageObject","inLanguage":"es","@id":"https:\/\/www.noticiasradioreflejos.com.ar\/2021\/28va-edicion-de-la-fiesta-provincial-de-las-golondrinas\/#primaryimage","url":"http:\/\/live.staticflickr.com\/65535\/49358032857_fb598e497b_z.jpg","contentUrl":"http:\/\/live.staticflickr.com\/65535\/49358032857_fb598e497b_z.jpg"},{"@type":"BreadcrumbList","@id":"https:\/\/www.noticiasradioreflejos.com.ar\/2021\/28va-edicion-de-la-fiesta-provincial-de-las-golondrinas\/#breadcrumb","itemListElement":[{"@type":"ListItem","position":1,"name":"Portada","item":"https:\/\/www.noticiasradioreflejos.com.ar\/2021\/"},{"@type":"ListItem","position":2,"name":"28va Edici\u00f3n de la Fiesta Provincial de las Golondrinas"}]},{"@type":"WebSite","@id":"https:\/\/www.noticiasradioreflejos.com.ar\/2021\/#website","url":"https:\/\/www.noticiasradioreflejos.com.ar\/2021\/","name":"Noticias Radio Reflejos","description":"Las noticias de mi comarca","potentialAction":[{"@type":"SearchAction","target":{"@type":"EntryPoint","urlTemplate":"https:\/\/www.noticiasradioreflejos.com.ar\/2021\/?s={search_term_string}"},"query-input":{"@type":"PropertyValueSpecification","valueRequired":true,"valueName":"search_term_string"}}],"inLanguage":"es"},{"@type":"Person","@id":"https:\/\/www.noticiasradioreflejos.com.ar\/2021\/#\/schema\/person\/ad82545263dcc5ec0996818884fd5fb1","name":"Arnaldo Botto","image":{"@type":"ImageObject","inLanguage":"es","@id":"https:\/\/www.noticiasradioreflejos.com.ar\/2021\/#\/schema\/person\/image\/","url":"https:\/\/secure.gravatar.com\/avatar\/55cb5e37c1efa326397366e6974cb338056df65cb50e7d64d1cf314e87504837?s=96&d=mm&r=g","contentUrl":"https:\/\/secure.gravatar.com\/avatar\/55cb5e37c1efa326397366e6974cb338056df65cb50e7d64d1cf314e87504837?s=96&d=mm&r=g","caption":"Arnaldo Botto"},"url":"https:\/\/www.noticiasradioreflejos.com.ar\/2021\/author\/arnaldo\/"}]}},"_links":{"self":[{"href":"https:\/\/www.noticiasradioreflejos.com.ar\/2021\/wp-json\/wp\/v2\/posts\/37897","targetHints":{"allow":["GET"]}}],"collection":[{"href":"https:\/\/www.noticiasradioreflejos.com.ar\/2021\/wp-json\/wp\/v2\/posts"}],"about":[{"href":"https:\/\/www.noticiasradioreflejos.com.ar\/2021\/wp-json\/wp\/v2\/types\/post"}],"author":[{"embeddable":true,"href":"https:\/\/www.noticiasradioreflejos.com.ar\/2021\/wp-json\/wp\/v2\/users\/3"}],"replies":[{"embeddable":true,"href":"https:\/\/www.noticiasradioreflejos.com.ar\/2021\/wp-json\/wp\/v2\/comments?post=37897"}],"version-history":[{"count":0,"href":"https:\/\/www.noticiasradioreflejos.com.ar\/2021\/wp-json\/wp\/v2\/posts\/37897\/revisions"}],"wp:attachment":[{"href":"https:\/\/www.noticiasradioreflejos.com.ar\/2021\/wp-json\/wp\/v2\/media?parent=37897"}],"wp:term":[{"taxonomy":"category","embeddable":true,"href":"https:\/\/www.noticiasradioreflejos.com.ar\/2021\/wp-json\/wp\/v2\/categories?post=37897"},{"taxonomy":"post_tag","embeddable":true,"href":"https:\/\/www.noticiasradioreflejos.com.ar\/2021\/wp-json\/wp\/v2\/tags?post=37897"}],"curies":[{"name":"wp","href":"https:\/\/api.w.org\/{rel}","templated":true}]}}