{"id":37865,"date":"2020-01-14T15:36:44","date_gmt":"2020-01-14T18:36:44","guid":{"rendered":"http:\/\/www.noticiasradioreflejos.com.ar\/noticias\/?p=37865"},"modified":"2020-01-14T15:36:44","modified_gmt":"2020-01-14T18:36:44","slug":"agredio-a-su-mujer-disparo-un-escopetazo-y-luego-intento-quitarse-la-vida-la-policia-de-sierra-de-la-ventana-lo-impidio","status":"publish","type":"post","link":"https:\/\/www.noticiasradioreflejos.com.ar\/2021\/agredio-a-su-mujer-disparo-un-escopetazo-y-luego-intento-quitarse-la-vida-la-policia-de-sierra-de-la-ventana-lo-impidio\/","title":{"rendered":"Agredi\u00f3 a su mujer, dispar\u00f3 un escopetazo y luego intent\u00f3 quitarse la vida. La polic\u00eda de Sierra de la Ventana lo impidi\u00f3."},"content":{"rendered":"<p>Efectivos de la Polic\u00eda de Sierra de la Ventana lograron salvar la vida de un hombre que intentaba quitarse la vida, luego que protagonizara un hecho de violencia familiar donde adem\u00e1s efectu\u00f3 un disparo de escopeta contra una ventana. El Jefe de la Subcomisar\u00eda de la localidad, Oficial Inspector Maximiliano Fogel describe en la nota c\u00f3mo se desarrollaron los hechos.<!--more--><br \/>\nEl hecho ocurri\u00f3 en Del Arroyo 1080 del Barrio San Bernardo cerca del mediod\u00eda de este lunes 13, cuando ante un llamado de emergencia a la subcomisar\u00eda local, una mujer denunciaba que su madre hab\u00eda sido agredida por el esposo y se encontraba en la unidad sanitaria local.<br \/>\n\u00abCuando nos acercamos a la US, la mujer nos comenta que previamente hab\u00eda sido agredida por su esposo y ten\u00eda un corte en el cuero cabelludo\u00bb asegur\u00f3 fogel durante la nota realizada en el Programa \u00abUn Mate y un Caf\u00e9\u00bb de este martes.<br \/>\nDel relato de la v\u00edctima se desprende que \u00abluego de una discusi\u00f3n el hombre la hab\u00eda golpeado, y que el marido se hab\u00eda quedado en el domicilio con intenci\u00f3n de quitarse la vida\u00bb describe el Jefe Policial sobre la charla con la mujer v\u00edctima de la agresi\u00f3n.<br \/>\nConociendo esto el personal a cargo de Fogel se constituy\u00f3 en el lugar de referencia donde constat\u00f3 que Armando Corino, residente de ese domicilio estaba sentado en una reposera con una escopeta. \u00abHubo una persuasi\u00f3n verbal por parte de los efectivos, tratamos que desista de una acci\u00f3n violenta, intentamos en todo momento de calmarlo, de convencerlo que desista de ese intento hasta que logramos convencerlo y le pudimos quitar el arma\u00bb manifest\u00f3 Fogel.<br \/>\n\u00abEn ning\u00fan momento recurrieron a la fuerza para poder quitarle el arma a Corino\u00bb nos asegur\u00f3 el polic\u00eda destacando la labor de su personal al que felicit\u00f3 por la manera y trato con el que lograron reducir al potencial suicida.<br \/>\nLa v\u00edctima de la agresi\u00f3n, ante la consulta de los efectivos asegur\u00f3 que hab\u00edan tenido hace algunos a\u00f1os, un hecho similar que no quisieron denunciar.<br \/>\n\u00abFu\u00e9 todo en forma verbal y lo convencimos de palabra para que desista de su actitud, en un momento fu\u00e9 como si entrara en s\u00ed y nos entreg\u00f3 la escopeta\u00bb resalt\u00f3 Fogel durante la nota que tambi\u00e9n describe que el hombre realiz\u00f3 un disparo contra una ventana de su domicilio durante el hecho.<br \/>\nLos an\u00e1lisis de sangre y orina que realizaron del agresor los efectivos de polic\u00eda Cient\u00edfica, determinar\u00e1n posteriormente si actuaba bajo la influencia de narc\u00f3ticos o alcohol.<br \/>\nTras reducir a Corino, y solicitarle la documentaci\u00f3n del arma con que fu\u00e9 encontrado y no teni\u00e9ndola registrada, sumado al hecho de violencia familiar denunciado por su mujer e hija, los efectivos procedieron a la detenci\u00f3n de Corino que qued\u00f3 a disposici\u00f3n de la Fiscalia Nro 15 de Flagrancia de Bah\u00eda Blanca.<\/p>\n<p><strong>Nota completa con Maximiliano Fogel<\/strong><br \/>\n<iframe loading=\"lazy\" src=\"https:\/\/w.soundcloud.com\/player\/?url=https%3A\/\/api.soundcloud.com\/tracks\/743357548&amp;color=%23ff5500&amp;auto_play=false&amp;hide_related=false&amp;show_comments=true&amp;show_user=true&amp;show_reposts=false&amp;show_teaser=true\" width=\"100%\" height=\"166\" frameborder=\"no\" scrolling=\"no\"><\/iframe><\/p>\n","protected":false},"excerpt":{"rendered":"<p>Efectivos de la Polic\u00eda de Sierra de la Ventana lograron salvar la vida de un hombre que intentaba quitarse la vida, luego que protagonizara un hecho de violencia familiar donde adem\u00e1s efectu\u00f3 un disparo de escopeta contra una ventana. El Jefe de la Subcomisar\u00eda de la localidad, Oficial Inspector Maximiliano Fogel describe en la nota [&hellip;]<\/p>\n","protected":false},"author":3,"featured_media":0,"comment_status":"closed","ping_status":"open","sticky":false,"template":"","format":"standard","meta":{"footnotes":""},"categories":[29],"tags":[],"class_list":["post-37865","post","type-post","status-publish","format-standard","hentry","category-policiales"],"yoast_head":"<!-- This site is optimized with the Yoast SEO plugin v25.9 - https:\/\/yoast.com\/wordpress\/plugins\/seo\/ -->\n<title>Agredi\u00f3 a su mujer, dispar\u00f3 un escopetazo y luego intent\u00f3 quitarse la vida. La polic\u00eda de Sierra de la Ventana lo impidi\u00f3. - Noticias Radio Reflejos<\/title>\n<meta name=\"robots\" content=\"index, follow, max-snippet:-1, max-image-preview:large, max-video-preview:-1\" \/>\n<link rel=\"canonical\" href=\"https:\/\/www.noticiasradioreflejos.com.ar\/2021\/agredio-a-su-mujer-disparo-un-escopetazo-y-luego-intento-quitarse-la-vida-la-policia-de-sierra-de-la-ventana-lo-impidio\/\" \/>\n<meta property=\"og:locale\" content=\"es_ES\" \/>\n<meta property=\"og:type\" content=\"article\" \/>\n<meta property=\"og:title\" content=\"Agredi\u00f3 a su mujer, dispar\u00f3 un escopetazo y luego intent\u00f3 quitarse la vida. La polic\u00eda de Sierra de la Ventana lo impidi\u00f3. - Noticias Radio Reflejos\" \/>\n<meta property=\"og:description\" content=\"Efectivos de la Polic\u00eda de Sierra de la Ventana lograron salvar la vida de un hombre que intentaba quitarse la vida, luego que protagonizara un hecho de violencia familiar donde adem\u00e1s efectu\u00f3 un disparo de escopeta contra una ventana. El Jefe de la Subcomisar\u00eda de la localidad, Oficial Inspector Maximiliano Fogel describe en la nota [&hellip;]\" \/>\n<meta property=\"og:url\" content=\"https:\/\/www.noticiasradioreflejos.com.ar\/2021\/agredio-a-su-mujer-disparo-un-escopetazo-y-luego-intento-quitarse-la-vida-la-policia-de-sierra-de-la-ventana-lo-impidio\/\" \/>\n<meta property=\"og:site_name\" content=\"Noticias Radio Reflejos\" \/>\n<meta property=\"article:published_time\" content=\"2020-01-14T18:36:44+00:00\" \/>\n<meta property=\"og:image\" content=\"https:\/\/www.noticiasradioreflejos.com.ar\/2021\/wp-content\/uploads\/2021\/07\/logosol300x200.png\" \/>\n\t<meta property=\"og:image:width\" content=\"300\" \/>\n\t<meta property=\"og:image:height\" content=\"200\" \/>\n\t<meta property=\"og:image:type\" content=\"image\/png\" \/>\n<meta name=\"author\" content=\"Arnaldo Botto\" \/>\n<meta name=\"twitter:card\" content=\"summary_large_image\" \/>\n<script type=\"application\/ld+json\" class=\"yoast-schema-graph\">{\"@context\":\"https:\/\/schema.org\",\"@graph\":[{\"@type\":\"WebPage\",\"@id\":\"https:\/\/www.noticiasradioreflejos.com.ar\/2021\/agredio-a-su-mujer-disparo-un-escopetazo-y-luego-intento-quitarse-la-vida-la-policia-de-sierra-de-la-ventana-lo-impidio\/\",\"url\":\"https:\/\/www.noticiasradioreflejos.com.ar\/2021\/agredio-a-su-mujer-disparo-un-escopetazo-y-luego-intento-quitarse-la-vida-la-policia-de-sierra-de-la-ventana-lo-impidio\/\",\"name\":\"Agredi\u00f3 a su mujer, dispar\u00f3 un escopetazo y luego intent\u00f3 quitarse la vida. La polic\u00eda de Sierra de la Ventana lo impidi\u00f3. - Noticias Radio Reflejos\",\"isPartOf\":{\"@id\":\"https:\/\/www.noticiasradioreflejos.com.ar\/2021\/#website\"},\"datePublished\":\"2020-01-14T18:36:44+00:00\",\"author\":{\"@id\":\"https:\/\/www.noticiasradioreflejos.com.ar\/2021\/#\/schema\/person\/ad82545263dcc5ec0996818884fd5fb1\"},\"breadcrumb\":{\"@id\":\"https:\/\/www.noticiasradioreflejos.com.ar\/2021\/agredio-a-su-mujer-disparo-un-escopetazo-y-luego-intento-quitarse-la-vida-la-policia-de-sierra-de-la-ventana-lo-impidio\/#breadcrumb\"},\"inLanguage\":\"es\",\"potentialAction\":[{\"@type\":\"ReadAction\",\"target\":[\"https:\/\/www.noticiasradioreflejos.com.ar\/2021\/agredio-a-su-mujer-disparo-un-escopetazo-y-luego-intento-quitarse-la-vida-la-policia-de-sierra-de-la-ventana-lo-impidio\/\"]}]},{\"@type\":\"BreadcrumbList\",\"@id\":\"https:\/\/www.noticiasradioreflejos.com.ar\/2021\/agredio-a-su-mujer-disparo-un-escopetazo-y-luego-intento-quitarse-la-vida-la-policia-de-sierra-de-la-ventana-lo-impidio\/#breadcrumb\",\"itemListElement\":[{\"@type\":\"ListItem\",\"position\":1,\"name\":\"Portada\",\"item\":\"https:\/\/www.noticiasradioreflejos.com.ar\/2021\/\"},{\"@type\":\"ListItem\",\"position\":2,\"name\":\"Agredi\u00f3 a su mujer, dispar\u00f3 un escopetazo y luego intent\u00f3 quitarse la vida. La polic\u00eda de Sierra de la Ventana lo impidi\u00f3.\"}]},{\"@type\":\"WebSite\",\"@id\":\"https:\/\/www.noticiasradioreflejos.com.ar\/2021\/#website\",\"url\":\"https:\/\/www.noticiasradioreflejos.com.ar\/2021\/\",\"name\":\"Noticias Radio Reflejos\",\"description\":\"Las noticias de mi comarca\",\"potentialAction\":[{\"@type\":\"SearchAction\",\"target\":{\"@type\":\"EntryPoint\",\"urlTemplate\":\"https:\/\/www.noticiasradioreflejos.com.ar\/2021\/?s={search_term_string}\"},\"query-input\":{\"@type\":\"PropertyValueSpecification\",\"valueRequired\":true,\"valueName\":\"search_term_string\"}}],\"inLanguage\":\"es\"},{\"@type\":\"Person\",\"@id\":\"https:\/\/www.noticiasradioreflejos.com.ar\/2021\/#\/schema\/person\/ad82545263dcc5ec0996818884fd5fb1\",\"name\":\"Arnaldo Botto\",\"image\":{\"@type\":\"ImageObject\",\"inLanguage\":\"es\",\"@id\":\"https:\/\/www.noticiasradioreflejos.com.ar\/2021\/#\/schema\/person\/image\/\",\"url\":\"https:\/\/secure.gravatar.com\/avatar\/55cb5e37c1efa326397366e6974cb338056df65cb50e7d64d1cf314e87504837?s=96&d=mm&r=g\",\"contentUrl\":\"https:\/\/secure.gravatar.com\/avatar\/55cb5e37c1efa326397366e6974cb338056df65cb50e7d64d1cf314e87504837?s=96&d=mm&r=g\",\"caption\":\"Arnaldo Botto\"},\"url\":\"https:\/\/www.noticiasradioreflejos.com.ar\/2021\/author\/arnaldo\/\"}]}<\/script>\n<!-- \/ Yoast SEO plugin. -->","yoast_head_json":{"title":"Agredi\u00f3 a su mujer, dispar\u00f3 un escopetazo y luego intent\u00f3 quitarse la vida. La polic\u00eda de Sierra de la Ventana lo impidi\u00f3. - Noticias Radio Reflejos","robots":{"index":"index","follow":"follow","max-snippet":"max-snippet:-1","max-image-preview":"max-image-preview:large","max-video-preview":"max-video-preview:-1"},"canonical":"https:\/\/www.noticiasradioreflejos.com.ar\/2021\/agredio-a-su-mujer-disparo-un-escopetazo-y-luego-intento-quitarse-la-vida-la-policia-de-sierra-de-la-ventana-lo-impidio\/","og_locale":"es_ES","og_type":"article","og_title":"Agredi\u00f3 a su mujer, dispar\u00f3 un escopetazo y luego intent\u00f3 quitarse la vida. La polic\u00eda de Sierra de la Ventana lo impidi\u00f3. - Noticias Radio Reflejos","og_description":"Efectivos de la Polic\u00eda de Sierra de la Ventana lograron salvar la vida de un hombre que intentaba quitarse la vida, luego que protagonizara un hecho de violencia familiar donde adem\u00e1s efectu\u00f3 un disparo de escopeta contra una ventana. El Jefe de la Subcomisar\u00eda de la localidad, Oficial Inspector Maximiliano Fogel describe en la nota [&hellip;]","og_url":"https:\/\/www.noticiasradioreflejos.com.ar\/2021\/agredio-a-su-mujer-disparo-un-escopetazo-y-luego-intento-quitarse-la-vida-la-policia-de-sierra-de-la-ventana-lo-impidio\/","og_site_name":"Noticias Radio Reflejos","article_published_time":"2020-01-14T18:36:44+00:00","og_image":[{"width":300,"height":200,"url":"https:\/\/www.noticiasradioreflejos.com.ar\/2021\/wp-content\/uploads\/2021\/07\/logosol300x200.png","type":"image\/png"}],"author":"Arnaldo Botto","twitter_card":"summary_large_image","schema":{"@context":"https:\/\/schema.org","@graph":[{"@type":"WebPage","@id":"https:\/\/www.noticiasradioreflejos.com.ar\/2021\/agredio-a-su-mujer-disparo-un-escopetazo-y-luego-intento-quitarse-la-vida-la-policia-de-sierra-de-la-ventana-lo-impidio\/","url":"https:\/\/www.noticiasradioreflejos.com.ar\/2021\/agredio-a-su-mujer-disparo-un-escopetazo-y-luego-intento-quitarse-la-vida-la-policia-de-sierra-de-la-ventana-lo-impidio\/","name":"Agredi\u00f3 a su mujer, dispar\u00f3 un escopetazo y luego intent\u00f3 quitarse la vida. La polic\u00eda de Sierra de la Ventana lo impidi\u00f3. - Noticias Radio Reflejos","isPartOf":{"@id":"https:\/\/www.noticiasradioreflejos.com.ar\/2021\/#website"},"datePublished":"2020-01-14T18:36:44+00:00","author":{"@id":"https:\/\/www.noticiasradioreflejos.com.ar\/2021\/#\/schema\/person\/ad82545263dcc5ec0996818884fd5fb1"},"breadcrumb":{"@id":"https:\/\/www.noticiasradioreflejos.com.ar\/2021\/agredio-a-su-mujer-disparo-un-escopetazo-y-luego-intento-quitarse-la-vida-la-policia-de-sierra-de-la-ventana-lo-impidio\/#breadcrumb"},"inLanguage":"es","potentialAction":[{"@type":"ReadAction","target":["https:\/\/www.noticiasradioreflejos.com.ar\/2021\/agredio-a-su-mujer-disparo-un-escopetazo-y-luego-intento-quitarse-la-vida-la-policia-de-sierra-de-la-ventana-lo-impidio\/"]}]},{"@type":"BreadcrumbList","@id":"https:\/\/www.noticiasradioreflejos.com.ar\/2021\/agredio-a-su-mujer-disparo-un-escopetazo-y-luego-intento-quitarse-la-vida-la-policia-de-sierra-de-la-ventana-lo-impidio\/#breadcrumb","itemListElement":[{"@type":"ListItem","position":1,"name":"Portada","item":"https:\/\/www.noticiasradioreflejos.com.ar\/2021\/"},{"@type":"ListItem","position":2,"name":"Agredi\u00f3 a su mujer, dispar\u00f3 un escopetazo y luego intent\u00f3 quitarse la vida. La polic\u00eda de Sierra de la Ventana lo impidi\u00f3."}]},{"@type":"WebSite","@id":"https:\/\/www.noticiasradioreflejos.com.ar\/2021\/#website","url":"https:\/\/www.noticiasradioreflejos.com.ar\/2021\/","name":"Noticias Radio Reflejos","description":"Las noticias de mi comarca","potentialAction":[{"@type":"SearchAction","target":{"@type":"EntryPoint","urlTemplate":"https:\/\/www.noticiasradioreflejos.com.ar\/2021\/?s={search_term_string}"},"query-input":{"@type":"PropertyValueSpecification","valueRequired":true,"valueName":"search_term_string"}}],"inLanguage":"es"},{"@type":"Person","@id":"https:\/\/www.noticiasradioreflejos.com.ar\/2021\/#\/schema\/person\/ad82545263dcc5ec0996818884fd5fb1","name":"Arnaldo Botto","image":{"@type":"ImageObject","inLanguage":"es","@id":"https:\/\/www.noticiasradioreflejos.com.ar\/2021\/#\/schema\/person\/image\/","url":"https:\/\/secure.gravatar.com\/avatar\/55cb5e37c1efa326397366e6974cb338056df65cb50e7d64d1cf314e87504837?s=96&d=mm&r=g","contentUrl":"https:\/\/secure.gravatar.com\/avatar\/55cb5e37c1efa326397366e6974cb338056df65cb50e7d64d1cf314e87504837?s=96&d=mm&r=g","caption":"Arnaldo Botto"},"url":"https:\/\/www.noticiasradioreflejos.com.ar\/2021\/author\/arnaldo\/"}]}},"_links":{"self":[{"href":"https:\/\/www.noticiasradioreflejos.com.ar\/2021\/wp-json\/wp\/v2\/posts\/37865","targetHints":{"allow":["GET"]}}],"collection":[{"href":"https:\/\/www.noticiasradioreflejos.com.ar\/2021\/wp-json\/wp\/v2\/posts"}],"about":[{"href":"https:\/\/www.noticiasradioreflejos.com.ar\/2021\/wp-json\/wp\/v2\/types\/post"}],"author":[{"embeddable":true,"href":"https:\/\/www.noticiasradioreflejos.com.ar\/2021\/wp-json\/wp\/v2\/users\/3"}],"replies":[{"embeddable":true,"href":"https:\/\/www.noticiasradioreflejos.com.ar\/2021\/wp-json\/wp\/v2\/comments?post=37865"}],"version-history":[{"count":0,"href":"https:\/\/www.noticiasradioreflejos.com.ar\/2021\/wp-json\/wp\/v2\/posts\/37865\/revisions"}],"wp:attachment":[{"href":"https:\/\/www.noticiasradioreflejos.com.ar\/2021\/wp-json\/wp\/v2\/media?parent=37865"}],"wp:term":[{"taxonomy":"category","embeddable":true,"href":"https:\/\/www.noticiasradioreflejos.com.ar\/2021\/wp-json\/wp\/v2\/categories?post=37865"},{"taxonomy":"post_tag","embeddable":true,"href":"https:\/\/www.noticiasradioreflejos.com.ar\/2021\/wp-json\/wp\/v2\/tags?post=37865"}],"curies":[{"name":"wp","href":"https:\/\/api.w.org\/{rel}","templated":true}]}}