{"id":37837,"date":"2020-01-13T14:36:22","date_gmt":"2020-01-13T17:36:22","guid":{"rendered":"http:\/\/www.noticiasradioreflejos.com.ar\/noticias\/?p=37837"},"modified":"2020-01-13T14:36:22","modified_gmt":"2020-01-13T17:36:22","slug":"jubilados-y-pensionados-exentos-del-impuesto-inmobiliario-de-la-provincia","status":"publish","type":"post","link":"https:\/\/www.noticiasradioreflejos.com.ar\/2021\/jubilados-y-pensionados-exentos-del-impuesto-inmobiliario-de-la-provincia\/","title":{"rendered":"Jubilados y Pensionados exentos del Impuesto Inmobiliario de la Provincia"},"content":{"rendered":"<p>El Instituto de Previsi\u00f3n Social de la Provincia de Buenos Aires informa que a ra\u00edz de la sanci\u00f3n de la ley impositiva para el ejercicio fiscal 2020, los jubilados y pensionados, titulares de inmuebles \u00fanicos (o c\u00f3nyuges), con una valuaci\u00f3n fiscal que no supere los $6.000.000, y con ingresos conjuntos menores a $36.000, ser\u00e1n exentos del pago del impuesto inmobiliario de la Provincia de Buenos Aires.<br \/>\n<!--more--><\/p>\n<p>Los jubilados y pensionados que obtuvieron la exenci\u00f3n impositiva antes del ejercicio fiscal 2018 la conservaran aunque la valuaci\u00f3n del inmueble supere el importe citado, mientras mantengan el cumplimiento  del resto de los requisitos.  Podr\u00e1n acogerse a este beneficio los jubilados o pensionados residentes en la Provincia de Buenos Aires y sus conyugues o parejas convivientes que sean propietarios, usufructuarios o poseedores de un solo inmueble. Deber\u00e1n adem\u00e1s acreditar que su \u00fanico ingreso est\u00e9 constituido por haberes previsionales cuyos importes brutos, en conjunto, no superen mensualmente el monto de $ 36.000.<\/p>\n","protected":false},"excerpt":{"rendered":"<p>El Instituto de Previsi\u00f3n Social de la Provincia de Buenos Aires informa que a ra\u00edz de la sanci\u00f3n de la ley impositiva para el ejercicio fiscal 2020, los jubilados y pensionados, titulares de inmuebles \u00fanicos (o c\u00f3nyuges), con una valuaci\u00f3n fiscal que no supere los $6.000.000, y con ingresos conjuntos menores a $36.000, ser\u00e1n exentos [&hellip;]<\/p>\n","protected":false},"author":3,"featured_media":0,"comment_status":"closed","ping_status":"open","sticky":false,"template":"","format":"standard","meta":{"footnotes":""},"categories":[36],"tags":[],"class_list":["post-37837","post","type-post","status-publish","format-standard","hentry","category-economia"],"yoast_head":"<!-- This site is optimized with the Yoast SEO plugin v25.9 - https:\/\/yoast.com\/wordpress\/plugins\/seo\/ -->\n<title>Jubilados y Pensionados exentos del Impuesto Inmobiliario de la Provincia - Noticias Radio Reflejos<\/title>\n<meta name=\"robots\" content=\"index, follow, max-snippet:-1, max-image-preview:large, max-video-preview:-1\" \/>\n<link rel=\"canonical\" href=\"https:\/\/www.noticiasradioreflejos.com.ar\/2021\/jubilados-y-pensionados-exentos-del-impuesto-inmobiliario-de-la-provincia\/\" \/>\n<meta property=\"og:locale\" content=\"es_ES\" \/>\n<meta property=\"og:type\" content=\"article\" \/>\n<meta property=\"og:title\" content=\"Jubilados y Pensionados exentos del Impuesto Inmobiliario de la Provincia - Noticias Radio Reflejos\" \/>\n<meta property=\"og:description\" content=\"El Instituto de Previsi\u00f3n Social de la Provincia de Buenos Aires informa que a ra\u00edz de la sanci\u00f3n de la ley impositiva para el ejercicio fiscal 2020, los jubilados y pensionados, titulares de inmuebles \u00fanicos (o c\u00f3nyuges), con una valuaci\u00f3n fiscal que no supere los $6.000.000, y con ingresos conjuntos menores a $36.000, ser\u00e1n exentos [&hellip;]\" \/>\n<meta property=\"og:url\" content=\"https:\/\/www.noticiasradioreflejos.com.ar\/2021\/jubilados-y-pensionados-exentos-del-impuesto-inmobiliario-de-la-provincia\/\" \/>\n<meta property=\"og:site_name\" content=\"Noticias Radio Reflejos\" \/>\n<meta property=\"article:published_time\" content=\"2020-01-13T17:36:22+00:00\" \/>\n<meta property=\"og:image\" content=\"https:\/\/www.noticiasradioreflejos.com.ar\/2021\/wp-content\/uploads\/2021\/07\/logosol300x200.png\" \/>\n\t<meta property=\"og:image:width\" content=\"300\" \/>\n\t<meta property=\"og:image:height\" content=\"200\" \/>\n\t<meta property=\"og:image:type\" content=\"image\/png\" \/>\n<meta name=\"author\" content=\"Arnaldo Botto\" \/>\n<meta name=\"twitter:card\" content=\"summary_large_image\" \/>\n<script type=\"application\/ld+json\" class=\"yoast-schema-graph\">{\"@context\":\"https:\/\/schema.org\",\"@graph\":[{\"@type\":\"WebPage\",\"@id\":\"https:\/\/www.noticiasradioreflejos.com.ar\/2021\/jubilados-y-pensionados-exentos-del-impuesto-inmobiliario-de-la-provincia\/\",\"url\":\"https:\/\/www.noticiasradioreflejos.com.ar\/2021\/jubilados-y-pensionados-exentos-del-impuesto-inmobiliario-de-la-provincia\/\",\"name\":\"Jubilados y Pensionados exentos del Impuesto Inmobiliario de la Provincia - Noticias Radio Reflejos\",\"isPartOf\":{\"@id\":\"https:\/\/www.noticiasradioreflejos.com.ar\/2021\/#website\"},\"datePublished\":\"2020-01-13T17:36:22+00:00\",\"author\":{\"@id\":\"https:\/\/www.noticiasradioreflejos.com.ar\/2021\/#\/schema\/person\/ad82545263dcc5ec0996818884fd5fb1\"},\"breadcrumb\":{\"@id\":\"https:\/\/www.noticiasradioreflejos.com.ar\/2021\/jubilados-y-pensionados-exentos-del-impuesto-inmobiliario-de-la-provincia\/#breadcrumb\"},\"inLanguage\":\"es\",\"potentialAction\":[{\"@type\":\"ReadAction\",\"target\":[\"https:\/\/www.noticiasradioreflejos.com.ar\/2021\/jubilados-y-pensionados-exentos-del-impuesto-inmobiliario-de-la-provincia\/\"]}]},{\"@type\":\"BreadcrumbList\",\"@id\":\"https:\/\/www.noticiasradioreflejos.com.ar\/2021\/jubilados-y-pensionados-exentos-del-impuesto-inmobiliario-de-la-provincia\/#breadcrumb\",\"itemListElement\":[{\"@type\":\"ListItem\",\"position\":1,\"name\":\"Portada\",\"item\":\"https:\/\/www.noticiasradioreflejos.com.ar\/2021\/\"},{\"@type\":\"ListItem\",\"position\":2,\"name\":\"Jubilados y Pensionados exentos del Impuesto Inmobiliario de la Provincia\"}]},{\"@type\":\"WebSite\",\"@id\":\"https:\/\/www.noticiasradioreflejos.com.ar\/2021\/#website\",\"url\":\"https:\/\/www.noticiasradioreflejos.com.ar\/2021\/\",\"name\":\"Noticias Radio Reflejos\",\"description\":\"Las noticias de mi comarca\",\"potentialAction\":[{\"@type\":\"SearchAction\",\"target\":{\"@type\":\"EntryPoint\",\"urlTemplate\":\"https:\/\/www.noticiasradioreflejos.com.ar\/2021\/?s={search_term_string}\"},\"query-input\":{\"@type\":\"PropertyValueSpecification\",\"valueRequired\":true,\"valueName\":\"search_term_string\"}}],\"inLanguage\":\"es\"},{\"@type\":\"Person\",\"@id\":\"https:\/\/www.noticiasradioreflejos.com.ar\/2021\/#\/schema\/person\/ad82545263dcc5ec0996818884fd5fb1\",\"name\":\"Arnaldo Botto\",\"image\":{\"@type\":\"ImageObject\",\"inLanguage\":\"es\",\"@id\":\"https:\/\/www.noticiasradioreflejos.com.ar\/2021\/#\/schema\/person\/image\/\",\"url\":\"https:\/\/secure.gravatar.com\/avatar\/55cb5e37c1efa326397366e6974cb338056df65cb50e7d64d1cf314e87504837?s=96&d=mm&r=g\",\"contentUrl\":\"https:\/\/secure.gravatar.com\/avatar\/55cb5e37c1efa326397366e6974cb338056df65cb50e7d64d1cf314e87504837?s=96&d=mm&r=g\",\"caption\":\"Arnaldo Botto\"},\"url\":\"https:\/\/www.noticiasradioreflejos.com.ar\/2021\/author\/arnaldo\/\"}]}<\/script>\n<!-- \/ Yoast SEO plugin. -->","yoast_head_json":{"title":"Jubilados y Pensionados exentos del Impuesto Inmobiliario de la Provincia - Noticias Radio Reflejos","robots":{"index":"index","follow":"follow","max-snippet":"max-snippet:-1","max-image-preview":"max-image-preview:large","max-video-preview":"max-video-preview:-1"},"canonical":"https:\/\/www.noticiasradioreflejos.com.ar\/2021\/jubilados-y-pensionados-exentos-del-impuesto-inmobiliario-de-la-provincia\/","og_locale":"es_ES","og_type":"article","og_title":"Jubilados y Pensionados exentos del Impuesto Inmobiliario de la Provincia - Noticias Radio Reflejos","og_description":"El Instituto de Previsi\u00f3n Social de la Provincia de Buenos Aires informa que a ra\u00edz de la sanci\u00f3n de la ley impositiva para el ejercicio fiscal 2020, los jubilados y pensionados, titulares de inmuebles \u00fanicos (o c\u00f3nyuges), con una valuaci\u00f3n fiscal que no supere los $6.000.000, y con ingresos conjuntos menores a $36.000, ser\u00e1n exentos [&hellip;]","og_url":"https:\/\/www.noticiasradioreflejos.com.ar\/2021\/jubilados-y-pensionados-exentos-del-impuesto-inmobiliario-de-la-provincia\/","og_site_name":"Noticias Radio Reflejos","article_published_time":"2020-01-13T17:36:22+00:00","og_image":[{"width":300,"height":200,"url":"https:\/\/www.noticiasradioreflejos.com.ar\/2021\/wp-content\/uploads\/2021\/07\/logosol300x200.png","type":"image\/png"}],"author":"Arnaldo Botto","twitter_card":"summary_large_image","schema":{"@context":"https:\/\/schema.org","@graph":[{"@type":"WebPage","@id":"https:\/\/www.noticiasradioreflejos.com.ar\/2021\/jubilados-y-pensionados-exentos-del-impuesto-inmobiliario-de-la-provincia\/","url":"https:\/\/www.noticiasradioreflejos.com.ar\/2021\/jubilados-y-pensionados-exentos-del-impuesto-inmobiliario-de-la-provincia\/","name":"Jubilados y Pensionados exentos del Impuesto Inmobiliario de la Provincia - Noticias Radio Reflejos","isPartOf":{"@id":"https:\/\/www.noticiasradioreflejos.com.ar\/2021\/#website"},"datePublished":"2020-01-13T17:36:22+00:00","author":{"@id":"https:\/\/www.noticiasradioreflejos.com.ar\/2021\/#\/schema\/person\/ad82545263dcc5ec0996818884fd5fb1"},"breadcrumb":{"@id":"https:\/\/www.noticiasradioreflejos.com.ar\/2021\/jubilados-y-pensionados-exentos-del-impuesto-inmobiliario-de-la-provincia\/#breadcrumb"},"inLanguage":"es","potentialAction":[{"@type":"ReadAction","target":["https:\/\/www.noticiasradioreflejos.com.ar\/2021\/jubilados-y-pensionados-exentos-del-impuesto-inmobiliario-de-la-provincia\/"]}]},{"@type":"BreadcrumbList","@id":"https:\/\/www.noticiasradioreflejos.com.ar\/2021\/jubilados-y-pensionados-exentos-del-impuesto-inmobiliario-de-la-provincia\/#breadcrumb","itemListElement":[{"@type":"ListItem","position":1,"name":"Portada","item":"https:\/\/www.noticiasradioreflejos.com.ar\/2021\/"},{"@type":"ListItem","position":2,"name":"Jubilados y Pensionados exentos del Impuesto Inmobiliario de la Provincia"}]},{"@type":"WebSite","@id":"https:\/\/www.noticiasradioreflejos.com.ar\/2021\/#website","url":"https:\/\/www.noticiasradioreflejos.com.ar\/2021\/","name":"Noticias Radio Reflejos","description":"Las noticias de mi comarca","potentialAction":[{"@type":"SearchAction","target":{"@type":"EntryPoint","urlTemplate":"https:\/\/www.noticiasradioreflejos.com.ar\/2021\/?s={search_term_string}"},"query-input":{"@type":"PropertyValueSpecification","valueRequired":true,"valueName":"search_term_string"}}],"inLanguage":"es"},{"@type":"Person","@id":"https:\/\/www.noticiasradioreflejos.com.ar\/2021\/#\/schema\/person\/ad82545263dcc5ec0996818884fd5fb1","name":"Arnaldo Botto","image":{"@type":"ImageObject","inLanguage":"es","@id":"https:\/\/www.noticiasradioreflejos.com.ar\/2021\/#\/schema\/person\/image\/","url":"https:\/\/secure.gravatar.com\/avatar\/55cb5e37c1efa326397366e6974cb338056df65cb50e7d64d1cf314e87504837?s=96&d=mm&r=g","contentUrl":"https:\/\/secure.gravatar.com\/avatar\/55cb5e37c1efa326397366e6974cb338056df65cb50e7d64d1cf314e87504837?s=96&d=mm&r=g","caption":"Arnaldo Botto"},"url":"https:\/\/www.noticiasradioreflejos.com.ar\/2021\/author\/arnaldo\/"}]}},"_links":{"self":[{"href":"https:\/\/www.noticiasradioreflejos.com.ar\/2021\/wp-json\/wp\/v2\/posts\/37837","targetHints":{"allow":["GET"]}}],"collection":[{"href":"https:\/\/www.noticiasradioreflejos.com.ar\/2021\/wp-json\/wp\/v2\/posts"}],"about":[{"href":"https:\/\/www.noticiasradioreflejos.com.ar\/2021\/wp-json\/wp\/v2\/types\/post"}],"author":[{"embeddable":true,"href":"https:\/\/www.noticiasradioreflejos.com.ar\/2021\/wp-json\/wp\/v2\/users\/3"}],"replies":[{"embeddable":true,"href":"https:\/\/www.noticiasradioreflejos.com.ar\/2021\/wp-json\/wp\/v2\/comments?post=37837"}],"version-history":[{"count":0,"href":"https:\/\/www.noticiasradioreflejos.com.ar\/2021\/wp-json\/wp\/v2\/posts\/37837\/revisions"}],"wp:attachment":[{"href":"https:\/\/www.noticiasradioreflejos.com.ar\/2021\/wp-json\/wp\/v2\/media?parent=37837"}],"wp:term":[{"taxonomy":"category","embeddable":true,"href":"https:\/\/www.noticiasradioreflejos.com.ar\/2021\/wp-json\/wp\/v2\/categories?post=37837"},{"taxonomy":"post_tag","embeddable":true,"href":"https:\/\/www.noticiasradioreflejos.com.ar\/2021\/wp-json\/wp\/v2\/tags?post=37837"}],"curies":[{"name":"wp","href":"https:\/\/api.w.org\/{rel}","templated":true}]}}