{"id":37736,"date":"2020-01-09T08:04:33","date_gmt":"2020-01-09T11:04:33","guid":{"rendered":"http:\/\/www.noticiasradioreflejos.com.ar\/noticias\/?p=37736"},"modified":"2020-01-09T08:04:33","modified_gmt":"2020-01-09T11:04:33","slug":"el-aumento-salarial-a-los-municipales-depende-de-la-aprobacion-del-presupuesto-provincial","status":"publish","type":"post","link":"https:\/\/www.noticiasradioreflejos.com.ar\/2021\/el-aumento-salarial-a-los-municipales-depende-de-la-aprobacion-del-presupuesto-provincial\/","title":{"rendered":"El aumento salarial a los municipales depende de la aprobaci\u00f3n del presupuesto provincial"},"content":{"rendered":"<p>As\u00ed lo asegur\u00f3 el intendente Sergio Bordoni, quien este martes se reuni\u00f3 con el sindicato. Tambi\u00e9n habl\u00f3 Claudio Lencina.<!--more--><br \/>\nEste martes mantuvieron una reuni\u00f3n el intendente municipal, Sergio Bordoni, y el Sindicato de Trabajadores Municipales, representado por su Secretario General, Claudio Lencina, para dialogar respecto a aumentos salariales para los empleados de la comuna.<\/p>\n<p>\u201cTiramos los n\u00fameros sobre la mesa, explicamos que el aumento ser\u00e1 posible siempre y cuando se apruebe el presupuesto provincial, estamos sujetos a eso. Es important\u00edsimo que demos un incremento porque la inflaci\u00f3n tap\u00f3 los salarios, pero debemos ser serios al dar aumentos que despu\u00e9s podamos pagar\u201d, explic\u00f3 el jefe comunal.<\/p>\n<p>Mientras tanto, se mantendr\u00e1 la bonificaci\u00f3n remunerativa de $3.000 que se viene abonando desde junio y, una vez que se apruebe la Ley Impositiva bonaerense, dependiendo el ajuste que establezca, se seguir\u00eda pagando la mencionada suma y se dar\u00eda un incremento al sueldo b\u00e1sico, que podr\u00eda ser del 10%.<\/p>\n<p>\u201cNo recibimos fondo educativo desde el 27 de diciembre, y mientras no se apruebe el presupuesto 2020, habr\u00e1 una pr\u00f3rroga del 2019, por lo que entrar\u00eda el mismo dinero del a\u00f1o pasado y ser\u00eda alocado dar un aumento salarial con esos n\u00fameros\u201d, a\u00f1adi\u00f3 Bordoni.<\/p>\n<p>En cuanto a lo que propuso el STM en la reuni\u00f3n, el intendente coment\u00f3: \u201cquiere empezar a blanquear los $3.000 que se pagan como bonificaci\u00f3n, que significa un porcentaje alto y no ayuda al que est\u00e1 m\u00e1s abajo; por eso, nosotros ofrecimos mantener ese bono y dar un porcentaje para que los que est\u00e1n m\u00e1s arriba (con cargos m\u00e1s altos) tengan una diferencia, porque si no empieza a achatarse la escala salarial\u201d.<\/p>\n<p>Respecto a por qu\u00e9 los sueldos de diciembre se pagaron el 3 de enero, el intendente precis\u00f3 que \u201cno pod\u00edamos informar qu\u00e9 d\u00eda se iban a abonar (sabiendo que no iba a ser el \u00faltimo d\u00eda h\u00e1bil del mes) porque, por el asueto provincial del lunes 30, no entr\u00f3 la coparticipaci\u00f3n a las arcas del municipio. El 2, ingres\u00f3 el equivalente a dos jornadas y el 3 se pagaron los salarios\u201d.<\/p>\n<p>\u201cAnte esa duda, decidimos no informar la fecha de cobro\u201d, a\u00f1adi\u00f3 y aclar\u00f3: \u201cfue responsabilidad nuestra, no tiene nada que ver el sindicato\u201d. \u201cHay municipios de la Sexta que a\u00fan no pagaron los sueldos. Somos el municipio con tercer mejor b\u00e1sico de la regi\u00f3n y el 20 de la provincia, lo que no quiere decir que alcance para vivir\u201d, sostuvo.<\/p>\n<p>Por otro lado, sobre el incremento del 10 y 20% que se le dio, mediante el presupuesto 2020, a tres funcionarios del Ejecutivo municipal, Sergio Bordoni asegur\u00f3 que \u201csi no d\u00e1bamos ese plus ahora, ten\u00edamos que volver a tocar el presupuesto en marzo y llamar a asamblea de mayores contribuyentes. En plata, son $5.000 para cada uno, aproximadamente\u201d.<\/p>\n<p>En los \u00faltimos d\u00edas, \u201cse dijeron barbaridades, como que mi hija (Estefan\u00eda Bordoni, Secretaria de Hacienda) cobra $100.000, cuando su \u00faltimo recibo de sueldo dice $39.000; y que los asesores tambi\u00e9n, quienes en realidad perciben $35.000 y son solo tres o cuatro\u201d.<\/p>\n<p>LA PALABRA DEL SINDICATO MUNICIPAL<\/p>\n<p>Por su parte, el Secretario del gremio, Claudio Lencina, indic\u00f3 que durante el encuentro con el jefe comunal \u201cle manifestamos el malestar de algunos trabajadores por el aumento que tuvieron tres miembros del Ejecutivo, ya que no consider\u00e1bamos que era el momento, pero lo entendimos cuando nos dio las explicaciones\u201d.<\/p>\n<p>En cuanto a lo que le solicitaron a Bordoni sobre salarios, se\u00f1al\u00f3 que \u201cdesde septiembre estamos tratando de blanquear los $3.000 que tenemos como remuneraci\u00f3n desde junio, que hab\u00edamos acordado ir pas\u00e1ndolo al b\u00e1sico mediante porcentajes. Esa suma representa un 22,1% de un b\u00e1sico\u201d.<\/p>\n<p>No obstante, aclar\u00f3 que \u201csi ese monto se hubiese llevado al sueldo base de una, representaba un importante aumento para toda la planta jer\u00e1rquica y pol\u00edtica y no tanto para los trabajadores\u201d.<\/p>\n<p>\u201cBordoni siempre tuvo la voluntad de darle aumento a los empleados\u201d, subray\u00f3 Lencina, aunque reconoci\u00f3 que \u201caumenta todo y los sueldos de los agentes municipales quedaron muy por debajo de la canasta familiar\u201d.<\/p>\n<p><iframe loading=\"lazy\" width=\"100%\" height=\"166\" scrolling=\"no\" frameborder=\"no\" allow=\"autoplay\" src=\"https:\/\/w.soundcloud.com\/player\/?url=https%3A\/\/api.soundcloud.com\/tracks\/740626054&#038;color=%23ff5500&#038;auto_play=false&#038;hide_related=false&#038;show_comments=true&#038;show_user=true&#038;show_reposts=false&#038;show_teaser=true\"><\/iframe><\/p>\n<p><iframe loading=\"lazy\" width=\"100%\" height=\"166\" scrolling=\"no\" frameborder=\"no\" allow=\"autoplay\" src=\"https:\/\/w.soundcloud.com\/player\/?url=https%3A\/\/api.soundcloud.com\/tracks\/740625802&#038;color=%23ff5500&#038;auto_play=false&#038;hide_related=false&#038;show_comments=true&#038;show_user=true&#038;show_reposts=false&#038;show_teaser=true\"><\/iframe><\/p>\n","protected":false},"excerpt":{"rendered":"<p>As\u00ed lo asegur\u00f3 el intendente Sergio Bordoni, quien este martes se reuni\u00f3 con el sindicato. Tambi\u00e9n habl\u00f3 Claudio Lencina.<\/p>\n","protected":false},"author":3,"featured_media":0,"comment_status":"closed","ping_status":"open","sticky":false,"template":"","format":"standard","meta":{"footnotes":""},"categories":[28],"tags":[],"class_list":["post-37736","post","type-post","status-publish","format-standard","hentry","category-municipales"],"yoast_head":"<!-- This site is optimized with the Yoast SEO plugin v25.9 - https:\/\/yoast.com\/wordpress\/plugins\/seo\/ -->\n<title>El aumento salarial a los municipales depende de la aprobaci\u00f3n del presupuesto provincial - Noticias Radio Reflejos<\/title>\n<meta name=\"robots\" content=\"index, follow, max-snippet:-1, max-image-preview:large, max-video-preview:-1\" \/>\n<link rel=\"canonical\" href=\"https:\/\/www.noticiasradioreflejos.com.ar\/2021\/el-aumento-salarial-a-los-municipales-depende-de-la-aprobacion-del-presupuesto-provincial\/\" \/>\n<meta property=\"og:locale\" content=\"es_ES\" \/>\n<meta property=\"og:type\" content=\"article\" \/>\n<meta property=\"og:title\" content=\"El aumento salarial a los municipales depende de la aprobaci\u00f3n del presupuesto provincial - Noticias Radio Reflejos\" \/>\n<meta property=\"og:description\" content=\"As\u00ed lo asegur\u00f3 el intendente Sergio Bordoni, quien este martes se reuni\u00f3 con el sindicato. Tambi\u00e9n habl\u00f3 Claudio Lencina.\" \/>\n<meta property=\"og:url\" content=\"https:\/\/www.noticiasradioreflejos.com.ar\/2021\/el-aumento-salarial-a-los-municipales-depende-de-la-aprobacion-del-presupuesto-provincial\/\" \/>\n<meta property=\"og:site_name\" content=\"Noticias Radio Reflejos\" \/>\n<meta property=\"article:published_time\" content=\"2020-01-09T11:04:33+00:00\" \/>\n<meta property=\"og:image\" content=\"https:\/\/www.noticiasradioreflejos.com.ar\/2021\/wp-content\/uploads\/2021\/07\/logosol300x200.png\" \/>\n\t<meta property=\"og:image:width\" content=\"300\" \/>\n\t<meta property=\"og:image:height\" content=\"200\" \/>\n\t<meta property=\"og:image:type\" content=\"image\/png\" \/>\n<meta name=\"author\" content=\"Arnaldo Botto\" \/>\n<meta name=\"twitter:card\" content=\"summary_large_image\" \/>\n<script type=\"application\/ld+json\" class=\"yoast-schema-graph\">{\"@context\":\"https:\/\/schema.org\",\"@graph\":[{\"@type\":\"WebPage\",\"@id\":\"https:\/\/www.noticiasradioreflejos.com.ar\/2021\/el-aumento-salarial-a-los-municipales-depende-de-la-aprobacion-del-presupuesto-provincial\/\",\"url\":\"https:\/\/www.noticiasradioreflejos.com.ar\/2021\/el-aumento-salarial-a-los-municipales-depende-de-la-aprobacion-del-presupuesto-provincial\/\",\"name\":\"El aumento salarial a los municipales depende de la aprobaci\u00f3n del presupuesto provincial - Noticias Radio Reflejos\",\"isPartOf\":{\"@id\":\"https:\/\/www.noticiasradioreflejos.com.ar\/2021\/#website\"},\"datePublished\":\"2020-01-09T11:04:33+00:00\",\"author\":{\"@id\":\"https:\/\/www.noticiasradioreflejos.com.ar\/2021\/#\/schema\/person\/ad82545263dcc5ec0996818884fd5fb1\"},\"breadcrumb\":{\"@id\":\"https:\/\/www.noticiasradioreflejos.com.ar\/2021\/el-aumento-salarial-a-los-municipales-depende-de-la-aprobacion-del-presupuesto-provincial\/#breadcrumb\"},\"inLanguage\":\"es\",\"potentialAction\":[{\"@type\":\"ReadAction\",\"target\":[\"https:\/\/www.noticiasradioreflejos.com.ar\/2021\/el-aumento-salarial-a-los-municipales-depende-de-la-aprobacion-del-presupuesto-provincial\/\"]}]},{\"@type\":\"BreadcrumbList\",\"@id\":\"https:\/\/www.noticiasradioreflejos.com.ar\/2021\/el-aumento-salarial-a-los-municipales-depende-de-la-aprobacion-del-presupuesto-provincial\/#breadcrumb\",\"itemListElement\":[{\"@type\":\"ListItem\",\"position\":1,\"name\":\"Portada\",\"item\":\"https:\/\/www.noticiasradioreflejos.com.ar\/2021\/\"},{\"@type\":\"ListItem\",\"position\":2,\"name\":\"El aumento salarial a los municipales depende de la aprobaci\u00f3n del presupuesto provincial\"}]},{\"@type\":\"WebSite\",\"@id\":\"https:\/\/www.noticiasradioreflejos.com.ar\/2021\/#website\",\"url\":\"https:\/\/www.noticiasradioreflejos.com.ar\/2021\/\",\"name\":\"Noticias Radio Reflejos\",\"description\":\"Las noticias de mi comarca\",\"potentialAction\":[{\"@type\":\"SearchAction\",\"target\":{\"@type\":\"EntryPoint\",\"urlTemplate\":\"https:\/\/www.noticiasradioreflejos.com.ar\/2021\/?s={search_term_string}\"},\"query-input\":{\"@type\":\"PropertyValueSpecification\",\"valueRequired\":true,\"valueName\":\"search_term_string\"}}],\"inLanguage\":\"es\"},{\"@type\":\"Person\",\"@id\":\"https:\/\/www.noticiasradioreflejos.com.ar\/2021\/#\/schema\/person\/ad82545263dcc5ec0996818884fd5fb1\",\"name\":\"Arnaldo Botto\",\"image\":{\"@type\":\"ImageObject\",\"inLanguage\":\"es\",\"@id\":\"https:\/\/www.noticiasradioreflejos.com.ar\/2021\/#\/schema\/person\/image\/\",\"url\":\"https:\/\/secure.gravatar.com\/avatar\/55cb5e37c1efa326397366e6974cb338056df65cb50e7d64d1cf314e87504837?s=96&d=mm&r=g\",\"contentUrl\":\"https:\/\/secure.gravatar.com\/avatar\/55cb5e37c1efa326397366e6974cb338056df65cb50e7d64d1cf314e87504837?s=96&d=mm&r=g\",\"caption\":\"Arnaldo Botto\"},\"url\":\"https:\/\/www.noticiasradioreflejos.com.ar\/2021\/author\/arnaldo\/\"}]}<\/script>\n<!-- \/ Yoast SEO plugin. -->","yoast_head_json":{"title":"El aumento salarial a los municipales depende de la aprobaci\u00f3n del presupuesto provincial - Noticias Radio Reflejos","robots":{"index":"index","follow":"follow","max-snippet":"max-snippet:-1","max-image-preview":"max-image-preview:large","max-video-preview":"max-video-preview:-1"},"canonical":"https:\/\/www.noticiasradioreflejos.com.ar\/2021\/el-aumento-salarial-a-los-municipales-depende-de-la-aprobacion-del-presupuesto-provincial\/","og_locale":"es_ES","og_type":"article","og_title":"El aumento salarial a los municipales depende de la aprobaci\u00f3n del presupuesto provincial - Noticias Radio Reflejos","og_description":"As\u00ed lo asegur\u00f3 el intendente Sergio Bordoni, quien este martes se reuni\u00f3 con el sindicato. Tambi\u00e9n habl\u00f3 Claudio Lencina.","og_url":"https:\/\/www.noticiasradioreflejos.com.ar\/2021\/el-aumento-salarial-a-los-municipales-depende-de-la-aprobacion-del-presupuesto-provincial\/","og_site_name":"Noticias Radio Reflejos","article_published_time":"2020-01-09T11:04:33+00:00","og_image":[{"width":300,"height":200,"url":"https:\/\/www.noticiasradioreflejos.com.ar\/2021\/wp-content\/uploads\/2021\/07\/logosol300x200.png","type":"image\/png"}],"author":"Arnaldo Botto","twitter_card":"summary_large_image","schema":{"@context":"https:\/\/schema.org","@graph":[{"@type":"WebPage","@id":"https:\/\/www.noticiasradioreflejos.com.ar\/2021\/el-aumento-salarial-a-los-municipales-depende-de-la-aprobacion-del-presupuesto-provincial\/","url":"https:\/\/www.noticiasradioreflejos.com.ar\/2021\/el-aumento-salarial-a-los-municipales-depende-de-la-aprobacion-del-presupuesto-provincial\/","name":"El aumento salarial a los municipales depende de la aprobaci\u00f3n del presupuesto provincial - Noticias Radio Reflejos","isPartOf":{"@id":"https:\/\/www.noticiasradioreflejos.com.ar\/2021\/#website"},"datePublished":"2020-01-09T11:04:33+00:00","author":{"@id":"https:\/\/www.noticiasradioreflejos.com.ar\/2021\/#\/schema\/person\/ad82545263dcc5ec0996818884fd5fb1"},"breadcrumb":{"@id":"https:\/\/www.noticiasradioreflejos.com.ar\/2021\/el-aumento-salarial-a-los-municipales-depende-de-la-aprobacion-del-presupuesto-provincial\/#breadcrumb"},"inLanguage":"es","potentialAction":[{"@type":"ReadAction","target":["https:\/\/www.noticiasradioreflejos.com.ar\/2021\/el-aumento-salarial-a-los-municipales-depende-de-la-aprobacion-del-presupuesto-provincial\/"]}]},{"@type":"BreadcrumbList","@id":"https:\/\/www.noticiasradioreflejos.com.ar\/2021\/el-aumento-salarial-a-los-municipales-depende-de-la-aprobacion-del-presupuesto-provincial\/#breadcrumb","itemListElement":[{"@type":"ListItem","position":1,"name":"Portada","item":"https:\/\/www.noticiasradioreflejos.com.ar\/2021\/"},{"@type":"ListItem","position":2,"name":"El aumento salarial a los municipales depende de la aprobaci\u00f3n del presupuesto provincial"}]},{"@type":"WebSite","@id":"https:\/\/www.noticiasradioreflejos.com.ar\/2021\/#website","url":"https:\/\/www.noticiasradioreflejos.com.ar\/2021\/","name":"Noticias Radio Reflejos","description":"Las noticias de mi comarca","potentialAction":[{"@type":"SearchAction","target":{"@type":"EntryPoint","urlTemplate":"https:\/\/www.noticiasradioreflejos.com.ar\/2021\/?s={search_term_string}"},"query-input":{"@type":"PropertyValueSpecification","valueRequired":true,"valueName":"search_term_string"}}],"inLanguage":"es"},{"@type":"Person","@id":"https:\/\/www.noticiasradioreflejos.com.ar\/2021\/#\/schema\/person\/ad82545263dcc5ec0996818884fd5fb1","name":"Arnaldo Botto","image":{"@type":"ImageObject","inLanguage":"es","@id":"https:\/\/www.noticiasradioreflejos.com.ar\/2021\/#\/schema\/person\/image\/","url":"https:\/\/secure.gravatar.com\/avatar\/55cb5e37c1efa326397366e6974cb338056df65cb50e7d64d1cf314e87504837?s=96&d=mm&r=g","contentUrl":"https:\/\/secure.gravatar.com\/avatar\/55cb5e37c1efa326397366e6974cb338056df65cb50e7d64d1cf314e87504837?s=96&d=mm&r=g","caption":"Arnaldo Botto"},"url":"https:\/\/www.noticiasradioreflejos.com.ar\/2021\/author\/arnaldo\/"}]}},"_links":{"self":[{"href":"https:\/\/www.noticiasradioreflejos.com.ar\/2021\/wp-json\/wp\/v2\/posts\/37736","targetHints":{"allow":["GET"]}}],"collection":[{"href":"https:\/\/www.noticiasradioreflejos.com.ar\/2021\/wp-json\/wp\/v2\/posts"}],"about":[{"href":"https:\/\/www.noticiasradioreflejos.com.ar\/2021\/wp-json\/wp\/v2\/types\/post"}],"author":[{"embeddable":true,"href":"https:\/\/www.noticiasradioreflejos.com.ar\/2021\/wp-json\/wp\/v2\/users\/3"}],"replies":[{"embeddable":true,"href":"https:\/\/www.noticiasradioreflejos.com.ar\/2021\/wp-json\/wp\/v2\/comments?post=37736"}],"version-history":[{"count":0,"href":"https:\/\/www.noticiasradioreflejos.com.ar\/2021\/wp-json\/wp\/v2\/posts\/37736\/revisions"}],"wp:attachment":[{"href":"https:\/\/www.noticiasradioreflejos.com.ar\/2021\/wp-json\/wp\/v2\/media?parent=37736"}],"wp:term":[{"taxonomy":"category","embeddable":true,"href":"https:\/\/www.noticiasradioreflejos.com.ar\/2021\/wp-json\/wp\/v2\/categories?post=37736"},{"taxonomy":"post_tag","embeddable":true,"href":"https:\/\/www.noticiasradioreflejos.com.ar\/2021\/wp-json\/wp\/v2\/tags?post=37736"}],"curies":[{"name":"wp","href":"https:\/\/api.w.org\/{rel}","templated":true}]}}