{"id":37732,"date":"2020-01-09T07:56:11","date_gmt":"2020-01-09T10:56:11","guid":{"rendered":"http:\/\/www.noticiasradioreflejos.com.ar\/noticias\/?p=37732"},"modified":"2020-01-09T07:56:11","modified_gmt":"2020-01-09T10:56:11","slug":"informe-sesion-extraordinaria-autoconvocada-27-12-19-asamblea-de-concejales-y-mayores-contribuyentes-y-sesion-extraordinaria-del-2-de-enero-2020","status":"publish","type":"post","link":"https:\/\/www.noticiasradioreflejos.com.ar\/2021\/informe-sesion-extraordinaria-autoconvocada-27-12-19-asamblea-de-concejales-y-mayores-contribuyentes-y-sesion-extraordinaria-del-2-de-enero-2020\/","title":{"rendered":"Informe Sesi\u00f3n Extraordinaria autoconvocada 27-12-19,  Asamblea de Concejales y Mayores Contribuyentes y Sesi\u00f3n  Extraordinaria del 2 de enero 2020"},"content":{"rendered":"<p>El d\u00eda 27 de diciembre de 2019, alrededor de las 20.30 hs., luego de haber mantenido una reuni\u00f3n el Cuerpo de Concejales se autoconvocan para realizar una Sesi\u00f3n Extraordinaria donde los temas a tratar fueron los siguientes:<!--more--><\/p>\n<p style=\"margin: 12px auto 6px auto; font-family: Helvetica,Arial,Sans-serif; font-style: normal; font-variant: normal; font-weight: normal; font-size: 14px; line-height: normal; font-size-adjust: none; font-stretch: normal; -x-system-font: none; display: block;\"><a style=\"text-decoration: underline;\" title=\"View Informe Sesiones 02-01-20 on Scribd\" href=\"https:\/\/www.scribd.com\/document\/442261766\/Informe-Sesiones-02-01-20#from_embed\">Informe Sesiones 02-01-20<\/a> by <a style=\"text-decoration: underline;\" title=\"View Arnaldo Botto's profile on Scribd\" href=\"https:\/\/www.scribd.com\/user\/382649740\/Arnaldo-Botto#from_embed\">Arnaldo Botto<\/a> on Scribd<\/p>\n<p><iframe loading=\"lazy\" id=\"doc_14394\" class=\"scribd_iframe_embed\" title=\"Informe Sesiones 02-01-20\" src=\"https:\/\/es.scribd.com\/embeds\/442261766\/content?start_page=1&amp;view_mode=scroll&amp;access_key=key-dYuSBLdrWCBYYTYrF4AP&amp;show_recommendations=true\" width=\"100%\" height=\"600\" frameborder=\"0\" scrolling=\"no\" data-auto-height=\"false\" data-aspect-ratio=\"0.6069986541049798\"><\/iframe><\/p>\n","protected":false},"excerpt":{"rendered":"<p>El d\u00eda 27 de diciembre de 2019, alrededor de las 20.30 hs., luego de haber mantenido una reuni\u00f3n el Cuerpo de Concejales se autoconvocan para realizar una Sesi\u00f3n Extraordinaria donde los temas a tratar fueron los siguientes:<\/p>\n","protected":false},"author":3,"featured_media":0,"comment_status":"closed","ping_status":"open","sticky":false,"template":"","format":"standard","meta":{"footnotes":""},"categories":[28],"tags":[],"class_list":["post-37732","post","type-post","status-publish","format-standard","hentry","category-municipales"],"yoast_head":"<!-- This site is optimized with the Yoast SEO plugin v25.9 - https:\/\/yoast.com\/wordpress\/plugins\/seo\/ -->\n<title>Informe Sesi\u00f3n Extraordinaria autoconvocada 27-12-19, Asamblea de Concejales y Mayores Contribuyentes y Sesi\u00f3n Extraordinaria del 2 de enero 2020 - Noticias Radio Reflejos<\/title>\n<meta name=\"robots\" content=\"index, follow, max-snippet:-1, max-image-preview:large, max-video-preview:-1\" \/>\n<link rel=\"canonical\" href=\"https:\/\/www.noticiasradioreflejos.com.ar\/2021\/informe-sesion-extraordinaria-autoconvocada-27-12-19-asamblea-de-concejales-y-mayores-contribuyentes-y-sesion-extraordinaria-del-2-de-enero-2020\/\" \/>\n<meta property=\"og:locale\" content=\"es_ES\" \/>\n<meta property=\"og:type\" content=\"article\" \/>\n<meta property=\"og:title\" content=\"Informe Sesi\u00f3n Extraordinaria autoconvocada 27-12-19, Asamblea de Concejales y Mayores Contribuyentes y Sesi\u00f3n Extraordinaria del 2 de enero 2020 - Noticias Radio Reflejos\" \/>\n<meta property=\"og:description\" content=\"El d\u00eda 27 de diciembre de 2019, alrededor de las 20.30 hs., luego de haber mantenido una reuni\u00f3n el Cuerpo de Concejales se autoconvocan para realizar una Sesi\u00f3n Extraordinaria donde los temas a tratar fueron los siguientes:\" \/>\n<meta property=\"og:url\" content=\"https:\/\/www.noticiasradioreflejos.com.ar\/2021\/informe-sesion-extraordinaria-autoconvocada-27-12-19-asamblea-de-concejales-y-mayores-contribuyentes-y-sesion-extraordinaria-del-2-de-enero-2020\/\" \/>\n<meta property=\"og:site_name\" content=\"Noticias Radio Reflejos\" \/>\n<meta property=\"article:published_time\" content=\"2020-01-09T10:56:11+00:00\" \/>\n<meta property=\"og:image\" content=\"https:\/\/www.noticiasradioreflejos.com.ar\/2021\/wp-content\/uploads\/2021\/07\/logosol300x200.png\" \/>\n\t<meta property=\"og:image:width\" content=\"300\" \/>\n\t<meta property=\"og:image:height\" content=\"200\" \/>\n\t<meta property=\"og:image:type\" content=\"image\/png\" \/>\n<meta name=\"author\" content=\"Arnaldo Botto\" \/>\n<meta name=\"twitter:card\" content=\"summary_large_image\" \/>\n<script type=\"application\/ld+json\" class=\"yoast-schema-graph\">{\"@context\":\"https:\/\/schema.org\",\"@graph\":[{\"@type\":\"WebPage\",\"@id\":\"https:\/\/www.noticiasradioreflejos.com.ar\/2021\/informe-sesion-extraordinaria-autoconvocada-27-12-19-asamblea-de-concejales-y-mayores-contribuyentes-y-sesion-extraordinaria-del-2-de-enero-2020\/\",\"url\":\"https:\/\/www.noticiasradioreflejos.com.ar\/2021\/informe-sesion-extraordinaria-autoconvocada-27-12-19-asamblea-de-concejales-y-mayores-contribuyentes-y-sesion-extraordinaria-del-2-de-enero-2020\/\",\"name\":\"Informe Sesi\u00f3n Extraordinaria autoconvocada 27-12-19, Asamblea de Concejales y Mayores Contribuyentes y Sesi\u00f3n Extraordinaria del 2 de enero 2020 - Noticias Radio Reflejos\",\"isPartOf\":{\"@id\":\"https:\/\/www.noticiasradioreflejos.com.ar\/2021\/#website\"},\"datePublished\":\"2020-01-09T10:56:11+00:00\",\"author\":{\"@id\":\"https:\/\/www.noticiasradioreflejos.com.ar\/2021\/#\/schema\/person\/ad82545263dcc5ec0996818884fd5fb1\"},\"breadcrumb\":{\"@id\":\"https:\/\/www.noticiasradioreflejos.com.ar\/2021\/informe-sesion-extraordinaria-autoconvocada-27-12-19-asamblea-de-concejales-y-mayores-contribuyentes-y-sesion-extraordinaria-del-2-de-enero-2020\/#breadcrumb\"},\"inLanguage\":\"es\",\"potentialAction\":[{\"@type\":\"ReadAction\",\"target\":[\"https:\/\/www.noticiasradioreflejos.com.ar\/2021\/informe-sesion-extraordinaria-autoconvocada-27-12-19-asamblea-de-concejales-y-mayores-contribuyentes-y-sesion-extraordinaria-del-2-de-enero-2020\/\"]}]},{\"@type\":\"BreadcrumbList\",\"@id\":\"https:\/\/www.noticiasradioreflejos.com.ar\/2021\/informe-sesion-extraordinaria-autoconvocada-27-12-19-asamblea-de-concejales-y-mayores-contribuyentes-y-sesion-extraordinaria-del-2-de-enero-2020\/#breadcrumb\",\"itemListElement\":[{\"@type\":\"ListItem\",\"position\":1,\"name\":\"Portada\",\"item\":\"https:\/\/www.noticiasradioreflejos.com.ar\/2021\/\"},{\"@type\":\"ListItem\",\"position\":2,\"name\":\"Informe Sesi\u00f3n Extraordinaria autoconvocada 27-12-19, Asamblea de Concejales y Mayores Contribuyentes y Sesi\u00f3n Extraordinaria del 2 de enero 2020\"}]},{\"@type\":\"WebSite\",\"@id\":\"https:\/\/www.noticiasradioreflejos.com.ar\/2021\/#website\",\"url\":\"https:\/\/www.noticiasradioreflejos.com.ar\/2021\/\",\"name\":\"Noticias Radio Reflejos\",\"description\":\"Las noticias de mi comarca\",\"potentialAction\":[{\"@type\":\"SearchAction\",\"target\":{\"@type\":\"EntryPoint\",\"urlTemplate\":\"https:\/\/www.noticiasradioreflejos.com.ar\/2021\/?s={search_term_string}\"},\"query-input\":{\"@type\":\"PropertyValueSpecification\",\"valueRequired\":true,\"valueName\":\"search_term_string\"}}],\"inLanguage\":\"es\"},{\"@type\":\"Person\",\"@id\":\"https:\/\/www.noticiasradioreflejos.com.ar\/2021\/#\/schema\/person\/ad82545263dcc5ec0996818884fd5fb1\",\"name\":\"Arnaldo Botto\",\"image\":{\"@type\":\"ImageObject\",\"inLanguage\":\"es\",\"@id\":\"https:\/\/www.noticiasradioreflejos.com.ar\/2021\/#\/schema\/person\/image\/\",\"url\":\"https:\/\/secure.gravatar.com\/avatar\/55cb5e37c1efa326397366e6974cb338056df65cb50e7d64d1cf314e87504837?s=96&d=mm&r=g\",\"contentUrl\":\"https:\/\/secure.gravatar.com\/avatar\/55cb5e37c1efa326397366e6974cb338056df65cb50e7d64d1cf314e87504837?s=96&d=mm&r=g\",\"caption\":\"Arnaldo Botto\"},\"url\":\"https:\/\/www.noticiasradioreflejos.com.ar\/2021\/author\/arnaldo\/\"}]}<\/script>\n<!-- \/ Yoast SEO plugin. -->","yoast_head_json":{"title":"Informe Sesi\u00f3n Extraordinaria autoconvocada 27-12-19, Asamblea de Concejales y Mayores Contribuyentes y Sesi\u00f3n Extraordinaria del 2 de enero 2020 - Noticias Radio Reflejos","robots":{"index":"index","follow":"follow","max-snippet":"max-snippet:-1","max-image-preview":"max-image-preview:large","max-video-preview":"max-video-preview:-1"},"canonical":"https:\/\/www.noticiasradioreflejos.com.ar\/2021\/informe-sesion-extraordinaria-autoconvocada-27-12-19-asamblea-de-concejales-y-mayores-contribuyentes-y-sesion-extraordinaria-del-2-de-enero-2020\/","og_locale":"es_ES","og_type":"article","og_title":"Informe Sesi\u00f3n Extraordinaria autoconvocada 27-12-19, Asamblea de Concejales y Mayores Contribuyentes y Sesi\u00f3n Extraordinaria del 2 de enero 2020 - Noticias Radio Reflejos","og_description":"El d\u00eda 27 de diciembre de 2019, alrededor de las 20.30 hs., luego de haber mantenido una reuni\u00f3n el Cuerpo de Concejales se autoconvocan para realizar una Sesi\u00f3n Extraordinaria donde los temas a tratar fueron los siguientes:","og_url":"https:\/\/www.noticiasradioreflejos.com.ar\/2021\/informe-sesion-extraordinaria-autoconvocada-27-12-19-asamblea-de-concejales-y-mayores-contribuyentes-y-sesion-extraordinaria-del-2-de-enero-2020\/","og_site_name":"Noticias Radio Reflejos","article_published_time":"2020-01-09T10:56:11+00:00","og_image":[{"width":300,"height":200,"url":"https:\/\/www.noticiasradioreflejos.com.ar\/2021\/wp-content\/uploads\/2021\/07\/logosol300x200.png","type":"image\/png"}],"author":"Arnaldo Botto","twitter_card":"summary_large_image","schema":{"@context":"https:\/\/schema.org","@graph":[{"@type":"WebPage","@id":"https:\/\/www.noticiasradioreflejos.com.ar\/2021\/informe-sesion-extraordinaria-autoconvocada-27-12-19-asamblea-de-concejales-y-mayores-contribuyentes-y-sesion-extraordinaria-del-2-de-enero-2020\/","url":"https:\/\/www.noticiasradioreflejos.com.ar\/2021\/informe-sesion-extraordinaria-autoconvocada-27-12-19-asamblea-de-concejales-y-mayores-contribuyentes-y-sesion-extraordinaria-del-2-de-enero-2020\/","name":"Informe Sesi\u00f3n Extraordinaria autoconvocada 27-12-19, Asamblea de Concejales y Mayores Contribuyentes y Sesi\u00f3n Extraordinaria del 2 de enero 2020 - Noticias Radio Reflejos","isPartOf":{"@id":"https:\/\/www.noticiasradioreflejos.com.ar\/2021\/#website"},"datePublished":"2020-01-09T10:56:11+00:00","author":{"@id":"https:\/\/www.noticiasradioreflejos.com.ar\/2021\/#\/schema\/person\/ad82545263dcc5ec0996818884fd5fb1"},"breadcrumb":{"@id":"https:\/\/www.noticiasradioreflejos.com.ar\/2021\/informe-sesion-extraordinaria-autoconvocada-27-12-19-asamblea-de-concejales-y-mayores-contribuyentes-y-sesion-extraordinaria-del-2-de-enero-2020\/#breadcrumb"},"inLanguage":"es","potentialAction":[{"@type":"ReadAction","target":["https:\/\/www.noticiasradioreflejos.com.ar\/2021\/informe-sesion-extraordinaria-autoconvocada-27-12-19-asamblea-de-concejales-y-mayores-contribuyentes-y-sesion-extraordinaria-del-2-de-enero-2020\/"]}]},{"@type":"BreadcrumbList","@id":"https:\/\/www.noticiasradioreflejos.com.ar\/2021\/informe-sesion-extraordinaria-autoconvocada-27-12-19-asamblea-de-concejales-y-mayores-contribuyentes-y-sesion-extraordinaria-del-2-de-enero-2020\/#breadcrumb","itemListElement":[{"@type":"ListItem","position":1,"name":"Portada","item":"https:\/\/www.noticiasradioreflejos.com.ar\/2021\/"},{"@type":"ListItem","position":2,"name":"Informe Sesi\u00f3n Extraordinaria autoconvocada 27-12-19, Asamblea de Concejales y Mayores Contribuyentes y Sesi\u00f3n Extraordinaria del 2 de enero 2020"}]},{"@type":"WebSite","@id":"https:\/\/www.noticiasradioreflejos.com.ar\/2021\/#website","url":"https:\/\/www.noticiasradioreflejos.com.ar\/2021\/","name":"Noticias Radio Reflejos","description":"Las noticias de mi comarca","potentialAction":[{"@type":"SearchAction","target":{"@type":"EntryPoint","urlTemplate":"https:\/\/www.noticiasradioreflejos.com.ar\/2021\/?s={search_term_string}"},"query-input":{"@type":"PropertyValueSpecification","valueRequired":true,"valueName":"search_term_string"}}],"inLanguage":"es"},{"@type":"Person","@id":"https:\/\/www.noticiasradioreflejos.com.ar\/2021\/#\/schema\/person\/ad82545263dcc5ec0996818884fd5fb1","name":"Arnaldo Botto","image":{"@type":"ImageObject","inLanguage":"es","@id":"https:\/\/www.noticiasradioreflejos.com.ar\/2021\/#\/schema\/person\/image\/","url":"https:\/\/secure.gravatar.com\/avatar\/55cb5e37c1efa326397366e6974cb338056df65cb50e7d64d1cf314e87504837?s=96&d=mm&r=g","contentUrl":"https:\/\/secure.gravatar.com\/avatar\/55cb5e37c1efa326397366e6974cb338056df65cb50e7d64d1cf314e87504837?s=96&d=mm&r=g","caption":"Arnaldo Botto"},"url":"https:\/\/www.noticiasradioreflejos.com.ar\/2021\/author\/arnaldo\/"}]}},"_links":{"self":[{"href":"https:\/\/www.noticiasradioreflejos.com.ar\/2021\/wp-json\/wp\/v2\/posts\/37732","targetHints":{"allow":["GET"]}}],"collection":[{"href":"https:\/\/www.noticiasradioreflejos.com.ar\/2021\/wp-json\/wp\/v2\/posts"}],"about":[{"href":"https:\/\/www.noticiasradioreflejos.com.ar\/2021\/wp-json\/wp\/v2\/types\/post"}],"author":[{"embeddable":true,"href":"https:\/\/www.noticiasradioreflejos.com.ar\/2021\/wp-json\/wp\/v2\/users\/3"}],"replies":[{"embeddable":true,"href":"https:\/\/www.noticiasradioreflejos.com.ar\/2021\/wp-json\/wp\/v2\/comments?post=37732"}],"version-history":[{"count":0,"href":"https:\/\/www.noticiasradioreflejos.com.ar\/2021\/wp-json\/wp\/v2\/posts\/37732\/revisions"}],"wp:attachment":[{"href":"https:\/\/www.noticiasradioreflejos.com.ar\/2021\/wp-json\/wp\/v2\/media?parent=37732"}],"wp:term":[{"taxonomy":"category","embeddable":true,"href":"https:\/\/www.noticiasradioreflejos.com.ar\/2021\/wp-json\/wp\/v2\/categories?post=37732"},{"taxonomy":"post_tag","embeddable":true,"href":"https:\/\/www.noticiasradioreflejos.com.ar\/2021\/wp-json\/wp\/v2\/tags?post=37732"}],"curies":[{"name":"wp","href":"https:\/\/api.w.org\/{rel}","templated":true}]}}