{"id":37730,"date":"2020-01-08T17:55:36","date_gmt":"2020-01-08T20:55:36","guid":{"rendered":"http:\/\/www.noticiasradioreflejos.com.ar\/noticias\/?p=37730"},"modified":"2020-01-08T17:55:36","modified_gmt":"2020-01-08T20:55:36","slug":"la-anses-no-solicita-informacion-personal-por-telefono","status":"publish","type":"post","link":"https:\/\/www.noticiasradioreflejos.com.ar\/2021\/la-anses-no-solicita-informacion-personal-por-telefono\/","title":{"rendered":"La ANSES no solicita informaci\u00f3n personal por tel\u00e9fono."},"content":{"rendered":"<p>El organismo recuerda que no se comunica telef\u00f3nicamente con los beneficiarios para requerir datos personales, sobre tarjetas de d\u00e9bito o claves bancarias. Adem\u00e1s, los tr\u00e1mites son gratuitos y no necesitan de gestores.<!--more--><br \/>\nAnte diversas denuncias que se realizan en todo el pa\u00eds sobre personas que solicitan informaci\u00f3n y datos personales, la ANSES recuerda que no se comunica telef\u00f3nicamente para requerir datos de tarjetas de d\u00e9bito o claves bancarias de ning\u00fan tipo y en ning\u00fan caso. <\/p>\n<p>Adem\u00e1s, es importante aclarar que los tr\u00e1mites y consultas referidos a las prestaciones y programas de la Seguridad Social son absolutamente gratuitos y no necesitan de gestores externos. <\/p>\n<p>Asimismo, tanto para asesoramiento como para inicio de gestiones, se puede solicitar un turno en www.anses.gob.ar, o bien, llamar al n\u00famero 130 (gratuito desde l\u00edneas fijas). De esta manera, las personas concurren a las delegaciones de la ANSES en la fecha y hora asignadas y son orientadas de manera gratuita por personal capacitado, visiblemente identificado con sus nombres. <\/p>\n<p>Canales de denuncias ante casos de fraude o estafa<\/p>\n<p>\u2022Por mail a denuncias@anses.gob.ar.  <\/p>\n<p>\u2022Por escrito a Av. Paseo Col\u00f3n 329 &#8211; 5\u00b0 Piso, Ciudad Aut\u00f3noma de Buenos Aires (C1063ACP).<\/p>\n<p>\u2022Personalmente a la sede de la ANSES detallada en el punto anterior, de lunes a viernes de 8 a 16 horas, o m\u00e1s cercana a su domicilio. <\/p>\n<p>\u2022Por tel\u00e9fono al n\u00famero 130, de lunes a viernes de 7 a 20 horas.<\/p>\n<p>ANSES<\/p>\n","protected":false},"excerpt":{"rendered":"<p>El organismo recuerda que no se comunica telef\u00f3nicamente con los beneficiarios para requerir datos personales, sobre tarjetas de d\u00e9bito o claves bancarias. Adem\u00e1s, los tr\u00e1mites son gratuitos y no necesitan de gestores.<\/p>\n","protected":false},"author":3,"featured_media":0,"comment_status":"closed","ping_status":"open","sticky":false,"template":"","format":"standard","meta":{"footnotes":""},"categories":[26],"tags":[],"class_list":["post-37730","post","type-post","status-publish","format-standard","hentry","category-sociedad"],"yoast_head":"<!-- This site is optimized with the Yoast SEO plugin v25.9 - https:\/\/yoast.com\/wordpress\/plugins\/seo\/ -->\n<title>La ANSES no solicita informaci\u00f3n personal por tel\u00e9fono. - Noticias Radio Reflejos<\/title>\n<meta name=\"robots\" content=\"index, follow, max-snippet:-1, max-image-preview:large, max-video-preview:-1\" \/>\n<link rel=\"canonical\" href=\"https:\/\/www.noticiasradioreflejos.com.ar\/2021\/la-anses-no-solicita-informacion-personal-por-telefono\/\" \/>\n<meta property=\"og:locale\" content=\"es_ES\" \/>\n<meta property=\"og:type\" content=\"article\" \/>\n<meta property=\"og:title\" content=\"La ANSES no solicita informaci\u00f3n personal por tel\u00e9fono. - Noticias Radio Reflejos\" \/>\n<meta property=\"og:description\" content=\"El organismo recuerda que no se comunica telef\u00f3nicamente con los beneficiarios para requerir datos personales, sobre tarjetas de d\u00e9bito o claves bancarias. Adem\u00e1s, los tr\u00e1mites son gratuitos y no necesitan de gestores.\" \/>\n<meta property=\"og:url\" content=\"https:\/\/www.noticiasradioreflejos.com.ar\/2021\/la-anses-no-solicita-informacion-personal-por-telefono\/\" \/>\n<meta property=\"og:site_name\" content=\"Noticias Radio Reflejos\" \/>\n<meta property=\"article:published_time\" content=\"2020-01-08T20:55:36+00:00\" \/>\n<meta property=\"og:image\" content=\"https:\/\/www.noticiasradioreflejos.com.ar\/2021\/wp-content\/uploads\/2021\/07\/logosol300x200.png\" \/>\n\t<meta property=\"og:image:width\" content=\"300\" \/>\n\t<meta property=\"og:image:height\" content=\"200\" \/>\n\t<meta property=\"og:image:type\" content=\"image\/png\" \/>\n<meta name=\"author\" content=\"Arnaldo Botto\" \/>\n<meta name=\"twitter:card\" content=\"summary_large_image\" \/>\n<script type=\"application\/ld+json\" class=\"yoast-schema-graph\">{\"@context\":\"https:\/\/schema.org\",\"@graph\":[{\"@type\":\"WebPage\",\"@id\":\"https:\/\/www.noticiasradioreflejos.com.ar\/2021\/la-anses-no-solicita-informacion-personal-por-telefono\/\",\"url\":\"https:\/\/www.noticiasradioreflejos.com.ar\/2021\/la-anses-no-solicita-informacion-personal-por-telefono\/\",\"name\":\"La ANSES no solicita informaci\u00f3n personal por tel\u00e9fono. - Noticias Radio Reflejos\",\"isPartOf\":{\"@id\":\"https:\/\/www.noticiasradioreflejos.com.ar\/2021\/#website\"},\"datePublished\":\"2020-01-08T20:55:36+00:00\",\"author\":{\"@id\":\"https:\/\/www.noticiasradioreflejos.com.ar\/2021\/#\/schema\/person\/ad82545263dcc5ec0996818884fd5fb1\"},\"breadcrumb\":{\"@id\":\"https:\/\/www.noticiasradioreflejos.com.ar\/2021\/la-anses-no-solicita-informacion-personal-por-telefono\/#breadcrumb\"},\"inLanguage\":\"es\",\"potentialAction\":[{\"@type\":\"ReadAction\",\"target\":[\"https:\/\/www.noticiasradioreflejos.com.ar\/2021\/la-anses-no-solicita-informacion-personal-por-telefono\/\"]}]},{\"@type\":\"BreadcrumbList\",\"@id\":\"https:\/\/www.noticiasradioreflejos.com.ar\/2021\/la-anses-no-solicita-informacion-personal-por-telefono\/#breadcrumb\",\"itemListElement\":[{\"@type\":\"ListItem\",\"position\":1,\"name\":\"Portada\",\"item\":\"https:\/\/www.noticiasradioreflejos.com.ar\/2021\/\"},{\"@type\":\"ListItem\",\"position\":2,\"name\":\"La ANSES no solicita informaci\u00f3n personal por tel\u00e9fono.\"}]},{\"@type\":\"WebSite\",\"@id\":\"https:\/\/www.noticiasradioreflejos.com.ar\/2021\/#website\",\"url\":\"https:\/\/www.noticiasradioreflejos.com.ar\/2021\/\",\"name\":\"Noticias Radio Reflejos\",\"description\":\"Las noticias de mi comarca\",\"potentialAction\":[{\"@type\":\"SearchAction\",\"target\":{\"@type\":\"EntryPoint\",\"urlTemplate\":\"https:\/\/www.noticiasradioreflejos.com.ar\/2021\/?s={search_term_string}\"},\"query-input\":{\"@type\":\"PropertyValueSpecification\",\"valueRequired\":true,\"valueName\":\"search_term_string\"}}],\"inLanguage\":\"es\"},{\"@type\":\"Person\",\"@id\":\"https:\/\/www.noticiasradioreflejos.com.ar\/2021\/#\/schema\/person\/ad82545263dcc5ec0996818884fd5fb1\",\"name\":\"Arnaldo Botto\",\"image\":{\"@type\":\"ImageObject\",\"inLanguage\":\"es\",\"@id\":\"https:\/\/www.noticiasradioreflejos.com.ar\/2021\/#\/schema\/person\/image\/\",\"url\":\"https:\/\/secure.gravatar.com\/avatar\/55cb5e37c1efa326397366e6974cb338056df65cb50e7d64d1cf314e87504837?s=96&d=mm&r=g\",\"contentUrl\":\"https:\/\/secure.gravatar.com\/avatar\/55cb5e37c1efa326397366e6974cb338056df65cb50e7d64d1cf314e87504837?s=96&d=mm&r=g\",\"caption\":\"Arnaldo Botto\"},\"url\":\"https:\/\/www.noticiasradioreflejos.com.ar\/2021\/author\/arnaldo\/\"}]}<\/script>\n<!-- \/ Yoast SEO plugin. -->","yoast_head_json":{"title":"La ANSES no solicita informaci\u00f3n personal por tel\u00e9fono. - Noticias Radio Reflejos","robots":{"index":"index","follow":"follow","max-snippet":"max-snippet:-1","max-image-preview":"max-image-preview:large","max-video-preview":"max-video-preview:-1"},"canonical":"https:\/\/www.noticiasradioreflejos.com.ar\/2021\/la-anses-no-solicita-informacion-personal-por-telefono\/","og_locale":"es_ES","og_type":"article","og_title":"La ANSES no solicita informaci\u00f3n personal por tel\u00e9fono. - Noticias Radio Reflejos","og_description":"El organismo recuerda que no se comunica telef\u00f3nicamente con los beneficiarios para requerir datos personales, sobre tarjetas de d\u00e9bito o claves bancarias. Adem\u00e1s, los tr\u00e1mites son gratuitos y no necesitan de gestores.","og_url":"https:\/\/www.noticiasradioreflejos.com.ar\/2021\/la-anses-no-solicita-informacion-personal-por-telefono\/","og_site_name":"Noticias Radio Reflejos","article_published_time":"2020-01-08T20:55:36+00:00","og_image":[{"width":300,"height":200,"url":"https:\/\/www.noticiasradioreflejos.com.ar\/2021\/wp-content\/uploads\/2021\/07\/logosol300x200.png","type":"image\/png"}],"author":"Arnaldo Botto","twitter_card":"summary_large_image","schema":{"@context":"https:\/\/schema.org","@graph":[{"@type":"WebPage","@id":"https:\/\/www.noticiasradioreflejos.com.ar\/2021\/la-anses-no-solicita-informacion-personal-por-telefono\/","url":"https:\/\/www.noticiasradioreflejos.com.ar\/2021\/la-anses-no-solicita-informacion-personal-por-telefono\/","name":"La ANSES no solicita informaci\u00f3n personal por tel\u00e9fono. - Noticias Radio Reflejos","isPartOf":{"@id":"https:\/\/www.noticiasradioreflejos.com.ar\/2021\/#website"},"datePublished":"2020-01-08T20:55:36+00:00","author":{"@id":"https:\/\/www.noticiasradioreflejos.com.ar\/2021\/#\/schema\/person\/ad82545263dcc5ec0996818884fd5fb1"},"breadcrumb":{"@id":"https:\/\/www.noticiasradioreflejos.com.ar\/2021\/la-anses-no-solicita-informacion-personal-por-telefono\/#breadcrumb"},"inLanguage":"es","potentialAction":[{"@type":"ReadAction","target":["https:\/\/www.noticiasradioreflejos.com.ar\/2021\/la-anses-no-solicita-informacion-personal-por-telefono\/"]}]},{"@type":"BreadcrumbList","@id":"https:\/\/www.noticiasradioreflejos.com.ar\/2021\/la-anses-no-solicita-informacion-personal-por-telefono\/#breadcrumb","itemListElement":[{"@type":"ListItem","position":1,"name":"Portada","item":"https:\/\/www.noticiasradioreflejos.com.ar\/2021\/"},{"@type":"ListItem","position":2,"name":"La ANSES no solicita informaci\u00f3n personal por tel\u00e9fono."}]},{"@type":"WebSite","@id":"https:\/\/www.noticiasradioreflejos.com.ar\/2021\/#website","url":"https:\/\/www.noticiasradioreflejos.com.ar\/2021\/","name":"Noticias Radio Reflejos","description":"Las noticias de mi comarca","potentialAction":[{"@type":"SearchAction","target":{"@type":"EntryPoint","urlTemplate":"https:\/\/www.noticiasradioreflejos.com.ar\/2021\/?s={search_term_string}"},"query-input":{"@type":"PropertyValueSpecification","valueRequired":true,"valueName":"search_term_string"}}],"inLanguage":"es"},{"@type":"Person","@id":"https:\/\/www.noticiasradioreflejos.com.ar\/2021\/#\/schema\/person\/ad82545263dcc5ec0996818884fd5fb1","name":"Arnaldo Botto","image":{"@type":"ImageObject","inLanguage":"es","@id":"https:\/\/www.noticiasradioreflejos.com.ar\/2021\/#\/schema\/person\/image\/","url":"https:\/\/secure.gravatar.com\/avatar\/55cb5e37c1efa326397366e6974cb338056df65cb50e7d64d1cf314e87504837?s=96&d=mm&r=g","contentUrl":"https:\/\/secure.gravatar.com\/avatar\/55cb5e37c1efa326397366e6974cb338056df65cb50e7d64d1cf314e87504837?s=96&d=mm&r=g","caption":"Arnaldo Botto"},"url":"https:\/\/www.noticiasradioreflejos.com.ar\/2021\/author\/arnaldo\/"}]}},"_links":{"self":[{"href":"https:\/\/www.noticiasradioreflejos.com.ar\/2021\/wp-json\/wp\/v2\/posts\/37730","targetHints":{"allow":["GET"]}}],"collection":[{"href":"https:\/\/www.noticiasradioreflejos.com.ar\/2021\/wp-json\/wp\/v2\/posts"}],"about":[{"href":"https:\/\/www.noticiasradioreflejos.com.ar\/2021\/wp-json\/wp\/v2\/types\/post"}],"author":[{"embeddable":true,"href":"https:\/\/www.noticiasradioreflejos.com.ar\/2021\/wp-json\/wp\/v2\/users\/3"}],"replies":[{"embeddable":true,"href":"https:\/\/www.noticiasradioreflejos.com.ar\/2021\/wp-json\/wp\/v2\/comments?post=37730"}],"version-history":[{"count":0,"href":"https:\/\/www.noticiasradioreflejos.com.ar\/2021\/wp-json\/wp\/v2\/posts\/37730\/revisions"}],"wp:attachment":[{"href":"https:\/\/www.noticiasradioreflejos.com.ar\/2021\/wp-json\/wp\/v2\/media?parent=37730"}],"wp:term":[{"taxonomy":"category","embeddable":true,"href":"https:\/\/www.noticiasradioreflejos.com.ar\/2021\/wp-json\/wp\/v2\/categories?post=37730"},{"taxonomy":"post_tag","embeddable":true,"href":"https:\/\/www.noticiasradioreflejos.com.ar\/2021\/wp-json\/wp\/v2\/tags?post=37730"}],"curies":[{"name":"wp","href":"https:\/\/api.w.org\/{rel}","templated":true}]}}