{"id":37698,"date":"2020-01-07T07:52:00","date_gmt":"2020-01-07T10:52:00","guid":{"rendered":"http:\/\/www.noticiasradioreflejos.com.ar\/noticias\/?p=37698"},"modified":"2020-01-07T07:52:00","modified_gmt":"2020-01-07T10:52:00","slug":"una-multitud-recibio-a-los-reyes-magos-en-sierra-de-la-ventana","status":"publish","type":"post","link":"https:\/\/www.noticiasradioreflejos.com.ar\/2021\/una-multitud-recibio-a-los-reyes-magos-en-sierra-de-la-ventana\/","title":{"rendered":"Una multitud recibi\u00f3 a los Reyes Magos en Sierra de la Ventana."},"content":{"rendered":"<p><a title=\"56 Fiesta Reyes Magos (13)\" href=\"http:\/\/live.staticflickr.com\/65535\/49343995158_88b1fa3441_s.jpg\" rel=\"\"><img loading=\"lazy\" decoding=\"async\" class=\"alignleft\" style=\"float: left;\" title=\"56 Fiesta Reyes Magos (13)\" src=\"http:\/\/live.staticflickr.com\/65535\/49343995158_88b1fa3441.jpg\" alt=\"56 Fiesta Reyes Magos (13)\" width=\"500\" height=\"281\" \/><\/a>Luego de la postergaci\u00f3n por mal tiempo de ayer, m\u00e1s de 15 mil personas llegaron a Sierra de la Ventana para vivir la 56\u00b0 edici\u00f3n de la Fiesta Provincial de Reyes Magos.<!--more--><br \/>\nPor segundo a\u00f1o consecutivo los organizadores debieron posponer por un d\u00eda la llegada de los tres Reyes, pero a pesar de esto, de ser d\u00eda lunes, jornada laborable para muchos, el p\u00fablico respondi\u00f3 a la convocatoria en forma multitudinaria y m\u00e1s de 15 mil espectadores formaron parte de esta nueva edici\u00f3n de la Fiesta Provincial de Reyes Magos.<br \/>\nMientras el sol pon\u00eda su toque de tibieza a una tarde fresca, las calles de Sierra de la Ventana se fueron completando y el predio del Centro Cultural comenz\u00f3 a tomar el color y calor popular que el festejo merec\u00eda; en el escenario desfilaron varios espect\u00e1culos circenses que entreten\u00edan y alegraban a los grandes y chicos; y cuando el sol puso su adi\u00f3s sobre el Cerro Tres Picos dando paso a la noche, miles de familias colmaban las cercan\u00edas del escenario y muchos otros recorr\u00edan la gran cantidad de propuestas que se presentaron en el patio de comidas y los stands de ventas. Todo hac\u00eda pensar que nuevamente, la convocatoria tendr\u00eda una respuesta contundente; y as\u00ed result\u00f3.<\/p>\n<p><a title=\"56 Fiesta Reyes Magos (29)\" href=\"http:\/\/live.staticflickr.com\/65535\/49343994978_20cc217bab_s.jpg\" rel=\"\"><img loading=\"lazy\" decoding=\"async\" class=\"alignleft\" style=\"float: left;\" title=\"56 Fiesta Reyes Magos (29)\" src=\"http:\/\/live.staticflickr.com\/65535\/49343994978_20cc217bab.jpg\" alt=\"56 Fiesta Reyes Magos (29)\" width=\"500\" height=\"281\" \/><\/a>Cuando la noche estaba cerrada por las sombras, con una curiosa luna observando desde el cielo, tambi\u00e9n como invitada a lo que estaba sucediendo en nuestra comarca, se encendieron las bengalas rojas que anunciaban que Melchor, Gaspar y Baltasar ya tocaban la cumbre del Cerro Ceferino. Se prendi\u00f3 la bengala amarilla y el p\u00fablico estallaba en aplausos en tanto que los corazones de los ni\u00f1os se aceleraban a cada minuto que pasaba. Los fuegos artificiales le pusieron el toque m\u00e1gico de color y sonido que la fiesta y los Magos de Bel\u00e9n merecen ante su llegada a Sierra de la Ventana.<br \/>\nEn el Escenario, los locutores con sus relatos y el \u00abVocal Show\u00bb con sus impecables voces iban anticipando lo que llegar\u00eda. Cerca de las 23 hs la sirena del Cuartel de Bomberos son\u00f3 estrepitosa y esto indicaba que los Reyes Magos ya estaban sobre la Avenida San Mart\u00edn transitando con sus caballos, mientras que una escolta de motos, patrulleros y m\u00f3viles de bomberos les abr\u00edan paso ante la multitud.<br \/>\nLos reyes sobre sus cabalgadura, ingresaron al predio del Centro Cultural por un cord\u00f3n muy bien organizado, que brindaba seguridad al p\u00fablico y que permit\u00eda observar de cerca a los que tanto se esperaban.<br \/>\n<a title=\"56 Fiesta Reyes Magos (48)\" href=\"http:\/\/live.staticflickr.com\/65535\/49344664677_c669332b79_s.jpg\" rel=\"\"><img loading=\"lazy\" decoding=\"async\" class=\"alignleft\" style=\"float: left;\" title=\"56 Fiesta Reyes Magos (48)\" src=\"http:\/\/live.staticflickr.com\/65535\/49344664677_c669332b79.jpg\" alt=\"56 Fiesta Reyes Magos (48)\" width=\"500\" height=\"281\" \/><\/a>Las caritas de susto, sorpresa y alegr\u00eda se multiplicaban en esos doscientos metros de recorrido, mientras miles de celulares y c\u00e1maras captaron otro momento hist\u00f3rico de nuestra comarca. Los Reyes llegaron al impecable pesebre, donde los pastorcitos acompa\u00f1aban al ni\u00f1o Jes\u00fas, Mar\u00eda y Jos\u00e9, repartieron los primeros regalos, adoraron al ni\u00f1o al momento que un sacerdote acompa\u00f1aba con sus palabras y el rezo del \u00abPadre Nuestro\u00bb, ese momento de culto que se repite en esta fiesta y luego desde el escenario, saludaron a la multitud. Posteriormente, todos los ni\u00f1os que quisieron tuvieron sus fotos con el Rey Mago que eligieron y que los esperaba en su respectivo trono. Se repartieron m\u00e1s de 10 mil juguetes, y la desconcentraci\u00f3n se realiz\u00f3 en forma ordenada y sin inconvenientes.<br \/>\nUna menci\u00f3n de valoraci\u00f3n superior para toda la organizaci\u00f3n del evento, que con su esfuerzo, dedicaci\u00f3n y trabajo, una vez m\u00e1s demostraron solvencia y eficiencia dejando al p\u00fablico que se acerc\u00f3 a Sierra de la Ventana muy conforme.<\/p>\n<p><a title=\"56 Fiesta Reyes Magos (65)\" href=\"http:\/\/live.staticflickr.com\/65535\/49343993988_c5bf869f70_s.jpg\" rel=\"\"><img loading=\"lazy\" decoding=\"async\" class=\"aligncenter\" title=\"56 Fiesta Reyes Magos (65)\" src=\"http:\/\/live.staticflickr.com\/65535\/49343993988_c5bf869f70_z.jpg\" alt=\"56 Fiesta Reyes Magos (65)\" width=\"640\" height=\"360\" \/><\/a><\/p>\n<p><a title=\"56 Fiesta Reyes Magos (77)\" href=\"http:\/\/live.staticflickr.com\/65535\/49344447426_30fa5c8fc2_s.jpg\" rel=\"\"><img loading=\"lazy\" decoding=\"async\" class=\"aligncenter\" title=\"56 Fiesta Reyes Magos (77)\" src=\"http:\/\/live.staticflickr.com\/65535\/49344447426_30fa5c8fc2_z.jpg\" alt=\"56 Fiesta Reyes Magos (77)\" width=\"640\" height=\"360\" \/><\/a><\/p>\n<p><a title=\"56 Fiesta Reyes Magos (88)\" href=\"http:\/\/live.staticflickr.com\/65535\/49343993173_71d702dfa2_s.jpg\" rel=\"\"><img loading=\"lazy\" decoding=\"async\" class=\"aligncenter\" title=\"56 Fiesta Reyes Magos (88)\" src=\"http:\/\/live.staticflickr.com\/65535\/49343993173_71d702dfa2_z.jpg\" alt=\"56 Fiesta Reyes Magos (88)\" width=\"640\" height=\"360\" \/><\/a><\/p>\n<p><a title=\"56 Fiesta Reyes Magos (90)\" href=\"http:\/\/live.staticflickr.com\/65535\/49344447021_8f9e03e20e_s.jpg\" rel=\"\"><img loading=\"lazy\" decoding=\"async\" class=\"aligncenter\" title=\"56 Fiesta Reyes Magos (90)\" src=\"http:\/\/live.staticflickr.com\/65535\/49344447021_8f9e03e20e_z.jpg\" alt=\"56 Fiesta Reyes Magos (90)\" width=\"640\" height=\"360\" \/><\/a><\/p>\n<p>-M\u00e1s Fotos <a href=\"https:\/\/www.facebook.com\/pg\/NoticiasRadioReflejos\/photos\/?tab=album&amp;album_id=1007280622973179\" target=\"_blank\" rel=\"noopener\"><strong>AQU\u00cd<\/strong><\/a><\/p>\n","protected":false},"excerpt":{"rendered":"<p>Luego de la postergaci\u00f3n por mal tiempo de ayer, m\u00e1s de 15 mil personas llegaron a Sierra de la Ventana para vivir la 56\u00b0 edici\u00f3n de la Fiesta Provincial de Reyes Magos.<\/p>\n","protected":false},"author":3,"featured_media":0,"comment_status":"closed","ping_status":"open","sticky":false,"template":"","format":"standard","meta":{"footnotes":""},"categories":[33],"tags":[],"class_list":["post-37698","post","type-post","status-publish","format-standard","hentry","category-turismo"],"yoast_head":"<!-- This site is optimized with the Yoast SEO plugin v25.9 - https:\/\/yoast.com\/wordpress\/plugins\/seo\/ -->\n<title>Una multitud recibi\u00f3 a los Reyes Magos en Sierra de la Ventana. - Noticias Radio Reflejos<\/title>\n<meta name=\"robots\" content=\"index, follow, max-snippet:-1, max-image-preview:large, max-video-preview:-1\" \/>\n<link rel=\"canonical\" href=\"https:\/\/www.noticiasradioreflejos.com.ar\/2021\/una-multitud-recibio-a-los-reyes-magos-en-sierra-de-la-ventana\/\" \/>\n<meta property=\"og:locale\" content=\"es_ES\" \/>\n<meta property=\"og:type\" content=\"article\" \/>\n<meta property=\"og:title\" content=\"Una multitud recibi\u00f3 a los Reyes Magos en Sierra de la Ventana. - Noticias Radio Reflejos\" \/>\n<meta property=\"og:description\" content=\"Luego de la postergaci\u00f3n por mal tiempo de ayer, m\u00e1s de 15 mil personas llegaron a Sierra de la Ventana para vivir la 56\u00b0 edici\u00f3n de la Fiesta Provincial de Reyes Magos.\" \/>\n<meta property=\"og:url\" content=\"https:\/\/www.noticiasradioreflejos.com.ar\/2021\/una-multitud-recibio-a-los-reyes-magos-en-sierra-de-la-ventana\/\" \/>\n<meta property=\"og:site_name\" content=\"Noticias Radio Reflejos\" \/>\n<meta property=\"article:published_time\" content=\"2020-01-07T10:52:00+00:00\" \/>\n<meta property=\"og:image\" content=\"http:\/\/live.staticflickr.com\/65535\/49343995158_88b1fa3441.jpg\" \/>\n<meta name=\"author\" content=\"Arnaldo Botto\" \/>\n<meta name=\"twitter:card\" content=\"summary_large_image\" \/>\n<script type=\"application\/ld+json\" class=\"yoast-schema-graph\">{\"@context\":\"https:\/\/schema.org\",\"@graph\":[{\"@type\":\"WebPage\",\"@id\":\"https:\/\/www.noticiasradioreflejos.com.ar\/2021\/una-multitud-recibio-a-los-reyes-magos-en-sierra-de-la-ventana\/\",\"url\":\"https:\/\/www.noticiasradioreflejos.com.ar\/2021\/una-multitud-recibio-a-los-reyes-magos-en-sierra-de-la-ventana\/\",\"name\":\"Una multitud recibi\u00f3 a los Reyes Magos en Sierra de la Ventana. - Noticias Radio Reflejos\",\"isPartOf\":{\"@id\":\"https:\/\/www.noticiasradioreflejos.com.ar\/2021\/#website\"},\"primaryImageOfPage\":{\"@id\":\"https:\/\/www.noticiasradioreflejos.com.ar\/2021\/una-multitud-recibio-a-los-reyes-magos-en-sierra-de-la-ventana\/#primaryimage\"},\"image\":{\"@id\":\"https:\/\/www.noticiasradioreflejos.com.ar\/2021\/una-multitud-recibio-a-los-reyes-magos-en-sierra-de-la-ventana\/#primaryimage\"},\"thumbnailUrl\":\"http:\/\/live.staticflickr.com\/65535\/49343995158_88b1fa3441.jpg\",\"datePublished\":\"2020-01-07T10:52:00+00:00\",\"author\":{\"@id\":\"https:\/\/www.noticiasradioreflejos.com.ar\/2021\/#\/schema\/person\/ad82545263dcc5ec0996818884fd5fb1\"},\"breadcrumb\":{\"@id\":\"https:\/\/www.noticiasradioreflejos.com.ar\/2021\/una-multitud-recibio-a-los-reyes-magos-en-sierra-de-la-ventana\/#breadcrumb\"},\"inLanguage\":\"es\",\"potentialAction\":[{\"@type\":\"ReadAction\",\"target\":[\"https:\/\/www.noticiasradioreflejos.com.ar\/2021\/una-multitud-recibio-a-los-reyes-magos-en-sierra-de-la-ventana\/\"]}]},{\"@type\":\"ImageObject\",\"inLanguage\":\"es\",\"@id\":\"https:\/\/www.noticiasradioreflejos.com.ar\/2021\/una-multitud-recibio-a-los-reyes-magos-en-sierra-de-la-ventana\/#primaryimage\",\"url\":\"http:\/\/live.staticflickr.com\/65535\/49343995158_88b1fa3441.jpg\",\"contentUrl\":\"http:\/\/live.staticflickr.com\/65535\/49343995158_88b1fa3441.jpg\"},{\"@type\":\"BreadcrumbList\",\"@id\":\"https:\/\/www.noticiasradioreflejos.com.ar\/2021\/una-multitud-recibio-a-los-reyes-magos-en-sierra-de-la-ventana\/#breadcrumb\",\"itemListElement\":[{\"@type\":\"ListItem\",\"position\":1,\"name\":\"Portada\",\"item\":\"https:\/\/www.noticiasradioreflejos.com.ar\/2021\/\"},{\"@type\":\"ListItem\",\"position\":2,\"name\":\"Una multitud recibi\u00f3 a los Reyes Magos en Sierra de la Ventana.\"}]},{\"@type\":\"WebSite\",\"@id\":\"https:\/\/www.noticiasradioreflejos.com.ar\/2021\/#website\",\"url\":\"https:\/\/www.noticiasradioreflejos.com.ar\/2021\/\",\"name\":\"Noticias Radio Reflejos\",\"description\":\"Las noticias de mi comarca\",\"potentialAction\":[{\"@type\":\"SearchAction\",\"target\":{\"@type\":\"EntryPoint\",\"urlTemplate\":\"https:\/\/www.noticiasradioreflejos.com.ar\/2021\/?s={search_term_string}\"},\"query-input\":{\"@type\":\"PropertyValueSpecification\",\"valueRequired\":true,\"valueName\":\"search_term_string\"}}],\"inLanguage\":\"es\"},{\"@type\":\"Person\",\"@id\":\"https:\/\/www.noticiasradioreflejos.com.ar\/2021\/#\/schema\/person\/ad82545263dcc5ec0996818884fd5fb1\",\"name\":\"Arnaldo Botto\",\"image\":{\"@type\":\"ImageObject\",\"inLanguage\":\"es\",\"@id\":\"https:\/\/www.noticiasradioreflejos.com.ar\/2021\/#\/schema\/person\/image\/\",\"url\":\"https:\/\/secure.gravatar.com\/avatar\/55cb5e37c1efa326397366e6974cb338056df65cb50e7d64d1cf314e87504837?s=96&d=mm&r=g\",\"contentUrl\":\"https:\/\/secure.gravatar.com\/avatar\/55cb5e37c1efa326397366e6974cb338056df65cb50e7d64d1cf314e87504837?s=96&d=mm&r=g\",\"caption\":\"Arnaldo Botto\"},\"url\":\"https:\/\/www.noticiasradioreflejos.com.ar\/2021\/author\/arnaldo\/\"}]}<\/script>\n<!-- \/ Yoast SEO plugin. -->","yoast_head_json":{"title":"Una multitud recibi\u00f3 a los Reyes Magos en Sierra de la Ventana. - Noticias Radio Reflejos","robots":{"index":"index","follow":"follow","max-snippet":"max-snippet:-1","max-image-preview":"max-image-preview:large","max-video-preview":"max-video-preview:-1"},"canonical":"https:\/\/www.noticiasradioreflejos.com.ar\/2021\/una-multitud-recibio-a-los-reyes-magos-en-sierra-de-la-ventana\/","og_locale":"es_ES","og_type":"article","og_title":"Una multitud recibi\u00f3 a los Reyes Magos en Sierra de la Ventana. - Noticias Radio Reflejos","og_description":"Luego de la postergaci\u00f3n por mal tiempo de ayer, m\u00e1s de 15 mil personas llegaron a Sierra de la Ventana para vivir la 56\u00b0 edici\u00f3n de la Fiesta Provincial de Reyes Magos.","og_url":"https:\/\/www.noticiasradioreflejos.com.ar\/2021\/una-multitud-recibio-a-los-reyes-magos-en-sierra-de-la-ventana\/","og_site_name":"Noticias Radio Reflejos","article_published_time":"2020-01-07T10:52:00+00:00","og_image":[{"url":"http:\/\/live.staticflickr.com\/65535\/49343995158_88b1fa3441.jpg","type":"","width":"","height":""}],"author":"Arnaldo Botto","twitter_card":"summary_large_image","schema":{"@context":"https:\/\/schema.org","@graph":[{"@type":"WebPage","@id":"https:\/\/www.noticiasradioreflejos.com.ar\/2021\/una-multitud-recibio-a-los-reyes-magos-en-sierra-de-la-ventana\/","url":"https:\/\/www.noticiasradioreflejos.com.ar\/2021\/una-multitud-recibio-a-los-reyes-magos-en-sierra-de-la-ventana\/","name":"Una multitud recibi\u00f3 a los Reyes Magos en Sierra de la Ventana. - Noticias Radio Reflejos","isPartOf":{"@id":"https:\/\/www.noticiasradioreflejos.com.ar\/2021\/#website"},"primaryImageOfPage":{"@id":"https:\/\/www.noticiasradioreflejos.com.ar\/2021\/una-multitud-recibio-a-los-reyes-magos-en-sierra-de-la-ventana\/#primaryimage"},"image":{"@id":"https:\/\/www.noticiasradioreflejos.com.ar\/2021\/una-multitud-recibio-a-los-reyes-magos-en-sierra-de-la-ventana\/#primaryimage"},"thumbnailUrl":"http:\/\/live.staticflickr.com\/65535\/49343995158_88b1fa3441.jpg","datePublished":"2020-01-07T10:52:00+00:00","author":{"@id":"https:\/\/www.noticiasradioreflejos.com.ar\/2021\/#\/schema\/person\/ad82545263dcc5ec0996818884fd5fb1"},"breadcrumb":{"@id":"https:\/\/www.noticiasradioreflejos.com.ar\/2021\/una-multitud-recibio-a-los-reyes-magos-en-sierra-de-la-ventana\/#breadcrumb"},"inLanguage":"es","potentialAction":[{"@type":"ReadAction","target":["https:\/\/www.noticiasradioreflejos.com.ar\/2021\/una-multitud-recibio-a-los-reyes-magos-en-sierra-de-la-ventana\/"]}]},{"@type":"ImageObject","inLanguage":"es","@id":"https:\/\/www.noticiasradioreflejos.com.ar\/2021\/una-multitud-recibio-a-los-reyes-magos-en-sierra-de-la-ventana\/#primaryimage","url":"http:\/\/live.staticflickr.com\/65535\/49343995158_88b1fa3441.jpg","contentUrl":"http:\/\/live.staticflickr.com\/65535\/49343995158_88b1fa3441.jpg"},{"@type":"BreadcrumbList","@id":"https:\/\/www.noticiasradioreflejos.com.ar\/2021\/una-multitud-recibio-a-los-reyes-magos-en-sierra-de-la-ventana\/#breadcrumb","itemListElement":[{"@type":"ListItem","position":1,"name":"Portada","item":"https:\/\/www.noticiasradioreflejos.com.ar\/2021\/"},{"@type":"ListItem","position":2,"name":"Una multitud recibi\u00f3 a los Reyes Magos en Sierra de la Ventana."}]},{"@type":"WebSite","@id":"https:\/\/www.noticiasradioreflejos.com.ar\/2021\/#website","url":"https:\/\/www.noticiasradioreflejos.com.ar\/2021\/","name":"Noticias Radio Reflejos","description":"Las noticias de mi comarca","potentialAction":[{"@type":"SearchAction","target":{"@type":"EntryPoint","urlTemplate":"https:\/\/www.noticiasradioreflejos.com.ar\/2021\/?s={search_term_string}"},"query-input":{"@type":"PropertyValueSpecification","valueRequired":true,"valueName":"search_term_string"}}],"inLanguage":"es"},{"@type":"Person","@id":"https:\/\/www.noticiasradioreflejos.com.ar\/2021\/#\/schema\/person\/ad82545263dcc5ec0996818884fd5fb1","name":"Arnaldo Botto","image":{"@type":"ImageObject","inLanguage":"es","@id":"https:\/\/www.noticiasradioreflejos.com.ar\/2021\/#\/schema\/person\/image\/","url":"https:\/\/secure.gravatar.com\/avatar\/55cb5e37c1efa326397366e6974cb338056df65cb50e7d64d1cf314e87504837?s=96&d=mm&r=g","contentUrl":"https:\/\/secure.gravatar.com\/avatar\/55cb5e37c1efa326397366e6974cb338056df65cb50e7d64d1cf314e87504837?s=96&d=mm&r=g","caption":"Arnaldo Botto"},"url":"https:\/\/www.noticiasradioreflejos.com.ar\/2021\/author\/arnaldo\/"}]}},"_links":{"self":[{"href":"https:\/\/www.noticiasradioreflejos.com.ar\/2021\/wp-json\/wp\/v2\/posts\/37698","targetHints":{"allow":["GET"]}}],"collection":[{"href":"https:\/\/www.noticiasradioreflejos.com.ar\/2021\/wp-json\/wp\/v2\/posts"}],"about":[{"href":"https:\/\/www.noticiasradioreflejos.com.ar\/2021\/wp-json\/wp\/v2\/types\/post"}],"author":[{"embeddable":true,"href":"https:\/\/www.noticiasradioreflejos.com.ar\/2021\/wp-json\/wp\/v2\/users\/3"}],"replies":[{"embeddable":true,"href":"https:\/\/www.noticiasradioreflejos.com.ar\/2021\/wp-json\/wp\/v2\/comments?post=37698"}],"version-history":[{"count":0,"href":"https:\/\/www.noticiasradioreflejos.com.ar\/2021\/wp-json\/wp\/v2\/posts\/37698\/revisions"}],"wp:attachment":[{"href":"https:\/\/www.noticiasradioreflejos.com.ar\/2021\/wp-json\/wp\/v2\/media?parent=37698"}],"wp:term":[{"taxonomy":"category","embeddable":true,"href":"https:\/\/www.noticiasradioreflejos.com.ar\/2021\/wp-json\/wp\/v2\/categories?post=37698"},{"taxonomy":"post_tag","embeddable":true,"href":"https:\/\/www.noticiasradioreflejos.com.ar\/2021\/wp-json\/wp\/v2\/tags?post=37698"}],"curies":[{"name":"wp","href":"https:\/\/api.w.org\/{rel}","templated":true}]}}