{"id":37683,"date":"2020-01-06T18:01:36","date_gmt":"2020-01-06T21:01:36","guid":{"rendered":"http:\/\/www.noticiasradioreflejos.com.ar\/noticias\/?p=37683"},"modified":"2020-01-06T18:01:36","modified_gmt":"2020-01-06T21:01:36","slug":"continua-hoy-la-fiesta-provincial-de-reyes-magos","status":"publish","type":"post","link":"https:\/\/www.noticiasradioreflejos.com.ar\/2021\/continua-hoy-la-fiesta-provincial-de-reyes-magos\/","title":{"rendered":"Contin\u00faa hoy la Fiesta Provincial de Reyes Magos."},"content":{"rendered":"<p>Este lunes 6 de enero, Sierra de la Ventana, volver\u00e1 a sentir la magia que traen los Reyes Magos.<br \/>\nA partir de las 18.30 hs., en el Centro Cultural, reanudan los festejos programados para celebrar la llegada de los reyes de Oriente.<br \/>\nSe recuerda que las condiciones clim\u00e1ticas obligaron a reprogramar parte los festejos.<!--more--><\/p>\n<p>El evento se inici\u00f3 el s\u00e1bado 4 con patio de comidas, cervecero y parque de diversiones. Los espect\u00e1culos programados dieron comienzo con la banda de rock \u201cSuda la Chancha\u201d; tambi\u00e9n subi\u00f3 al escenario \u201cPreciosos Erradizos\u201d, la compa\u00f1\u00eda de Luc\u00eda Urriaga y el \u201cM\u00e1gico del Castillo\u201d. Posteriormente fue el turno de \u201cCongo Bongo\u201d que, luego de interpretar su segundo tema debi\u00f3 suspenderse el recital debido a la intensa lluvia.<br \/>\nAyer, los m\u00e1s peque\u00f1os pudieron disfrutar de la presentaci\u00f3n del payaso Plin Plin.<br \/>\nComo cierre de los festejos, hoy alrededor de las 21.30 hs., Melchor, Gaspar y Baltazar arribar\u00e1n a caballo al Centro Cultural, luego de recorrer varias calles de Sierra de la Ventana.<br \/>\nEn el predio del espacio cultural, los Reyes Magos repartir\u00e1n juguetes a los ni\u00f1os.<\/p>\n","protected":false},"excerpt":{"rendered":"<p>Este lunes 6 de enero, Sierra de la Ventana, volver\u00e1 a sentir la magia que traen los Reyes Magos. A partir de las 18.30 hs., en el Centro Cultural, reanudan los festejos programados para celebrar la llegada de los reyes de Oriente. Se recuerda que las condiciones clim\u00e1ticas obligaron a reprogramar parte los festejos.<\/p>\n","protected":false},"author":3,"featured_media":0,"comment_status":"closed","ping_status":"open","sticky":false,"template":"","format":"standard","meta":{"footnotes":""},"categories":[33],"tags":[],"class_list":["post-37683","post","type-post","status-publish","format-standard","hentry","category-turismo"],"yoast_head":"<!-- This site is optimized with the Yoast SEO plugin v25.9 - https:\/\/yoast.com\/wordpress\/plugins\/seo\/ -->\n<title>Contin\u00faa hoy la Fiesta Provincial de Reyes Magos. - Noticias Radio Reflejos<\/title>\n<meta name=\"robots\" content=\"index, follow, max-snippet:-1, max-image-preview:large, max-video-preview:-1\" \/>\n<link rel=\"canonical\" href=\"https:\/\/www.noticiasradioreflejos.com.ar\/2021\/continua-hoy-la-fiesta-provincial-de-reyes-magos\/\" \/>\n<meta property=\"og:locale\" content=\"es_ES\" \/>\n<meta property=\"og:type\" content=\"article\" \/>\n<meta property=\"og:title\" content=\"Contin\u00faa hoy la Fiesta Provincial de Reyes Magos. - Noticias Radio Reflejos\" \/>\n<meta property=\"og:description\" content=\"Este lunes 6 de enero, Sierra de la Ventana, volver\u00e1 a sentir la magia que traen los Reyes Magos. A partir de las 18.30 hs., en el Centro Cultural, reanudan los festejos programados para celebrar la llegada de los reyes de Oriente. Se recuerda que las condiciones clim\u00e1ticas obligaron a reprogramar parte los festejos.\" \/>\n<meta property=\"og:url\" content=\"https:\/\/www.noticiasradioreflejos.com.ar\/2021\/continua-hoy-la-fiesta-provincial-de-reyes-magos\/\" \/>\n<meta property=\"og:site_name\" content=\"Noticias Radio Reflejos\" \/>\n<meta property=\"article:published_time\" content=\"2020-01-06T21:01:36+00:00\" \/>\n<meta property=\"og:image\" content=\"https:\/\/www.noticiasradioreflejos.com.ar\/2021\/wp-content\/uploads\/2021\/07\/logosol300x200.png\" \/>\n\t<meta property=\"og:image:width\" content=\"300\" \/>\n\t<meta property=\"og:image:height\" content=\"200\" \/>\n\t<meta property=\"og:image:type\" content=\"image\/png\" \/>\n<meta name=\"author\" content=\"Arnaldo Botto\" \/>\n<meta name=\"twitter:card\" content=\"summary_large_image\" \/>\n<script type=\"application\/ld+json\" class=\"yoast-schema-graph\">{\"@context\":\"https:\/\/schema.org\",\"@graph\":[{\"@type\":\"WebPage\",\"@id\":\"https:\/\/www.noticiasradioreflejos.com.ar\/2021\/continua-hoy-la-fiesta-provincial-de-reyes-magos\/\",\"url\":\"https:\/\/www.noticiasradioreflejos.com.ar\/2021\/continua-hoy-la-fiesta-provincial-de-reyes-magos\/\",\"name\":\"Contin\u00faa hoy la Fiesta Provincial de Reyes Magos. - Noticias Radio Reflejos\",\"isPartOf\":{\"@id\":\"https:\/\/www.noticiasradioreflejos.com.ar\/2021\/#website\"},\"datePublished\":\"2020-01-06T21:01:36+00:00\",\"author\":{\"@id\":\"https:\/\/www.noticiasradioreflejos.com.ar\/2021\/#\/schema\/person\/ad82545263dcc5ec0996818884fd5fb1\"},\"breadcrumb\":{\"@id\":\"https:\/\/www.noticiasradioreflejos.com.ar\/2021\/continua-hoy-la-fiesta-provincial-de-reyes-magos\/#breadcrumb\"},\"inLanguage\":\"es\",\"potentialAction\":[{\"@type\":\"ReadAction\",\"target\":[\"https:\/\/www.noticiasradioreflejos.com.ar\/2021\/continua-hoy-la-fiesta-provincial-de-reyes-magos\/\"]}]},{\"@type\":\"BreadcrumbList\",\"@id\":\"https:\/\/www.noticiasradioreflejos.com.ar\/2021\/continua-hoy-la-fiesta-provincial-de-reyes-magos\/#breadcrumb\",\"itemListElement\":[{\"@type\":\"ListItem\",\"position\":1,\"name\":\"Portada\",\"item\":\"https:\/\/www.noticiasradioreflejos.com.ar\/2021\/\"},{\"@type\":\"ListItem\",\"position\":2,\"name\":\"Contin\u00faa hoy la Fiesta Provincial de Reyes Magos.\"}]},{\"@type\":\"WebSite\",\"@id\":\"https:\/\/www.noticiasradioreflejos.com.ar\/2021\/#website\",\"url\":\"https:\/\/www.noticiasradioreflejos.com.ar\/2021\/\",\"name\":\"Noticias Radio Reflejos\",\"description\":\"Las noticias de mi comarca\",\"potentialAction\":[{\"@type\":\"SearchAction\",\"target\":{\"@type\":\"EntryPoint\",\"urlTemplate\":\"https:\/\/www.noticiasradioreflejos.com.ar\/2021\/?s={search_term_string}\"},\"query-input\":{\"@type\":\"PropertyValueSpecification\",\"valueRequired\":true,\"valueName\":\"search_term_string\"}}],\"inLanguage\":\"es\"},{\"@type\":\"Person\",\"@id\":\"https:\/\/www.noticiasradioreflejos.com.ar\/2021\/#\/schema\/person\/ad82545263dcc5ec0996818884fd5fb1\",\"name\":\"Arnaldo Botto\",\"image\":{\"@type\":\"ImageObject\",\"inLanguage\":\"es\",\"@id\":\"https:\/\/www.noticiasradioreflejos.com.ar\/2021\/#\/schema\/person\/image\/\",\"url\":\"https:\/\/secure.gravatar.com\/avatar\/55cb5e37c1efa326397366e6974cb338056df65cb50e7d64d1cf314e87504837?s=96&d=mm&r=g\",\"contentUrl\":\"https:\/\/secure.gravatar.com\/avatar\/55cb5e37c1efa326397366e6974cb338056df65cb50e7d64d1cf314e87504837?s=96&d=mm&r=g\",\"caption\":\"Arnaldo Botto\"},\"url\":\"https:\/\/www.noticiasradioreflejos.com.ar\/2021\/author\/arnaldo\/\"}]}<\/script>\n<!-- \/ Yoast SEO plugin. -->","yoast_head_json":{"title":"Contin\u00faa hoy la Fiesta Provincial de Reyes Magos. - Noticias Radio Reflejos","robots":{"index":"index","follow":"follow","max-snippet":"max-snippet:-1","max-image-preview":"max-image-preview:large","max-video-preview":"max-video-preview:-1"},"canonical":"https:\/\/www.noticiasradioreflejos.com.ar\/2021\/continua-hoy-la-fiesta-provincial-de-reyes-magos\/","og_locale":"es_ES","og_type":"article","og_title":"Contin\u00faa hoy la Fiesta Provincial de Reyes Magos. - Noticias Radio Reflejos","og_description":"Este lunes 6 de enero, Sierra de la Ventana, volver\u00e1 a sentir la magia que traen los Reyes Magos. A partir de las 18.30 hs., en el Centro Cultural, reanudan los festejos programados para celebrar la llegada de los reyes de Oriente. Se recuerda que las condiciones clim\u00e1ticas obligaron a reprogramar parte los festejos.","og_url":"https:\/\/www.noticiasradioreflejos.com.ar\/2021\/continua-hoy-la-fiesta-provincial-de-reyes-magos\/","og_site_name":"Noticias Radio Reflejos","article_published_time":"2020-01-06T21:01:36+00:00","og_image":[{"width":300,"height":200,"url":"https:\/\/www.noticiasradioreflejos.com.ar\/2021\/wp-content\/uploads\/2021\/07\/logosol300x200.png","type":"image\/png"}],"author":"Arnaldo Botto","twitter_card":"summary_large_image","schema":{"@context":"https:\/\/schema.org","@graph":[{"@type":"WebPage","@id":"https:\/\/www.noticiasradioreflejos.com.ar\/2021\/continua-hoy-la-fiesta-provincial-de-reyes-magos\/","url":"https:\/\/www.noticiasradioreflejos.com.ar\/2021\/continua-hoy-la-fiesta-provincial-de-reyes-magos\/","name":"Contin\u00faa hoy la Fiesta Provincial de Reyes Magos. - Noticias Radio Reflejos","isPartOf":{"@id":"https:\/\/www.noticiasradioreflejos.com.ar\/2021\/#website"},"datePublished":"2020-01-06T21:01:36+00:00","author":{"@id":"https:\/\/www.noticiasradioreflejos.com.ar\/2021\/#\/schema\/person\/ad82545263dcc5ec0996818884fd5fb1"},"breadcrumb":{"@id":"https:\/\/www.noticiasradioreflejos.com.ar\/2021\/continua-hoy-la-fiesta-provincial-de-reyes-magos\/#breadcrumb"},"inLanguage":"es","potentialAction":[{"@type":"ReadAction","target":["https:\/\/www.noticiasradioreflejos.com.ar\/2021\/continua-hoy-la-fiesta-provincial-de-reyes-magos\/"]}]},{"@type":"BreadcrumbList","@id":"https:\/\/www.noticiasradioreflejos.com.ar\/2021\/continua-hoy-la-fiesta-provincial-de-reyes-magos\/#breadcrumb","itemListElement":[{"@type":"ListItem","position":1,"name":"Portada","item":"https:\/\/www.noticiasradioreflejos.com.ar\/2021\/"},{"@type":"ListItem","position":2,"name":"Contin\u00faa hoy la Fiesta Provincial de Reyes Magos."}]},{"@type":"WebSite","@id":"https:\/\/www.noticiasradioreflejos.com.ar\/2021\/#website","url":"https:\/\/www.noticiasradioreflejos.com.ar\/2021\/","name":"Noticias Radio Reflejos","description":"Las noticias de mi comarca","potentialAction":[{"@type":"SearchAction","target":{"@type":"EntryPoint","urlTemplate":"https:\/\/www.noticiasradioreflejos.com.ar\/2021\/?s={search_term_string}"},"query-input":{"@type":"PropertyValueSpecification","valueRequired":true,"valueName":"search_term_string"}}],"inLanguage":"es"},{"@type":"Person","@id":"https:\/\/www.noticiasradioreflejos.com.ar\/2021\/#\/schema\/person\/ad82545263dcc5ec0996818884fd5fb1","name":"Arnaldo Botto","image":{"@type":"ImageObject","inLanguage":"es","@id":"https:\/\/www.noticiasradioreflejos.com.ar\/2021\/#\/schema\/person\/image\/","url":"https:\/\/secure.gravatar.com\/avatar\/55cb5e37c1efa326397366e6974cb338056df65cb50e7d64d1cf314e87504837?s=96&d=mm&r=g","contentUrl":"https:\/\/secure.gravatar.com\/avatar\/55cb5e37c1efa326397366e6974cb338056df65cb50e7d64d1cf314e87504837?s=96&d=mm&r=g","caption":"Arnaldo Botto"},"url":"https:\/\/www.noticiasradioreflejos.com.ar\/2021\/author\/arnaldo\/"}]}},"_links":{"self":[{"href":"https:\/\/www.noticiasradioreflejos.com.ar\/2021\/wp-json\/wp\/v2\/posts\/37683","targetHints":{"allow":["GET"]}}],"collection":[{"href":"https:\/\/www.noticiasradioreflejos.com.ar\/2021\/wp-json\/wp\/v2\/posts"}],"about":[{"href":"https:\/\/www.noticiasradioreflejos.com.ar\/2021\/wp-json\/wp\/v2\/types\/post"}],"author":[{"embeddable":true,"href":"https:\/\/www.noticiasradioreflejos.com.ar\/2021\/wp-json\/wp\/v2\/users\/3"}],"replies":[{"embeddable":true,"href":"https:\/\/www.noticiasradioreflejos.com.ar\/2021\/wp-json\/wp\/v2\/comments?post=37683"}],"version-history":[{"count":0,"href":"https:\/\/www.noticiasradioreflejos.com.ar\/2021\/wp-json\/wp\/v2\/posts\/37683\/revisions"}],"wp:attachment":[{"href":"https:\/\/www.noticiasradioreflejos.com.ar\/2021\/wp-json\/wp\/v2\/media?parent=37683"}],"wp:term":[{"taxonomy":"category","embeddable":true,"href":"https:\/\/www.noticiasradioreflejos.com.ar\/2021\/wp-json\/wp\/v2\/categories?post=37683"},{"taxonomy":"post_tag","embeddable":true,"href":"https:\/\/www.noticiasradioreflejos.com.ar\/2021\/wp-json\/wp\/v2\/tags?post=37683"}],"curies":[{"name":"wp","href":"https:\/\/api.w.org\/{rel}","templated":true}]}}