{"id":37675,"date":"2020-01-06T17:52:41","date_gmt":"2020-01-06T20:52:41","guid":{"rendered":"http:\/\/www.noticiasradioreflejos.com.ar\/noticias\/?p=37675"},"modified":"2020-01-06T17:52:41","modified_gmt":"2020-01-06T20:52:41","slug":"variada-propuesta-cultural-en-la-biblioteca-mariano-moreno","status":"publish","type":"post","link":"https:\/\/www.noticiasradioreflejos.com.ar\/2021\/variada-propuesta-cultural-en-la-biblioteca-mariano-moreno\/","title":{"rendered":"Variada propuesta cultural en la biblioteca Mariano Moreno."},"content":{"rendered":"<p>Tres talleristas estar\u00e1n al frente de talleres en la biblioteca de Sierra de la Ventana en los pr\u00f3ximos d\u00edas y dieron a conocer\u00a0\u00a0sus respectivas propuestas esta ma\u00f1ana en el programa \u00abUn Mate y un Caf\u00e9\u00bb.<strong><br \/>\nCarla Villarreal<\/strong>\u00a0 presentar\u00e1 el 9 de enero\u00a0un taller de encuadernaci\u00f3n artesanal y procesos creativos, y dos artistas circenses,<strong> Andoni Noa\u00edn y Mat\u00edas Barral<\/strong> con talleres de malabares con materiales reciclados los d\u00edas 13 y 14 de enero.<!--more--><\/p>\n<p><a style=\"font-weight: bold;\" title=\"IMG_20200106_111152558\" href=\"http:\/\/live.staticflickr.com\/65535\/49341565507_e1b039c70f_s.jpg\" rel=\"\"><img loading=\"lazy\" decoding=\"async\" class=\"alignleft\" style=\"float: left;\" title=\"IMG_20200106_111152558\" src=\"http:\/\/live.staticflickr.com\/65535\/49341565507_e1b039c70f.jpg\" alt=\"IMG_20200106_111152558\" width=\"500\" height=\"281\" \/><\/a><b>Carla Villarreal:<\/b> \u201cEl jueves de esta semana voy a estar dando el taller de encuadernaci\u00f3n en la Biblio, de 16 a 20 horas, est\u00e1n todos los materiales incluidos, va a haber tambi\u00e9n apuntes, todo. Esta bueno porque aprenden a hacer un libro desde cero, con toda la costura, hacer las tapas, poder ensamblar las partes, en esas pocas horas, yo siempre digo que el proceso es un poco m\u00e1s largo y si se puede esperar m\u00e1s, mejor. Es experiencia, mucha pr\u00e1ctica, probar y experimentar. Esta vez lo voy a dar de 12 a\u00f1os en adelante, no se necesitan conocimientos previos, pueden venir sin ning\u00fan problema\u201d. Inicio<\/p>\n<p>\u201cVine 3 veces a dar el taller ac\u00e1, dos veces en la biblio y una vez en la feria del libro, tengo una amiga que trabaja en la biblioteca que es Anto Pellorozo, ella hace la gesti\u00f3n cultural, tengo esa conexi\u00f3n ah\u00ed, y casi siempre presento los proyectos, tambi\u00e9n lo presente en Villa, que voy a estar la semana que viene\u201d. Cont\u00f3<\/p>\n<p>\u201cEncuadernaci\u00f3n ac\u00e1 en Sierra es el 9 de enero, el 10 proceso creativo, son dos talleres separados, est\u00e1 bueno porque se complementan, pero se pueden hacer de manera individual. Tal vez ya tienen conocimientos en encuadernaci\u00f3n y quieren ver lo otro, que tiene mucho que ver con lo que es editorial. Es toda una corriente de editorial artesanal, alejado un poco de lo que son editoriales independientes como las que son m\u00e1s masivas. Es una forma de poder crear uno publicaciones, editoriales, solo en la casa, con lo que uno tenga, con la impresora que tenga en la casa, con los materiales, tratando de tener un proceso creativo que te lleve a tener una pieza final. Lo lindo de ese taller es que vamos a llegar a concretar una pieza editorial que va a ser \u00fanica, y si bien podemos hacer replicas, podemos tener una tirada de 10 ejemplares, siempre van a ser todos \u00fanicos porque los hicimos cada uno artesanalmente completo. Ese es el viernes 10, a la misma hora. Hay cupos limitados para los dos talleres, para el de encuadernaci\u00f3n tenemos cubiertos 5 cupos y quedan 3. Para el de proceso creativo hay m\u00e1s cupos todav\u00eda, el de encuadernaci\u00f3n esta $650, el de proceso creativo esta $550, y si se hacen los dos $1000\u201d. Explic\u00f3<\/p>\n<p>\u201cEn Villa es el 15 de enero, va a ser un poquito m\u00e1s tarde, a las 17:30 horas, hasta las 21:30. All\u00e1 esta $750 el taller, y quedan cupos todav\u00eda\u201d. Finalizo<\/p>\n<p><a title=\"IMG_20200106_111217612\" href=\"http:\/\/live.staticflickr.com\/65535\/49340891633_ec38eb4fd7_s.jpg\" rel=\"\"><img loading=\"lazy\" decoding=\"async\" class=\"alignleft\" style=\"float: left;\" title=\"IMG_20200106_111217612\" src=\"http:\/\/live.staticflickr.com\/65535\/49340891633_ec38eb4fd7.jpg\" alt=\"IMG_20200106_111217612\" width=\"500\" height=\"281\" \/><\/a>Tambi\u00e9n visitaron los estudios de FM REFLEJOS, dos artistas circenses,<strong> Andoni \u00abPayaso Mascarpone\u00bb y Matias alias \u00abPayaso Chirimbolo\u00bb<\/strong>, quienes de la misma manera se presentaran en la Biblioteca Popular Mariano Moreno.<\/p>\n<p>\u00abVamos a presentar un taller de verano, que se llama (Malabares con material reciclado), aprenderemos a hacer malabares a partir de materiales reciclados, confeccionar nuestros propios juguetes para los ni\u00f1os y las ni\u00f1as. Luego a manipular estos juguetes en base a la t\u00e9cnica del malabar\u00bb.<\/p>\n<p>\u00abPara la construcci\u00f3n de malabares utilizamos bolsas, botellas, ca\u00f1os de pvc que est\u00e1n en desuso, arena para rellenar las pelotas, cosas que tenemos al alcance y la idea es reciclar de nuestras casas estos materiales. El taller va a ser en 2 d\u00edas, el primer d\u00eda vamos a utilizar la primera hora para confeccionar estos juguetes, y despu\u00e9s vamos a utilizar la otra hora para empezar a aprender las t\u00e9cnicas b\u00e1sicas del malabar. Para el segundo d\u00eda profundizar un poco mas, y la idea es que puedan llevarse la t\u00e9cnica b\u00e1sica\u00bb. Explic\u00f3 Matias payaso<\/p>\n<p>\u00abNosotros les vamos a pasar las t\u00e9cnicas b\u00e1sicas con 3 pelotas, y despu\u00e9s son practicas de a\u00f1os digamos, no es algo que vayas a aprender de un d\u00eda para el otro\u00bb. Dijo Andoni<\/p>\n<p>\u00abVamos a llevar nuestros juguetes tambi\u00e9n para que los ni\u00f1os exploren un poco lo que es diferentes tipos de juguetes, malabares, platos chinos, pero en si el taller se va a basar en esto, en la construcci\u00f3n de nuestras propias pelotas, y la manipulaci\u00f3n. Despu\u00e9s las t\u00e9cnicas b\u00e1sicas del malabar las pueden llevar a otros elementos, una vez que vos sabes hacer malabares con pelotas, lo podes llevar a otros elementos. Los d\u00edas son 13 y 14 de enero, de 17 a 19 horas, el valor del taller es de $400, las dos clases, y se pueden inscribir en la Biblioteca Popular Mariano Moreno, o al celular 2914024557\u00bb. Explicaron<\/p>\n<p>\u00abEl taller es para ni\u00f1os de 5 a 16 a\u00f1os, es orientado a ni\u00f1os y adolescentes, como somos dos los que coordinamos el taller, vamos a dividir el grupo entre adolescentes y ni\u00f1os. Vamos a estar dando un taller tambi\u00e9n el 21 de enero a las 17:30 horas, que es una jornada de un solo d\u00eda de 3 horas, sera un taller de burbujas gigantes, en el cual les vamos a ense\u00f1ar las diferentes formulas para realizar las burbujas, muchos vienen y dicen (le pongo mucho detergente al agua), y no. Es por eso que les vamos a dar t\u00e9cnicas y mas que nada pasarles las formulas secretas. Este taller tiene un costo de $400, es apto para todo publico. Tambi\u00e9n se pueden inscribir en la biblioteca, o mandarnos un whatsapp\u00bb. Finalizaron<\/p>\n<p>NOTA COMPLETA:<br \/>\n<iframe loading=\"lazy\" src=\"https:\/\/w.soundcloud.com\/player\/?url=https%3A\/\/api.soundcloud.com\/tracks\/739185973&amp;color=%23ff5500&amp;auto_play=false&amp;hide_related=false&amp;show_comments=true&amp;show_user=true&amp;show_reposts=false&amp;show_teaser=true\" width=\"100%\" height=\"166\" frameborder=\"no\" scrolling=\"no\"><\/iframe><\/p>\n","protected":false},"excerpt":{"rendered":"<p>Tres talleristas estar\u00e1n al frente de talleres en la biblioteca de Sierra de la Ventana en los pr\u00f3ximos d\u00edas y dieron a conocer\u00a0\u00a0sus respectivas propuestas esta ma\u00f1ana en el programa \u00abUn Mate y un Caf\u00e9\u00bb. Carla Villarreal\u00a0 presentar\u00e1 el 9 de enero\u00a0un taller de encuadernaci\u00f3n artesanal y procesos creativos, y dos artistas circenses, Andoni Noa\u00edn [&hellip;]<\/p>\n","protected":false},"author":3,"featured_media":619,"comment_status":"closed","ping_status":"open","sticky":false,"template":"","format":"standard","meta":{"footnotes":""},"categories":[35],"tags":[],"class_list":["post-37675","post","type-post","status-publish","format-standard","has-post-thumbnail","hentry","category-cultura"],"yoast_head":"<!-- This site is optimized with the Yoast SEO plugin v25.9 - https:\/\/yoast.com\/wordpress\/plugins\/seo\/ -->\n<title>Variada propuesta cultural en la biblioteca Mariano Moreno. - Noticias Radio Reflejos<\/title>\n<meta name=\"robots\" content=\"index, follow, max-snippet:-1, max-image-preview:large, max-video-preview:-1\" \/>\n<link rel=\"canonical\" href=\"https:\/\/www.noticiasradioreflejos.com.ar\/2021\/variada-propuesta-cultural-en-la-biblioteca-mariano-moreno\/\" \/>\n<meta property=\"og:locale\" content=\"es_ES\" \/>\n<meta property=\"og:type\" content=\"article\" \/>\n<meta property=\"og:title\" content=\"Variada propuesta cultural en la biblioteca Mariano Moreno. - Noticias Radio Reflejos\" \/>\n<meta property=\"og:description\" content=\"Tres talleristas estar\u00e1n al frente de talleres en la biblioteca de Sierra de la Ventana en los pr\u00f3ximos d\u00edas y dieron a conocer\u00a0\u00a0sus respectivas propuestas esta ma\u00f1ana en el programa \u00abUn Mate y un Caf\u00e9\u00bb. Carla Villarreal\u00a0 presentar\u00e1 el 9 de enero\u00a0un taller de encuadernaci\u00f3n artesanal y procesos creativos, y dos artistas circenses, Andoni Noa\u00edn [&hellip;]\" \/>\n<meta property=\"og:url\" content=\"https:\/\/www.noticiasradioreflejos.com.ar\/2021\/variada-propuesta-cultural-en-la-biblioteca-mariano-moreno\/\" \/>\n<meta property=\"og:site_name\" content=\"Noticias Radio Reflejos\" \/>\n<meta property=\"article:published_time\" content=\"2020-01-06T20:52:41+00:00\" \/>\n<meta property=\"og:image\" content=\"https:\/\/www.noticiasradioreflejos.com.ar\/2021\/wp-content\/uploads\/2016\/09\/10342510_788044027880220_2879231262798718673_n.jpg\" \/>\n\t<meta property=\"og:image:width\" content=\"960\" \/>\n\t<meta property=\"og:image:height\" content=\"640\" \/>\n\t<meta property=\"og:image:type\" content=\"image\/jpeg\" \/>\n<meta name=\"author\" content=\"Arnaldo Botto\" \/>\n<meta name=\"twitter:card\" content=\"summary_large_image\" \/>\n<script type=\"application\/ld+json\" class=\"yoast-schema-graph\">{\"@context\":\"https:\/\/schema.org\",\"@graph\":[{\"@type\":\"WebPage\",\"@id\":\"https:\/\/www.noticiasradioreflejos.com.ar\/2021\/variada-propuesta-cultural-en-la-biblioteca-mariano-moreno\/\",\"url\":\"https:\/\/www.noticiasradioreflejos.com.ar\/2021\/variada-propuesta-cultural-en-la-biblioteca-mariano-moreno\/\",\"name\":\"Variada propuesta cultural en la biblioteca Mariano Moreno. - Noticias Radio Reflejos\",\"isPartOf\":{\"@id\":\"https:\/\/www.noticiasradioreflejos.com.ar\/2021\/#website\"},\"primaryImageOfPage\":{\"@id\":\"https:\/\/www.noticiasradioreflejos.com.ar\/2021\/variada-propuesta-cultural-en-la-biblioteca-mariano-moreno\/#primaryimage\"},\"image\":{\"@id\":\"https:\/\/www.noticiasradioreflejos.com.ar\/2021\/variada-propuesta-cultural-en-la-biblioteca-mariano-moreno\/#primaryimage\"},\"thumbnailUrl\":\"https:\/\/www.noticiasradioreflejos.com.ar\/2021\/wp-content\/uploads\/2016\/09\/10342510_788044027880220_2879231262798718673_n.jpg\",\"datePublished\":\"2020-01-06T20:52:41+00:00\",\"author\":{\"@id\":\"https:\/\/www.noticiasradioreflejos.com.ar\/2021\/#\/schema\/person\/ad82545263dcc5ec0996818884fd5fb1\"},\"breadcrumb\":{\"@id\":\"https:\/\/www.noticiasradioreflejos.com.ar\/2021\/variada-propuesta-cultural-en-la-biblioteca-mariano-moreno\/#breadcrumb\"},\"inLanguage\":\"es\",\"potentialAction\":[{\"@type\":\"ReadAction\",\"target\":[\"https:\/\/www.noticiasradioreflejos.com.ar\/2021\/variada-propuesta-cultural-en-la-biblioteca-mariano-moreno\/\"]}]},{\"@type\":\"ImageObject\",\"inLanguage\":\"es\",\"@id\":\"https:\/\/www.noticiasradioreflejos.com.ar\/2021\/variada-propuesta-cultural-en-la-biblioteca-mariano-moreno\/#primaryimage\",\"url\":\"https:\/\/www.noticiasradioreflejos.com.ar\/2021\/wp-content\/uploads\/2016\/09\/10342510_788044027880220_2879231262798718673_n.jpg\",\"contentUrl\":\"https:\/\/www.noticiasradioreflejos.com.ar\/2021\/wp-content\/uploads\/2016\/09\/10342510_788044027880220_2879231262798718673_n.jpg\",\"width\":960,\"height\":640},{\"@type\":\"BreadcrumbList\",\"@id\":\"https:\/\/www.noticiasradioreflejos.com.ar\/2021\/variada-propuesta-cultural-en-la-biblioteca-mariano-moreno\/#breadcrumb\",\"itemListElement\":[{\"@type\":\"ListItem\",\"position\":1,\"name\":\"Portada\",\"item\":\"https:\/\/www.noticiasradioreflejos.com.ar\/2021\/\"},{\"@type\":\"ListItem\",\"position\":2,\"name\":\"Variada propuesta cultural en la biblioteca Mariano Moreno.\"}]},{\"@type\":\"WebSite\",\"@id\":\"https:\/\/www.noticiasradioreflejos.com.ar\/2021\/#website\",\"url\":\"https:\/\/www.noticiasradioreflejos.com.ar\/2021\/\",\"name\":\"Noticias Radio Reflejos\",\"description\":\"Las noticias de mi comarca\",\"potentialAction\":[{\"@type\":\"SearchAction\",\"target\":{\"@type\":\"EntryPoint\",\"urlTemplate\":\"https:\/\/www.noticiasradioreflejos.com.ar\/2021\/?s={search_term_string}\"},\"query-input\":{\"@type\":\"PropertyValueSpecification\",\"valueRequired\":true,\"valueName\":\"search_term_string\"}}],\"inLanguage\":\"es\"},{\"@type\":\"Person\",\"@id\":\"https:\/\/www.noticiasradioreflejos.com.ar\/2021\/#\/schema\/person\/ad82545263dcc5ec0996818884fd5fb1\",\"name\":\"Arnaldo Botto\",\"image\":{\"@type\":\"ImageObject\",\"inLanguage\":\"es\",\"@id\":\"https:\/\/www.noticiasradioreflejos.com.ar\/2021\/#\/schema\/person\/image\/\",\"url\":\"https:\/\/secure.gravatar.com\/avatar\/55cb5e37c1efa326397366e6974cb338056df65cb50e7d64d1cf314e87504837?s=96&d=mm&r=g\",\"contentUrl\":\"https:\/\/secure.gravatar.com\/avatar\/55cb5e37c1efa326397366e6974cb338056df65cb50e7d64d1cf314e87504837?s=96&d=mm&r=g\",\"caption\":\"Arnaldo Botto\"},\"url\":\"https:\/\/www.noticiasradioreflejos.com.ar\/2021\/author\/arnaldo\/\"}]}<\/script>\n<!-- \/ Yoast SEO plugin. -->","yoast_head_json":{"title":"Variada propuesta cultural en la biblioteca Mariano Moreno. - Noticias Radio Reflejos","robots":{"index":"index","follow":"follow","max-snippet":"max-snippet:-1","max-image-preview":"max-image-preview:large","max-video-preview":"max-video-preview:-1"},"canonical":"https:\/\/www.noticiasradioreflejos.com.ar\/2021\/variada-propuesta-cultural-en-la-biblioteca-mariano-moreno\/","og_locale":"es_ES","og_type":"article","og_title":"Variada propuesta cultural en la biblioteca Mariano Moreno. - Noticias Radio Reflejos","og_description":"Tres talleristas estar\u00e1n al frente de talleres en la biblioteca de Sierra de la Ventana en los pr\u00f3ximos d\u00edas y dieron a conocer\u00a0\u00a0sus respectivas propuestas esta ma\u00f1ana en el programa \u00abUn Mate y un Caf\u00e9\u00bb. Carla Villarreal\u00a0 presentar\u00e1 el 9 de enero\u00a0un taller de encuadernaci\u00f3n artesanal y procesos creativos, y dos artistas circenses, Andoni Noa\u00edn [&hellip;]","og_url":"https:\/\/www.noticiasradioreflejos.com.ar\/2021\/variada-propuesta-cultural-en-la-biblioteca-mariano-moreno\/","og_site_name":"Noticias Radio Reflejos","article_published_time":"2020-01-06T20:52:41+00:00","og_image":[{"width":960,"height":640,"url":"https:\/\/www.noticiasradioreflejos.com.ar\/2021\/wp-content\/uploads\/2016\/09\/10342510_788044027880220_2879231262798718673_n.jpg","type":"image\/jpeg"}],"author":"Arnaldo Botto","twitter_card":"summary_large_image","schema":{"@context":"https:\/\/schema.org","@graph":[{"@type":"WebPage","@id":"https:\/\/www.noticiasradioreflejos.com.ar\/2021\/variada-propuesta-cultural-en-la-biblioteca-mariano-moreno\/","url":"https:\/\/www.noticiasradioreflejos.com.ar\/2021\/variada-propuesta-cultural-en-la-biblioteca-mariano-moreno\/","name":"Variada propuesta cultural en la biblioteca Mariano Moreno. - Noticias Radio Reflejos","isPartOf":{"@id":"https:\/\/www.noticiasradioreflejos.com.ar\/2021\/#website"},"primaryImageOfPage":{"@id":"https:\/\/www.noticiasradioreflejos.com.ar\/2021\/variada-propuesta-cultural-en-la-biblioteca-mariano-moreno\/#primaryimage"},"image":{"@id":"https:\/\/www.noticiasradioreflejos.com.ar\/2021\/variada-propuesta-cultural-en-la-biblioteca-mariano-moreno\/#primaryimage"},"thumbnailUrl":"https:\/\/www.noticiasradioreflejos.com.ar\/2021\/wp-content\/uploads\/2016\/09\/10342510_788044027880220_2879231262798718673_n.jpg","datePublished":"2020-01-06T20:52:41+00:00","author":{"@id":"https:\/\/www.noticiasradioreflejos.com.ar\/2021\/#\/schema\/person\/ad82545263dcc5ec0996818884fd5fb1"},"breadcrumb":{"@id":"https:\/\/www.noticiasradioreflejos.com.ar\/2021\/variada-propuesta-cultural-en-la-biblioteca-mariano-moreno\/#breadcrumb"},"inLanguage":"es","potentialAction":[{"@type":"ReadAction","target":["https:\/\/www.noticiasradioreflejos.com.ar\/2021\/variada-propuesta-cultural-en-la-biblioteca-mariano-moreno\/"]}]},{"@type":"ImageObject","inLanguage":"es","@id":"https:\/\/www.noticiasradioreflejos.com.ar\/2021\/variada-propuesta-cultural-en-la-biblioteca-mariano-moreno\/#primaryimage","url":"https:\/\/www.noticiasradioreflejos.com.ar\/2021\/wp-content\/uploads\/2016\/09\/10342510_788044027880220_2879231262798718673_n.jpg","contentUrl":"https:\/\/www.noticiasradioreflejos.com.ar\/2021\/wp-content\/uploads\/2016\/09\/10342510_788044027880220_2879231262798718673_n.jpg","width":960,"height":640},{"@type":"BreadcrumbList","@id":"https:\/\/www.noticiasradioreflejos.com.ar\/2021\/variada-propuesta-cultural-en-la-biblioteca-mariano-moreno\/#breadcrumb","itemListElement":[{"@type":"ListItem","position":1,"name":"Portada","item":"https:\/\/www.noticiasradioreflejos.com.ar\/2021\/"},{"@type":"ListItem","position":2,"name":"Variada propuesta cultural en la biblioteca Mariano Moreno."}]},{"@type":"WebSite","@id":"https:\/\/www.noticiasradioreflejos.com.ar\/2021\/#website","url":"https:\/\/www.noticiasradioreflejos.com.ar\/2021\/","name":"Noticias Radio Reflejos","description":"Las noticias de mi comarca","potentialAction":[{"@type":"SearchAction","target":{"@type":"EntryPoint","urlTemplate":"https:\/\/www.noticiasradioreflejos.com.ar\/2021\/?s={search_term_string}"},"query-input":{"@type":"PropertyValueSpecification","valueRequired":true,"valueName":"search_term_string"}}],"inLanguage":"es"},{"@type":"Person","@id":"https:\/\/www.noticiasradioreflejos.com.ar\/2021\/#\/schema\/person\/ad82545263dcc5ec0996818884fd5fb1","name":"Arnaldo Botto","image":{"@type":"ImageObject","inLanguage":"es","@id":"https:\/\/www.noticiasradioreflejos.com.ar\/2021\/#\/schema\/person\/image\/","url":"https:\/\/secure.gravatar.com\/avatar\/55cb5e37c1efa326397366e6974cb338056df65cb50e7d64d1cf314e87504837?s=96&d=mm&r=g","contentUrl":"https:\/\/secure.gravatar.com\/avatar\/55cb5e37c1efa326397366e6974cb338056df65cb50e7d64d1cf314e87504837?s=96&d=mm&r=g","caption":"Arnaldo Botto"},"url":"https:\/\/www.noticiasradioreflejos.com.ar\/2021\/author\/arnaldo\/"}]}},"_links":{"self":[{"href":"https:\/\/www.noticiasradioreflejos.com.ar\/2021\/wp-json\/wp\/v2\/posts\/37675","targetHints":{"allow":["GET"]}}],"collection":[{"href":"https:\/\/www.noticiasradioreflejos.com.ar\/2021\/wp-json\/wp\/v2\/posts"}],"about":[{"href":"https:\/\/www.noticiasradioreflejos.com.ar\/2021\/wp-json\/wp\/v2\/types\/post"}],"author":[{"embeddable":true,"href":"https:\/\/www.noticiasradioreflejos.com.ar\/2021\/wp-json\/wp\/v2\/users\/3"}],"replies":[{"embeddable":true,"href":"https:\/\/www.noticiasradioreflejos.com.ar\/2021\/wp-json\/wp\/v2\/comments?post=37675"}],"version-history":[{"count":0,"href":"https:\/\/www.noticiasradioreflejos.com.ar\/2021\/wp-json\/wp\/v2\/posts\/37675\/revisions"}],"wp:featuredmedia":[{"embeddable":true,"href":"https:\/\/www.noticiasradioreflejos.com.ar\/2021\/wp-json\/wp\/v2\/media\/619"}],"wp:attachment":[{"href":"https:\/\/www.noticiasradioreflejos.com.ar\/2021\/wp-json\/wp\/v2\/media?parent=37675"}],"wp:term":[{"taxonomy":"category","embeddable":true,"href":"https:\/\/www.noticiasradioreflejos.com.ar\/2021\/wp-json\/wp\/v2\/categories?post=37675"},{"taxonomy":"post_tag","embeddable":true,"href":"https:\/\/www.noticiasradioreflejos.com.ar\/2021\/wp-json\/wp\/v2\/tags?post=37675"}],"curies":[{"name":"wp","href":"https:\/\/api.w.org\/{rel}","templated":true}]}}