{"id":37660,"date":"2020-01-06T07:58:43","date_gmt":"2020-01-06T10:58:43","guid":{"rendered":"http:\/\/www.noticiasradioreflejos.com.ar\/noticias\/?p=37660"},"modified":"2020-01-06T07:58:43","modified_gmt":"2020-01-06T10:58:43","slug":"totales-de-lluvias-en-toda-la-zona","status":"publish","type":"post","link":"https:\/\/www.noticiasradioreflejos.com.ar\/2021\/totales-de-lluvias-en-toda-la-zona\/","title":{"rendered":"Totales de lluvias en toda la zona"},"content":{"rendered":"<p>Durante la tarde del domingo 5 de enero se registraron m\u00e1s precipitaciones en toda la regi\u00f3n que se extendieron con tormentas el\u00e9ctricas hasta la medianoche. En Sierra de la Ventana hubo un intenso chaparr\u00f3n de 28 mm cerca de las 17hs , lo que acumul\u00f3 36 mm. Esta intensa lluvia oblig\u00f3 a los organizadores de la Fiesta Provincial de Reyes Magos a posponer hasta este lunes 6 la bajada de los Magos de Bel\u00e9n. Pero registros mayores se dieron en otros distritos de la regi\u00f3n.<!--more--><br \/>\nEl pron\u00f3stico nos anticipa para hoy vientos moderados a fuertes del sector sudoeste, con cielos despejados y una m\u00e1xima de 22\u00b0. Para ma\u00f1ana martes, m\u00ednima de 13\u00b0 y la m\u00e1xima ascender\u00eda a los 30\u00b0 con vientos moderados de direcciones variables. <\/p>\n<p><strong>Totales de lluvias de la regi\u00f3n de las \u00faltimas 48 hs<\/strong><br \/>\n36 mm en Sierra de la Ventana<br \/>\n29 mm en Calqu\u00edn<br \/>\n46 mm en Villa Ventana<br \/>\n20.8 mm en Cerro Napost\u00e1 Oeste<br \/>\n21.6 mm en Cerro Ventana<br \/>\n14.1 mm en Funke<br \/>\n17.7 mm en Tornquist<br \/>\n37.7 mm en El Pantanoso<br \/>\n32.5 mm en Cnel Suarez<br \/>\n14 mm en Huanguelen<br \/>\n22 mm en Arroyo Corto<br \/>\n26.4 mm en Cura Malal<br \/>\n70.4 mm en San Eloy<br \/>\n26.4 mm en Cnel Pringles<br \/>\n83 mm en Saavedra<br \/>\n55 mm en Colonia San Mart\u00edn<br \/>\n48.6 mm en Dufaur<br \/>\n9 mm en Espartillar<br \/>\n7 mm en Guamin\u00ed<br \/>\n20 mm en Cabildo<br \/>\n27.6 mm en Bajo Hondo<br \/>\n12.6 mm en Fra Pal<br \/>\n5 mm en Monte Hermoso<br \/>\n23.9 mm en Pig\u00fc\u00e9<br \/>\n46.6 mm en El Faro (Cnel Dorrego)<br \/>\n12.2 mm en 17 de agosto<br \/>\n8 mm en Carhu\u00e9<\/p>\n","protected":false},"excerpt":{"rendered":"<p>Durante la tarde del domingo 5 de enero se registraron m\u00e1s precipitaciones en toda la regi\u00f3n que se extendieron con tormentas el\u00e9ctricas hasta la medianoche. En Sierra de la Ventana hubo un intenso chaparr\u00f3n de 28 mm cerca de las 17hs , lo que acumul\u00f3 36 mm. Esta intensa lluvia oblig\u00f3 a los organizadores de [&hellip;]<\/p>\n","protected":false},"author":3,"featured_media":0,"comment_status":"closed","ping_status":"open","sticky":false,"template":"","format":"standard","meta":{"footnotes":""},"categories":[25],"tags":[],"class_list":["post-37660","post","type-post","status-publish","format-standard","hentry","category-uncategorized"],"yoast_head":"<!-- This site is optimized with the Yoast SEO plugin v25.9 - https:\/\/yoast.com\/wordpress\/plugins\/seo\/ -->\n<title>Totales de lluvias en toda la zona - Noticias Radio Reflejos<\/title>\n<meta name=\"robots\" content=\"index, follow, max-snippet:-1, max-image-preview:large, max-video-preview:-1\" \/>\n<link rel=\"canonical\" href=\"https:\/\/www.noticiasradioreflejos.com.ar\/2021\/totales-de-lluvias-en-toda-la-zona\/\" \/>\n<meta property=\"og:locale\" content=\"es_ES\" \/>\n<meta property=\"og:type\" content=\"article\" \/>\n<meta property=\"og:title\" content=\"Totales de lluvias en toda la zona - Noticias Radio Reflejos\" \/>\n<meta property=\"og:description\" content=\"Durante la tarde del domingo 5 de enero se registraron m\u00e1s precipitaciones en toda la regi\u00f3n que se extendieron con tormentas el\u00e9ctricas hasta la medianoche. En Sierra de la Ventana hubo un intenso chaparr\u00f3n de 28 mm cerca de las 17hs , lo que acumul\u00f3 36 mm. Esta intensa lluvia oblig\u00f3 a los organizadores de [&hellip;]\" \/>\n<meta property=\"og:url\" content=\"https:\/\/www.noticiasradioreflejos.com.ar\/2021\/totales-de-lluvias-en-toda-la-zona\/\" \/>\n<meta property=\"og:site_name\" content=\"Noticias Radio Reflejos\" \/>\n<meta property=\"article:published_time\" content=\"2020-01-06T10:58:43+00:00\" \/>\n<meta property=\"og:image\" content=\"https:\/\/www.noticiasradioreflejos.com.ar\/2021\/wp-content\/uploads\/2021\/07\/logosol300x200.png\" \/>\n\t<meta property=\"og:image:width\" content=\"300\" \/>\n\t<meta property=\"og:image:height\" content=\"200\" \/>\n\t<meta property=\"og:image:type\" content=\"image\/png\" \/>\n<meta name=\"author\" content=\"Arnaldo Botto\" \/>\n<meta name=\"twitter:card\" content=\"summary_large_image\" \/>\n<script type=\"application\/ld+json\" class=\"yoast-schema-graph\">{\"@context\":\"https:\/\/schema.org\",\"@graph\":[{\"@type\":\"WebPage\",\"@id\":\"https:\/\/www.noticiasradioreflejos.com.ar\/2021\/totales-de-lluvias-en-toda-la-zona\/\",\"url\":\"https:\/\/www.noticiasradioreflejos.com.ar\/2021\/totales-de-lluvias-en-toda-la-zona\/\",\"name\":\"Totales de lluvias en toda la zona - Noticias Radio Reflejos\",\"isPartOf\":{\"@id\":\"https:\/\/www.noticiasradioreflejos.com.ar\/2021\/#website\"},\"datePublished\":\"2020-01-06T10:58:43+00:00\",\"author\":{\"@id\":\"https:\/\/www.noticiasradioreflejos.com.ar\/2021\/#\/schema\/person\/ad82545263dcc5ec0996818884fd5fb1\"},\"breadcrumb\":{\"@id\":\"https:\/\/www.noticiasradioreflejos.com.ar\/2021\/totales-de-lluvias-en-toda-la-zona\/#breadcrumb\"},\"inLanguage\":\"es\",\"potentialAction\":[{\"@type\":\"ReadAction\",\"target\":[\"https:\/\/www.noticiasradioreflejos.com.ar\/2021\/totales-de-lluvias-en-toda-la-zona\/\"]}]},{\"@type\":\"BreadcrumbList\",\"@id\":\"https:\/\/www.noticiasradioreflejos.com.ar\/2021\/totales-de-lluvias-en-toda-la-zona\/#breadcrumb\",\"itemListElement\":[{\"@type\":\"ListItem\",\"position\":1,\"name\":\"Portada\",\"item\":\"https:\/\/www.noticiasradioreflejos.com.ar\/2021\/\"},{\"@type\":\"ListItem\",\"position\":2,\"name\":\"Totales de lluvias en toda la zona\"}]},{\"@type\":\"WebSite\",\"@id\":\"https:\/\/www.noticiasradioreflejos.com.ar\/2021\/#website\",\"url\":\"https:\/\/www.noticiasradioreflejos.com.ar\/2021\/\",\"name\":\"Noticias Radio Reflejos\",\"description\":\"Las noticias de mi comarca\",\"potentialAction\":[{\"@type\":\"SearchAction\",\"target\":{\"@type\":\"EntryPoint\",\"urlTemplate\":\"https:\/\/www.noticiasradioreflejos.com.ar\/2021\/?s={search_term_string}\"},\"query-input\":{\"@type\":\"PropertyValueSpecification\",\"valueRequired\":true,\"valueName\":\"search_term_string\"}}],\"inLanguage\":\"es\"},{\"@type\":\"Person\",\"@id\":\"https:\/\/www.noticiasradioreflejos.com.ar\/2021\/#\/schema\/person\/ad82545263dcc5ec0996818884fd5fb1\",\"name\":\"Arnaldo Botto\",\"image\":{\"@type\":\"ImageObject\",\"inLanguage\":\"es\",\"@id\":\"https:\/\/www.noticiasradioreflejos.com.ar\/2021\/#\/schema\/person\/image\/\",\"url\":\"https:\/\/secure.gravatar.com\/avatar\/55cb5e37c1efa326397366e6974cb338056df65cb50e7d64d1cf314e87504837?s=96&d=mm&r=g\",\"contentUrl\":\"https:\/\/secure.gravatar.com\/avatar\/55cb5e37c1efa326397366e6974cb338056df65cb50e7d64d1cf314e87504837?s=96&d=mm&r=g\",\"caption\":\"Arnaldo Botto\"},\"url\":\"https:\/\/www.noticiasradioreflejos.com.ar\/2021\/author\/arnaldo\/\"}]}<\/script>\n<!-- \/ Yoast SEO plugin. -->","yoast_head_json":{"title":"Totales de lluvias en toda la zona - Noticias Radio Reflejos","robots":{"index":"index","follow":"follow","max-snippet":"max-snippet:-1","max-image-preview":"max-image-preview:large","max-video-preview":"max-video-preview:-1"},"canonical":"https:\/\/www.noticiasradioreflejos.com.ar\/2021\/totales-de-lluvias-en-toda-la-zona\/","og_locale":"es_ES","og_type":"article","og_title":"Totales de lluvias en toda la zona - Noticias Radio Reflejos","og_description":"Durante la tarde del domingo 5 de enero se registraron m\u00e1s precipitaciones en toda la regi\u00f3n que se extendieron con tormentas el\u00e9ctricas hasta la medianoche. En Sierra de la Ventana hubo un intenso chaparr\u00f3n de 28 mm cerca de las 17hs , lo que acumul\u00f3 36 mm. Esta intensa lluvia oblig\u00f3 a los organizadores de [&hellip;]","og_url":"https:\/\/www.noticiasradioreflejos.com.ar\/2021\/totales-de-lluvias-en-toda-la-zona\/","og_site_name":"Noticias Radio Reflejos","article_published_time":"2020-01-06T10:58:43+00:00","og_image":[{"width":300,"height":200,"url":"https:\/\/www.noticiasradioreflejos.com.ar\/2021\/wp-content\/uploads\/2021\/07\/logosol300x200.png","type":"image\/png"}],"author":"Arnaldo Botto","twitter_card":"summary_large_image","schema":{"@context":"https:\/\/schema.org","@graph":[{"@type":"WebPage","@id":"https:\/\/www.noticiasradioreflejos.com.ar\/2021\/totales-de-lluvias-en-toda-la-zona\/","url":"https:\/\/www.noticiasradioreflejos.com.ar\/2021\/totales-de-lluvias-en-toda-la-zona\/","name":"Totales de lluvias en toda la zona - Noticias Radio Reflejos","isPartOf":{"@id":"https:\/\/www.noticiasradioreflejos.com.ar\/2021\/#website"},"datePublished":"2020-01-06T10:58:43+00:00","author":{"@id":"https:\/\/www.noticiasradioreflejos.com.ar\/2021\/#\/schema\/person\/ad82545263dcc5ec0996818884fd5fb1"},"breadcrumb":{"@id":"https:\/\/www.noticiasradioreflejos.com.ar\/2021\/totales-de-lluvias-en-toda-la-zona\/#breadcrumb"},"inLanguage":"es","potentialAction":[{"@type":"ReadAction","target":["https:\/\/www.noticiasradioreflejos.com.ar\/2021\/totales-de-lluvias-en-toda-la-zona\/"]}]},{"@type":"BreadcrumbList","@id":"https:\/\/www.noticiasradioreflejos.com.ar\/2021\/totales-de-lluvias-en-toda-la-zona\/#breadcrumb","itemListElement":[{"@type":"ListItem","position":1,"name":"Portada","item":"https:\/\/www.noticiasradioreflejos.com.ar\/2021\/"},{"@type":"ListItem","position":2,"name":"Totales de lluvias en toda la zona"}]},{"@type":"WebSite","@id":"https:\/\/www.noticiasradioreflejos.com.ar\/2021\/#website","url":"https:\/\/www.noticiasradioreflejos.com.ar\/2021\/","name":"Noticias Radio Reflejos","description":"Las noticias de mi comarca","potentialAction":[{"@type":"SearchAction","target":{"@type":"EntryPoint","urlTemplate":"https:\/\/www.noticiasradioreflejos.com.ar\/2021\/?s={search_term_string}"},"query-input":{"@type":"PropertyValueSpecification","valueRequired":true,"valueName":"search_term_string"}}],"inLanguage":"es"},{"@type":"Person","@id":"https:\/\/www.noticiasradioreflejos.com.ar\/2021\/#\/schema\/person\/ad82545263dcc5ec0996818884fd5fb1","name":"Arnaldo Botto","image":{"@type":"ImageObject","inLanguage":"es","@id":"https:\/\/www.noticiasradioreflejos.com.ar\/2021\/#\/schema\/person\/image\/","url":"https:\/\/secure.gravatar.com\/avatar\/55cb5e37c1efa326397366e6974cb338056df65cb50e7d64d1cf314e87504837?s=96&d=mm&r=g","contentUrl":"https:\/\/secure.gravatar.com\/avatar\/55cb5e37c1efa326397366e6974cb338056df65cb50e7d64d1cf314e87504837?s=96&d=mm&r=g","caption":"Arnaldo Botto"},"url":"https:\/\/www.noticiasradioreflejos.com.ar\/2021\/author\/arnaldo\/"}]}},"_links":{"self":[{"href":"https:\/\/www.noticiasradioreflejos.com.ar\/2021\/wp-json\/wp\/v2\/posts\/37660","targetHints":{"allow":["GET"]}}],"collection":[{"href":"https:\/\/www.noticiasradioreflejos.com.ar\/2021\/wp-json\/wp\/v2\/posts"}],"about":[{"href":"https:\/\/www.noticiasradioreflejos.com.ar\/2021\/wp-json\/wp\/v2\/types\/post"}],"author":[{"embeddable":true,"href":"https:\/\/www.noticiasradioreflejos.com.ar\/2021\/wp-json\/wp\/v2\/users\/3"}],"replies":[{"embeddable":true,"href":"https:\/\/www.noticiasradioreflejos.com.ar\/2021\/wp-json\/wp\/v2\/comments?post=37660"}],"version-history":[{"count":0,"href":"https:\/\/www.noticiasradioreflejos.com.ar\/2021\/wp-json\/wp\/v2\/posts\/37660\/revisions"}],"wp:attachment":[{"href":"https:\/\/www.noticiasradioreflejos.com.ar\/2021\/wp-json\/wp\/v2\/media?parent=37660"}],"wp:term":[{"taxonomy":"category","embeddable":true,"href":"https:\/\/www.noticiasradioreflejos.com.ar\/2021\/wp-json\/wp\/v2\/categories?post=37660"},{"taxonomy":"post_tag","embeddable":true,"href":"https:\/\/www.noticiasradioreflejos.com.ar\/2021\/wp-json\/wp\/v2\/tags?post=37660"}],"curies":[{"name":"wp","href":"https:\/\/api.w.org\/{rel}","templated":true}]}}