{"id":37651,"date":"2020-01-05T12:05:42","date_gmt":"2020-01-05T15:05:42","guid":{"rendered":"http:\/\/www.noticiasradioreflejos.com.ar\/noticias\/?p=37651"},"modified":"2020-01-05T12:05:42","modified_gmt":"2020-01-05T15:05:42","slug":"la-lluvia-apago-el-primer-dia-de-la-56-fiesta-provincial-de-reyes-magos","status":"publish","type":"post","link":"https:\/\/www.noticiasradioreflejos.com.ar\/2021\/la-lluvia-apago-el-primer-dia-de-la-56-fiesta-provincial-de-reyes-magos\/","title":{"rendered":"La lluvia apag\u00f3 el primer d\u00eda de la 56\u00b0 Fiesta Provincial de Reyes Magos."},"content":{"rendered":"<p><a title=\"12270002\" href=\"http:\/\/live.staticflickr.com\/65535\/49333917727_a51c47dd39_s.jpg\" rel=\"\"><img loading=\"lazy\" decoding=\"async\" class=\"alignleft\" style=\"float: left;\" title=\"12270002\" src=\"http:\/\/live.staticflickr.com\/65535\/49333917727_a51c47dd39.jpg\" alt=\"12270002\" width=\"500\" height=\"281\" \/><\/a>Ante el pron\u00f3stico de m\u00e1s lluvias, en horas de la tarde de hoy, las autoridades definir\u00e1n si se posterga para ma\u00f1ana o se suspende definitivamente.<br \/>\nEl predio del Centro Cultural luce espl\u00e9ndido para recibir a los miles de visitantes que a\u00f1o tras a\u00f1o, se dan cita en Sierra de la Ventana para disfrutar de la fiesta emblema de la comarca. Un varios y amplio patio de comidas, un parque con juegos infantiles, el escenario amplio con sonido e iluminaci\u00f3n bajo la organizaci\u00f3n de los Bomberos Voluntarios y el Municipio de Tornquist. <!--more--><\/p>\n<p>Pero, el pron\u00f3stico del tiempo no era alentador, ya en horas de la tarde meti\u00f3 un aviso o anticipo con un chaparr\u00f3n, aunque el cielo se alternaba entre soleados y nubarrones. La temperatura de la jornada del s\u00e1bado 4, lleg\u00f3 a una m\u00e1xima de 32,6\u00b0 y la t\u00e9rmica a los 35\u00b0. Se sent\u00eda pesado. Sin embargo, la fiesta centraba la atenci\u00f3n de toda la regi\u00f3n, nuestro medio recib\u00eda consultas sobre la realizaci\u00f3n en forma permanente, la respuesta era: \u00abLA Fiesta no se suspende\u00bb.<br \/>\n<a title=\"Reyes 2020. Sabado (2)\" href=\"http:\/\/live.staticflickr.com\/65535\/49333954722_74e1e6f005_s.jpg\" rel=\"\"><img loading=\"lazy\" decoding=\"async\" class=\"alignleft\" style=\"float: left;\" title=\"Reyes 2020. Sabado (2)\" src=\"http:\/\/live.staticflickr.com\/65535\/49333954722_74e1e6f005.jpg\" alt=\"Reyes 2020. Sabado (2)\" width=\"500\" height=\"334\" \/><\/a>Durante toda la jornada, turistas y vecinos pasearon por el predio y centraban su atenci\u00f3n en la gran variedad de posibilidades gastron\u00f3micas que se ofrec\u00edan en una suerte de calle interna, donde se hab\u00edan dispuestos gazebos, sombrillas, mesas y sillas para que los visitantes al predio pudiesen disfrutar en forma c\u00f3moda de su elecci\u00f3n a la hora de comer y beber. En tanto el Galp\u00f3n grande, presentaba una variada propuesta de artesan\u00edas y venta de productos.<br \/>\nLos espect\u00e1culos dieron comienzo sobre el gran escenario con la banda de rock <strong>\u00abSuda la Chancha\u00bb<\/strong>. Tambi\u00e9n estuvo presente la <strong>Tornquinstense Luc\u00eda Urriaga<\/strong> con la compa\u00f1\u00eda <strong>\u00abPreciosos Erradizos\u00bb<\/strong> junto al <strong>\u00abM\u00e1gico del Castillo\u00bb<\/strong>. Cerca de las 22 hs subi\u00f3 \u00abCongo Bongo\u00bb, que al llegar a interpretar su segundo tema, debi\u00f3 suspender porque comenz\u00f3 a llover en forma intensa sobre la localidad.<\/p>\n<p>Durante la jornada estuvieron presentes autoridades municipales, entre los que encontramos al Secretario de Gobierno y Seguridad, Ezequiel Gabella, El secretario de Desarrollo Gonzalo Iparraguirre, La Secretaria de Turismo, Producci\u00f3n e Industria Susana Dos Santos, el Subsecretario de Turismo Mart\u00edn Olhaberry, el Delegado de Sierra de la Ventana Hugo Polvara,\u00a0y concejales.<\/p>\n<p>&nbsp;<\/p>\n<p><strong>Domingo<\/strong><br \/>\nEl \u00e1rea de prensa municipal nos informa que este domingo a la hora 16, ante el pron\u00f3stico de mas lluvias, los bomberos voluntarios de Sierra de la Ventana como organizadores con el grupo de colaboradores definir\u00e1n si se realiza hoy o se pasa para este lunes 6 de enero.<\/p>\n<p><a title=\"Reyes 2020. Sabado (1)\" href=\"http:\/\/live.staticflickr.com\/65535\/49333729951_4b73bf1fec_s.jpg\" rel=\"\"><img loading=\"lazy\" decoding=\"async\" class=\"aligncenter\" title=\"Reyes 2020. Sabado (1)\" src=\"http:\/\/live.staticflickr.com\/65535\/49333729951_4b73bf1fec_z.jpg\" alt=\"Reyes 2020. Sabado (1)\" width=\"640\" height=\"360\" \/><\/a><\/p>\n<p>&nbsp;<\/p>\n<p>Ver fotos <strong><a href=\"https:\/\/www.facebook.com\/pg\/NoticiasRadioReflejos\/photos\/?tab=album&amp;album_id=1005631686471406\" target=\"_blank\" rel=\"noopener\">AQU\u00cd<\/a><\/strong><\/p>\n<p><a title=\"12270010\" href=\"http:\/\/live.staticflickr.com\/65535\/49333227883_2d859cc59a_s.jpg\" rel=\"\"><img loading=\"lazy\" decoding=\"async\" class=\"aligncenter\" title=\"12270010\" src=\"http:\/\/live.staticflickr.com\/65535\/49333227883_2d859cc59a_z.jpg\" alt=\"12270010\" width=\"640\" height=\"360\" \/><\/a><\/p>\n<p><a title=\"12270014\" href=\"http:\/\/live.staticflickr.com\/65535\/49333227043_9b5866160e_s.jpg\" rel=\"\"><img loading=\"lazy\" decoding=\"async\" class=\"aligncenter\" title=\"12270014\" src=\"http:\/\/live.staticflickr.com\/65535\/49333227043_9b5866160e_z.jpg\" alt=\"12270014\" width=\"640\" height=\"360\" \/><\/a><\/p>\n<p>&nbsp;<\/p>\n","protected":false},"excerpt":{"rendered":"<p>Ante el pron\u00f3stico de m\u00e1s lluvias, en horas de la tarde de hoy, las autoridades definir\u00e1n si se posterga para ma\u00f1ana o se suspende definitivamente. El predio del Centro Cultural luce espl\u00e9ndido para recibir a los miles de visitantes que a\u00f1o tras a\u00f1o, se dan cita en Sierra de la Ventana para disfrutar de la [&hellip;]<\/p>\n","protected":false},"author":3,"featured_media":0,"comment_status":"closed","ping_status":"open","sticky":false,"template":"","format":"standard","meta":{"footnotes":""},"categories":[33],"tags":[],"class_list":["post-37651","post","type-post","status-publish","format-standard","hentry","category-turismo"],"yoast_head":"<!-- This site is optimized with the Yoast SEO plugin v25.9 - https:\/\/yoast.com\/wordpress\/plugins\/seo\/ -->\n<title>La lluvia apag\u00f3 el primer d\u00eda de la 56\u00b0 Fiesta Provincial de Reyes Magos. - Noticias Radio Reflejos<\/title>\n<meta name=\"robots\" content=\"index, follow, max-snippet:-1, max-image-preview:large, max-video-preview:-1\" \/>\n<link rel=\"canonical\" href=\"https:\/\/www.noticiasradioreflejos.com.ar\/2021\/la-lluvia-apago-el-primer-dia-de-la-56-fiesta-provincial-de-reyes-magos\/\" \/>\n<meta property=\"og:locale\" content=\"es_ES\" \/>\n<meta property=\"og:type\" content=\"article\" \/>\n<meta property=\"og:title\" content=\"La lluvia apag\u00f3 el primer d\u00eda de la 56\u00b0 Fiesta Provincial de Reyes Magos. - Noticias Radio Reflejos\" \/>\n<meta property=\"og:description\" content=\"Ante el pron\u00f3stico de m\u00e1s lluvias, en horas de la tarde de hoy, las autoridades definir\u00e1n si se posterga para ma\u00f1ana o se suspende definitivamente. El predio del Centro Cultural luce espl\u00e9ndido para recibir a los miles de visitantes que a\u00f1o tras a\u00f1o, se dan cita en Sierra de la Ventana para disfrutar de la [&hellip;]\" \/>\n<meta property=\"og:url\" content=\"https:\/\/www.noticiasradioreflejos.com.ar\/2021\/la-lluvia-apago-el-primer-dia-de-la-56-fiesta-provincial-de-reyes-magos\/\" \/>\n<meta property=\"og:site_name\" content=\"Noticias Radio Reflejos\" \/>\n<meta property=\"article:published_time\" content=\"2020-01-05T15:05:42+00:00\" \/>\n<meta property=\"og:image\" content=\"http:\/\/live.staticflickr.com\/65535\/49333917727_a51c47dd39.jpg\" \/>\n<meta name=\"author\" content=\"Arnaldo Botto\" \/>\n<meta name=\"twitter:card\" content=\"summary_large_image\" \/>\n<script type=\"application\/ld+json\" class=\"yoast-schema-graph\">{\"@context\":\"https:\/\/schema.org\",\"@graph\":[{\"@type\":\"WebPage\",\"@id\":\"https:\/\/www.noticiasradioreflejos.com.ar\/2021\/la-lluvia-apago-el-primer-dia-de-la-56-fiesta-provincial-de-reyes-magos\/\",\"url\":\"https:\/\/www.noticiasradioreflejos.com.ar\/2021\/la-lluvia-apago-el-primer-dia-de-la-56-fiesta-provincial-de-reyes-magos\/\",\"name\":\"La lluvia apag\u00f3 el primer d\u00eda de la 56\u00b0 Fiesta Provincial de Reyes Magos. - Noticias Radio Reflejos\",\"isPartOf\":{\"@id\":\"https:\/\/www.noticiasradioreflejos.com.ar\/2021\/#website\"},\"primaryImageOfPage\":{\"@id\":\"https:\/\/www.noticiasradioreflejos.com.ar\/2021\/la-lluvia-apago-el-primer-dia-de-la-56-fiesta-provincial-de-reyes-magos\/#primaryimage\"},\"image\":{\"@id\":\"https:\/\/www.noticiasradioreflejos.com.ar\/2021\/la-lluvia-apago-el-primer-dia-de-la-56-fiesta-provincial-de-reyes-magos\/#primaryimage\"},\"thumbnailUrl\":\"http:\/\/live.staticflickr.com\/65535\/49333917727_a51c47dd39.jpg\",\"datePublished\":\"2020-01-05T15:05:42+00:00\",\"author\":{\"@id\":\"https:\/\/www.noticiasradioreflejos.com.ar\/2021\/#\/schema\/person\/ad82545263dcc5ec0996818884fd5fb1\"},\"breadcrumb\":{\"@id\":\"https:\/\/www.noticiasradioreflejos.com.ar\/2021\/la-lluvia-apago-el-primer-dia-de-la-56-fiesta-provincial-de-reyes-magos\/#breadcrumb\"},\"inLanguage\":\"es\",\"potentialAction\":[{\"@type\":\"ReadAction\",\"target\":[\"https:\/\/www.noticiasradioreflejos.com.ar\/2021\/la-lluvia-apago-el-primer-dia-de-la-56-fiesta-provincial-de-reyes-magos\/\"]}]},{\"@type\":\"ImageObject\",\"inLanguage\":\"es\",\"@id\":\"https:\/\/www.noticiasradioreflejos.com.ar\/2021\/la-lluvia-apago-el-primer-dia-de-la-56-fiesta-provincial-de-reyes-magos\/#primaryimage\",\"url\":\"http:\/\/live.staticflickr.com\/65535\/49333917727_a51c47dd39.jpg\",\"contentUrl\":\"http:\/\/live.staticflickr.com\/65535\/49333917727_a51c47dd39.jpg\"},{\"@type\":\"BreadcrumbList\",\"@id\":\"https:\/\/www.noticiasradioreflejos.com.ar\/2021\/la-lluvia-apago-el-primer-dia-de-la-56-fiesta-provincial-de-reyes-magos\/#breadcrumb\",\"itemListElement\":[{\"@type\":\"ListItem\",\"position\":1,\"name\":\"Portada\",\"item\":\"https:\/\/www.noticiasradioreflejos.com.ar\/2021\/\"},{\"@type\":\"ListItem\",\"position\":2,\"name\":\"La lluvia apag\u00f3 el primer d\u00eda de la 56\u00b0 Fiesta Provincial de Reyes Magos.\"}]},{\"@type\":\"WebSite\",\"@id\":\"https:\/\/www.noticiasradioreflejos.com.ar\/2021\/#website\",\"url\":\"https:\/\/www.noticiasradioreflejos.com.ar\/2021\/\",\"name\":\"Noticias Radio Reflejos\",\"description\":\"Las noticias de mi comarca\",\"potentialAction\":[{\"@type\":\"SearchAction\",\"target\":{\"@type\":\"EntryPoint\",\"urlTemplate\":\"https:\/\/www.noticiasradioreflejos.com.ar\/2021\/?s={search_term_string}\"},\"query-input\":{\"@type\":\"PropertyValueSpecification\",\"valueRequired\":true,\"valueName\":\"search_term_string\"}}],\"inLanguage\":\"es\"},{\"@type\":\"Person\",\"@id\":\"https:\/\/www.noticiasradioreflejos.com.ar\/2021\/#\/schema\/person\/ad82545263dcc5ec0996818884fd5fb1\",\"name\":\"Arnaldo Botto\",\"image\":{\"@type\":\"ImageObject\",\"inLanguage\":\"es\",\"@id\":\"https:\/\/www.noticiasradioreflejos.com.ar\/2021\/#\/schema\/person\/image\/\",\"url\":\"https:\/\/secure.gravatar.com\/avatar\/55cb5e37c1efa326397366e6974cb338056df65cb50e7d64d1cf314e87504837?s=96&d=mm&r=g\",\"contentUrl\":\"https:\/\/secure.gravatar.com\/avatar\/55cb5e37c1efa326397366e6974cb338056df65cb50e7d64d1cf314e87504837?s=96&d=mm&r=g\",\"caption\":\"Arnaldo Botto\"},\"url\":\"https:\/\/www.noticiasradioreflejos.com.ar\/2021\/author\/arnaldo\/\"}]}<\/script>\n<!-- \/ Yoast SEO plugin. -->","yoast_head_json":{"title":"La lluvia apag\u00f3 el primer d\u00eda de la 56\u00b0 Fiesta Provincial de Reyes Magos. - Noticias Radio Reflejos","robots":{"index":"index","follow":"follow","max-snippet":"max-snippet:-1","max-image-preview":"max-image-preview:large","max-video-preview":"max-video-preview:-1"},"canonical":"https:\/\/www.noticiasradioreflejos.com.ar\/2021\/la-lluvia-apago-el-primer-dia-de-la-56-fiesta-provincial-de-reyes-magos\/","og_locale":"es_ES","og_type":"article","og_title":"La lluvia apag\u00f3 el primer d\u00eda de la 56\u00b0 Fiesta Provincial de Reyes Magos. - Noticias Radio Reflejos","og_description":"Ante el pron\u00f3stico de m\u00e1s lluvias, en horas de la tarde de hoy, las autoridades definir\u00e1n si se posterga para ma\u00f1ana o se suspende definitivamente. El predio del Centro Cultural luce espl\u00e9ndido para recibir a los miles de visitantes que a\u00f1o tras a\u00f1o, se dan cita en Sierra de la Ventana para disfrutar de la [&hellip;]","og_url":"https:\/\/www.noticiasradioreflejos.com.ar\/2021\/la-lluvia-apago-el-primer-dia-de-la-56-fiesta-provincial-de-reyes-magos\/","og_site_name":"Noticias Radio Reflejos","article_published_time":"2020-01-05T15:05:42+00:00","og_image":[{"url":"http:\/\/live.staticflickr.com\/65535\/49333917727_a51c47dd39.jpg","type":"","width":"","height":""}],"author":"Arnaldo Botto","twitter_card":"summary_large_image","schema":{"@context":"https:\/\/schema.org","@graph":[{"@type":"WebPage","@id":"https:\/\/www.noticiasradioreflejos.com.ar\/2021\/la-lluvia-apago-el-primer-dia-de-la-56-fiesta-provincial-de-reyes-magos\/","url":"https:\/\/www.noticiasradioreflejos.com.ar\/2021\/la-lluvia-apago-el-primer-dia-de-la-56-fiesta-provincial-de-reyes-magos\/","name":"La lluvia apag\u00f3 el primer d\u00eda de la 56\u00b0 Fiesta Provincial de Reyes Magos. - Noticias Radio Reflejos","isPartOf":{"@id":"https:\/\/www.noticiasradioreflejos.com.ar\/2021\/#website"},"primaryImageOfPage":{"@id":"https:\/\/www.noticiasradioreflejos.com.ar\/2021\/la-lluvia-apago-el-primer-dia-de-la-56-fiesta-provincial-de-reyes-magos\/#primaryimage"},"image":{"@id":"https:\/\/www.noticiasradioreflejos.com.ar\/2021\/la-lluvia-apago-el-primer-dia-de-la-56-fiesta-provincial-de-reyes-magos\/#primaryimage"},"thumbnailUrl":"http:\/\/live.staticflickr.com\/65535\/49333917727_a51c47dd39.jpg","datePublished":"2020-01-05T15:05:42+00:00","author":{"@id":"https:\/\/www.noticiasradioreflejos.com.ar\/2021\/#\/schema\/person\/ad82545263dcc5ec0996818884fd5fb1"},"breadcrumb":{"@id":"https:\/\/www.noticiasradioreflejos.com.ar\/2021\/la-lluvia-apago-el-primer-dia-de-la-56-fiesta-provincial-de-reyes-magos\/#breadcrumb"},"inLanguage":"es","potentialAction":[{"@type":"ReadAction","target":["https:\/\/www.noticiasradioreflejos.com.ar\/2021\/la-lluvia-apago-el-primer-dia-de-la-56-fiesta-provincial-de-reyes-magos\/"]}]},{"@type":"ImageObject","inLanguage":"es","@id":"https:\/\/www.noticiasradioreflejos.com.ar\/2021\/la-lluvia-apago-el-primer-dia-de-la-56-fiesta-provincial-de-reyes-magos\/#primaryimage","url":"http:\/\/live.staticflickr.com\/65535\/49333917727_a51c47dd39.jpg","contentUrl":"http:\/\/live.staticflickr.com\/65535\/49333917727_a51c47dd39.jpg"},{"@type":"BreadcrumbList","@id":"https:\/\/www.noticiasradioreflejos.com.ar\/2021\/la-lluvia-apago-el-primer-dia-de-la-56-fiesta-provincial-de-reyes-magos\/#breadcrumb","itemListElement":[{"@type":"ListItem","position":1,"name":"Portada","item":"https:\/\/www.noticiasradioreflejos.com.ar\/2021\/"},{"@type":"ListItem","position":2,"name":"La lluvia apag\u00f3 el primer d\u00eda de la 56\u00b0 Fiesta Provincial de Reyes Magos."}]},{"@type":"WebSite","@id":"https:\/\/www.noticiasradioreflejos.com.ar\/2021\/#website","url":"https:\/\/www.noticiasradioreflejos.com.ar\/2021\/","name":"Noticias Radio Reflejos","description":"Las noticias de mi comarca","potentialAction":[{"@type":"SearchAction","target":{"@type":"EntryPoint","urlTemplate":"https:\/\/www.noticiasradioreflejos.com.ar\/2021\/?s={search_term_string}"},"query-input":{"@type":"PropertyValueSpecification","valueRequired":true,"valueName":"search_term_string"}}],"inLanguage":"es"},{"@type":"Person","@id":"https:\/\/www.noticiasradioreflejos.com.ar\/2021\/#\/schema\/person\/ad82545263dcc5ec0996818884fd5fb1","name":"Arnaldo Botto","image":{"@type":"ImageObject","inLanguage":"es","@id":"https:\/\/www.noticiasradioreflejos.com.ar\/2021\/#\/schema\/person\/image\/","url":"https:\/\/secure.gravatar.com\/avatar\/55cb5e37c1efa326397366e6974cb338056df65cb50e7d64d1cf314e87504837?s=96&d=mm&r=g","contentUrl":"https:\/\/secure.gravatar.com\/avatar\/55cb5e37c1efa326397366e6974cb338056df65cb50e7d64d1cf314e87504837?s=96&d=mm&r=g","caption":"Arnaldo Botto"},"url":"https:\/\/www.noticiasradioreflejos.com.ar\/2021\/author\/arnaldo\/"}]}},"_links":{"self":[{"href":"https:\/\/www.noticiasradioreflejos.com.ar\/2021\/wp-json\/wp\/v2\/posts\/37651","targetHints":{"allow":["GET"]}}],"collection":[{"href":"https:\/\/www.noticiasradioreflejos.com.ar\/2021\/wp-json\/wp\/v2\/posts"}],"about":[{"href":"https:\/\/www.noticiasradioreflejos.com.ar\/2021\/wp-json\/wp\/v2\/types\/post"}],"author":[{"embeddable":true,"href":"https:\/\/www.noticiasradioreflejos.com.ar\/2021\/wp-json\/wp\/v2\/users\/3"}],"replies":[{"embeddable":true,"href":"https:\/\/www.noticiasradioreflejos.com.ar\/2021\/wp-json\/wp\/v2\/comments?post=37651"}],"version-history":[{"count":0,"href":"https:\/\/www.noticiasradioreflejos.com.ar\/2021\/wp-json\/wp\/v2\/posts\/37651\/revisions"}],"wp:attachment":[{"href":"https:\/\/www.noticiasradioreflejos.com.ar\/2021\/wp-json\/wp\/v2\/media?parent=37651"}],"wp:term":[{"taxonomy":"category","embeddable":true,"href":"https:\/\/www.noticiasradioreflejos.com.ar\/2021\/wp-json\/wp\/v2\/categories?post=37651"},{"taxonomy":"post_tag","embeddable":true,"href":"https:\/\/www.noticiasradioreflejos.com.ar\/2021\/wp-json\/wp\/v2\/tags?post=37651"}],"curies":[{"name":"wp","href":"https:\/\/api.w.org\/{rel}","templated":true}]}}