{"id":37649,"date":"2020-01-05T11:24:04","date_gmt":"2020-01-05T14:24:04","guid":{"rendered":"http:\/\/www.noticiasradioreflejos.com.ar\/noticias\/?p=37649"},"modified":"2020-01-05T11:24:04","modified_gmt":"2020-01-05T14:24:04","slug":"hubo-abundantes-lluvias-en-toda-la-region","status":"publish","type":"post","link":"https:\/\/www.noticiasradioreflejos.com.ar\/2021\/hubo-abundantes-lluvias-en-toda-la-region\/","title":{"rendered":"Hubo abundantes lluvias en toda la regi\u00f3n."},"content":{"rendered":"<p>En la Comarca serrana los registros fueron muy parejos. La lluvia se present\u00f3 en horas de la tarde en Sierra de la Ventana con un chaparr\u00f3n fuerte, cerca de la hora 16,30 y a partir de las 22 hs aproximadamente empez\u00f3 a llover en forma pareja, con descargas el\u00e9ctricas,  hasta acumular 8 mm en la zona urbana.<!--more--><br \/>\nEn tanto, en la zona rural los registros se duplicaron.<br \/>\nPara este domingo 5 de enero se esperan m\u00e1s precipitaciones para la tarde con cielos mayormente cubiertos, con una m\u00e1xima de 28\u00b0.<br \/>\n<strong>Datos de lluvias hasta las 10 hs.<\/strong><br \/>\n8 mm en Sierra de la Ventana<br \/>\n25.6 mm en Villa Ventana.<br \/>\n14.4 mm en la cumbre del Cerro Napost\u00e1<br \/>\n15.2 mm en la Cumbre del Cerro Ventana<br \/>\n20 mm en Calqu\u00edn (Acceso a Ventana)<br \/>\n20 mm en Tornquist.<br \/>\n28.4 mm en El Pantanoso<br \/>\n14 mm en Funke<br \/>\n20.7 mm en Cura Malal<br \/>\n21 mm en San Eloy<br \/>\n12.4 mm en Cnel Pringles<br \/>\n5 mm en Cnel Dorrego<br \/>\n1 mm en Monte Hermoso<br \/>\n12.7 mm en Tte Origone<br \/>\n15 mm en 17 de Agosto<br \/>\n20 mm en Coronel Suarez<br \/>\n8 mm en Carhu\u00e9<br \/>\n55 mm en Colonia San Martin<br \/>\n9 mm en Espartillar 9<br \/>\n20 mm en Bordenave 20<br \/>\n7 mm en Punta Alta<br \/>\n25 mm en Pelicura<br \/>\n7 mm en Punta Alta<br \/>\n71 mm en Saavedra<br \/>\n15 mm en Villa Iris<br \/>\n26 mm en Pig\u00fc\u00e9 <\/p>\n","protected":false},"excerpt":{"rendered":"<p>En la Comarca serrana los registros fueron muy parejos. La lluvia se present\u00f3 en horas de la tarde en Sierra de la Ventana con un chaparr\u00f3n fuerte, cerca de la hora 16,30 y a partir de las 22 hs aproximadamente empez\u00f3 a llover en forma pareja, con descargas el\u00e9ctricas, hasta acumular 8 mm en la [&hellip;]<\/p>\n","protected":false},"author":3,"featured_media":0,"comment_status":"closed","ping_status":"open","sticky":false,"template":"","format":"standard","meta":{"footnotes":""},"categories":[26],"tags":[],"class_list":["post-37649","post","type-post","status-publish","format-standard","hentry","category-sociedad"],"yoast_head":"<!-- This site is optimized with the Yoast SEO plugin v25.9 - https:\/\/yoast.com\/wordpress\/plugins\/seo\/ -->\n<title>Hubo abundantes lluvias en toda la regi\u00f3n. - Noticias Radio Reflejos<\/title>\n<meta name=\"robots\" content=\"index, follow, max-snippet:-1, max-image-preview:large, max-video-preview:-1\" \/>\n<link rel=\"canonical\" href=\"https:\/\/www.noticiasradioreflejos.com.ar\/2021\/hubo-abundantes-lluvias-en-toda-la-region\/\" \/>\n<meta property=\"og:locale\" content=\"es_ES\" \/>\n<meta property=\"og:type\" content=\"article\" \/>\n<meta property=\"og:title\" content=\"Hubo abundantes lluvias en toda la regi\u00f3n. - Noticias Radio Reflejos\" \/>\n<meta property=\"og:description\" content=\"En la Comarca serrana los registros fueron muy parejos. La lluvia se present\u00f3 en horas de la tarde en Sierra de la Ventana con un chaparr\u00f3n fuerte, cerca de la hora 16,30 y a partir de las 22 hs aproximadamente empez\u00f3 a llover en forma pareja, con descargas el\u00e9ctricas, hasta acumular 8 mm en la [&hellip;]\" \/>\n<meta property=\"og:url\" content=\"https:\/\/www.noticiasradioreflejos.com.ar\/2021\/hubo-abundantes-lluvias-en-toda-la-region\/\" \/>\n<meta property=\"og:site_name\" content=\"Noticias Radio Reflejos\" \/>\n<meta property=\"article:published_time\" content=\"2020-01-05T14:24:04+00:00\" \/>\n<meta property=\"og:image\" content=\"https:\/\/www.noticiasradioreflejos.com.ar\/2021\/wp-content\/uploads\/2021\/07\/logosol300x200.png\" \/>\n\t<meta property=\"og:image:width\" content=\"300\" \/>\n\t<meta property=\"og:image:height\" content=\"200\" \/>\n\t<meta property=\"og:image:type\" content=\"image\/png\" \/>\n<meta name=\"author\" content=\"Arnaldo Botto\" \/>\n<meta name=\"twitter:card\" content=\"summary_large_image\" \/>\n<script type=\"application\/ld+json\" class=\"yoast-schema-graph\">{\"@context\":\"https:\/\/schema.org\",\"@graph\":[{\"@type\":\"WebPage\",\"@id\":\"https:\/\/www.noticiasradioreflejos.com.ar\/2021\/hubo-abundantes-lluvias-en-toda-la-region\/\",\"url\":\"https:\/\/www.noticiasradioreflejos.com.ar\/2021\/hubo-abundantes-lluvias-en-toda-la-region\/\",\"name\":\"Hubo abundantes lluvias en toda la regi\u00f3n. - Noticias Radio Reflejos\",\"isPartOf\":{\"@id\":\"https:\/\/www.noticiasradioreflejos.com.ar\/2021\/#website\"},\"datePublished\":\"2020-01-05T14:24:04+00:00\",\"author\":{\"@id\":\"https:\/\/www.noticiasradioreflejos.com.ar\/2021\/#\/schema\/person\/ad82545263dcc5ec0996818884fd5fb1\"},\"breadcrumb\":{\"@id\":\"https:\/\/www.noticiasradioreflejos.com.ar\/2021\/hubo-abundantes-lluvias-en-toda-la-region\/#breadcrumb\"},\"inLanguage\":\"es\",\"potentialAction\":[{\"@type\":\"ReadAction\",\"target\":[\"https:\/\/www.noticiasradioreflejos.com.ar\/2021\/hubo-abundantes-lluvias-en-toda-la-region\/\"]}]},{\"@type\":\"BreadcrumbList\",\"@id\":\"https:\/\/www.noticiasradioreflejos.com.ar\/2021\/hubo-abundantes-lluvias-en-toda-la-region\/#breadcrumb\",\"itemListElement\":[{\"@type\":\"ListItem\",\"position\":1,\"name\":\"Portada\",\"item\":\"https:\/\/www.noticiasradioreflejos.com.ar\/2021\/\"},{\"@type\":\"ListItem\",\"position\":2,\"name\":\"Hubo abundantes lluvias en toda la regi\u00f3n.\"}]},{\"@type\":\"WebSite\",\"@id\":\"https:\/\/www.noticiasradioreflejos.com.ar\/2021\/#website\",\"url\":\"https:\/\/www.noticiasradioreflejos.com.ar\/2021\/\",\"name\":\"Noticias Radio Reflejos\",\"description\":\"Las noticias de mi comarca\",\"potentialAction\":[{\"@type\":\"SearchAction\",\"target\":{\"@type\":\"EntryPoint\",\"urlTemplate\":\"https:\/\/www.noticiasradioreflejos.com.ar\/2021\/?s={search_term_string}\"},\"query-input\":{\"@type\":\"PropertyValueSpecification\",\"valueRequired\":true,\"valueName\":\"search_term_string\"}}],\"inLanguage\":\"es\"},{\"@type\":\"Person\",\"@id\":\"https:\/\/www.noticiasradioreflejos.com.ar\/2021\/#\/schema\/person\/ad82545263dcc5ec0996818884fd5fb1\",\"name\":\"Arnaldo Botto\",\"image\":{\"@type\":\"ImageObject\",\"inLanguage\":\"es\",\"@id\":\"https:\/\/www.noticiasradioreflejos.com.ar\/2021\/#\/schema\/person\/image\/\",\"url\":\"https:\/\/secure.gravatar.com\/avatar\/55cb5e37c1efa326397366e6974cb338056df65cb50e7d64d1cf314e87504837?s=96&d=mm&r=g\",\"contentUrl\":\"https:\/\/secure.gravatar.com\/avatar\/55cb5e37c1efa326397366e6974cb338056df65cb50e7d64d1cf314e87504837?s=96&d=mm&r=g\",\"caption\":\"Arnaldo Botto\"},\"url\":\"https:\/\/www.noticiasradioreflejos.com.ar\/2021\/author\/arnaldo\/\"}]}<\/script>\n<!-- \/ Yoast SEO plugin. -->","yoast_head_json":{"title":"Hubo abundantes lluvias en toda la regi\u00f3n. - Noticias Radio Reflejos","robots":{"index":"index","follow":"follow","max-snippet":"max-snippet:-1","max-image-preview":"max-image-preview:large","max-video-preview":"max-video-preview:-1"},"canonical":"https:\/\/www.noticiasradioreflejos.com.ar\/2021\/hubo-abundantes-lluvias-en-toda-la-region\/","og_locale":"es_ES","og_type":"article","og_title":"Hubo abundantes lluvias en toda la regi\u00f3n. - Noticias Radio Reflejos","og_description":"En la Comarca serrana los registros fueron muy parejos. La lluvia se present\u00f3 en horas de la tarde en Sierra de la Ventana con un chaparr\u00f3n fuerte, cerca de la hora 16,30 y a partir de las 22 hs aproximadamente empez\u00f3 a llover en forma pareja, con descargas el\u00e9ctricas, hasta acumular 8 mm en la [&hellip;]","og_url":"https:\/\/www.noticiasradioreflejos.com.ar\/2021\/hubo-abundantes-lluvias-en-toda-la-region\/","og_site_name":"Noticias Radio Reflejos","article_published_time":"2020-01-05T14:24:04+00:00","og_image":[{"width":300,"height":200,"url":"https:\/\/www.noticiasradioreflejos.com.ar\/2021\/wp-content\/uploads\/2021\/07\/logosol300x200.png","type":"image\/png"}],"author":"Arnaldo Botto","twitter_card":"summary_large_image","schema":{"@context":"https:\/\/schema.org","@graph":[{"@type":"WebPage","@id":"https:\/\/www.noticiasradioreflejos.com.ar\/2021\/hubo-abundantes-lluvias-en-toda-la-region\/","url":"https:\/\/www.noticiasradioreflejos.com.ar\/2021\/hubo-abundantes-lluvias-en-toda-la-region\/","name":"Hubo abundantes lluvias en toda la regi\u00f3n. - Noticias Radio Reflejos","isPartOf":{"@id":"https:\/\/www.noticiasradioreflejos.com.ar\/2021\/#website"},"datePublished":"2020-01-05T14:24:04+00:00","author":{"@id":"https:\/\/www.noticiasradioreflejos.com.ar\/2021\/#\/schema\/person\/ad82545263dcc5ec0996818884fd5fb1"},"breadcrumb":{"@id":"https:\/\/www.noticiasradioreflejos.com.ar\/2021\/hubo-abundantes-lluvias-en-toda-la-region\/#breadcrumb"},"inLanguage":"es","potentialAction":[{"@type":"ReadAction","target":["https:\/\/www.noticiasradioreflejos.com.ar\/2021\/hubo-abundantes-lluvias-en-toda-la-region\/"]}]},{"@type":"BreadcrumbList","@id":"https:\/\/www.noticiasradioreflejos.com.ar\/2021\/hubo-abundantes-lluvias-en-toda-la-region\/#breadcrumb","itemListElement":[{"@type":"ListItem","position":1,"name":"Portada","item":"https:\/\/www.noticiasradioreflejos.com.ar\/2021\/"},{"@type":"ListItem","position":2,"name":"Hubo abundantes lluvias en toda la regi\u00f3n."}]},{"@type":"WebSite","@id":"https:\/\/www.noticiasradioreflejos.com.ar\/2021\/#website","url":"https:\/\/www.noticiasradioreflejos.com.ar\/2021\/","name":"Noticias Radio Reflejos","description":"Las noticias de mi comarca","potentialAction":[{"@type":"SearchAction","target":{"@type":"EntryPoint","urlTemplate":"https:\/\/www.noticiasradioreflejos.com.ar\/2021\/?s={search_term_string}"},"query-input":{"@type":"PropertyValueSpecification","valueRequired":true,"valueName":"search_term_string"}}],"inLanguage":"es"},{"@type":"Person","@id":"https:\/\/www.noticiasradioreflejos.com.ar\/2021\/#\/schema\/person\/ad82545263dcc5ec0996818884fd5fb1","name":"Arnaldo Botto","image":{"@type":"ImageObject","inLanguage":"es","@id":"https:\/\/www.noticiasradioreflejos.com.ar\/2021\/#\/schema\/person\/image\/","url":"https:\/\/secure.gravatar.com\/avatar\/55cb5e37c1efa326397366e6974cb338056df65cb50e7d64d1cf314e87504837?s=96&d=mm&r=g","contentUrl":"https:\/\/secure.gravatar.com\/avatar\/55cb5e37c1efa326397366e6974cb338056df65cb50e7d64d1cf314e87504837?s=96&d=mm&r=g","caption":"Arnaldo Botto"},"url":"https:\/\/www.noticiasradioreflejos.com.ar\/2021\/author\/arnaldo\/"}]}},"_links":{"self":[{"href":"https:\/\/www.noticiasradioreflejos.com.ar\/2021\/wp-json\/wp\/v2\/posts\/37649","targetHints":{"allow":["GET"]}}],"collection":[{"href":"https:\/\/www.noticiasradioreflejos.com.ar\/2021\/wp-json\/wp\/v2\/posts"}],"about":[{"href":"https:\/\/www.noticiasradioreflejos.com.ar\/2021\/wp-json\/wp\/v2\/types\/post"}],"author":[{"embeddable":true,"href":"https:\/\/www.noticiasradioreflejos.com.ar\/2021\/wp-json\/wp\/v2\/users\/3"}],"replies":[{"embeddable":true,"href":"https:\/\/www.noticiasradioreflejos.com.ar\/2021\/wp-json\/wp\/v2\/comments?post=37649"}],"version-history":[{"count":0,"href":"https:\/\/www.noticiasradioreflejos.com.ar\/2021\/wp-json\/wp\/v2\/posts\/37649\/revisions"}],"wp:attachment":[{"href":"https:\/\/www.noticiasradioreflejos.com.ar\/2021\/wp-json\/wp\/v2\/media?parent=37649"}],"wp:term":[{"taxonomy":"category","embeddable":true,"href":"https:\/\/www.noticiasradioreflejos.com.ar\/2021\/wp-json\/wp\/v2\/categories?post=37649"},{"taxonomy":"post_tag","embeddable":true,"href":"https:\/\/www.noticiasradioreflejos.com.ar\/2021\/wp-json\/wp\/v2\/tags?post=37649"}],"curies":[{"name":"wp","href":"https:\/\/api.w.org\/{rel}","templated":true}]}}