{"id":37638,"date":"2020-01-03T21:23:38","date_gmt":"2020-01-04T00:23:38","guid":{"rendered":"http:\/\/www.noticiasradioreflejos.com.ar\/noticias\/?p=37638"},"modified":"2020-01-03T21:23:38","modified_gmt":"2020-01-04T00:23:38","slug":"la-tradicion-de-agasajar-al-primer-turista-de-ano-llego-a-nuestro-distrito-para-homenajear-a-los-primeros-visitantes-que-se-acercaron-a-las-distintas-localidades","status":"publish","type":"post","link":"https:\/\/www.noticiasradioreflejos.com.ar\/2021\/la-tradicion-de-agasajar-al-primer-turista-de-ano-llego-a-nuestro-distrito-para-homenajear-a-los-primeros-visitantes-que-se-acercaron-a-las-distintas-localidades\/","title":{"rendered":"La tradici\u00f3n de agasajar al primer turista de a\u00f1o, lleg\u00f3 a nuestro distrito, para homenajear a los primeros visitantes que se acercaron a las distintas localidades."},"content":{"rendered":"<p><a title=\"04E713CF-3E89-40F8-B212-7302FE526323-576x1024\" href=\"http:\/\/live.staticflickr.com\/65535\/49324828156_8f3ed8e846_s.jpg\" rel=\"\"><img loading=\"lazy\" decoding=\"async\" class=\"alignleft\" style=\"float: left;\" title=\"04E713CF-3E89-40F8-B212-7302FE526323-576x1024\" src=\"http:\/\/live.staticflickr.com\/65535\/49324828156_8f3ed8e846.jpg\" alt=\"04E713CF-3E89-40F8-B212-7302FE526323-576x1024\" width=\"281\" height=\"500\" \/><\/a>Las agentes de turismo de las oficinas de Sierra de la Ventana, Tornquist, Villa Ventana y Saldungaray, recibieron a los agasajados, en las primeras horas del 1 de enero, y les entregaron tradicionales productos del distrito e invitaciones para disfrutar de distintas atracciones, excursiones y la mejor gastronom\u00eda. Los primeros turistas del 2020, se mostraron sorprendidos y agradecidos por el recibimiento.<!--more--><\/p>\n<p>Los primeros visitantes, llegaron desde diferentes partes del pa\u00eds, como Chubut, La Plata, Bah\u00eda Blanca, Avellaneda, Villa Urquiza, Venado Tuerto, Pehuaj\u00f3 y Ciudad de Buenos Aires.<br \/>\nDesde la Subsecretaria de Turismo agradecemos a cada uno de los comerciantes, prestadores tur\u00edsticos y gu\u00edas; que se sumaron a esta iniciativa, que no hace m\u00e1s que demostrar que trabajando en conjunto, podemos crear nuevas tradiciones, y potenciar el desarrollo tur\u00edstico productivo de nuestro distrito.<br \/>\nEs importante destacar, que esta idea fue coordinada y organizada junto Alberto Plaza del Museo del Mate.<\/p>\n<p>Ver m\u00e1s Fotos <a href=\"http:\/\/tornquist.gob.ar\/los-primeros-turistas-del-ano-fueron-agasajados\/\" target=\"_blank\" rel=\"noopener\"><strong>AQU\u00cd<\/strong><\/a><\/p>\n<p><a title=\"68161B23-B227-4BC7-B55E-1905C65BA190-1024x768\" href=\"http:\/\/live.staticflickr.com\/65535\/49324346143_6e93cd6c17_s.jpg\" rel=\"\"><img loading=\"lazy\" decoding=\"async\" class=\"aligncenter\" title=\"68161B23-B227-4BC7-B55E-1905C65BA190-1024x768\" src=\"http:\/\/live.staticflickr.com\/65535\/49324346143_6e93cd6c17_z.jpg\" alt=\"68161B23-B227-4BC7-B55E-1905C65BA190-1024x768\" width=\"640\" height=\"480\" \/><\/a><\/p>\n<p>Direcci\u00f3n de Comunicaci\u00f3n<br \/>\nTornquist Municipio<\/p>\n","protected":false},"excerpt":{"rendered":"<p>Las agentes de turismo de las oficinas de Sierra de la Ventana, Tornquist, Villa Ventana y Saldungaray, recibieron a los agasajados, en las primeras horas del 1 de enero, y les entregaron tradicionales productos del distrito e invitaciones para disfrutar de distintas atracciones, excursiones y la mejor gastronom\u00eda. Los primeros turistas del 2020, se mostraron [&hellip;]<\/p>\n","protected":false},"author":3,"featured_media":0,"comment_status":"closed","ping_status":"open","sticky":false,"template":"","format":"standard","meta":{"footnotes":""},"categories":[33],"tags":[],"class_list":["post-37638","post","type-post","status-publish","format-standard","hentry","category-turismo"],"yoast_head":"<!-- This site is optimized with the Yoast SEO plugin v25.9 - https:\/\/yoast.com\/wordpress\/plugins\/seo\/ -->\n<title>La tradici\u00f3n de agasajar al primer turista de a\u00f1o, lleg\u00f3 a nuestro distrito, para homenajear a los primeros visitantes que se acercaron a las distintas localidades. - Noticias Radio Reflejos<\/title>\n<meta name=\"robots\" content=\"index, follow, max-snippet:-1, max-image-preview:large, max-video-preview:-1\" \/>\n<link rel=\"canonical\" href=\"https:\/\/www.noticiasradioreflejos.com.ar\/2021\/la-tradicion-de-agasajar-al-primer-turista-de-ano-llego-a-nuestro-distrito-para-homenajear-a-los-primeros-visitantes-que-se-acercaron-a-las-distintas-localidades\/\" \/>\n<meta property=\"og:locale\" content=\"es_ES\" \/>\n<meta property=\"og:type\" content=\"article\" \/>\n<meta property=\"og:title\" content=\"La tradici\u00f3n de agasajar al primer turista de a\u00f1o, lleg\u00f3 a nuestro distrito, para homenajear a los primeros visitantes que se acercaron a las distintas localidades. - Noticias Radio Reflejos\" \/>\n<meta property=\"og:description\" content=\"Las agentes de turismo de las oficinas de Sierra de la Ventana, Tornquist, Villa Ventana y Saldungaray, recibieron a los agasajados, en las primeras horas del 1 de enero, y les entregaron tradicionales productos del distrito e invitaciones para disfrutar de distintas atracciones, excursiones y la mejor gastronom\u00eda. Los primeros turistas del 2020, se mostraron [&hellip;]\" \/>\n<meta property=\"og:url\" content=\"https:\/\/www.noticiasradioreflejos.com.ar\/2021\/la-tradicion-de-agasajar-al-primer-turista-de-ano-llego-a-nuestro-distrito-para-homenajear-a-los-primeros-visitantes-que-se-acercaron-a-las-distintas-localidades\/\" \/>\n<meta property=\"og:site_name\" content=\"Noticias Radio Reflejos\" \/>\n<meta property=\"article:published_time\" content=\"2020-01-04T00:23:38+00:00\" \/>\n<meta property=\"og:image\" content=\"http:\/\/live.staticflickr.com\/65535\/49324828156_8f3ed8e846.jpg\" \/>\n<meta name=\"author\" content=\"Arnaldo Botto\" \/>\n<meta name=\"twitter:card\" content=\"summary_large_image\" \/>\n<script type=\"application\/ld+json\" class=\"yoast-schema-graph\">{\"@context\":\"https:\/\/schema.org\",\"@graph\":[{\"@type\":\"WebPage\",\"@id\":\"https:\/\/www.noticiasradioreflejos.com.ar\/2021\/la-tradicion-de-agasajar-al-primer-turista-de-ano-llego-a-nuestro-distrito-para-homenajear-a-los-primeros-visitantes-que-se-acercaron-a-las-distintas-localidades\/\",\"url\":\"https:\/\/www.noticiasradioreflejos.com.ar\/2021\/la-tradicion-de-agasajar-al-primer-turista-de-ano-llego-a-nuestro-distrito-para-homenajear-a-los-primeros-visitantes-que-se-acercaron-a-las-distintas-localidades\/\",\"name\":\"La tradici\u00f3n de agasajar al primer turista de a\u00f1o, lleg\u00f3 a nuestro distrito, para homenajear a los primeros visitantes que se acercaron a las distintas localidades. - Noticias Radio Reflejos\",\"isPartOf\":{\"@id\":\"https:\/\/www.noticiasradioreflejos.com.ar\/2021\/#website\"},\"primaryImageOfPage\":{\"@id\":\"https:\/\/www.noticiasradioreflejos.com.ar\/2021\/la-tradicion-de-agasajar-al-primer-turista-de-ano-llego-a-nuestro-distrito-para-homenajear-a-los-primeros-visitantes-que-se-acercaron-a-las-distintas-localidades\/#primaryimage\"},\"image\":{\"@id\":\"https:\/\/www.noticiasradioreflejos.com.ar\/2021\/la-tradicion-de-agasajar-al-primer-turista-de-ano-llego-a-nuestro-distrito-para-homenajear-a-los-primeros-visitantes-que-se-acercaron-a-las-distintas-localidades\/#primaryimage\"},\"thumbnailUrl\":\"http:\/\/live.staticflickr.com\/65535\/49324828156_8f3ed8e846.jpg\",\"datePublished\":\"2020-01-04T00:23:38+00:00\",\"author\":{\"@id\":\"https:\/\/www.noticiasradioreflejos.com.ar\/2021\/#\/schema\/person\/ad82545263dcc5ec0996818884fd5fb1\"},\"breadcrumb\":{\"@id\":\"https:\/\/www.noticiasradioreflejos.com.ar\/2021\/la-tradicion-de-agasajar-al-primer-turista-de-ano-llego-a-nuestro-distrito-para-homenajear-a-los-primeros-visitantes-que-se-acercaron-a-las-distintas-localidades\/#breadcrumb\"},\"inLanguage\":\"es\",\"potentialAction\":[{\"@type\":\"ReadAction\",\"target\":[\"https:\/\/www.noticiasradioreflejos.com.ar\/2021\/la-tradicion-de-agasajar-al-primer-turista-de-ano-llego-a-nuestro-distrito-para-homenajear-a-los-primeros-visitantes-que-se-acercaron-a-las-distintas-localidades\/\"]}]},{\"@type\":\"ImageObject\",\"inLanguage\":\"es\",\"@id\":\"https:\/\/www.noticiasradioreflejos.com.ar\/2021\/la-tradicion-de-agasajar-al-primer-turista-de-ano-llego-a-nuestro-distrito-para-homenajear-a-los-primeros-visitantes-que-se-acercaron-a-las-distintas-localidades\/#primaryimage\",\"url\":\"http:\/\/live.staticflickr.com\/65535\/49324828156_8f3ed8e846.jpg\",\"contentUrl\":\"http:\/\/live.staticflickr.com\/65535\/49324828156_8f3ed8e846.jpg\"},{\"@type\":\"BreadcrumbList\",\"@id\":\"https:\/\/www.noticiasradioreflejos.com.ar\/2021\/la-tradicion-de-agasajar-al-primer-turista-de-ano-llego-a-nuestro-distrito-para-homenajear-a-los-primeros-visitantes-que-se-acercaron-a-las-distintas-localidades\/#breadcrumb\",\"itemListElement\":[{\"@type\":\"ListItem\",\"position\":1,\"name\":\"Portada\",\"item\":\"https:\/\/www.noticiasradioreflejos.com.ar\/2021\/\"},{\"@type\":\"ListItem\",\"position\":2,\"name\":\"La tradici\u00f3n de agasajar al primer turista de a\u00f1o, lleg\u00f3 a nuestro distrito, para homenajear a los primeros visitantes que se acercaron a las distintas localidades.\"}]},{\"@type\":\"WebSite\",\"@id\":\"https:\/\/www.noticiasradioreflejos.com.ar\/2021\/#website\",\"url\":\"https:\/\/www.noticiasradioreflejos.com.ar\/2021\/\",\"name\":\"Noticias Radio Reflejos\",\"description\":\"Las noticias de mi comarca\",\"potentialAction\":[{\"@type\":\"SearchAction\",\"target\":{\"@type\":\"EntryPoint\",\"urlTemplate\":\"https:\/\/www.noticiasradioreflejos.com.ar\/2021\/?s={search_term_string}\"},\"query-input\":{\"@type\":\"PropertyValueSpecification\",\"valueRequired\":true,\"valueName\":\"search_term_string\"}}],\"inLanguage\":\"es\"},{\"@type\":\"Person\",\"@id\":\"https:\/\/www.noticiasradioreflejos.com.ar\/2021\/#\/schema\/person\/ad82545263dcc5ec0996818884fd5fb1\",\"name\":\"Arnaldo Botto\",\"image\":{\"@type\":\"ImageObject\",\"inLanguage\":\"es\",\"@id\":\"https:\/\/www.noticiasradioreflejos.com.ar\/2021\/#\/schema\/person\/image\/\",\"url\":\"https:\/\/secure.gravatar.com\/avatar\/55cb5e37c1efa326397366e6974cb338056df65cb50e7d64d1cf314e87504837?s=96&d=mm&r=g\",\"contentUrl\":\"https:\/\/secure.gravatar.com\/avatar\/55cb5e37c1efa326397366e6974cb338056df65cb50e7d64d1cf314e87504837?s=96&d=mm&r=g\",\"caption\":\"Arnaldo Botto\"},\"url\":\"https:\/\/www.noticiasradioreflejos.com.ar\/2021\/author\/arnaldo\/\"}]}<\/script>\n<!-- \/ Yoast SEO plugin. -->","yoast_head_json":{"title":"La tradici\u00f3n de agasajar al primer turista de a\u00f1o, lleg\u00f3 a nuestro distrito, para homenajear a los primeros visitantes que se acercaron a las distintas localidades. - Noticias Radio Reflejos","robots":{"index":"index","follow":"follow","max-snippet":"max-snippet:-1","max-image-preview":"max-image-preview:large","max-video-preview":"max-video-preview:-1"},"canonical":"https:\/\/www.noticiasradioreflejos.com.ar\/2021\/la-tradicion-de-agasajar-al-primer-turista-de-ano-llego-a-nuestro-distrito-para-homenajear-a-los-primeros-visitantes-que-se-acercaron-a-las-distintas-localidades\/","og_locale":"es_ES","og_type":"article","og_title":"La tradici\u00f3n de agasajar al primer turista de a\u00f1o, lleg\u00f3 a nuestro distrito, para homenajear a los primeros visitantes que se acercaron a las distintas localidades. - Noticias Radio Reflejos","og_description":"Las agentes de turismo de las oficinas de Sierra de la Ventana, Tornquist, Villa Ventana y Saldungaray, recibieron a los agasajados, en las primeras horas del 1 de enero, y les entregaron tradicionales productos del distrito e invitaciones para disfrutar de distintas atracciones, excursiones y la mejor gastronom\u00eda. Los primeros turistas del 2020, se mostraron [&hellip;]","og_url":"https:\/\/www.noticiasradioreflejos.com.ar\/2021\/la-tradicion-de-agasajar-al-primer-turista-de-ano-llego-a-nuestro-distrito-para-homenajear-a-los-primeros-visitantes-que-se-acercaron-a-las-distintas-localidades\/","og_site_name":"Noticias Radio Reflejos","article_published_time":"2020-01-04T00:23:38+00:00","og_image":[{"url":"http:\/\/live.staticflickr.com\/65535\/49324828156_8f3ed8e846.jpg","type":"","width":"","height":""}],"author":"Arnaldo Botto","twitter_card":"summary_large_image","schema":{"@context":"https:\/\/schema.org","@graph":[{"@type":"WebPage","@id":"https:\/\/www.noticiasradioreflejos.com.ar\/2021\/la-tradicion-de-agasajar-al-primer-turista-de-ano-llego-a-nuestro-distrito-para-homenajear-a-los-primeros-visitantes-que-se-acercaron-a-las-distintas-localidades\/","url":"https:\/\/www.noticiasradioreflejos.com.ar\/2021\/la-tradicion-de-agasajar-al-primer-turista-de-ano-llego-a-nuestro-distrito-para-homenajear-a-los-primeros-visitantes-que-se-acercaron-a-las-distintas-localidades\/","name":"La tradici\u00f3n de agasajar al primer turista de a\u00f1o, lleg\u00f3 a nuestro distrito, para homenajear a los primeros visitantes que se acercaron a las distintas localidades. - Noticias Radio Reflejos","isPartOf":{"@id":"https:\/\/www.noticiasradioreflejos.com.ar\/2021\/#website"},"primaryImageOfPage":{"@id":"https:\/\/www.noticiasradioreflejos.com.ar\/2021\/la-tradicion-de-agasajar-al-primer-turista-de-ano-llego-a-nuestro-distrito-para-homenajear-a-los-primeros-visitantes-que-se-acercaron-a-las-distintas-localidades\/#primaryimage"},"image":{"@id":"https:\/\/www.noticiasradioreflejos.com.ar\/2021\/la-tradicion-de-agasajar-al-primer-turista-de-ano-llego-a-nuestro-distrito-para-homenajear-a-los-primeros-visitantes-que-se-acercaron-a-las-distintas-localidades\/#primaryimage"},"thumbnailUrl":"http:\/\/live.staticflickr.com\/65535\/49324828156_8f3ed8e846.jpg","datePublished":"2020-01-04T00:23:38+00:00","author":{"@id":"https:\/\/www.noticiasradioreflejos.com.ar\/2021\/#\/schema\/person\/ad82545263dcc5ec0996818884fd5fb1"},"breadcrumb":{"@id":"https:\/\/www.noticiasradioreflejos.com.ar\/2021\/la-tradicion-de-agasajar-al-primer-turista-de-ano-llego-a-nuestro-distrito-para-homenajear-a-los-primeros-visitantes-que-se-acercaron-a-las-distintas-localidades\/#breadcrumb"},"inLanguage":"es","potentialAction":[{"@type":"ReadAction","target":["https:\/\/www.noticiasradioreflejos.com.ar\/2021\/la-tradicion-de-agasajar-al-primer-turista-de-ano-llego-a-nuestro-distrito-para-homenajear-a-los-primeros-visitantes-que-se-acercaron-a-las-distintas-localidades\/"]}]},{"@type":"ImageObject","inLanguage":"es","@id":"https:\/\/www.noticiasradioreflejos.com.ar\/2021\/la-tradicion-de-agasajar-al-primer-turista-de-ano-llego-a-nuestro-distrito-para-homenajear-a-los-primeros-visitantes-que-se-acercaron-a-las-distintas-localidades\/#primaryimage","url":"http:\/\/live.staticflickr.com\/65535\/49324828156_8f3ed8e846.jpg","contentUrl":"http:\/\/live.staticflickr.com\/65535\/49324828156_8f3ed8e846.jpg"},{"@type":"BreadcrumbList","@id":"https:\/\/www.noticiasradioreflejos.com.ar\/2021\/la-tradicion-de-agasajar-al-primer-turista-de-ano-llego-a-nuestro-distrito-para-homenajear-a-los-primeros-visitantes-que-se-acercaron-a-las-distintas-localidades\/#breadcrumb","itemListElement":[{"@type":"ListItem","position":1,"name":"Portada","item":"https:\/\/www.noticiasradioreflejos.com.ar\/2021\/"},{"@type":"ListItem","position":2,"name":"La tradici\u00f3n de agasajar al primer turista de a\u00f1o, lleg\u00f3 a nuestro distrito, para homenajear a los primeros visitantes que se acercaron a las distintas localidades."}]},{"@type":"WebSite","@id":"https:\/\/www.noticiasradioreflejos.com.ar\/2021\/#website","url":"https:\/\/www.noticiasradioreflejos.com.ar\/2021\/","name":"Noticias Radio Reflejos","description":"Las noticias de mi comarca","potentialAction":[{"@type":"SearchAction","target":{"@type":"EntryPoint","urlTemplate":"https:\/\/www.noticiasradioreflejos.com.ar\/2021\/?s={search_term_string}"},"query-input":{"@type":"PropertyValueSpecification","valueRequired":true,"valueName":"search_term_string"}}],"inLanguage":"es"},{"@type":"Person","@id":"https:\/\/www.noticiasradioreflejos.com.ar\/2021\/#\/schema\/person\/ad82545263dcc5ec0996818884fd5fb1","name":"Arnaldo Botto","image":{"@type":"ImageObject","inLanguage":"es","@id":"https:\/\/www.noticiasradioreflejos.com.ar\/2021\/#\/schema\/person\/image\/","url":"https:\/\/secure.gravatar.com\/avatar\/55cb5e37c1efa326397366e6974cb338056df65cb50e7d64d1cf314e87504837?s=96&d=mm&r=g","contentUrl":"https:\/\/secure.gravatar.com\/avatar\/55cb5e37c1efa326397366e6974cb338056df65cb50e7d64d1cf314e87504837?s=96&d=mm&r=g","caption":"Arnaldo Botto"},"url":"https:\/\/www.noticiasradioreflejos.com.ar\/2021\/author\/arnaldo\/"}]}},"_links":{"self":[{"href":"https:\/\/www.noticiasradioreflejos.com.ar\/2021\/wp-json\/wp\/v2\/posts\/37638","targetHints":{"allow":["GET"]}}],"collection":[{"href":"https:\/\/www.noticiasradioreflejos.com.ar\/2021\/wp-json\/wp\/v2\/posts"}],"about":[{"href":"https:\/\/www.noticiasradioreflejos.com.ar\/2021\/wp-json\/wp\/v2\/types\/post"}],"author":[{"embeddable":true,"href":"https:\/\/www.noticiasradioreflejos.com.ar\/2021\/wp-json\/wp\/v2\/users\/3"}],"replies":[{"embeddable":true,"href":"https:\/\/www.noticiasradioreflejos.com.ar\/2021\/wp-json\/wp\/v2\/comments?post=37638"}],"version-history":[{"count":0,"href":"https:\/\/www.noticiasradioreflejos.com.ar\/2021\/wp-json\/wp\/v2\/posts\/37638\/revisions"}],"wp:attachment":[{"href":"https:\/\/www.noticiasradioreflejos.com.ar\/2021\/wp-json\/wp\/v2\/media?parent=37638"}],"wp:term":[{"taxonomy":"category","embeddable":true,"href":"https:\/\/www.noticiasradioreflejos.com.ar\/2021\/wp-json\/wp\/v2\/categories?post=37638"},{"taxonomy":"post_tag","embeddable":true,"href":"https:\/\/www.noticiasradioreflejos.com.ar\/2021\/wp-json\/wp\/v2\/tags?post=37638"}],"curies":[{"name":"wp","href":"https:\/\/api.w.org\/{rel}","templated":true}]}}