{"id":37634,"date":"2020-01-03T16:49:14","date_gmt":"2020-01-03T19:49:14","guid":{"rendered":"http:\/\/www.noticiasradioreflejos.com.ar\/noticias\/?p=37634"},"modified":"2020-01-03T16:49:14","modified_gmt":"2020-01-03T19:49:14","slug":"comenzaron-a-funcionar-las-escuelas-abiertas-en-verano-en-la-provincia-de-buenos-aires-2","status":"publish","type":"post","link":"https:\/\/www.noticiasradioreflejos.com.ar\/2021\/comenzaron-a-funcionar-las-escuelas-abiertas-en-verano-en-la-provincia-de-buenos-aires-2\/","title":{"rendered":"Comenzaron a funcionar las Escuelas Abiertas en Verano en la Provincia de Buenos Aires.."},"content":{"rendered":"<p>El Distrito de Tornquist cuenta con sedes para recibir a ni\u00f1os y adolescentes durante las vacaciones. Las mismas funcionar\u00e1n de lunes a viernes, en el horario de 9:30 hs a 12:30 hs, seg\u00fan se detalla a continuaci\u00f3n:<!--more--><\/p>\n<p>Tornquist: CEF N\u00b09<\/p>\n<p>Villa Ventana: Ex Patronato de la Infancia<\/p>\n<p>Sierra de la Ventana: Piletas Municipales<\/p>\n<p>Saldungaray: EP N\u00b02<\/p>\n<p>En cada sede se desarrollan actividades deportivas, recreativas, art\u00edstico-culturales y acu\u00e1ticas, en espacios educativos que posibilitan acciones de prevenci\u00f3n y promoci\u00f3n sobre el cuidado de la salud, el desarrollo de las capacidades individuales y la concientizaci\u00f3n sobre la problem\u00e1tica ambiental en pos de una educaci\u00f3n integral.<\/p>\n<p>Todas las familias interesadas pueden acercarse a inscribir a sus hijos, para que participen de lugares de disfrute, socializaci\u00f3n y despliegue de creatividad siendo protagonistas y transformadores de un espacio abierto a la exploraci\u00f3n, el conocimiento, el juego y el trabajo colectivo.<\/p>\n<p>\u00a1Los esperamos!<\/p>\n<p>Inspectora Jefe Distrital Prof. Mar\u00eda Rosa Gonz\u00e1lez<\/p>\n<p>Coordinadora Distrital EAV Prof. Mar\u00eda Eugenia Gonz\u00e1lez<\/p>\n","protected":false},"excerpt":{"rendered":"<p>El Distrito de Tornquist cuenta con sedes para recibir a ni\u00f1os y adolescentes durante las vacaciones. Las mismas funcionar\u00e1n de lunes a viernes, en el horario de 9:30 hs a 12:30 hs, seg\u00fan se detalla a continuaci\u00f3n:<\/p>\n","protected":false},"author":3,"featured_media":0,"comment_status":"closed","ping_status":"open","sticky":false,"template":"","format":"standard","meta":{"footnotes":""},"categories":[34],"tags":[],"class_list":["post-37634","post","type-post","status-publish","format-standard","hentry","category-educacion"],"yoast_head":"<!-- This site is optimized with the Yoast SEO plugin v25.9 - https:\/\/yoast.com\/wordpress\/plugins\/seo\/ -->\n<title>Comenzaron a funcionar las Escuelas Abiertas en Verano en la Provincia de Buenos Aires.. - Noticias Radio Reflejos<\/title>\n<meta name=\"robots\" content=\"index, follow, max-snippet:-1, max-image-preview:large, max-video-preview:-1\" \/>\n<link rel=\"canonical\" href=\"https:\/\/www.noticiasradioreflejos.com.ar\/2021\/comenzaron-a-funcionar-las-escuelas-abiertas-en-verano-en-la-provincia-de-buenos-aires-2\/\" \/>\n<meta property=\"og:locale\" content=\"es_ES\" \/>\n<meta property=\"og:type\" content=\"article\" \/>\n<meta property=\"og:title\" content=\"Comenzaron a funcionar las Escuelas Abiertas en Verano en la Provincia de Buenos Aires.. - Noticias Radio Reflejos\" \/>\n<meta property=\"og:description\" content=\"El Distrito de Tornquist cuenta con sedes para recibir a ni\u00f1os y adolescentes durante las vacaciones. Las mismas funcionar\u00e1n de lunes a viernes, en el horario de 9:30 hs a 12:30 hs, seg\u00fan se detalla a continuaci\u00f3n:\" \/>\n<meta property=\"og:url\" content=\"https:\/\/www.noticiasradioreflejos.com.ar\/2021\/comenzaron-a-funcionar-las-escuelas-abiertas-en-verano-en-la-provincia-de-buenos-aires-2\/\" \/>\n<meta property=\"og:site_name\" content=\"Noticias Radio Reflejos\" \/>\n<meta property=\"article:published_time\" content=\"2020-01-03T19:49:14+00:00\" \/>\n<meta property=\"og:image\" content=\"https:\/\/www.noticiasradioreflejos.com.ar\/2021\/wp-content\/uploads\/2021\/07\/logosol300x200.png\" \/>\n\t<meta property=\"og:image:width\" content=\"300\" \/>\n\t<meta property=\"og:image:height\" content=\"200\" \/>\n\t<meta property=\"og:image:type\" content=\"image\/png\" \/>\n<meta name=\"author\" content=\"Arnaldo Botto\" \/>\n<meta name=\"twitter:card\" content=\"summary_large_image\" \/>\n<script type=\"application\/ld+json\" class=\"yoast-schema-graph\">{\"@context\":\"https:\/\/schema.org\",\"@graph\":[{\"@type\":\"WebPage\",\"@id\":\"https:\/\/www.noticiasradioreflejos.com.ar\/2021\/comenzaron-a-funcionar-las-escuelas-abiertas-en-verano-en-la-provincia-de-buenos-aires-2\/\",\"url\":\"https:\/\/www.noticiasradioreflejos.com.ar\/2021\/comenzaron-a-funcionar-las-escuelas-abiertas-en-verano-en-la-provincia-de-buenos-aires-2\/\",\"name\":\"Comenzaron a funcionar las Escuelas Abiertas en Verano en la Provincia de Buenos Aires.. - Noticias Radio Reflejos\",\"isPartOf\":{\"@id\":\"https:\/\/www.noticiasradioreflejos.com.ar\/2021\/#website\"},\"datePublished\":\"2020-01-03T19:49:14+00:00\",\"author\":{\"@id\":\"https:\/\/www.noticiasradioreflejos.com.ar\/2021\/#\/schema\/person\/ad82545263dcc5ec0996818884fd5fb1\"},\"breadcrumb\":{\"@id\":\"https:\/\/www.noticiasradioreflejos.com.ar\/2021\/comenzaron-a-funcionar-las-escuelas-abiertas-en-verano-en-la-provincia-de-buenos-aires-2\/#breadcrumb\"},\"inLanguage\":\"es\",\"potentialAction\":[{\"@type\":\"ReadAction\",\"target\":[\"https:\/\/www.noticiasradioreflejos.com.ar\/2021\/comenzaron-a-funcionar-las-escuelas-abiertas-en-verano-en-la-provincia-de-buenos-aires-2\/\"]}]},{\"@type\":\"BreadcrumbList\",\"@id\":\"https:\/\/www.noticiasradioreflejos.com.ar\/2021\/comenzaron-a-funcionar-las-escuelas-abiertas-en-verano-en-la-provincia-de-buenos-aires-2\/#breadcrumb\",\"itemListElement\":[{\"@type\":\"ListItem\",\"position\":1,\"name\":\"Portada\",\"item\":\"https:\/\/www.noticiasradioreflejos.com.ar\/2021\/\"},{\"@type\":\"ListItem\",\"position\":2,\"name\":\"Comenzaron a funcionar las Escuelas Abiertas en Verano en la Provincia de Buenos Aires..\"}]},{\"@type\":\"WebSite\",\"@id\":\"https:\/\/www.noticiasradioreflejos.com.ar\/2021\/#website\",\"url\":\"https:\/\/www.noticiasradioreflejos.com.ar\/2021\/\",\"name\":\"Noticias Radio Reflejos\",\"description\":\"Las noticias de mi comarca\",\"potentialAction\":[{\"@type\":\"SearchAction\",\"target\":{\"@type\":\"EntryPoint\",\"urlTemplate\":\"https:\/\/www.noticiasradioreflejos.com.ar\/2021\/?s={search_term_string}\"},\"query-input\":{\"@type\":\"PropertyValueSpecification\",\"valueRequired\":true,\"valueName\":\"search_term_string\"}}],\"inLanguage\":\"es\"},{\"@type\":\"Person\",\"@id\":\"https:\/\/www.noticiasradioreflejos.com.ar\/2021\/#\/schema\/person\/ad82545263dcc5ec0996818884fd5fb1\",\"name\":\"Arnaldo Botto\",\"image\":{\"@type\":\"ImageObject\",\"inLanguage\":\"es\",\"@id\":\"https:\/\/www.noticiasradioreflejos.com.ar\/2021\/#\/schema\/person\/image\/\",\"url\":\"https:\/\/secure.gravatar.com\/avatar\/55cb5e37c1efa326397366e6974cb338056df65cb50e7d64d1cf314e87504837?s=96&d=mm&r=g\",\"contentUrl\":\"https:\/\/secure.gravatar.com\/avatar\/55cb5e37c1efa326397366e6974cb338056df65cb50e7d64d1cf314e87504837?s=96&d=mm&r=g\",\"caption\":\"Arnaldo Botto\"},\"url\":\"https:\/\/www.noticiasradioreflejos.com.ar\/2021\/author\/arnaldo\/\"}]}<\/script>\n<!-- \/ Yoast SEO plugin. -->","yoast_head_json":{"title":"Comenzaron a funcionar las Escuelas Abiertas en Verano en la Provincia de Buenos Aires.. - Noticias Radio Reflejos","robots":{"index":"index","follow":"follow","max-snippet":"max-snippet:-1","max-image-preview":"max-image-preview:large","max-video-preview":"max-video-preview:-1"},"canonical":"https:\/\/www.noticiasradioreflejos.com.ar\/2021\/comenzaron-a-funcionar-las-escuelas-abiertas-en-verano-en-la-provincia-de-buenos-aires-2\/","og_locale":"es_ES","og_type":"article","og_title":"Comenzaron a funcionar las Escuelas Abiertas en Verano en la Provincia de Buenos Aires.. - Noticias Radio Reflejos","og_description":"El Distrito de Tornquist cuenta con sedes para recibir a ni\u00f1os y adolescentes durante las vacaciones. Las mismas funcionar\u00e1n de lunes a viernes, en el horario de 9:30 hs a 12:30 hs, seg\u00fan se detalla a continuaci\u00f3n:","og_url":"https:\/\/www.noticiasradioreflejos.com.ar\/2021\/comenzaron-a-funcionar-las-escuelas-abiertas-en-verano-en-la-provincia-de-buenos-aires-2\/","og_site_name":"Noticias Radio Reflejos","article_published_time":"2020-01-03T19:49:14+00:00","og_image":[{"width":300,"height":200,"url":"https:\/\/www.noticiasradioreflejos.com.ar\/2021\/wp-content\/uploads\/2021\/07\/logosol300x200.png","type":"image\/png"}],"author":"Arnaldo Botto","twitter_card":"summary_large_image","schema":{"@context":"https:\/\/schema.org","@graph":[{"@type":"WebPage","@id":"https:\/\/www.noticiasradioreflejos.com.ar\/2021\/comenzaron-a-funcionar-las-escuelas-abiertas-en-verano-en-la-provincia-de-buenos-aires-2\/","url":"https:\/\/www.noticiasradioreflejos.com.ar\/2021\/comenzaron-a-funcionar-las-escuelas-abiertas-en-verano-en-la-provincia-de-buenos-aires-2\/","name":"Comenzaron a funcionar las Escuelas Abiertas en Verano en la Provincia de Buenos Aires.. - Noticias Radio Reflejos","isPartOf":{"@id":"https:\/\/www.noticiasradioreflejos.com.ar\/2021\/#website"},"datePublished":"2020-01-03T19:49:14+00:00","author":{"@id":"https:\/\/www.noticiasradioreflejos.com.ar\/2021\/#\/schema\/person\/ad82545263dcc5ec0996818884fd5fb1"},"breadcrumb":{"@id":"https:\/\/www.noticiasradioreflejos.com.ar\/2021\/comenzaron-a-funcionar-las-escuelas-abiertas-en-verano-en-la-provincia-de-buenos-aires-2\/#breadcrumb"},"inLanguage":"es","potentialAction":[{"@type":"ReadAction","target":["https:\/\/www.noticiasradioreflejos.com.ar\/2021\/comenzaron-a-funcionar-las-escuelas-abiertas-en-verano-en-la-provincia-de-buenos-aires-2\/"]}]},{"@type":"BreadcrumbList","@id":"https:\/\/www.noticiasradioreflejos.com.ar\/2021\/comenzaron-a-funcionar-las-escuelas-abiertas-en-verano-en-la-provincia-de-buenos-aires-2\/#breadcrumb","itemListElement":[{"@type":"ListItem","position":1,"name":"Portada","item":"https:\/\/www.noticiasradioreflejos.com.ar\/2021\/"},{"@type":"ListItem","position":2,"name":"Comenzaron a funcionar las Escuelas Abiertas en Verano en la Provincia de Buenos Aires.."}]},{"@type":"WebSite","@id":"https:\/\/www.noticiasradioreflejos.com.ar\/2021\/#website","url":"https:\/\/www.noticiasradioreflejos.com.ar\/2021\/","name":"Noticias Radio Reflejos","description":"Las noticias de mi comarca","potentialAction":[{"@type":"SearchAction","target":{"@type":"EntryPoint","urlTemplate":"https:\/\/www.noticiasradioreflejos.com.ar\/2021\/?s={search_term_string}"},"query-input":{"@type":"PropertyValueSpecification","valueRequired":true,"valueName":"search_term_string"}}],"inLanguage":"es"},{"@type":"Person","@id":"https:\/\/www.noticiasradioreflejos.com.ar\/2021\/#\/schema\/person\/ad82545263dcc5ec0996818884fd5fb1","name":"Arnaldo Botto","image":{"@type":"ImageObject","inLanguage":"es","@id":"https:\/\/www.noticiasradioreflejos.com.ar\/2021\/#\/schema\/person\/image\/","url":"https:\/\/secure.gravatar.com\/avatar\/55cb5e37c1efa326397366e6974cb338056df65cb50e7d64d1cf314e87504837?s=96&d=mm&r=g","contentUrl":"https:\/\/secure.gravatar.com\/avatar\/55cb5e37c1efa326397366e6974cb338056df65cb50e7d64d1cf314e87504837?s=96&d=mm&r=g","caption":"Arnaldo Botto"},"url":"https:\/\/www.noticiasradioreflejos.com.ar\/2021\/author\/arnaldo\/"}]}},"_links":{"self":[{"href":"https:\/\/www.noticiasradioreflejos.com.ar\/2021\/wp-json\/wp\/v2\/posts\/37634","targetHints":{"allow":["GET"]}}],"collection":[{"href":"https:\/\/www.noticiasradioreflejos.com.ar\/2021\/wp-json\/wp\/v2\/posts"}],"about":[{"href":"https:\/\/www.noticiasradioreflejos.com.ar\/2021\/wp-json\/wp\/v2\/types\/post"}],"author":[{"embeddable":true,"href":"https:\/\/www.noticiasradioreflejos.com.ar\/2021\/wp-json\/wp\/v2\/users\/3"}],"replies":[{"embeddable":true,"href":"https:\/\/www.noticiasradioreflejos.com.ar\/2021\/wp-json\/wp\/v2\/comments?post=37634"}],"version-history":[{"count":0,"href":"https:\/\/www.noticiasradioreflejos.com.ar\/2021\/wp-json\/wp\/v2\/posts\/37634\/revisions"}],"wp:attachment":[{"href":"https:\/\/www.noticiasradioreflejos.com.ar\/2021\/wp-json\/wp\/v2\/media?parent=37634"}],"wp:term":[{"taxonomy":"category","embeddable":true,"href":"https:\/\/www.noticiasradioreflejos.com.ar\/2021\/wp-json\/wp\/v2\/categories?post=37634"},{"taxonomy":"post_tag","embeddable":true,"href":"https:\/\/www.noticiasradioreflejos.com.ar\/2021\/wp-json\/wp\/v2\/tags?post=37634"}],"curies":[{"name":"wp","href":"https:\/\/api.w.org\/{rel}","templated":true}]}}