{"id":37623,"date":"2020-01-03T13:20:56","date_gmt":"2020-01-03T16:20:56","guid":{"rendered":"http:\/\/www.noticiasradioreflejos.com.ar\/noticias\/?p=37623"},"modified":"2020-01-03T13:20:56","modified_gmt":"2020-01-03T16:20:56","slug":"el-turista-viene-a-disfrutar-del-destino-y-tenemos-que-estar-a-nivel-de-su-demanda-martin-olhaberry","status":"publish","type":"post","link":"https:\/\/www.noticiasradioreflejos.com.ar\/2021\/el-turista-viene-a-disfrutar-del-destino-y-tenemos-que-estar-a-nivel-de-su-demanda-martin-olhaberry\/","title":{"rendered":"\u00abEl turista viene a disfrutar del destino y tenemos que estar a nivel de su demanda\u00bb Mart\u00edn Olhaberry."},"content":{"rendered":"<p><a title=\"WhatsApp-Image-2019-12-30-at-14.52.31-1024x767\" href=\"http:\/\/live.staticflickr.com\/65535\/49301543056_b17546884c_s.jpg\" rel=\"\"><img loading=\"lazy\" decoding=\"async\" class=\"alignleft\" style=\"float: left;\" title=\"WhatsApp-Image-2019-12-30-at-14.52.31-1024x767\" src=\"http:\/\/live.staticflickr.com\/65535\/49301543056_b17546884c.jpg\" alt=\"WhatsApp-Image-2019-12-30-at-14.52.31-1024x767\" width=\"500\" height=\"375\" \/><\/a>Trabajando a full, con la temporada veraniega en marcha, el <strong>Subsecretario de Turismo de Tornquist Municipio<\/strong>, <strong>Mart\u00edn Olhaberry<\/strong> pas\u00f3 por los estudios de FM Reflejos, para describir e informar\u00a0las estad\u00edstica que llevan desde la cartera, en relaci\u00f3n a la afluencia de turistas a la comarca y qu\u00e9 resultados esperan para los meses de enero y febrero.<\/p>\n<p><!--more--><\/p>\n<p>Arranc\u00f3 el 22 con muy buena ocupaci\u00f3n\u00bb destac\u00f3, asegurando que en promedio y hasta el 5 de enero, Sierra de la Ventana cuenta con el 75%, Villa Ventana el 65% y Tornquist un 35%.<\/p>\n<p>\u00abTrabajando a full con la temporada, la verdad que arrancamos muy bien lo que es primero de a\u00f1o, navidad con la afluencia de publico la que esperamos, y a\u00f1o nuevo muy bien la ocupaci\u00f3n, bien la demanda de turistas en lo que son actividades, ayer estuvimos en el parque provincial y esta funcionando todo perfecto. Nos ayuda bastante el clima, un poco se venia escuchando que el 30 y el 31 lo iban a decretar feriado optativo era una opci\u00f3n, y despu\u00e9s cuando provincia sali\u00f3 con el programa muchas empresas se sumaron y bueno hizo que sea un super fin de semana XX largo, y bien muy bien. Mucha gente se quedo hasta el fin de semana pr\u00f3ximo, hasta el 5, que la fiesta de los reyes magos nos da un plus, hist\u00f3ricamente si uno releva planillas, de cuando las hac\u00edamos a papel, la temporada alta nosotros arrancamos el 10 de Enero, esa es la historia, si agarras planillas de hace 10\/12 a\u00f1os para atr\u00e1s el 10 de enero era cuando nosotros inici\u00e1bamos temporada alta\u00bb. Inici\u00f3<\/p>\n<p>\u00abEstos fen\u00f3menos de que este a\u00f1o nos toco 24,25 mezclado entre lunes, fines de semana, se empezaron a hacer largos, cambio la historia. Lo que si me sorprendi\u00f3 es que arranco al 24 con muy buena ocupaci\u00f3n, y se pego casi hasta el 5 de enero, osea que tenemos 10 d\u00edas seguidos de muy buena ocupaci\u00f3n. 100 por 100 tuvimos como todos los a\u00f1os, a\u00f1o nuevo, y tenemos mucha afluencia, much\u00edsima gente haciendo actividades. A\u00f1o nuevo lo que es Sierra de la Ventana cerramos con un 80%, Villa Ventana con un 87% y Tornquist 35%, relevamiento de complejos habilitados. Lo que es para el fin de semana pr\u00f3ximo que estamos en este momento transitando, esto lo hicimos ayer, que estoy seguro que va a subir, Sierra de la Ventana 75% de ocupaci\u00f3n, Villa Ventana 65%, y Tornquist en la misma 35%. Te da la pauta de que no se cay\u00f3 tanto de lo que venia de a\u00f1o nuevo, hubo una renovaci\u00f3n, pero se mantiene esa ocupaci\u00f3n muy buena para esta \u00e9poca del a\u00f1o en la que tenemos mucha competencia, hoy la costa tiene muchas alternativas, Monte Hermoso estuvimos charlando con los chicos, con Franco y el equipo de Monte y est\u00e1n sobrepasados de turismo, Pehuen Co pasa lo mismo. Todos ten\u00edamos el temor, todos los relacionados al turismo, de que iba a ser un a\u00f1o muy complejo, con respecto a la salida de los turistas por la cantidad de d\u00edas, y cuando estas relevando las planillas, empezamos a ver que la gran mayor\u00eda viene por mas de 5 d\u00edas, que eso es un dato bastante importante para las actividades que tenemos para desarrollar dentro de la comarca\u00bb. Explico<\/p>\n<p>\u00abTenemos un distrito muy amplio, que tenemos actividades para hacer en todas las localidades, y eso nos da la posibilidad de hacer actividades al aire libre, como es en el parque, en Sierra hacer algo mas comercial, en Villa tambi\u00e9n, hay todas las alternativas para disfrutar de la comarca\u00bb.<\/p>\n<p>\u00abEl turista esta acostumbrado a buscar los centros culturales, el local no esta tan acostumbrado a buscarlos, entonces le estamos dando una vuelta mas al centro cultural para que la gente local se acostumbre a ir a visitarlo, a ver una muestra, es muy importante la cultura a nivel local, y hacer esta ida y vuelta entre el turista y los que somos de este lugar\u00bb. Cont\u00f3<\/p>\n<p>\u00abCada uno de los que vivimos ac\u00e1 decidimos escribir en la comarca y disfrutar de lo que hacemos que es lo mas importante. Un poco el lineamiento de Pino y Susana es trabajar y trabajar, hacer el m\u00e1ximo esfuerzo que podamos f\u00edsicamente hacer, nosotros tenemos muchas oficinas de turismo, tenemos el Parque Provincial a cargo tambi\u00e9n, entonces tratamos de potenciar todo lo que tenemos, mejorar el servicio, como todos tenemos fallas pero tratamos de estar encima, de mejorar la calidad de lo que ofrecemos, mejorar los informantes, de mejorar la ida y vuelta que nosotros vamos teniendo con el publico y privado, esta cosa que parece dif\u00edcil de lograr y se va logrando de a poquito, trabajando en conjunto, para mejorar, dar un buen servicio y que el turista que viene y nos visita, se vaya con ganas de volver\u00bb. Finalizo<\/p>\n<p>NOTA COMPLETA:<br \/>\n<iframe loading=\"lazy\" src=\"https:\/\/w.soundcloud.com\/player\/?url=https%3A\/\/api.soundcloud.com\/tracks\/737876395&amp;color=%23ff5500&amp;auto_play=false&amp;hide_related=false&amp;show_comments=true&amp;show_user=true&amp;show_reposts=false&amp;show_teaser=true\" width=\"100%\" height=\"166\" frameborder=\"no\" scrolling=\"no\"><\/iframe><\/p>\n","protected":false},"excerpt":{"rendered":"<p>Trabajando a full, con la temporada veraniega en marcha, el Subsecretario de Turismo de Tornquist Municipio, Mart\u00edn Olhaberry pas\u00f3 por los estudios de FM Reflejos, para describir e informar\u00a0las estad\u00edstica que llevan desde la cartera, en relaci\u00f3n a la afluencia de turistas a la comarca y qu\u00e9 resultados esperan para los meses de enero y [&hellip;]<\/p>\n","protected":false},"author":3,"featured_media":9152,"comment_status":"closed","ping_status":"open","sticky":false,"template":"","format":"standard","meta":{"footnotes":""},"categories":[33],"tags":[],"class_list":["post-37623","post","type-post","status-publish","format-standard","has-post-thumbnail","hentry","category-turismo"],"yoast_head":"<!-- This site is optimized with the Yoast SEO plugin v25.9 - https:\/\/yoast.com\/wordpress\/plugins\/seo\/ -->\n<title>&quot;El turista viene a disfrutar del destino y tenemos que estar a nivel de su demanda&quot; Mart\u00edn Olhaberry. - Noticias Radio Reflejos<\/title>\n<meta name=\"robots\" content=\"index, follow, max-snippet:-1, max-image-preview:large, max-video-preview:-1\" \/>\n<link rel=\"canonical\" href=\"https:\/\/www.noticiasradioreflejos.com.ar\/2021\/el-turista-viene-a-disfrutar-del-destino-y-tenemos-que-estar-a-nivel-de-su-demanda-martin-olhaberry\/\" \/>\n<meta property=\"og:locale\" content=\"es_ES\" \/>\n<meta property=\"og:type\" content=\"article\" \/>\n<meta property=\"og:title\" content=\"&quot;El turista viene a disfrutar del destino y tenemos que estar a nivel de su demanda&quot; Mart\u00edn Olhaberry. - Noticias Radio Reflejos\" \/>\n<meta property=\"og:description\" content=\"Trabajando a full, con la temporada veraniega en marcha, el Subsecretario de Turismo de Tornquist Municipio, Mart\u00edn Olhaberry pas\u00f3 por los estudios de FM Reflejos, para describir e informar\u00a0las estad\u00edstica que llevan desde la cartera, en relaci\u00f3n a la afluencia de turistas a la comarca y qu\u00e9 resultados esperan para los meses de enero y [&hellip;]\" \/>\n<meta property=\"og:url\" content=\"https:\/\/www.noticiasradioreflejos.com.ar\/2021\/el-turista-viene-a-disfrutar-del-destino-y-tenemos-que-estar-a-nivel-de-su-demanda-martin-olhaberry\/\" \/>\n<meta property=\"og:site_name\" content=\"Noticias Radio Reflejos\" \/>\n<meta property=\"article:published_time\" content=\"2020-01-03T16:20:56+00:00\" \/>\n<meta property=\"og:image\" content=\"https:\/\/www.noticiasradioreflejos.com.ar\/2021\/wp-content\/uploads\/2017\/04\/IMG_20170414_161600021-2.jpg\" \/>\n\t<meta property=\"og:image:width\" content=\"1024\" \/>\n\t<meta property=\"og:image:height\" content=\"768\" \/>\n\t<meta property=\"og:image:type\" content=\"image\/jpeg\" \/>\n<meta name=\"author\" content=\"Arnaldo Botto\" \/>\n<meta name=\"twitter:card\" content=\"summary_large_image\" \/>\n<script type=\"application\/ld+json\" class=\"yoast-schema-graph\">{\"@context\":\"https:\/\/schema.org\",\"@graph\":[{\"@type\":\"WebPage\",\"@id\":\"https:\/\/www.noticiasradioreflejos.com.ar\/2021\/el-turista-viene-a-disfrutar-del-destino-y-tenemos-que-estar-a-nivel-de-su-demanda-martin-olhaberry\/\",\"url\":\"https:\/\/www.noticiasradioreflejos.com.ar\/2021\/el-turista-viene-a-disfrutar-del-destino-y-tenemos-que-estar-a-nivel-de-su-demanda-martin-olhaberry\/\",\"name\":\"\\\"El turista viene a disfrutar del destino y tenemos que estar a nivel de su demanda\\\" Mart\u00edn Olhaberry. - Noticias Radio Reflejos\",\"isPartOf\":{\"@id\":\"https:\/\/www.noticiasradioreflejos.com.ar\/2021\/#website\"},\"primaryImageOfPage\":{\"@id\":\"https:\/\/www.noticiasradioreflejos.com.ar\/2021\/el-turista-viene-a-disfrutar-del-destino-y-tenemos-que-estar-a-nivel-de-su-demanda-martin-olhaberry\/#primaryimage\"},\"image\":{\"@id\":\"https:\/\/www.noticiasradioreflejos.com.ar\/2021\/el-turista-viene-a-disfrutar-del-destino-y-tenemos-que-estar-a-nivel-de-su-demanda-martin-olhaberry\/#primaryimage\"},\"thumbnailUrl\":\"https:\/\/www.noticiasradioreflejos.com.ar\/2021\/wp-content\/uploads\/2017\/04\/IMG_20170414_161600021-2.jpg\",\"datePublished\":\"2020-01-03T16:20:56+00:00\",\"author\":{\"@id\":\"https:\/\/www.noticiasradioreflejos.com.ar\/2021\/#\/schema\/person\/ad82545263dcc5ec0996818884fd5fb1\"},\"breadcrumb\":{\"@id\":\"https:\/\/www.noticiasradioreflejos.com.ar\/2021\/el-turista-viene-a-disfrutar-del-destino-y-tenemos-que-estar-a-nivel-de-su-demanda-martin-olhaberry\/#breadcrumb\"},\"inLanguage\":\"es\",\"potentialAction\":[{\"@type\":\"ReadAction\",\"target\":[\"https:\/\/www.noticiasradioreflejos.com.ar\/2021\/el-turista-viene-a-disfrutar-del-destino-y-tenemos-que-estar-a-nivel-de-su-demanda-martin-olhaberry\/\"]}]},{\"@type\":\"ImageObject\",\"inLanguage\":\"es\",\"@id\":\"https:\/\/www.noticiasradioreflejos.com.ar\/2021\/el-turista-viene-a-disfrutar-del-destino-y-tenemos-que-estar-a-nivel-de-su-demanda-martin-olhaberry\/#primaryimage\",\"url\":\"https:\/\/www.noticiasradioreflejos.com.ar\/2021\/wp-content\/uploads\/2017\/04\/IMG_20170414_161600021-2.jpg\",\"contentUrl\":\"https:\/\/www.noticiasradioreflejos.com.ar\/2021\/wp-content\/uploads\/2017\/04\/IMG_20170414_161600021-2.jpg\",\"width\":1024,\"height\":768},{\"@type\":\"BreadcrumbList\",\"@id\":\"https:\/\/www.noticiasradioreflejos.com.ar\/2021\/el-turista-viene-a-disfrutar-del-destino-y-tenemos-que-estar-a-nivel-de-su-demanda-martin-olhaberry\/#breadcrumb\",\"itemListElement\":[{\"@type\":\"ListItem\",\"position\":1,\"name\":\"Portada\",\"item\":\"https:\/\/www.noticiasradioreflejos.com.ar\/2021\/\"},{\"@type\":\"ListItem\",\"position\":2,\"name\":\"\u00abEl turista viene a disfrutar del destino y tenemos que estar a nivel de su demanda\u00bb Mart\u00edn Olhaberry.\"}]},{\"@type\":\"WebSite\",\"@id\":\"https:\/\/www.noticiasradioreflejos.com.ar\/2021\/#website\",\"url\":\"https:\/\/www.noticiasradioreflejos.com.ar\/2021\/\",\"name\":\"Noticias Radio Reflejos\",\"description\":\"Las noticias de mi comarca\",\"potentialAction\":[{\"@type\":\"SearchAction\",\"target\":{\"@type\":\"EntryPoint\",\"urlTemplate\":\"https:\/\/www.noticiasradioreflejos.com.ar\/2021\/?s={search_term_string}\"},\"query-input\":{\"@type\":\"PropertyValueSpecification\",\"valueRequired\":true,\"valueName\":\"search_term_string\"}}],\"inLanguage\":\"es\"},{\"@type\":\"Person\",\"@id\":\"https:\/\/www.noticiasradioreflejos.com.ar\/2021\/#\/schema\/person\/ad82545263dcc5ec0996818884fd5fb1\",\"name\":\"Arnaldo Botto\",\"image\":{\"@type\":\"ImageObject\",\"inLanguage\":\"es\",\"@id\":\"https:\/\/www.noticiasradioreflejos.com.ar\/2021\/#\/schema\/person\/image\/\",\"url\":\"https:\/\/secure.gravatar.com\/avatar\/55cb5e37c1efa326397366e6974cb338056df65cb50e7d64d1cf314e87504837?s=96&d=mm&r=g\",\"contentUrl\":\"https:\/\/secure.gravatar.com\/avatar\/55cb5e37c1efa326397366e6974cb338056df65cb50e7d64d1cf314e87504837?s=96&d=mm&r=g\",\"caption\":\"Arnaldo Botto\"},\"url\":\"https:\/\/www.noticiasradioreflejos.com.ar\/2021\/author\/arnaldo\/\"}]}<\/script>\n<!-- \/ Yoast SEO plugin. -->","yoast_head_json":{"title":"\"El turista viene a disfrutar del destino y tenemos que estar a nivel de su demanda\" Mart\u00edn Olhaberry. - Noticias Radio Reflejos","robots":{"index":"index","follow":"follow","max-snippet":"max-snippet:-1","max-image-preview":"max-image-preview:large","max-video-preview":"max-video-preview:-1"},"canonical":"https:\/\/www.noticiasradioreflejos.com.ar\/2021\/el-turista-viene-a-disfrutar-del-destino-y-tenemos-que-estar-a-nivel-de-su-demanda-martin-olhaberry\/","og_locale":"es_ES","og_type":"article","og_title":"\"El turista viene a disfrutar del destino y tenemos que estar a nivel de su demanda\" Mart\u00edn Olhaberry. - Noticias Radio Reflejos","og_description":"Trabajando a full, con la temporada veraniega en marcha, el Subsecretario de Turismo de Tornquist Municipio, Mart\u00edn Olhaberry pas\u00f3 por los estudios de FM Reflejos, para describir e informar\u00a0las estad\u00edstica que llevan desde la cartera, en relaci\u00f3n a la afluencia de turistas a la comarca y qu\u00e9 resultados esperan para los meses de enero y [&hellip;]","og_url":"https:\/\/www.noticiasradioreflejos.com.ar\/2021\/el-turista-viene-a-disfrutar-del-destino-y-tenemos-que-estar-a-nivel-de-su-demanda-martin-olhaberry\/","og_site_name":"Noticias Radio Reflejos","article_published_time":"2020-01-03T16:20:56+00:00","og_image":[{"width":1024,"height":768,"url":"https:\/\/www.noticiasradioreflejos.com.ar\/2021\/wp-content\/uploads\/2017\/04\/IMG_20170414_161600021-2.jpg","type":"image\/jpeg"}],"author":"Arnaldo Botto","twitter_card":"summary_large_image","schema":{"@context":"https:\/\/schema.org","@graph":[{"@type":"WebPage","@id":"https:\/\/www.noticiasradioreflejos.com.ar\/2021\/el-turista-viene-a-disfrutar-del-destino-y-tenemos-que-estar-a-nivel-de-su-demanda-martin-olhaberry\/","url":"https:\/\/www.noticiasradioreflejos.com.ar\/2021\/el-turista-viene-a-disfrutar-del-destino-y-tenemos-que-estar-a-nivel-de-su-demanda-martin-olhaberry\/","name":"\"El turista viene a disfrutar del destino y tenemos que estar a nivel de su demanda\" Mart\u00edn Olhaberry. - Noticias Radio Reflejos","isPartOf":{"@id":"https:\/\/www.noticiasradioreflejos.com.ar\/2021\/#website"},"primaryImageOfPage":{"@id":"https:\/\/www.noticiasradioreflejos.com.ar\/2021\/el-turista-viene-a-disfrutar-del-destino-y-tenemos-que-estar-a-nivel-de-su-demanda-martin-olhaberry\/#primaryimage"},"image":{"@id":"https:\/\/www.noticiasradioreflejos.com.ar\/2021\/el-turista-viene-a-disfrutar-del-destino-y-tenemos-que-estar-a-nivel-de-su-demanda-martin-olhaberry\/#primaryimage"},"thumbnailUrl":"https:\/\/www.noticiasradioreflejos.com.ar\/2021\/wp-content\/uploads\/2017\/04\/IMG_20170414_161600021-2.jpg","datePublished":"2020-01-03T16:20:56+00:00","author":{"@id":"https:\/\/www.noticiasradioreflejos.com.ar\/2021\/#\/schema\/person\/ad82545263dcc5ec0996818884fd5fb1"},"breadcrumb":{"@id":"https:\/\/www.noticiasradioreflejos.com.ar\/2021\/el-turista-viene-a-disfrutar-del-destino-y-tenemos-que-estar-a-nivel-de-su-demanda-martin-olhaberry\/#breadcrumb"},"inLanguage":"es","potentialAction":[{"@type":"ReadAction","target":["https:\/\/www.noticiasradioreflejos.com.ar\/2021\/el-turista-viene-a-disfrutar-del-destino-y-tenemos-que-estar-a-nivel-de-su-demanda-martin-olhaberry\/"]}]},{"@type":"ImageObject","inLanguage":"es","@id":"https:\/\/www.noticiasradioreflejos.com.ar\/2021\/el-turista-viene-a-disfrutar-del-destino-y-tenemos-que-estar-a-nivel-de-su-demanda-martin-olhaberry\/#primaryimage","url":"https:\/\/www.noticiasradioreflejos.com.ar\/2021\/wp-content\/uploads\/2017\/04\/IMG_20170414_161600021-2.jpg","contentUrl":"https:\/\/www.noticiasradioreflejos.com.ar\/2021\/wp-content\/uploads\/2017\/04\/IMG_20170414_161600021-2.jpg","width":1024,"height":768},{"@type":"BreadcrumbList","@id":"https:\/\/www.noticiasradioreflejos.com.ar\/2021\/el-turista-viene-a-disfrutar-del-destino-y-tenemos-que-estar-a-nivel-de-su-demanda-martin-olhaberry\/#breadcrumb","itemListElement":[{"@type":"ListItem","position":1,"name":"Portada","item":"https:\/\/www.noticiasradioreflejos.com.ar\/2021\/"},{"@type":"ListItem","position":2,"name":"\u00abEl turista viene a disfrutar del destino y tenemos que estar a nivel de su demanda\u00bb Mart\u00edn Olhaberry."}]},{"@type":"WebSite","@id":"https:\/\/www.noticiasradioreflejos.com.ar\/2021\/#website","url":"https:\/\/www.noticiasradioreflejos.com.ar\/2021\/","name":"Noticias Radio Reflejos","description":"Las noticias de mi comarca","potentialAction":[{"@type":"SearchAction","target":{"@type":"EntryPoint","urlTemplate":"https:\/\/www.noticiasradioreflejos.com.ar\/2021\/?s={search_term_string}"},"query-input":{"@type":"PropertyValueSpecification","valueRequired":true,"valueName":"search_term_string"}}],"inLanguage":"es"},{"@type":"Person","@id":"https:\/\/www.noticiasradioreflejos.com.ar\/2021\/#\/schema\/person\/ad82545263dcc5ec0996818884fd5fb1","name":"Arnaldo Botto","image":{"@type":"ImageObject","inLanguage":"es","@id":"https:\/\/www.noticiasradioreflejos.com.ar\/2021\/#\/schema\/person\/image\/","url":"https:\/\/secure.gravatar.com\/avatar\/55cb5e37c1efa326397366e6974cb338056df65cb50e7d64d1cf314e87504837?s=96&d=mm&r=g","contentUrl":"https:\/\/secure.gravatar.com\/avatar\/55cb5e37c1efa326397366e6974cb338056df65cb50e7d64d1cf314e87504837?s=96&d=mm&r=g","caption":"Arnaldo Botto"},"url":"https:\/\/www.noticiasradioreflejos.com.ar\/2021\/author\/arnaldo\/"}]}},"_links":{"self":[{"href":"https:\/\/www.noticiasradioreflejos.com.ar\/2021\/wp-json\/wp\/v2\/posts\/37623","targetHints":{"allow":["GET"]}}],"collection":[{"href":"https:\/\/www.noticiasradioreflejos.com.ar\/2021\/wp-json\/wp\/v2\/posts"}],"about":[{"href":"https:\/\/www.noticiasradioreflejos.com.ar\/2021\/wp-json\/wp\/v2\/types\/post"}],"author":[{"embeddable":true,"href":"https:\/\/www.noticiasradioreflejos.com.ar\/2021\/wp-json\/wp\/v2\/users\/3"}],"replies":[{"embeddable":true,"href":"https:\/\/www.noticiasradioreflejos.com.ar\/2021\/wp-json\/wp\/v2\/comments?post=37623"}],"version-history":[{"count":0,"href":"https:\/\/www.noticiasradioreflejos.com.ar\/2021\/wp-json\/wp\/v2\/posts\/37623\/revisions"}],"wp:featuredmedia":[{"embeddable":true,"href":"https:\/\/www.noticiasradioreflejos.com.ar\/2021\/wp-json\/wp\/v2\/media\/9152"}],"wp:attachment":[{"href":"https:\/\/www.noticiasradioreflejos.com.ar\/2021\/wp-json\/wp\/v2\/media?parent=37623"}],"wp:term":[{"taxonomy":"category","embeddable":true,"href":"https:\/\/www.noticiasradioreflejos.com.ar\/2021\/wp-json\/wp\/v2\/categories?post=37623"},{"taxonomy":"post_tag","embeddable":true,"href":"https:\/\/www.noticiasradioreflejos.com.ar\/2021\/wp-json\/wp\/v2\/tags?post=37623"}],"curies":[{"name":"wp","href":"https:\/\/api.w.org\/{rel}","templated":true}]}}