{"id":37594,"date":"2020-01-03T08:28:02","date_gmt":"2020-01-03T11:28:02","guid":{"rendered":"http:\/\/www.noticiasradioreflejos.com.ar\/noticias\/?p=37594"},"modified":"2020-01-03T08:28:02","modified_gmt":"2020-01-03T11:28:02","slug":"aprobaron-por-mayoria-el-codigo-tributario-y-el-presupuesto-2020","status":"publish","type":"post","link":"https:\/\/www.noticiasradioreflejos.com.ar\/2021\/aprobaron-por-mayoria-el-codigo-tributario-y-el-presupuesto-2020\/","title":{"rendered":"Aprobaron por mayor\u00eda el c\u00f3digo tributario y el presupuesto 2020"},"content":{"rendered":"<p><a title=\"110_28ba_DSC_0013Z1280x768_1578050241.jpg_1152\" href=\"http:\/\/live.staticflickr.com\/65535\/49321352241_bc49f718a8_s.jpg\" rel=\"\"><img loading=\"lazy\" decoding=\"async\" class=\"alignleft\" style=\"float: left;\" title=\"110_28ba_DSC_0013Z1280x768_1578050241.jpg_1152\" src=\"http:\/\/live.staticflickr.com\/65535\/49321352241_bc49f718a8.jpg\" alt=\"110_28ba_DSC_0013Z1280x768_1578050241.jpg_1152\" width=\"500\" height=\"333\" \/><\/a>La oposici\u00f3n rechaz\u00f3 el aumento de tasas y pidi\u00f3 una pr\u00f3rroga para analizar m\u00e1s en profundidad el expediente pero su pedido no prosper\u00f3. Bordoni estuvo en la sesi\u00f3n reci\u00e9n llegado desde La Plata. Cristian Raising reemplaz\u00f3 a Federico Labarthe en la presidencia.<!--more--><br \/>\nLa aprobaci\u00f3n por mayor\u00eda del c\u00f3digo tributario y el presupuesto 2020 fueron las noticias positivas para el Intendente municipal Sergio Bordoni y parte de su gabinete que estuvo presente durante la noche de este jueves.<br \/>\nComo hab\u00eda ocurrido en la sesi\u00f3n preparatoria, en primer lugar se realiz\u00f3 el tratamiento del C\u00f3digo Tributario con la presencia de los mayores contribuyentes y fue aprobado por mayor\u00eda debido a que el Frente de Todos y FJC rechazaron y no estuvieron de acuerdo con el aumento de tasas de hasta un 100% por ejemplo en el agua, como as\u00ed tambi\u00e9n del Servicio P\u00fablico Urbano(Antes Abl) de alrededor del 60%(Art 48,49 y 60) y el art\u00edculo 117 por incrementos en tasas de comercios y alojamientos tur\u00edsticos.<\/p>\n<p>Participaron como mayores contribuyentes Hugo De Larena,Raquel Donnari, Alejandro Fagundez,Ricardo Gonda,Walter Hoerr,Edgardo laborde y Adriana Muscillo(Todos ppor Juntos por el Cambio). Lo hicieron adem\u00e1s por el Frente de Todos y FJC, Jos\u00e9 Chaure, Jorge Canolik,Marcela Andriollo y Marcelo Perez.<\/p>\n<p><a title=\"110_5c7e_DSC_0008Z1280x768_1578050235.jpg_1152\" href=\"http:\/\/live.staticflickr.com\/65535\/49321352326_e7298d91bc_s.jpg\" rel=\"\"><img loading=\"lazy\" decoding=\"async\" class=\"alignleft\" style=\"float: left;\" title=\"110_5c7e_DSC_0008Z1280x768_1578050235.jpg_1152\" src=\"http:\/\/live.staticflickr.com\/65535\/49321352326_e7298d91bc.jpg\" alt=\"110_5c7e_DSC_0008Z1280x768_1578050235.jpg_1152\" width=\"500\" height=\"333\" \/><\/a>Luego de un per\u00edodo despu\u00e9s de la hora 22 se dio tratamiento al presupuesto. De antemano el Intendente municipal Sergio Bordoni, reci\u00e9n llegado desde La Plata, mantuvo un encuentro con los Concejales para explicarle los detalles de la reuni\u00f3n con el gobernador Axel Kicillof y le pidi\u00f3 el acompa\u00f1amiento para tener la herramienta presupuestaria durante el a\u00f1o.<\/p>\n<p>Al respecto se presentaron dos dict\u00e1menes de las comisiones. El primero del bloque de Juntos por el Cambio y Cambiemos en el que aconsejaron aprobar el proyecto de Ordenanza con una modificaci\u00f3n en el art\u00edculo 13, el que qued\u00f3 redactado de la siguiente manera:<\/p>\n<p>\u201cEstabl\u00e9zcase una bonificaci\u00f3n especial de car\u00e1cter remunerativa equivalente al 20%, sobre el sueldo b\u00e1sico del Subsecretario de Servicios especiales Urbanos y del 10% sobre el sueldo b\u00e1sico del Secretario de Salud y Subsecretaria Administrativa de Salud, Subsecretario de Bromatolog\u00eda y Director del \u00e1rea de salud\u201d. El mismo fue aprobado por mayor\u00eda.<\/p>\n<p>Por su parte el Frente de Todos y FJC, redactaron \u201cDada la incidencia que tiene el presupuesto provincial en las arcas municipales y desconociendo a\u00fan los n\u00fameros estimados de la provincia, nos resulta apresurado el tratamiento del mismo, incluso al no contar con informaci\u00f3n precisa para poder clarificar con seriedad y transparencia el c\u00e1lculo de recursos local. Nos resulta necesario destacar que no se encuentra contemplado en la escala salarial, ning\u00fan aumento para los empleados municipales pero sin embargo se establece una modificaci\u00f3n mensual del 10% y 20% para algunos miembros del ejecutivo. Por lo expuesto solicitamos la pr\u00f3rroga del tratamiento del expediente 233\/19, hasta la aprobaci\u00f3n del presupuesto de la provincia de Buenos Aires\u201d, este pedido no tuvo eco ya que por la mayor\u00eda del oficialismo se impuso el primer dictamen que dio la aprobaci\u00f3n al mismo.<\/p>\n<p><strong>Sobre la salida de Federico Labarthe de la presidencia <\/strong><\/p>\n<p>La sesi\u00f3n en otro contexto tuvo un giro inesperado ya que dej\u00f3 su banca por el t\u00e9rmino de dos meses, seg\u00fan la licencia pedida, qui\u00e9n hab\u00eda asumido el rol de Presidente del HCD, el concejal Federico Labarthe quien fuera denunciado en el INTA, donde desempe\u00f1a tareas por incompatibilidad de cargos. Debido a ello el funcionario solicit\u00f3 la licencia correspondiente hasta que su caso se resuelva.<\/p>\n<p>En ese sentido asumi\u00f3 la presidencia el concejal Cristian Raising y como Secretaria Silvia Pessolani . En el caso de Eli Nori asumi\u00f3 como concejal, jurando en la primera sesi\u00f3n.<\/p>\n<p>Hubo opiniones luego de la sesi\u00f3n que compartimos en audios<\/p>\n<p><iframe loading=\"lazy\" src=\"https:\/\/w.soundcloud.com\/player\/?url=https%3A\/\/api.soundcloud.com\/tracks\/737808658&amp;color=%23ff5500&amp;auto_play=false&amp;hide_related=false&amp;show_comments=true&amp;show_user=true&amp;show_reposts=false&amp;show_teaser=true\" width=\"100%\" height=\"166\" frameborder=\"no\" scrolling=\"no\"><\/iframe><\/p>\n<p><iframe loading=\"lazy\" src=\"https:\/\/w.soundcloud.com\/player\/?url=https%3A\/\/api.soundcloud.com\/tracks\/737805718&amp;color=%23ff5500&amp;auto_play=false&amp;hide_related=false&amp;show_comments=true&amp;show_user=true&amp;show_reposts=false&amp;show_teaser=true\" width=\"100%\" height=\"166\" frameborder=\"no\" scrolling=\"no\"><\/iframe><\/p>\n<p><iframe loading=\"lazy\" src=\"https:\/\/w.soundcloud.com\/player\/?url=https%3A\/\/api.soundcloud.com\/tracks\/737806042&amp;color=%23ff5500&amp;auto_play=false&amp;hide_related=false&amp;show_comments=true&amp;show_user=true&amp;show_reposts=false&amp;show_teaser=true\" width=\"100%\" height=\"166\" frameborder=\"no\" scrolling=\"no\"><\/iframe><\/p>\n<p><iframe loading=\"lazy\" src=\"https:\/\/w.soundcloud.com\/player\/?url=https%3A\/\/api.soundcloud.com\/tracks\/737806273&amp;color=%23ff5500&amp;auto_play=false&amp;hide_related=false&amp;show_comments=true&amp;show_user=true&amp;show_reposts=false&amp;show_teaser=true\" width=\"100%\" height=\"166\" frameborder=\"no\" scrolling=\"no\"><\/iframe><\/p>\n<p><a title=\"110_24d9_DSC_0009Z1280x768_1578050236.jpg_1152\" href=\"http:\/\/live.staticflickr.com\/65535\/49321352036_1452c9bc04_s.jpg\" rel=\"\"><img loading=\"lazy\" decoding=\"async\" class=\"aligncenter\" title=\"110_24d9_DSC_0009Z1280x768_1578050236.jpg_1152\" src=\"http:\/\/live.staticflickr.com\/65535\/49321352036_1452c9bc04_z.jpg\" alt=\"110_24d9_DSC_0009Z1280x768_1578050236.jpg_1152\" width=\"640\" height=\"427\" \/><\/a><a title=\"110_24b2_DSC_0010Z1280x768_1578050238.jpg_1152\" href=\"http:\/\/live.staticflickr.com\/65535\/49321566552_2858bcc211_s.jpg\" rel=\"\"><img loading=\"lazy\" decoding=\"async\" class=\"aligncenter\" title=\"110_24b2_DSC_0010Z1280x768_1578050238.jpg_1152\" src=\"http:\/\/live.staticflickr.com\/65535\/49321566552_2858bcc211_z.jpg\" alt=\"110_24b2_DSC_0010Z1280x768_1578050238.jpg_1152\" width=\"640\" height=\"427\" \/><\/a><\/p>\n","protected":false},"excerpt":{"rendered":"<p>La oposici\u00f3n rechaz\u00f3 el aumento de tasas y pidi\u00f3 una pr\u00f3rroga para analizar m\u00e1s en profundidad el expediente pero su pedido no prosper\u00f3. Bordoni estuvo en la sesi\u00f3n reci\u00e9n llegado desde La Plata. Cristian Raising reemplaz\u00f3 a Federico Labarthe en la presidencia.<\/p>\n","protected":false},"author":3,"featured_media":0,"comment_status":"closed","ping_status":"open","sticky":false,"template":"","format":"standard","meta":{"footnotes":""},"categories":[28],"tags":[],"class_list":["post-37594","post","type-post","status-publish","format-standard","hentry","category-municipales"],"yoast_head":"<!-- This site is optimized with the Yoast SEO plugin v25.9 - https:\/\/yoast.com\/wordpress\/plugins\/seo\/ -->\n<title>Aprobaron por mayor\u00eda el c\u00f3digo tributario y el presupuesto 2020 - Noticias Radio Reflejos<\/title>\n<meta name=\"robots\" content=\"index, follow, max-snippet:-1, max-image-preview:large, max-video-preview:-1\" \/>\n<link rel=\"canonical\" href=\"https:\/\/www.noticiasradioreflejos.com.ar\/2021\/aprobaron-por-mayoria-el-codigo-tributario-y-el-presupuesto-2020\/\" \/>\n<meta property=\"og:locale\" content=\"es_ES\" \/>\n<meta property=\"og:type\" content=\"article\" \/>\n<meta property=\"og:title\" content=\"Aprobaron por mayor\u00eda el c\u00f3digo tributario y el presupuesto 2020 - Noticias Radio Reflejos\" \/>\n<meta property=\"og:description\" content=\"La oposici\u00f3n rechaz\u00f3 el aumento de tasas y pidi\u00f3 una pr\u00f3rroga para analizar m\u00e1s en profundidad el expediente pero su pedido no prosper\u00f3. Bordoni estuvo en la sesi\u00f3n reci\u00e9n llegado desde La Plata. Cristian Raising reemplaz\u00f3 a Federico Labarthe en la presidencia.\" \/>\n<meta property=\"og:url\" content=\"https:\/\/www.noticiasradioreflejos.com.ar\/2021\/aprobaron-por-mayoria-el-codigo-tributario-y-el-presupuesto-2020\/\" \/>\n<meta property=\"og:site_name\" content=\"Noticias Radio Reflejos\" \/>\n<meta property=\"article:published_time\" content=\"2020-01-03T11:28:02+00:00\" \/>\n<meta property=\"og:image\" content=\"http:\/\/live.staticflickr.com\/65535\/49321352241_bc49f718a8.jpg\" \/>\n<meta name=\"author\" content=\"Arnaldo Botto\" \/>\n<meta name=\"twitter:card\" content=\"summary_large_image\" \/>\n<script type=\"application\/ld+json\" class=\"yoast-schema-graph\">{\"@context\":\"https:\/\/schema.org\",\"@graph\":[{\"@type\":\"WebPage\",\"@id\":\"https:\/\/www.noticiasradioreflejos.com.ar\/2021\/aprobaron-por-mayoria-el-codigo-tributario-y-el-presupuesto-2020\/\",\"url\":\"https:\/\/www.noticiasradioreflejos.com.ar\/2021\/aprobaron-por-mayoria-el-codigo-tributario-y-el-presupuesto-2020\/\",\"name\":\"Aprobaron por mayor\u00eda el c\u00f3digo tributario y el presupuesto 2020 - Noticias Radio Reflejos\",\"isPartOf\":{\"@id\":\"https:\/\/www.noticiasradioreflejos.com.ar\/2021\/#website\"},\"primaryImageOfPage\":{\"@id\":\"https:\/\/www.noticiasradioreflejos.com.ar\/2021\/aprobaron-por-mayoria-el-codigo-tributario-y-el-presupuesto-2020\/#primaryimage\"},\"image\":{\"@id\":\"https:\/\/www.noticiasradioreflejos.com.ar\/2021\/aprobaron-por-mayoria-el-codigo-tributario-y-el-presupuesto-2020\/#primaryimage\"},\"thumbnailUrl\":\"http:\/\/live.staticflickr.com\/65535\/49321352241_bc49f718a8.jpg\",\"datePublished\":\"2020-01-03T11:28:02+00:00\",\"author\":{\"@id\":\"https:\/\/www.noticiasradioreflejos.com.ar\/2021\/#\/schema\/person\/ad82545263dcc5ec0996818884fd5fb1\"},\"breadcrumb\":{\"@id\":\"https:\/\/www.noticiasradioreflejos.com.ar\/2021\/aprobaron-por-mayoria-el-codigo-tributario-y-el-presupuesto-2020\/#breadcrumb\"},\"inLanguage\":\"es\",\"potentialAction\":[{\"@type\":\"ReadAction\",\"target\":[\"https:\/\/www.noticiasradioreflejos.com.ar\/2021\/aprobaron-por-mayoria-el-codigo-tributario-y-el-presupuesto-2020\/\"]}]},{\"@type\":\"ImageObject\",\"inLanguage\":\"es\",\"@id\":\"https:\/\/www.noticiasradioreflejos.com.ar\/2021\/aprobaron-por-mayoria-el-codigo-tributario-y-el-presupuesto-2020\/#primaryimage\",\"url\":\"http:\/\/live.staticflickr.com\/65535\/49321352241_bc49f718a8.jpg\",\"contentUrl\":\"http:\/\/live.staticflickr.com\/65535\/49321352241_bc49f718a8.jpg\"},{\"@type\":\"BreadcrumbList\",\"@id\":\"https:\/\/www.noticiasradioreflejos.com.ar\/2021\/aprobaron-por-mayoria-el-codigo-tributario-y-el-presupuesto-2020\/#breadcrumb\",\"itemListElement\":[{\"@type\":\"ListItem\",\"position\":1,\"name\":\"Portada\",\"item\":\"https:\/\/www.noticiasradioreflejos.com.ar\/2021\/\"},{\"@type\":\"ListItem\",\"position\":2,\"name\":\"Aprobaron por mayor\u00eda el c\u00f3digo tributario y el presupuesto 2020\"}]},{\"@type\":\"WebSite\",\"@id\":\"https:\/\/www.noticiasradioreflejos.com.ar\/2021\/#website\",\"url\":\"https:\/\/www.noticiasradioreflejos.com.ar\/2021\/\",\"name\":\"Noticias Radio Reflejos\",\"description\":\"Las noticias de mi comarca\",\"potentialAction\":[{\"@type\":\"SearchAction\",\"target\":{\"@type\":\"EntryPoint\",\"urlTemplate\":\"https:\/\/www.noticiasradioreflejos.com.ar\/2021\/?s={search_term_string}\"},\"query-input\":{\"@type\":\"PropertyValueSpecification\",\"valueRequired\":true,\"valueName\":\"search_term_string\"}}],\"inLanguage\":\"es\"},{\"@type\":\"Person\",\"@id\":\"https:\/\/www.noticiasradioreflejos.com.ar\/2021\/#\/schema\/person\/ad82545263dcc5ec0996818884fd5fb1\",\"name\":\"Arnaldo Botto\",\"image\":{\"@type\":\"ImageObject\",\"inLanguage\":\"es\",\"@id\":\"https:\/\/www.noticiasradioreflejos.com.ar\/2021\/#\/schema\/person\/image\/\",\"url\":\"https:\/\/secure.gravatar.com\/avatar\/55cb5e37c1efa326397366e6974cb338056df65cb50e7d64d1cf314e87504837?s=96&d=mm&r=g\",\"contentUrl\":\"https:\/\/secure.gravatar.com\/avatar\/55cb5e37c1efa326397366e6974cb338056df65cb50e7d64d1cf314e87504837?s=96&d=mm&r=g\",\"caption\":\"Arnaldo Botto\"},\"url\":\"https:\/\/www.noticiasradioreflejos.com.ar\/2021\/author\/arnaldo\/\"}]}<\/script>\n<!-- \/ Yoast SEO plugin. -->","yoast_head_json":{"title":"Aprobaron por mayor\u00eda el c\u00f3digo tributario y el presupuesto 2020 - Noticias Radio Reflejos","robots":{"index":"index","follow":"follow","max-snippet":"max-snippet:-1","max-image-preview":"max-image-preview:large","max-video-preview":"max-video-preview:-1"},"canonical":"https:\/\/www.noticiasradioreflejos.com.ar\/2021\/aprobaron-por-mayoria-el-codigo-tributario-y-el-presupuesto-2020\/","og_locale":"es_ES","og_type":"article","og_title":"Aprobaron por mayor\u00eda el c\u00f3digo tributario y el presupuesto 2020 - Noticias Radio Reflejos","og_description":"La oposici\u00f3n rechaz\u00f3 el aumento de tasas y pidi\u00f3 una pr\u00f3rroga para analizar m\u00e1s en profundidad el expediente pero su pedido no prosper\u00f3. Bordoni estuvo en la sesi\u00f3n reci\u00e9n llegado desde La Plata. Cristian Raising reemplaz\u00f3 a Federico Labarthe en la presidencia.","og_url":"https:\/\/www.noticiasradioreflejos.com.ar\/2021\/aprobaron-por-mayoria-el-codigo-tributario-y-el-presupuesto-2020\/","og_site_name":"Noticias Radio Reflejos","article_published_time":"2020-01-03T11:28:02+00:00","og_image":[{"url":"http:\/\/live.staticflickr.com\/65535\/49321352241_bc49f718a8.jpg","type":"","width":"","height":""}],"author":"Arnaldo Botto","twitter_card":"summary_large_image","schema":{"@context":"https:\/\/schema.org","@graph":[{"@type":"WebPage","@id":"https:\/\/www.noticiasradioreflejos.com.ar\/2021\/aprobaron-por-mayoria-el-codigo-tributario-y-el-presupuesto-2020\/","url":"https:\/\/www.noticiasradioreflejos.com.ar\/2021\/aprobaron-por-mayoria-el-codigo-tributario-y-el-presupuesto-2020\/","name":"Aprobaron por mayor\u00eda el c\u00f3digo tributario y el presupuesto 2020 - Noticias Radio Reflejos","isPartOf":{"@id":"https:\/\/www.noticiasradioreflejos.com.ar\/2021\/#website"},"primaryImageOfPage":{"@id":"https:\/\/www.noticiasradioreflejos.com.ar\/2021\/aprobaron-por-mayoria-el-codigo-tributario-y-el-presupuesto-2020\/#primaryimage"},"image":{"@id":"https:\/\/www.noticiasradioreflejos.com.ar\/2021\/aprobaron-por-mayoria-el-codigo-tributario-y-el-presupuesto-2020\/#primaryimage"},"thumbnailUrl":"http:\/\/live.staticflickr.com\/65535\/49321352241_bc49f718a8.jpg","datePublished":"2020-01-03T11:28:02+00:00","author":{"@id":"https:\/\/www.noticiasradioreflejos.com.ar\/2021\/#\/schema\/person\/ad82545263dcc5ec0996818884fd5fb1"},"breadcrumb":{"@id":"https:\/\/www.noticiasradioreflejos.com.ar\/2021\/aprobaron-por-mayoria-el-codigo-tributario-y-el-presupuesto-2020\/#breadcrumb"},"inLanguage":"es","potentialAction":[{"@type":"ReadAction","target":["https:\/\/www.noticiasradioreflejos.com.ar\/2021\/aprobaron-por-mayoria-el-codigo-tributario-y-el-presupuesto-2020\/"]}]},{"@type":"ImageObject","inLanguage":"es","@id":"https:\/\/www.noticiasradioreflejos.com.ar\/2021\/aprobaron-por-mayoria-el-codigo-tributario-y-el-presupuesto-2020\/#primaryimage","url":"http:\/\/live.staticflickr.com\/65535\/49321352241_bc49f718a8.jpg","contentUrl":"http:\/\/live.staticflickr.com\/65535\/49321352241_bc49f718a8.jpg"},{"@type":"BreadcrumbList","@id":"https:\/\/www.noticiasradioreflejos.com.ar\/2021\/aprobaron-por-mayoria-el-codigo-tributario-y-el-presupuesto-2020\/#breadcrumb","itemListElement":[{"@type":"ListItem","position":1,"name":"Portada","item":"https:\/\/www.noticiasradioreflejos.com.ar\/2021\/"},{"@type":"ListItem","position":2,"name":"Aprobaron por mayor\u00eda el c\u00f3digo tributario y el presupuesto 2020"}]},{"@type":"WebSite","@id":"https:\/\/www.noticiasradioreflejos.com.ar\/2021\/#website","url":"https:\/\/www.noticiasradioreflejos.com.ar\/2021\/","name":"Noticias Radio Reflejos","description":"Las noticias de mi comarca","potentialAction":[{"@type":"SearchAction","target":{"@type":"EntryPoint","urlTemplate":"https:\/\/www.noticiasradioreflejos.com.ar\/2021\/?s={search_term_string}"},"query-input":{"@type":"PropertyValueSpecification","valueRequired":true,"valueName":"search_term_string"}}],"inLanguage":"es"},{"@type":"Person","@id":"https:\/\/www.noticiasradioreflejos.com.ar\/2021\/#\/schema\/person\/ad82545263dcc5ec0996818884fd5fb1","name":"Arnaldo Botto","image":{"@type":"ImageObject","inLanguage":"es","@id":"https:\/\/www.noticiasradioreflejos.com.ar\/2021\/#\/schema\/person\/image\/","url":"https:\/\/secure.gravatar.com\/avatar\/55cb5e37c1efa326397366e6974cb338056df65cb50e7d64d1cf314e87504837?s=96&d=mm&r=g","contentUrl":"https:\/\/secure.gravatar.com\/avatar\/55cb5e37c1efa326397366e6974cb338056df65cb50e7d64d1cf314e87504837?s=96&d=mm&r=g","caption":"Arnaldo Botto"},"url":"https:\/\/www.noticiasradioreflejos.com.ar\/2021\/author\/arnaldo\/"}]}},"_links":{"self":[{"href":"https:\/\/www.noticiasradioreflejos.com.ar\/2021\/wp-json\/wp\/v2\/posts\/37594","targetHints":{"allow":["GET"]}}],"collection":[{"href":"https:\/\/www.noticiasradioreflejos.com.ar\/2021\/wp-json\/wp\/v2\/posts"}],"about":[{"href":"https:\/\/www.noticiasradioreflejos.com.ar\/2021\/wp-json\/wp\/v2\/types\/post"}],"author":[{"embeddable":true,"href":"https:\/\/www.noticiasradioreflejos.com.ar\/2021\/wp-json\/wp\/v2\/users\/3"}],"replies":[{"embeddable":true,"href":"https:\/\/www.noticiasradioreflejos.com.ar\/2021\/wp-json\/wp\/v2\/comments?post=37594"}],"version-history":[{"count":0,"href":"https:\/\/www.noticiasradioreflejos.com.ar\/2021\/wp-json\/wp\/v2\/posts\/37594\/revisions"}],"wp:attachment":[{"href":"https:\/\/www.noticiasradioreflejos.com.ar\/2021\/wp-json\/wp\/v2\/media?parent=37594"}],"wp:term":[{"taxonomy":"category","embeddable":true,"href":"https:\/\/www.noticiasradioreflejos.com.ar\/2021\/wp-json\/wp\/v2\/categories?post=37594"},{"taxonomy":"post_tag","embeddable":true,"href":"https:\/\/www.noticiasradioreflejos.com.ar\/2021\/wp-json\/wp\/v2\/tags?post=37594"}],"curies":[{"name":"wp","href":"https:\/\/api.w.org\/{rel}","templated":true}]}}