{"id":37590,"date":"2020-01-02T17:38:21","date_gmt":"2020-01-02T20:38:21","guid":{"rendered":"http:\/\/www.noticiasradioreflejos.com.ar\/noticias\/?p=37590"},"modified":"2020-01-02T17:38:21","modified_gmt":"2020-01-02T20:38:21","slug":"kicillof-recibio-a-intendentes-de-cambiemos-para-destrabar-la-reforma-impositiva-bordoni-participo-de-la-reunion","status":"publish","type":"post","link":"https:\/\/www.noticiasradioreflejos.com.ar\/2021\/kicillof-recibio-a-intendentes-de-cambiemos-para-destrabar-la-reforma-impositiva-bordoni-participo-de-la-reunion\/","title":{"rendered":"Kicillof recibi\u00f3 a intendentes de Cambiemos para destrabar la reforma impositiva. Bordoni particip\u00f3 de la reuni\u00f3n."},"content":{"rendered":"<p>\u00abFue una reuni\u00f3n muy constructiva\u00bb, mencion\u00f3 el gobernador tras el encuentro. La pr\u00f3xima semana volver\u00e1 a intentar avanzar con el proyecto.<br \/>\nEn un d\u00eda clave para la reforma impositiva en Provincia, Axel Kicillof recibi\u00f3 a los intendentes de Juntos por el Cambio para tratar de destrabar el proyecto, que est\u00e1 empantanado por la falta de acuerdo pol\u00edtico entre el oficialismo y la oposici\u00f3n.<!--more--><br \/>\nLa reuni\u00f3n se desarroll\u00f3 en la sede de la gobernaci\u00f3n en La Plata, y se prev\u00e9n \u00abgestos\u00bb del mandatario bonaerense a los intendentes para conseguir el respaldo necesario para avanzar con la iniciativa. Como la baja \u00abvirtual\u00bb del aumento del 75% en una de las al\u00edcuotas en el Inmobiliario Urbano y la decisi\u00f3n de no quedarse con el 20% de la recaudaci\u00f3n de las patentes de veh\u00edculos modelo 2009.<br \/>\nEl encuentro se produjo luego de la frustrada sesi\u00f3n de la semana pasada en el Senado bonaerense luego de que Juntos por el Cambio, el principal bloque opositor, no diera qu\u00f3rum por considerarlo un \u00abimpuestazo\u00bb. Con la propuesta estancada, el gobernador bonaerense est\u00e1 dispuesto a hacer concesiones para reflotarla y avanzar hasta lograr su sanci\u00f3n.<br \/>\nKicillof recibi\u00f3 a 12 jefes comunales de Juntos por el Cambio y otros representantes de distintos municipios, y tuvo una impresi\u00f3n cara a cara de los posicionamientos de los jefes territoriales opositores, en la previa a su nuevo intento de avanzar con el proyecto.<br \/>\nEl c\u00f3nclave comenz\u00f3 con un discurso de Kicillof, que hizo un pantallazo del estado en que se encuentran las finanzas de la provincia de Buenos Aires. Luego, plante\u00f3 la idea de mejorar la coordinaci\u00f3n entre la Gobernaci\u00f3n y los municipios y finalmente introdujo la cuesti\u00f3n de la ley impositiva.<br \/>\nEn relaci\u00f3n a la propuesta que Kicillof le hizo a los intendentes de rebaja en el Inmobiliario Urbano, se implementar\u00e1 mediante una compensaci\u00f3n por pagos adelantados u otras t\u00e9cnicas que alivien esa presi\u00f3n en la escala m\u00e1s alta de los propietarios.<br \/>\nEl propio gobernador habl\u00f3 de esta posibilidad en la conferencia de prensa que dio el viernes pasado, cuando dijo que los pagos adelantados para los que se encuentran en la c\u00faspide de la pir\u00e1mide tendr\u00edan un 20% de descuento en la factura. Las categor\u00edas m\u00e1s bajas de los Inmobiliarios pagar\u00edan 15% de actualizaci\u00f3n y las categor\u00edas superiores llegar\u00edan hasta 75%, de acuerdo al proyecto original. La alternativa incluir\u00eda una nueva actualizaci\u00f3n en la segmentaci\u00f3n que va desde el 15% hasta el 55% en la suba impositiva.<\/p>\n","protected":false},"excerpt":{"rendered":"<p>\u00abFue una reuni\u00f3n muy constructiva\u00bb, mencion\u00f3 el gobernador tras el encuentro. La pr\u00f3xima semana volver\u00e1 a intentar avanzar con el proyecto. En un d\u00eda clave para la reforma impositiva en Provincia, Axel Kicillof recibi\u00f3 a los intendentes de Juntos por el Cambio para tratar de destrabar el proyecto, que est\u00e1 empantanado por la falta de [&hellip;]<\/p>\n","protected":false},"author":3,"featured_media":0,"comment_status":"closed","ping_status":"open","sticky":false,"template":"","format":"standard","meta":{"footnotes":""},"categories":[24],"tags":[],"class_list":["post-37590","post","type-post","status-publish","format-standard","hentry","category-politica"],"yoast_head":"<!-- This site is optimized with the Yoast SEO plugin v25.9 - https:\/\/yoast.com\/wordpress\/plugins\/seo\/ -->\n<title>Kicillof recibi\u00f3 a intendentes de Cambiemos para destrabar la reforma impositiva. Bordoni particip\u00f3 de la reuni\u00f3n. - Noticias Radio Reflejos<\/title>\n<meta name=\"robots\" content=\"index, follow, max-snippet:-1, max-image-preview:large, max-video-preview:-1\" \/>\n<link rel=\"canonical\" href=\"https:\/\/www.noticiasradioreflejos.com.ar\/2021\/kicillof-recibio-a-intendentes-de-cambiemos-para-destrabar-la-reforma-impositiva-bordoni-participo-de-la-reunion\/\" \/>\n<meta property=\"og:locale\" content=\"es_ES\" \/>\n<meta property=\"og:type\" content=\"article\" \/>\n<meta property=\"og:title\" content=\"Kicillof recibi\u00f3 a intendentes de Cambiemos para destrabar la reforma impositiva. Bordoni particip\u00f3 de la reuni\u00f3n. - Noticias Radio Reflejos\" \/>\n<meta property=\"og:description\" content=\"\u00abFue una reuni\u00f3n muy constructiva\u00bb, mencion\u00f3 el gobernador tras el encuentro. La pr\u00f3xima semana volver\u00e1 a intentar avanzar con el proyecto. En un d\u00eda clave para la reforma impositiva en Provincia, Axel Kicillof recibi\u00f3 a los intendentes de Juntos por el Cambio para tratar de destrabar el proyecto, que est\u00e1 empantanado por la falta de [&hellip;]\" \/>\n<meta property=\"og:url\" content=\"https:\/\/www.noticiasradioreflejos.com.ar\/2021\/kicillof-recibio-a-intendentes-de-cambiemos-para-destrabar-la-reforma-impositiva-bordoni-participo-de-la-reunion\/\" \/>\n<meta property=\"og:site_name\" content=\"Noticias Radio Reflejos\" \/>\n<meta property=\"article:published_time\" content=\"2020-01-02T20:38:21+00:00\" \/>\n<meta property=\"og:image\" content=\"https:\/\/www.noticiasradioreflejos.com.ar\/2021\/wp-content\/uploads\/2021\/07\/logosol300x200.png\" \/>\n\t<meta property=\"og:image:width\" content=\"300\" \/>\n\t<meta property=\"og:image:height\" content=\"200\" \/>\n\t<meta property=\"og:image:type\" content=\"image\/png\" \/>\n<meta name=\"author\" content=\"Arnaldo Botto\" \/>\n<meta name=\"twitter:card\" content=\"summary_large_image\" \/>\n<script type=\"application\/ld+json\" class=\"yoast-schema-graph\">{\"@context\":\"https:\/\/schema.org\",\"@graph\":[{\"@type\":\"WebPage\",\"@id\":\"https:\/\/www.noticiasradioreflejos.com.ar\/2021\/kicillof-recibio-a-intendentes-de-cambiemos-para-destrabar-la-reforma-impositiva-bordoni-participo-de-la-reunion\/\",\"url\":\"https:\/\/www.noticiasradioreflejos.com.ar\/2021\/kicillof-recibio-a-intendentes-de-cambiemos-para-destrabar-la-reforma-impositiva-bordoni-participo-de-la-reunion\/\",\"name\":\"Kicillof recibi\u00f3 a intendentes de Cambiemos para destrabar la reforma impositiva. Bordoni particip\u00f3 de la reuni\u00f3n. - Noticias Radio Reflejos\",\"isPartOf\":{\"@id\":\"https:\/\/www.noticiasradioreflejos.com.ar\/2021\/#website\"},\"datePublished\":\"2020-01-02T20:38:21+00:00\",\"author\":{\"@id\":\"https:\/\/www.noticiasradioreflejos.com.ar\/2021\/#\/schema\/person\/ad82545263dcc5ec0996818884fd5fb1\"},\"breadcrumb\":{\"@id\":\"https:\/\/www.noticiasradioreflejos.com.ar\/2021\/kicillof-recibio-a-intendentes-de-cambiemos-para-destrabar-la-reforma-impositiva-bordoni-participo-de-la-reunion\/#breadcrumb\"},\"inLanguage\":\"es\",\"potentialAction\":[{\"@type\":\"ReadAction\",\"target\":[\"https:\/\/www.noticiasradioreflejos.com.ar\/2021\/kicillof-recibio-a-intendentes-de-cambiemos-para-destrabar-la-reforma-impositiva-bordoni-participo-de-la-reunion\/\"]}]},{\"@type\":\"BreadcrumbList\",\"@id\":\"https:\/\/www.noticiasradioreflejos.com.ar\/2021\/kicillof-recibio-a-intendentes-de-cambiemos-para-destrabar-la-reforma-impositiva-bordoni-participo-de-la-reunion\/#breadcrumb\",\"itemListElement\":[{\"@type\":\"ListItem\",\"position\":1,\"name\":\"Portada\",\"item\":\"https:\/\/www.noticiasradioreflejos.com.ar\/2021\/\"},{\"@type\":\"ListItem\",\"position\":2,\"name\":\"Kicillof recibi\u00f3 a intendentes de Cambiemos para destrabar la reforma impositiva. Bordoni particip\u00f3 de la reuni\u00f3n.\"}]},{\"@type\":\"WebSite\",\"@id\":\"https:\/\/www.noticiasradioreflejos.com.ar\/2021\/#website\",\"url\":\"https:\/\/www.noticiasradioreflejos.com.ar\/2021\/\",\"name\":\"Noticias Radio Reflejos\",\"description\":\"Las noticias de mi comarca\",\"potentialAction\":[{\"@type\":\"SearchAction\",\"target\":{\"@type\":\"EntryPoint\",\"urlTemplate\":\"https:\/\/www.noticiasradioreflejos.com.ar\/2021\/?s={search_term_string}\"},\"query-input\":{\"@type\":\"PropertyValueSpecification\",\"valueRequired\":true,\"valueName\":\"search_term_string\"}}],\"inLanguage\":\"es\"},{\"@type\":\"Person\",\"@id\":\"https:\/\/www.noticiasradioreflejos.com.ar\/2021\/#\/schema\/person\/ad82545263dcc5ec0996818884fd5fb1\",\"name\":\"Arnaldo Botto\",\"image\":{\"@type\":\"ImageObject\",\"inLanguage\":\"es\",\"@id\":\"https:\/\/www.noticiasradioreflejos.com.ar\/2021\/#\/schema\/person\/image\/\",\"url\":\"https:\/\/secure.gravatar.com\/avatar\/55cb5e37c1efa326397366e6974cb338056df65cb50e7d64d1cf314e87504837?s=96&d=mm&r=g\",\"contentUrl\":\"https:\/\/secure.gravatar.com\/avatar\/55cb5e37c1efa326397366e6974cb338056df65cb50e7d64d1cf314e87504837?s=96&d=mm&r=g\",\"caption\":\"Arnaldo Botto\"},\"url\":\"https:\/\/www.noticiasradioreflejos.com.ar\/2021\/author\/arnaldo\/\"}]}<\/script>\n<!-- \/ Yoast SEO plugin. -->","yoast_head_json":{"title":"Kicillof recibi\u00f3 a intendentes de Cambiemos para destrabar la reforma impositiva. Bordoni particip\u00f3 de la reuni\u00f3n. - Noticias Radio Reflejos","robots":{"index":"index","follow":"follow","max-snippet":"max-snippet:-1","max-image-preview":"max-image-preview:large","max-video-preview":"max-video-preview:-1"},"canonical":"https:\/\/www.noticiasradioreflejos.com.ar\/2021\/kicillof-recibio-a-intendentes-de-cambiemos-para-destrabar-la-reforma-impositiva-bordoni-participo-de-la-reunion\/","og_locale":"es_ES","og_type":"article","og_title":"Kicillof recibi\u00f3 a intendentes de Cambiemos para destrabar la reforma impositiva. Bordoni particip\u00f3 de la reuni\u00f3n. - Noticias Radio Reflejos","og_description":"\u00abFue una reuni\u00f3n muy constructiva\u00bb, mencion\u00f3 el gobernador tras el encuentro. La pr\u00f3xima semana volver\u00e1 a intentar avanzar con el proyecto. En un d\u00eda clave para la reforma impositiva en Provincia, Axel Kicillof recibi\u00f3 a los intendentes de Juntos por el Cambio para tratar de destrabar el proyecto, que est\u00e1 empantanado por la falta de [&hellip;]","og_url":"https:\/\/www.noticiasradioreflejos.com.ar\/2021\/kicillof-recibio-a-intendentes-de-cambiemos-para-destrabar-la-reforma-impositiva-bordoni-participo-de-la-reunion\/","og_site_name":"Noticias Radio Reflejos","article_published_time":"2020-01-02T20:38:21+00:00","og_image":[{"width":300,"height":200,"url":"https:\/\/www.noticiasradioreflejos.com.ar\/2021\/wp-content\/uploads\/2021\/07\/logosol300x200.png","type":"image\/png"}],"author":"Arnaldo Botto","twitter_card":"summary_large_image","schema":{"@context":"https:\/\/schema.org","@graph":[{"@type":"WebPage","@id":"https:\/\/www.noticiasradioreflejos.com.ar\/2021\/kicillof-recibio-a-intendentes-de-cambiemos-para-destrabar-la-reforma-impositiva-bordoni-participo-de-la-reunion\/","url":"https:\/\/www.noticiasradioreflejos.com.ar\/2021\/kicillof-recibio-a-intendentes-de-cambiemos-para-destrabar-la-reforma-impositiva-bordoni-participo-de-la-reunion\/","name":"Kicillof recibi\u00f3 a intendentes de Cambiemos para destrabar la reforma impositiva. Bordoni particip\u00f3 de la reuni\u00f3n. - Noticias Radio Reflejos","isPartOf":{"@id":"https:\/\/www.noticiasradioreflejos.com.ar\/2021\/#website"},"datePublished":"2020-01-02T20:38:21+00:00","author":{"@id":"https:\/\/www.noticiasradioreflejos.com.ar\/2021\/#\/schema\/person\/ad82545263dcc5ec0996818884fd5fb1"},"breadcrumb":{"@id":"https:\/\/www.noticiasradioreflejos.com.ar\/2021\/kicillof-recibio-a-intendentes-de-cambiemos-para-destrabar-la-reforma-impositiva-bordoni-participo-de-la-reunion\/#breadcrumb"},"inLanguage":"es","potentialAction":[{"@type":"ReadAction","target":["https:\/\/www.noticiasradioreflejos.com.ar\/2021\/kicillof-recibio-a-intendentes-de-cambiemos-para-destrabar-la-reforma-impositiva-bordoni-participo-de-la-reunion\/"]}]},{"@type":"BreadcrumbList","@id":"https:\/\/www.noticiasradioreflejos.com.ar\/2021\/kicillof-recibio-a-intendentes-de-cambiemos-para-destrabar-la-reforma-impositiva-bordoni-participo-de-la-reunion\/#breadcrumb","itemListElement":[{"@type":"ListItem","position":1,"name":"Portada","item":"https:\/\/www.noticiasradioreflejos.com.ar\/2021\/"},{"@type":"ListItem","position":2,"name":"Kicillof recibi\u00f3 a intendentes de Cambiemos para destrabar la reforma impositiva. Bordoni particip\u00f3 de la reuni\u00f3n."}]},{"@type":"WebSite","@id":"https:\/\/www.noticiasradioreflejos.com.ar\/2021\/#website","url":"https:\/\/www.noticiasradioreflejos.com.ar\/2021\/","name":"Noticias Radio Reflejos","description":"Las noticias de mi comarca","potentialAction":[{"@type":"SearchAction","target":{"@type":"EntryPoint","urlTemplate":"https:\/\/www.noticiasradioreflejos.com.ar\/2021\/?s={search_term_string}"},"query-input":{"@type":"PropertyValueSpecification","valueRequired":true,"valueName":"search_term_string"}}],"inLanguage":"es"},{"@type":"Person","@id":"https:\/\/www.noticiasradioreflejos.com.ar\/2021\/#\/schema\/person\/ad82545263dcc5ec0996818884fd5fb1","name":"Arnaldo Botto","image":{"@type":"ImageObject","inLanguage":"es","@id":"https:\/\/www.noticiasradioreflejos.com.ar\/2021\/#\/schema\/person\/image\/","url":"https:\/\/secure.gravatar.com\/avatar\/55cb5e37c1efa326397366e6974cb338056df65cb50e7d64d1cf314e87504837?s=96&d=mm&r=g","contentUrl":"https:\/\/secure.gravatar.com\/avatar\/55cb5e37c1efa326397366e6974cb338056df65cb50e7d64d1cf314e87504837?s=96&d=mm&r=g","caption":"Arnaldo Botto"},"url":"https:\/\/www.noticiasradioreflejos.com.ar\/2021\/author\/arnaldo\/"}]}},"_links":{"self":[{"href":"https:\/\/www.noticiasradioreflejos.com.ar\/2021\/wp-json\/wp\/v2\/posts\/37590","targetHints":{"allow":["GET"]}}],"collection":[{"href":"https:\/\/www.noticiasradioreflejos.com.ar\/2021\/wp-json\/wp\/v2\/posts"}],"about":[{"href":"https:\/\/www.noticiasradioreflejos.com.ar\/2021\/wp-json\/wp\/v2\/types\/post"}],"author":[{"embeddable":true,"href":"https:\/\/www.noticiasradioreflejos.com.ar\/2021\/wp-json\/wp\/v2\/users\/3"}],"replies":[{"embeddable":true,"href":"https:\/\/www.noticiasradioreflejos.com.ar\/2021\/wp-json\/wp\/v2\/comments?post=37590"}],"version-history":[{"count":0,"href":"https:\/\/www.noticiasradioreflejos.com.ar\/2021\/wp-json\/wp\/v2\/posts\/37590\/revisions"}],"wp:attachment":[{"href":"https:\/\/www.noticiasradioreflejos.com.ar\/2021\/wp-json\/wp\/v2\/media?parent=37590"}],"wp:term":[{"taxonomy":"category","embeddable":true,"href":"https:\/\/www.noticiasradioreflejos.com.ar\/2021\/wp-json\/wp\/v2\/categories?post=37590"},{"taxonomy":"post_tag","embeddable":true,"href":"https:\/\/www.noticiasradioreflejos.com.ar\/2021\/wp-json\/wp\/v2\/tags?post=37590"}],"curies":[{"name":"wp","href":"https:\/\/api.w.org\/{rel}","templated":true}]}}