{"id":37333,"date":"2019-12-19T22:49:28","date_gmt":"2019-12-20T01:49:28","guid":{"rendered":"http:\/\/www.noticiasradioreflejos.com.ar\/noticias\/?p=37333"},"modified":"2019-12-19T22:49:28","modified_gmt":"2019-12-20T01:49:28","slug":"javier-rodriguez-se-comprometio-a-trabajar-para-reconstruir-la-provincia-de-buenos-aires","status":"publish","type":"post","link":"https:\/\/www.noticiasradioreflejos.com.ar\/2021\/javier-rodriguez-se-comprometio-a-trabajar-para-reconstruir-la-provincia-de-buenos-aires\/","title":{"rendered":"Javier Rodr\u00edguez se comprometi\u00f3 a trabajar para reconstruir la Provincia de Buenos Aires"},"content":{"rendered":"<p>El Ministro de Desarrollo Agrario, Javier Rodr\u00edguez, adelant\u00f3 que su pol\u00edtica agropecuaria tendr\u00e1 como objetivo \u201creconstruir\u201d la Provincia de Buenos Aires luego que la ex gobernadora Mar\u00eda Eugenia Vidal cerrara las puertas del organismo.<!--more--><br \/>\nDurante el Foro Agrario Soberano y Popular, el Ministro de Desarrollo Agrario, Javier Rodr\u00edguez afirm\u00f3 que \u201cen los \u00faltimos 4 a\u00f1os cerraron m\u00e1s de 500 tambos y salieron de la producci\u00f3n m\u00e1s de 4.000 productores porcinos. En ese transcurso se redujo la asistencia t\u00e9cnica a la agricultura familiar en m\u00e1s de un 60%, en la Provincia de Buenos Aires\u201d.<br \/>\nEsto es consecuencia de lo que \u201chizo la ex gobernadora Mar\u00eda Eugenia Vidal que cerr\u00f3 el Ministerio de Agroindustria (hoy Ministerio de Desarrollo Agrario)\u201d.<br \/>\n\u201cAc\u00e1 se cerraron las puertas por completo a todos los agricultores familiares, a todos los cooperativistas, a los productores peque\u00f1os y medianos y a todos los trabajadores\u201d, es por eso que \u201clo que vamos a hacer nosotros es modificar eso de ra\u00edz y abrir las puertas del Ministerio y empezar a trabajar porque en serio hay mucho para hacer para reconstruir la Provincia\u201d.<br \/>\nTambi\u00e9n remarc\u00f3 que \u201cla cantidad de trabajadores rurales registrados cay\u00f3 el 3%. Esta es la situaci\u00f3n que estamos viendo en la Provincia por mencionar s\u00f3lo algunos de los temas\u201d, concluy\u00f3.<br \/>\nEl Ministro comparti\u00f3 el acto junto a sus pares de Naci\u00f3n, Luis Basterra, a cargo del Ministerio de Agricultura y Roberto Salvarezza, de Ciencia y Tecnolog\u00eda. Adem\u00e1s cont\u00f3 con la presencia del Presidente del Instituto Nacional de Asociativismo y Econom\u00eda Social (Inaes), Mario Cafiero y Victoria Tolosa Paz, quien encabeza el Consejo Federal de Pol\u00edticas Sociales.<br \/>\nEn el acto se presentaron los 21 puntos para revertir la crisis de la Agricultura Familiar y para contribuir con la lucha contra el hambre ante referentes de organizaciones de peque\u00f1os productores, pueblos originarios, pescadores artesanales, cooperativas y productores medios y trabajadores rurales asalariados que posicionaron las propuestas formuladas en el Foro Nacional por un Programa Agrario Soberano y Popular realizado en mayo pasado en el Estadio Ferro.<\/p>\n","protected":false},"excerpt":{"rendered":"<p>El Ministro de Desarrollo Agrario, Javier Rodr\u00edguez, adelant\u00f3 que su pol\u00edtica agropecuaria tendr\u00e1 como objetivo \u201creconstruir\u201d la Provincia de Buenos Aires luego que la ex gobernadora Mar\u00eda Eugenia Vidal cerrara las puertas del organismo.<\/p>\n","protected":false},"author":3,"featured_media":0,"comment_status":"closed","ping_status":"open","sticky":false,"template":"","format":"standard","meta":{"footnotes":""},"categories":[24],"tags":[],"class_list":["post-37333","post","type-post","status-publish","format-standard","hentry","category-politica"],"yoast_head":"<!-- This site is optimized with the Yoast SEO plugin v25.9 - https:\/\/yoast.com\/wordpress\/plugins\/seo\/ -->\n<title>Javier Rodr\u00edguez se comprometi\u00f3 a trabajar para reconstruir la Provincia de Buenos Aires - Noticias Radio Reflejos<\/title>\n<meta name=\"robots\" content=\"index, follow, max-snippet:-1, max-image-preview:large, max-video-preview:-1\" \/>\n<link rel=\"canonical\" href=\"https:\/\/www.noticiasradioreflejos.com.ar\/2021\/javier-rodriguez-se-comprometio-a-trabajar-para-reconstruir-la-provincia-de-buenos-aires\/\" \/>\n<meta property=\"og:locale\" content=\"es_ES\" \/>\n<meta property=\"og:type\" content=\"article\" \/>\n<meta property=\"og:title\" content=\"Javier Rodr\u00edguez se comprometi\u00f3 a trabajar para reconstruir la Provincia de Buenos Aires - Noticias Radio Reflejos\" \/>\n<meta property=\"og:description\" content=\"El Ministro de Desarrollo Agrario, Javier Rodr\u00edguez, adelant\u00f3 que su pol\u00edtica agropecuaria tendr\u00e1 como objetivo \u201creconstruir\u201d la Provincia de Buenos Aires luego que la ex gobernadora Mar\u00eda Eugenia Vidal cerrara las puertas del organismo.\" \/>\n<meta property=\"og:url\" content=\"https:\/\/www.noticiasradioreflejos.com.ar\/2021\/javier-rodriguez-se-comprometio-a-trabajar-para-reconstruir-la-provincia-de-buenos-aires\/\" \/>\n<meta property=\"og:site_name\" content=\"Noticias Radio Reflejos\" \/>\n<meta property=\"article:published_time\" content=\"2019-12-20T01:49:28+00:00\" \/>\n<meta property=\"og:image\" content=\"https:\/\/www.noticiasradioreflejos.com.ar\/2021\/wp-content\/uploads\/2021\/07\/logosol300x200.png\" \/>\n\t<meta property=\"og:image:width\" content=\"300\" \/>\n\t<meta property=\"og:image:height\" content=\"200\" \/>\n\t<meta property=\"og:image:type\" content=\"image\/png\" \/>\n<meta name=\"author\" content=\"Arnaldo Botto\" \/>\n<meta name=\"twitter:card\" content=\"summary_large_image\" \/>\n<script type=\"application\/ld+json\" class=\"yoast-schema-graph\">{\"@context\":\"https:\/\/schema.org\",\"@graph\":[{\"@type\":\"WebPage\",\"@id\":\"https:\/\/www.noticiasradioreflejos.com.ar\/2021\/javier-rodriguez-se-comprometio-a-trabajar-para-reconstruir-la-provincia-de-buenos-aires\/\",\"url\":\"https:\/\/www.noticiasradioreflejos.com.ar\/2021\/javier-rodriguez-se-comprometio-a-trabajar-para-reconstruir-la-provincia-de-buenos-aires\/\",\"name\":\"Javier Rodr\u00edguez se comprometi\u00f3 a trabajar para reconstruir la Provincia de Buenos Aires - Noticias Radio Reflejos\",\"isPartOf\":{\"@id\":\"https:\/\/www.noticiasradioreflejos.com.ar\/2021\/#website\"},\"datePublished\":\"2019-12-20T01:49:28+00:00\",\"author\":{\"@id\":\"https:\/\/www.noticiasradioreflejos.com.ar\/2021\/#\/schema\/person\/ad82545263dcc5ec0996818884fd5fb1\"},\"breadcrumb\":{\"@id\":\"https:\/\/www.noticiasradioreflejos.com.ar\/2021\/javier-rodriguez-se-comprometio-a-trabajar-para-reconstruir-la-provincia-de-buenos-aires\/#breadcrumb\"},\"inLanguage\":\"es\",\"potentialAction\":[{\"@type\":\"ReadAction\",\"target\":[\"https:\/\/www.noticiasradioreflejos.com.ar\/2021\/javier-rodriguez-se-comprometio-a-trabajar-para-reconstruir-la-provincia-de-buenos-aires\/\"]}]},{\"@type\":\"BreadcrumbList\",\"@id\":\"https:\/\/www.noticiasradioreflejos.com.ar\/2021\/javier-rodriguez-se-comprometio-a-trabajar-para-reconstruir-la-provincia-de-buenos-aires\/#breadcrumb\",\"itemListElement\":[{\"@type\":\"ListItem\",\"position\":1,\"name\":\"Portada\",\"item\":\"https:\/\/www.noticiasradioreflejos.com.ar\/2021\/\"},{\"@type\":\"ListItem\",\"position\":2,\"name\":\"Javier Rodr\u00edguez se comprometi\u00f3 a trabajar para reconstruir la Provincia de Buenos Aires\"}]},{\"@type\":\"WebSite\",\"@id\":\"https:\/\/www.noticiasradioreflejos.com.ar\/2021\/#website\",\"url\":\"https:\/\/www.noticiasradioreflejos.com.ar\/2021\/\",\"name\":\"Noticias Radio Reflejos\",\"description\":\"Las noticias de mi comarca\",\"potentialAction\":[{\"@type\":\"SearchAction\",\"target\":{\"@type\":\"EntryPoint\",\"urlTemplate\":\"https:\/\/www.noticiasradioreflejos.com.ar\/2021\/?s={search_term_string}\"},\"query-input\":{\"@type\":\"PropertyValueSpecification\",\"valueRequired\":true,\"valueName\":\"search_term_string\"}}],\"inLanguage\":\"es\"},{\"@type\":\"Person\",\"@id\":\"https:\/\/www.noticiasradioreflejos.com.ar\/2021\/#\/schema\/person\/ad82545263dcc5ec0996818884fd5fb1\",\"name\":\"Arnaldo Botto\",\"image\":{\"@type\":\"ImageObject\",\"inLanguage\":\"es\",\"@id\":\"https:\/\/www.noticiasradioreflejos.com.ar\/2021\/#\/schema\/person\/image\/\",\"url\":\"https:\/\/secure.gravatar.com\/avatar\/55cb5e37c1efa326397366e6974cb338056df65cb50e7d64d1cf314e87504837?s=96&d=mm&r=g\",\"contentUrl\":\"https:\/\/secure.gravatar.com\/avatar\/55cb5e37c1efa326397366e6974cb338056df65cb50e7d64d1cf314e87504837?s=96&d=mm&r=g\",\"caption\":\"Arnaldo Botto\"},\"url\":\"https:\/\/www.noticiasradioreflejos.com.ar\/2021\/author\/arnaldo\/\"}]}<\/script>\n<!-- \/ Yoast SEO plugin. -->","yoast_head_json":{"title":"Javier Rodr\u00edguez se comprometi\u00f3 a trabajar para reconstruir la Provincia de Buenos Aires - Noticias Radio Reflejos","robots":{"index":"index","follow":"follow","max-snippet":"max-snippet:-1","max-image-preview":"max-image-preview:large","max-video-preview":"max-video-preview:-1"},"canonical":"https:\/\/www.noticiasradioreflejos.com.ar\/2021\/javier-rodriguez-se-comprometio-a-trabajar-para-reconstruir-la-provincia-de-buenos-aires\/","og_locale":"es_ES","og_type":"article","og_title":"Javier Rodr\u00edguez se comprometi\u00f3 a trabajar para reconstruir la Provincia de Buenos Aires - Noticias Radio Reflejos","og_description":"El Ministro de Desarrollo Agrario, Javier Rodr\u00edguez, adelant\u00f3 que su pol\u00edtica agropecuaria tendr\u00e1 como objetivo \u201creconstruir\u201d la Provincia de Buenos Aires luego que la ex gobernadora Mar\u00eda Eugenia Vidal cerrara las puertas del organismo.","og_url":"https:\/\/www.noticiasradioreflejos.com.ar\/2021\/javier-rodriguez-se-comprometio-a-trabajar-para-reconstruir-la-provincia-de-buenos-aires\/","og_site_name":"Noticias Radio Reflejos","article_published_time":"2019-12-20T01:49:28+00:00","og_image":[{"width":300,"height":200,"url":"https:\/\/www.noticiasradioreflejos.com.ar\/2021\/wp-content\/uploads\/2021\/07\/logosol300x200.png","type":"image\/png"}],"author":"Arnaldo Botto","twitter_card":"summary_large_image","schema":{"@context":"https:\/\/schema.org","@graph":[{"@type":"WebPage","@id":"https:\/\/www.noticiasradioreflejos.com.ar\/2021\/javier-rodriguez-se-comprometio-a-trabajar-para-reconstruir-la-provincia-de-buenos-aires\/","url":"https:\/\/www.noticiasradioreflejos.com.ar\/2021\/javier-rodriguez-se-comprometio-a-trabajar-para-reconstruir-la-provincia-de-buenos-aires\/","name":"Javier Rodr\u00edguez se comprometi\u00f3 a trabajar para reconstruir la Provincia de Buenos Aires - Noticias Radio Reflejos","isPartOf":{"@id":"https:\/\/www.noticiasradioreflejos.com.ar\/2021\/#website"},"datePublished":"2019-12-20T01:49:28+00:00","author":{"@id":"https:\/\/www.noticiasradioreflejos.com.ar\/2021\/#\/schema\/person\/ad82545263dcc5ec0996818884fd5fb1"},"breadcrumb":{"@id":"https:\/\/www.noticiasradioreflejos.com.ar\/2021\/javier-rodriguez-se-comprometio-a-trabajar-para-reconstruir-la-provincia-de-buenos-aires\/#breadcrumb"},"inLanguage":"es","potentialAction":[{"@type":"ReadAction","target":["https:\/\/www.noticiasradioreflejos.com.ar\/2021\/javier-rodriguez-se-comprometio-a-trabajar-para-reconstruir-la-provincia-de-buenos-aires\/"]}]},{"@type":"BreadcrumbList","@id":"https:\/\/www.noticiasradioreflejos.com.ar\/2021\/javier-rodriguez-se-comprometio-a-trabajar-para-reconstruir-la-provincia-de-buenos-aires\/#breadcrumb","itemListElement":[{"@type":"ListItem","position":1,"name":"Portada","item":"https:\/\/www.noticiasradioreflejos.com.ar\/2021\/"},{"@type":"ListItem","position":2,"name":"Javier Rodr\u00edguez se comprometi\u00f3 a trabajar para reconstruir la Provincia de Buenos Aires"}]},{"@type":"WebSite","@id":"https:\/\/www.noticiasradioreflejos.com.ar\/2021\/#website","url":"https:\/\/www.noticiasradioreflejos.com.ar\/2021\/","name":"Noticias Radio Reflejos","description":"Las noticias de mi comarca","potentialAction":[{"@type":"SearchAction","target":{"@type":"EntryPoint","urlTemplate":"https:\/\/www.noticiasradioreflejos.com.ar\/2021\/?s={search_term_string}"},"query-input":{"@type":"PropertyValueSpecification","valueRequired":true,"valueName":"search_term_string"}}],"inLanguage":"es"},{"@type":"Person","@id":"https:\/\/www.noticiasradioreflejos.com.ar\/2021\/#\/schema\/person\/ad82545263dcc5ec0996818884fd5fb1","name":"Arnaldo Botto","image":{"@type":"ImageObject","inLanguage":"es","@id":"https:\/\/www.noticiasradioreflejos.com.ar\/2021\/#\/schema\/person\/image\/","url":"https:\/\/secure.gravatar.com\/avatar\/55cb5e37c1efa326397366e6974cb338056df65cb50e7d64d1cf314e87504837?s=96&d=mm&r=g","contentUrl":"https:\/\/secure.gravatar.com\/avatar\/55cb5e37c1efa326397366e6974cb338056df65cb50e7d64d1cf314e87504837?s=96&d=mm&r=g","caption":"Arnaldo Botto"},"url":"https:\/\/www.noticiasradioreflejos.com.ar\/2021\/author\/arnaldo\/"}]}},"_links":{"self":[{"href":"https:\/\/www.noticiasradioreflejos.com.ar\/2021\/wp-json\/wp\/v2\/posts\/37333","targetHints":{"allow":["GET"]}}],"collection":[{"href":"https:\/\/www.noticiasradioreflejos.com.ar\/2021\/wp-json\/wp\/v2\/posts"}],"about":[{"href":"https:\/\/www.noticiasradioreflejos.com.ar\/2021\/wp-json\/wp\/v2\/types\/post"}],"author":[{"embeddable":true,"href":"https:\/\/www.noticiasradioreflejos.com.ar\/2021\/wp-json\/wp\/v2\/users\/3"}],"replies":[{"embeddable":true,"href":"https:\/\/www.noticiasradioreflejos.com.ar\/2021\/wp-json\/wp\/v2\/comments?post=37333"}],"version-history":[{"count":0,"href":"https:\/\/www.noticiasradioreflejos.com.ar\/2021\/wp-json\/wp\/v2\/posts\/37333\/revisions"}],"wp:attachment":[{"href":"https:\/\/www.noticiasradioreflejos.com.ar\/2021\/wp-json\/wp\/v2\/media?parent=37333"}],"wp:term":[{"taxonomy":"category","embeddable":true,"href":"https:\/\/www.noticiasradioreflejos.com.ar\/2021\/wp-json\/wp\/v2\/categories?post=37333"},{"taxonomy":"post_tag","embeddable":true,"href":"https:\/\/www.noticiasradioreflejos.com.ar\/2021\/wp-json\/wp\/v2\/tags?post=37333"}],"curies":[{"name":"wp","href":"https:\/\/api.w.org\/{rel}","templated":true}]}}