{"id":372,"date":"2016-09-02T11:14:55","date_gmt":"2016-09-02T11:14:55","guid":{"rendered":"http:\/\/noticiasradioreflejos.com.ar\/noticias\/?p=372"},"modified":"2016-09-02T11:14:55","modified_gmt":"2016-09-02T11:14:55","slug":"paro-y-movilizacion-de-los-docentes","status":"publish","type":"post","link":"https:\/\/www.noticiasradioreflejos.com.ar\/2021\/paro-y-movilizacion-de-los-docentes\/","title":{"rendered":"Paro y movilizaci\u00f3n de los docentes"},"content":{"rendered":"<p>La Seccional Pcia de Bs As del SADOP RATIFICA su convocatoria al PARO NACIONAL del 2 de septiembre y su participaci\u00f3n en la Marcha Federal.<br \/>\nPARAMOS todos los docentes privados del pa\u00eds y EXIGIMOS:<br \/>\nLa URGENTE reapertura de la Paritaria Federal y de la Pcia de Bs As.<br \/>\nLa inmediata recomposici\u00f3n del salario docente.<br \/>\nEl cumplimiento de los acuerdos paritarios.<!--more--><br \/>\nLa discusi\u00f3n de un Convenio Colectivo Marco para toda la actividad docente.<br \/>\nEl aumento del presupuesto educativo llev\u00e1ndolo del 6% al 10% del PBI.<br \/>\nUna Jubilaci\u00f3n docente digna en oposici\u00f3n a cualquier intento de reforma de la edad jubilatoria, el sistema previsional y la Caja Complementaria de la actividad.<br \/>\nRECHAZAMOS los despidos arbitrarios en las escuelas y universidades como as\u00ed tambi\u00e9n toda forma de maltrato, acoso laboral y presiones a los docentes en las escuelas de gesti\u00f3n privada.<br \/>\nLos docentes privados somos trabajadores y sufrimos las mismas injusticias que el resto de los compa\u00f1eros de otras actividades.<br \/>\nParamos y marchamos porque el Gobierno nos cerr\u00f3 en la cara la puerta de la negociaci\u00f3n y denunciamos ante la sociedad que no somos privilegiados, ni nos resignamos ante la injusticia.<br \/>\nEN DEFENSA DE NUESTROS DERECHOS LABORALES Y POR CONDICIONES DIGNAS DE TRABAJO<br \/>\nLa Plata, 31 de agosto de 2016<\/p>\n","protected":false},"excerpt":{"rendered":"<p>La Seccional Pcia de Bs As del SADOP RATIFICA su convocatoria al PARO NACIONAL del 2 de septiembre y su participaci\u00f3n en la Marcha Federal. PARAMOS todos los docentes privados del pa\u00eds y EXIGIMOS: La URGENTE reapertura de la Paritaria Federal y de la Pcia de Bs As. La inmediata recomposici\u00f3n del salario docente. El [&hellip;]<\/p>\n","protected":false},"author":3,"featured_media":0,"comment_status":"closed","ping_status":"open","sticky":false,"template":"","format":"standard","meta":{"footnotes":""},"categories":[26],"tags":[],"class_list":["post-372","post","type-post","status-publish","format-standard","hentry","category-sociedad"],"yoast_head":"<!-- This site is optimized with the Yoast SEO plugin v25.9 - https:\/\/yoast.com\/wordpress\/plugins\/seo\/ -->\n<title>Paro y movilizaci\u00f3n de los docentes - Noticias Radio Reflejos<\/title>\n<meta name=\"robots\" content=\"index, follow, max-snippet:-1, max-image-preview:large, max-video-preview:-1\" \/>\n<link rel=\"canonical\" href=\"https:\/\/www.noticiasradioreflejos.com.ar\/2021\/paro-y-movilizacion-de-los-docentes\/\" \/>\n<meta property=\"og:locale\" content=\"es_ES\" \/>\n<meta property=\"og:type\" content=\"article\" \/>\n<meta property=\"og:title\" content=\"Paro y movilizaci\u00f3n de los docentes - Noticias Radio Reflejos\" \/>\n<meta property=\"og:description\" content=\"La Seccional Pcia de Bs As del SADOP RATIFICA su convocatoria al PARO NACIONAL del 2 de septiembre y su participaci\u00f3n en la Marcha Federal. PARAMOS todos los docentes privados del pa\u00eds y EXIGIMOS: La URGENTE reapertura de la Paritaria Federal y de la Pcia de Bs As. La inmediata recomposici\u00f3n del salario docente. El [&hellip;]\" \/>\n<meta property=\"og:url\" content=\"https:\/\/www.noticiasradioreflejos.com.ar\/2021\/paro-y-movilizacion-de-los-docentes\/\" \/>\n<meta property=\"og:site_name\" content=\"Noticias Radio Reflejos\" \/>\n<meta property=\"article:published_time\" content=\"2016-09-02T11:14:55+00:00\" \/>\n<meta property=\"og:image\" content=\"https:\/\/www.noticiasradioreflejos.com.ar\/2021\/wp-content\/uploads\/2021\/07\/logosol300x200.png\" \/>\n\t<meta property=\"og:image:width\" content=\"300\" \/>\n\t<meta property=\"og:image:height\" content=\"200\" \/>\n\t<meta property=\"og:image:type\" content=\"image\/png\" \/>\n<meta name=\"author\" content=\"Arnaldo Botto\" \/>\n<meta name=\"twitter:card\" content=\"summary_large_image\" \/>\n<script type=\"application\/ld+json\" class=\"yoast-schema-graph\">{\"@context\":\"https:\/\/schema.org\",\"@graph\":[{\"@type\":\"WebPage\",\"@id\":\"https:\/\/www.noticiasradioreflejos.com.ar\/2021\/paro-y-movilizacion-de-los-docentes\/\",\"url\":\"https:\/\/www.noticiasradioreflejos.com.ar\/2021\/paro-y-movilizacion-de-los-docentes\/\",\"name\":\"Paro y movilizaci\u00f3n de los docentes - Noticias Radio Reflejos\",\"isPartOf\":{\"@id\":\"https:\/\/www.noticiasradioreflejos.com.ar\/2021\/#website\"},\"datePublished\":\"2016-09-02T11:14:55+00:00\",\"author\":{\"@id\":\"https:\/\/www.noticiasradioreflejos.com.ar\/2021\/#\/schema\/person\/ad82545263dcc5ec0996818884fd5fb1\"},\"breadcrumb\":{\"@id\":\"https:\/\/www.noticiasradioreflejos.com.ar\/2021\/paro-y-movilizacion-de-los-docentes\/#breadcrumb\"},\"inLanguage\":\"es\",\"potentialAction\":[{\"@type\":\"ReadAction\",\"target\":[\"https:\/\/www.noticiasradioreflejos.com.ar\/2021\/paro-y-movilizacion-de-los-docentes\/\"]}]},{\"@type\":\"BreadcrumbList\",\"@id\":\"https:\/\/www.noticiasradioreflejos.com.ar\/2021\/paro-y-movilizacion-de-los-docentes\/#breadcrumb\",\"itemListElement\":[{\"@type\":\"ListItem\",\"position\":1,\"name\":\"Portada\",\"item\":\"https:\/\/www.noticiasradioreflejos.com.ar\/2021\/\"},{\"@type\":\"ListItem\",\"position\":2,\"name\":\"Paro y movilizaci\u00f3n de los docentes\"}]},{\"@type\":\"WebSite\",\"@id\":\"https:\/\/www.noticiasradioreflejos.com.ar\/2021\/#website\",\"url\":\"https:\/\/www.noticiasradioreflejos.com.ar\/2021\/\",\"name\":\"Noticias Radio Reflejos\",\"description\":\"Las noticias de mi comarca\",\"potentialAction\":[{\"@type\":\"SearchAction\",\"target\":{\"@type\":\"EntryPoint\",\"urlTemplate\":\"https:\/\/www.noticiasradioreflejos.com.ar\/2021\/?s={search_term_string}\"},\"query-input\":{\"@type\":\"PropertyValueSpecification\",\"valueRequired\":true,\"valueName\":\"search_term_string\"}}],\"inLanguage\":\"es\"},{\"@type\":\"Person\",\"@id\":\"https:\/\/www.noticiasradioreflejos.com.ar\/2021\/#\/schema\/person\/ad82545263dcc5ec0996818884fd5fb1\",\"name\":\"Arnaldo Botto\",\"image\":{\"@type\":\"ImageObject\",\"inLanguage\":\"es\",\"@id\":\"https:\/\/www.noticiasradioreflejos.com.ar\/2021\/#\/schema\/person\/image\/\",\"url\":\"https:\/\/secure.gravatar.com\/avatar\/55cb5e37c1efa326397366e6974cb338056df65cb50e7d64d1cf314e87504837?s=96&d=mm&r=g\",\"contentUrl\":\"https:\/\/secure.gravatar.com\/avatar\/55cb5e37c1efa326397366e6974cb338056df65cb50e7d64d1cf314e87504837?s=96&d=mm&r=g\",\"caption\":\"Arnaldo Botto\"},\"url\":\"https:\/\/www.noticiasradioreflejos.com.ar\/2021\/author\/arnaldo\/\"}]}<\/script>\n<!-- \/ Yoast SEO plugin. -->","yoast_head_json":{"title":"Paro y movilizaci\u00f3n de los docentes - Noticias Radio Reflejos","robots":{"index":"index","follow":"follow","max-snippet":"max-snippet:-1","max-image-preview":"max-image-preview:large","max-video-preview":"max-video-preview:-1"},"canonical":"https:\/\/www.noticiasradioreflejos.com.ar\/2021\/paro-y-movilizacion-de-los-docentes\/","og_locale":"es_ES","og_type":"article","og_title":"Paro y movilizaci\u00f3n de los docentes - Noticias Radio Reflejos","og_description":"La Seccional Pcia de Bs As del SADOP RATIFICA su convocatoria al PARO NACIONAL del 2 de septiembre y su participaci\u00f3n en la Marcha Federal. PARAMOS todos los docentes privados del pa\u00eds y EXIGIMOS: La URGENTE reapertura de la Paritaria Federal y de la Pcia de Bs As. La inmediata recomposici\u00f3n del salario docente. El [&hellip;]","og_url":"https:\/\/www.noticiasradioreflejos.com.ar\/2021\/paro-y-movilizacion-de-los-docentes\/","og_site_name":"Noticias Radio Reflejos","article_published_time":"2016-09-02T11:14:55+00:00","og_image":[{"width":300,"height":200,"url":"https:\/\/www.noticiasradioreflejos.com.ar\/2021\/wp-content\/uploads\/2021\/07\/logosol300x200.png","type":"image\/png"}],"author":"Arnaldo Botto","twitter_card":"summary_large_image","schema":{"@context":"https:\/\/schema.org","@graph":[{"@type":"WebPage","@id":"https:\/\/www.noticiasradioreflejos.com.ar\/2021\/paro-y-movilizacion-de-los-docentes\/","url":"https:\/\/www.noticiasradioreflejos.com.ar\/2021\/paro-y-movilizacion-de-los-docentes\/","name":"Paro y movilizaci\u00f3n de los docentes - Noticias Radio Reflejos","isPartOf":{"@id":"https:\/\/www.noticiasradioreflejos.com.ar\/2021\/#website"},"datePublished":"2016-09-02T11:14:55+00:00","author":{"@id":"https:\/\/www.noticiasradioreflejos.com.ar\/2021\/#\/schema\/person\/ad82545263dcc5ec0996818884fd5fb1"},"breadcrumb":{"@id":"https:\/\/www.noticiasradioreflejos.com.ar\/2021\/paro-y-movilizacion-de-los-docentes\/#breadcrumb"},"inLanguage":"es","potentialAction":[{"@type":"ReadAction","target":["https:\/\/www.noticiasradioreflejos.com.ar\/2021\/paro-y-movilizacion-de-los-docentes\/"]}]},{"@type":"BreadcrumbList","@id":"https:\/\/www.noticiasradioreflejos.com.ar\/2021\/paro-y-movilizacion-de-los-docentes\/#breadcrumb","itemListElement":[{"@type":"ListItem","position":1,"name":"Portada","item":"https:\/\/www.noticiasradioreflejos.com.ar\/2021\/"},{"@type":"ListItem","position":2,"name":"Paro y movilizaci\u00f3n de los docentes"}]},{"@type":"WebSite","@id":"https:\/\/www.noticiasradioreflejos.com.ar\/2021\/#website","url":"https:\/\/www.noticiasradioreflejos.com.ar\/2021\/","name":"Noticias Radio Reflejos","description":"Las noticias de mi comarca","potentialAction":[{"@type":"SearchAction","target":{"@type":"EntryPoint","urlTemplate":"https:\/\/www.noticiasradioreflejos.com.ar\/2021\/?s={search_term_string}"},"query-input":{"@type":"PropertyValueSpecification","valueRequired":true,"valueName":"search_term_string"}}],"inLanguage":"es"},{"@type":"Person","@id":"https:\/\/www.noticiasradioreflejos.com.ar\/2021\/#\/schema\/person\/ad82545263dcc5ec0996818884fd5fb1","name":"Arnaldo Botto","image":{"@type":"ImageObject","inLanguage":"es","@id":"https:\/\/www.noticiasradioreflejos.com.ar\/2021\/#\/schema\/person\/image\/","url":"https:\/\/secure.gravatar.com\/avatar\/55cb5e37c1efa326397366e6974cb338056df65cb50e7d64d1cf314e87504837?s=96&d=mm&r=g","contentUrl":"https:\/\/secure.gravatar.com\/avatar\/55cb5e37c1efa326397366e6974cb338056df65cb50e7d64d1cf314e87504837?s=96&d=mm&r=g","caption":"Arnaldo Botto"},"url":"https:\/\/www.noticiasradioreflejos.com.ar\/2021\/author\/arnaldo\/"}]}},"_links":{"self":[{"href":"https:\/\/www.noticiasradioreflejos.com.ar\/2021\/wp-json\/wp\/v2\/posts\/372","targetHints":{"allow":["GET"]}}],"collection":[{"href":"https:\/\/www.noticiasradioreflejos.com.ar\/2021\/wp-json\/wp\/v2\/posts"}],"about":[{"href":"https:\/\/www.noticiasradioreflejos.com.ar\/2021\/wp-json\/wp\/v2\/types\/post"}],"author":[{"embeddable":true,"href":"https:\/\/www.noticiasradioreflejos.com.ar\/2021\/wp-json\/wp\/v2\/users\/3"}],"replies":[{"embeddable":true,"href":"https:\/\/www.noticiasradioreflejos.com.ar\/2021\/wp-json\/wp\/v2\/comments?post=372"}],"version-history":[{"count":0,"href":"https:\/\/www.noticiasradioreflejos.com.ar\/2021\/wp-json\/wp\/v2\/posts\/372\/revisions"}],"wp:attachment":[{"href":"https:\/\/www.noticiasradioreflejos.com.ar\/2021\/wp-json\/wp\/v2\/media?parent=372"}],"wp:term":[{"taxonomy":"category","embeddable":true,"href":"https:\/\/www.noticiasradioreflejos.com.ar\/2021\/wp-json\/wp\/v2\/categories?post=372"},{"taxonomy":"post_tag","embeddable":true,"href":"https:\/\/www.noticiasradioreflejos.com.ar\/2021\/wp-json\/wp\/v2\/tags?post=372"}],"curies":[{"name":"wp","href":"https:\/\/api.w.org\/{rel}","templated":true}]}}