{"id":37190,"date":"2019-12-13T12:05:36","date_gmt":"2019-12-13T15:05:36","guid":{"rendered":"http:\/\/www.noticiasradioreflejos.com.ar\/noticias\/?p=37190"},"modified":"2019-12-13T12:05:36","modified_gmt":"2019-12-13T15:05:36","slug":"llegaran-medios-aereos-en-las-proximas-horas","status":"publish","type":"post","link":"https:\/\/www.noticiasradioreflejos.com.ar\/2021\/llegaran-medios-aereos-en-las-proximas-horas\/","title":{"rendered":"Llegar\u00e1n medios a\u00e9reos en las pr\u00f3ximas horas"},"content":{"rendered":"<p>Los confirm\u00f3 Marcelo Mosiejchuk del Servicio nacional de manejo de fuego.<!--more--><br \/>\nLos incendios que se registran en los cerros de Coronel Suarez y Saavedra con el l\u00edmite de Tornquist, contin\u00faan por estas horas.<br \/>\nPara despejar dudas que se hab\u00edan generado con respecto a los medios a\u00e9reos, tomamos contacto con Marcelo Mosiejchuk del Servicio Nacional de manejo de fuego que confirm\u00f3 el arribo en las pr\u00f3ximas horas del avi\u00f3n observador que despegaba desde Santa Rosa como as\u00ed tambi\u00e9n el helic\u00f3ptero que proviene de La Plata y un avi\u00f3n hidrante que arribar\u00eda en breve, todos con la base operativa en el aero club de Tornquist.<br \/>\nSobre las condiciones meteorol\u00f3gicas, indic\u00f3 que el viento rot\u00f3 al Nor oeste y la humedad es muy baja. Hacia la tarde de este viernes se espera que el viento aumente la velocidad.<br \/>\nEl fuego continua avanzando por el cord\u00f3n serrano con varias dotaciones de bomberos trabajando para que no afecte cascos de estancias,animales y cereal en pie.<br \/>\nLos medios a\u00e9reos estar\u00edan entre las 11 y las 12 horas.<br \/>\nPron\u00f3stico del SMN para la zona de incendios:<br \/>\nUN SISTEMA DE ALTA PRESI\u00d3N AL ESTE DE LA REGI\u00d3N, DA LUGAR A VIENTO INTENSO DEL SECTOR NORTE ROTANDO AL SECTOR OESTE EN LA TARDE CON AUMENTO DE SU VELOCIDAD. EL S\u00c1BADO, EN LAS ZONAS M\u00c1S ELEVADAS EL VIENTO SE MANTENDR\u00c1 DEL SECTOR OESTE. LAS TEMPERATURAS VOLVER\u00c1N A ASCENDER EN ESTE PER\u00cdODO CON MUY BAJOS VALORES DE HUMEDAD.<br \/>\nFUENTE: Noticias Tornquist<\/p>\n","protected":false},"excerpt":{"rendered":"<p>Los confirm\u00f3 Marcelo Mosiejchuk del Servicio nacional de manejo de fuego.<\/p>\n","protected":false},"author":3,"featured_media":0,"comment_status":"closed","ping_status":"open","sticky":false,"template":"","format":"standard","meta":{"footnotes":""},"categories":[29],"tags":[],"class_list":["post-37190","post","type-post","status-publish","format-standard","hentry","category-policiales"],"yoast_head":"<!-- This site is optimized with the Yoast SEO plugin v25.9 - https:\/\/yoast.com\/wordpress\/plugins\/seo\/ -->\n<title>Llegar\u00e1n medios a\u00e9reos en las pr\u00f3ximas horas - Noticias Radio Reflejos<\/title>\n<meta name=\"robots\" content=\"index, follow, max-snippet:-1, max-image-preview:large, max-video-preview:-1\" \/>\n<link rel=\"canonical\" href=\"https:\/\/www.noticiasradioreflejos.com.ar\/2021\/llegaran-medios-aereos-en-las-proximas-horas\/\" \/>\n<meta property=\"og:locale\" content=\"es_ES\" \/>\n<meta property=\"og:type\" content=\"article\" \/>\n<meta property=\"og:title\" content=\"Llegar\u00e1n medios a\u00e9reos en las pr\u00f3ximas horas - Noticias Radio Reflejos\" \/>\n<meta property=\"og:description\" content=\"Los confirm\u00f3 Marcelo Mosiejchuk del Servicio nacional de manejo de fuego.\" \/>\n<meta property=\"og:url\" content=\"https:\/\/www.noticiasradioreflejos.com.ar\/2021\/llegaran-medios-aereos-en-las-proximas-horas\/\" \/>\n<meta property=\"og:site_name\" content=\"Noticias Radio Reflejos\" \/>\n<meta property=\"article:published_time\" content=\"2019-12-13T15:05:36+00:00\" \/>\n<meta property=\"og:image\" content=\"https:\/\/www.noticiasradioreflejos.com.ar\/2021\/wp-content\/uploads\/2021\/07\/logosol300x200.png\" \/>\n\t<meta property=\"og:image:width\" content=\"300\" \/>\n\t<meta property=\"og:image:height\" content=\"200\" \/>\n\t<meta property=\"og:image:type\" content=\"image\/png\" \/>\n<meta name=\"author\" content=\"Arnaldo Botto\" \/>\n<meta name=\"twitter:card\" content=\"summary_large_image\" \/>\n<script type=\"application\/ld+json\" class=\"yoast-schema-graph\">{\"@context\":\"https:\/\/schema.org\",\"@graph\":[{\"@type\":\"WebPage\",\"@id\":\"https:\/\/www.noticiasradioreflejos.com.ar\/2021\/llegaran-medios-aereos-en-las-proximas-horas\/\",\"url\":\"https:\/\/www.noticiasradioreflejos.com.ar\/2021\/llegaran-medios-aereos-en-las-proximas-horas\/\",\"name\":\"Llegar\u00e1n medios a\u00e9reos en las pr\u00f3ximas horas - Noticias Radio Reflejos\",\"isPartOf\":{\"@id\":\"https:\/\/www.noticiasradioreflejos.com.ar\/2021\/#website\"},\"datePublished\":\"2019-12-13T15:05:36+00:00\",\"author\":{\"@id\":\"https:\/\/www.noticiasradioreflejos.com.ar\/2021\/#\/schema\/person\/ad82545263dcc5ec0996818884fd5fb1\"},\"breadcrumb\":{\"@id\":\"https:\/\/www.noticiasradioreflejos.com.ar\/2021\/llegaran-medios-aereos-en-las-proximas-horas\/#breadcrumb\"},\"inLanguage\":\"es\",\"potentialAction\":[{\"@type\":\"ReadAction\",\"target\":[\"https:\/\/www.noticiasradioreflejos.com.ar\/2021\/llegaran-medios-aereos-en-las-proximas-horas\/\"]}]},{\"@type\":\"BreadcrumbList\",\"@id\":\"https:\/\/www.noticiasradioreflejos.com.ar\/2021\/llegaran-medios-aereos-en-las-proximas-horas\/#breadcrumb\",\"itemListElement\":[{\"@type\":\"ListItem\",\"position\":1,\"name\":\"Portada\",\"item\":\"https:\/\/www.noticiasradioreflejos.com.ar\/2021\/\"},{\"@type\":\"ListItem\",\"position\":2,\"name\":\"Llegar\u00e1n medios a\u00e9reos en las pr\u00f3ximas horas\"}]},{\"@type\":\"WebSite\",\"@id\":\"https:\/\/www.noticiasradioreflejos.com.ar\/2021\/#website\",\"url\":\"https:\/\/www.noticiasradioreflejos.com.ar\/2021\/\",\"name\":\"Noticias Radio Reflejos\",\"description\":\"Las noticias de mi comarca\",\"potentialAction\":[{\"@type\":\"SearchAction\",\"target\":{\"@type\":\"EntryPoint\",\"urlTemplate\":\"https:\/\/www.noticiasradioreflejos.com.ar\/2021\/?s={search_term_string}\"},\"query-input\":{\"@type\":\"PropertyValueSpecification\",\"valueRequired\":true,\"valueName\":\"search_term_string\"}}],\"inLanguage\":\"es\"},{\"@type\":\"Person\",\"@id\":\"https:\/\/www.noticiasradioreflejos.com.ar\/2021\/#\/schema\/person\/ad82545263dcc5ec0996818884fd5fb1\",\"name\":\"Arnaldo Botto\",\"image\":{\"@type\":\"ImageObject\",\"inLanguage\":\"es\",\"@id\":\"https:\/\/www.noticiasradioreflejos.com.ar\/2021\/#\/schema\/person\/image\/\",\"url\":\"https:\/\/secure.gravatar.com\/avatar\/55cb5e37c1efa326397366e6974cb338056df65cb50e7d64d1cf314e87504837?s=96&d=mm&r=g\",\"contentUrl\":\"https:\/\/secure.gravatar.com\/avatar\/55cb5e37c1efa326397366e6974cb338056df65cb50e7d64d1cf314e87504837?s=96&d=mm&r=g\",\"caption\":\"Arnaldo Botto\"},\"url\":\"https:\/\/www.noticiasradioreflejos.com.ar\/2021\/author\/arnaldo\/\"}]}<\/script>\n<!-- \/ Yoast SEO plugin. -->","yoast_head_json":{"title":"Llegar\u00e1n medios a\u00e9reos en las pr\u00f3ximas horas - Noticias Radio Reflejos","robots":{"index":"index","follow":"follow","max-snippet":"max-snippet:-1","max-image-preview":"max-image-preview:large","max-video-preview":"max-video-preview:-1"},"canonical":"https:\/\/www.noticiasradioreflejos.com.ar\/2021\/llegaran-medios-aereos-en-las-proximas-horas\/","og_locale":"es_ES","og_type":"article","og_title":"Llegar\u00e1n medios a\u00e9reos en las pr\u00f3ximas horas - Noticias Radio Reflejos","og_description":"Los confirm\u00f3 Marcelo Mosiejchuk del Servicio nacional de manejo de fuego.","og_url":"https:\/\/www.noticiasradioreflejos.com.ar\/2021\/llegaran-medios-aereos-en-las-proximas-horas\/","og_site_name":"Noticias Radio Reflejos","article_published_time":"2019-12-13T15:05:36+00:00","og_image":[{"width":300,"height":200,"url":"https:\/\/www.noticiasradioreflejos.com.ar\/2021\/wp-content\/uploads\/2021\/07\/logosol300x200.png","type":"image\/png"}],"author":"Arnaldo Botto","twitter_card":"summary_large_image","schema":{"@context":"https:\/\/schema.org","@graph":[{"@type":"WebPage","@id":"https:\/\/www.noticiasradioreflejos.com.ar\/2021\/llegaran-medios-aereos-en-las-proximas-horas\/","url":"https:\/\/www.noticiasradioreflejos.com.ar\/2021\/llegaran-medios-aereos-en-las-proximas-horas\/","name":"Llegar\u00e1n medios a\u00e9reos en las pr\u00f3ximas horas - Noticias Radio Reflejos","isPartOf":{"@id":"https:\/\/www.noticiasradioreflejos.com.ar\/2021\/#website"},"datePublished":"2019-12-13T15:05:36+00:00","author":{"@id":"https:\/\/www.noticiasradioreflejos.com.ar\/2021\/#\/schema\/person\/ad82545263dcc5ec0996818884fd5fb1"},"breadcrumb":{"@id":"https:\/\/www.noticiasradioreflejos.com.ar\/2021\/llegaran-medios-aereos-en-las-proximas-horas\/#breadcrumb"},"inLanguage":"es","potentialAction":[{"@type":"ReadAction","target":["https:\/\/www.noticiasradioreflejos.com.ar\/2021\/llegaran-medios-aereos-en-las-proximas-horas\/"]}]},{"@type":"BreadcrumbList","@id":"https:\/\/www.noticiasradioreflejos.com.ar\/2021\/llegaran-medios-aereos-en-las-proximas-horas\/#breadcrumb","itemListElement":[{"@type":"ListItem","position":1,"name":"Portada","item":"https:\/\/www.noticiasradioreflejos.com.ar\/2021\/"},{"@type":"ListItem","position":2,"name":"Llegar\u00e1n medios a\u00e9reos en las pr\u00f3ximas horas"}]},{"@type":"WebSite","@id":"https:\/\/www.noticiasradioreflejos.com.ar\/2021\/#website","url":"https:\/\/www.noticiasradioreflejos.com.ar\/2021\/","name":"Noticias Radio Reflejos","description":"Las noticias de mi comarca","potentialAction":[{"@type":"SearchAction","target":{"@type":"EntryPoint","urlTemplate":"https:\/\/www.noticiasradioreflejos.com.ar\/2021\/?s={search_term_string}"},"query-input":{"@type":"PropertyValueSpecification","valueRequired":true,"valueName":"search_term_string"}}],"inLanguage":"es"},{"@type":"Person","@id":"https:\/\/www.noticiasradioreflejos.com.ar\/2021\/#\/schema\/person\/ad82545263dcc5ec0996818884fd5fb1","name":"Arnaldo Botto","image":{"@type":"ImageObject","inLanguage":"es","@id":"https:\/\/www.noticiasradioreflejos.com.ar\/2021\/#\/schema\/person\/image\/","url":"https:\/\/secure.gravatar.com\/avatar\/55cb5e37c1efa326397366e6974cb338056df65cb50e7d64d1cf314e87504837?s=96&d=mm&r=g","contentUrl":"https:\/\/secure.gravatar.com\/avatar\/55cb5e37c1efa326397366e6974cb338056df65cb50e7d64d1cf314e87504837?s=96&d=mm&r=g","caption":"Arnaldo Botto"},"url":"https:\/\/www.noticiasradioreflejos.com.ar\/2021\/author\/arnaldo\/"}]}},"_links":{"self":[{"href":"https:\/\/www.noticiasradioreflejos.com.ar\/2021\/wp-json\/wp\/v2\/posts\/37190","targetHints":{"allow":["GET"]}}],"collection":[{"href":"https:\/\/www.noticiasradioreflejos.com.ar\/2021\/wp-json\/wp\/v2\/posts"}],"about":[{"href":"https:\/\/www.noticiasradioreflejos.com.ar\/2021\/wp-json\/wp\/v2\/types\/post"}],"author":[{"embeddable":true,"href":"https:\/\/www.noticiasradioreflejos.com.ar\/2021\/wp-json\/wp\/v2\/users\/3"}],"replies":[{"embeddable":true,"href":"https:\/\/www.noticiasradioreflejos.com.ar\/2021\/wp-json\/wp\/v2\/comments?post=37190"}],"version-history":[{"count":0,"href":"https:\/\/www.noticiasradioreflejos.com.ar\/2021\/wp-json\/wp\/v2\/posts\/37190\/revisions"}],"wp:attachment":[{"href":"https:\/\/www.noticiasradioreflejos.com.ar\/2021\/wp-json\/wp\/v2\/media?parent=37190"}],"wp:term":[{"taxonomy":"category","embeddable":true,"href":"https:\/\/www.noticiasradioreflejos.com.ar\/2021\/wp-json\/wp\/v2\/categories?post=37190"},{"taxonomy":"post_tag","embeddable":true,"href":"https:\/\/www.noticiasradioreflejos.com.ar\/2021\/wp-json\/wp\/v2\/tags?post=37190"}],"curies":[{"name":"wp","href":"https:\/\/api.w.org\/{rel}","templated":true}]}}