{"id":37157,"date":"2019-12-12T00:35:33","date_gmt":"2019-12-12T03:35:33","guid":{"rendered":"http:\/\/www.noticiasradioreflejos.com.ar\/noticias\/?p=37157"},"modified":"2019-12-12T00:35:33","modified_gmt":"2019-12-12T03:35:33","slug":"asamblea-legislativa-axel-kicillof-juro-como-gobernador-acompanado-de-alberto-y-cristina","status":"publish","type":"post","link":"https:\/\/www.noticiasradioreflejos.com.ar\/2021\/asamblea-legislativa-axel-kicillof-juro-como-gobernador-acompanado-de-alberto-y-cristina\/","title":{"rendered":"Asamblea Legislativa: Axel Kicillof jur\u00f3 como gobernador acompa\u00f1ado de Alberto y Cristina"},"content":{"rendered":"<p><a title=\"gacetilla\" href=\"http:\/\/live.staticflickr.com\/65535\/49206241848_745538b5e7_z.jpg\" rel=\"\"><img loading=\"lazy\" decoding=\"async\" class=\"aligncenter\" title=\"gacetilla\" src=\"http:\/\/live.staticflickr.com\/65535\/49206241848_745538b5e7_z.jpg\" alt=\"gacetilla\" width=\"640\" height=\"157\" \/><\/a><br \/>\n<strong>En un recinto colmado, el gobernador Axel Kicillof asumi\u00f3 como gobernador de la provincia de Buenos Aires al prestar juramento ante la vicegobernadora, Ver\u00f3nica Magario, y el pleno de la Asamblea Legislativa.<!--more--><\/strong><br \/>\nKicillof recibi\u00f3 los atributos de mando de la gobernadora saliente, Mar\u00eda Eugenia Vidal, a pesar de que su mandato finaliz\u00f3 el martes y por unas horas la senadora Teresa Garc\u00eda \u2013quien presidi\u00f3 la Asamblea- fue la gobernadora interina.<br \/>\nEl mandatario estuvo secundado por el presidente de la C\u00e1mara de Diputados, Federico Oterm\u00edn \u2013quien estuvo acompa\u00f1ado por su pareja, la diputada nacional Daniela Vilar-, y los secretarios Legislativos de ambas c\u00e1maras. Adem\u00e1s, el presidente, Alberto Fern\u00e1ndez, y la vicepresidenta Cristina Fern\u00e1ndez de Kirchner, participaron de la asunci\u00f3n desde el palco principal junto a la esposa y los hijos de Kicillof. Estuvieron, adem\u00e1s, miembros de su futuro gabinete y del gabinete provincial saliente, legisladores nacionales, intendentes, dirigentes sindicales, la c\u00fapula de la CGT y el Partido Justicialista, entre otros.<br \/>\nEl flamante gobernador dirigi\u00f3 su primer discurso como m\u00e1ximo mandatario provincial a los diputados y senadores que conforman la Legislatura y al pueblo bonaerense con fuertes definiciones. Comenz\u00f3 su presentaci\u00f3n asegurando:\u00a0<strong><em>\u201cVengo a comprometerme ante ustedes a trabajar sin descanso y con honestidad para reconstruir la provincia de Buenos Aires. Para recuperar los derechos perdidos pero tambi\u00e9n para transformar a fondo su estructura\u201d.<\/em><\/strong>\u00a0Luego, puso de relieve\u00a0<strong><em>\u201cla situaci\u00f3n tremendamente convulsionada que est\u00e1 viviendo la regi\u00f3n y el mundo\u201d<\/em><\/strong>\u00a0y ponder\u00f3 el aprendizaje de la sociedad argentina\u00a0<strong><em>\u201cque nos trajo hasta aqu\u00ed de manera democr\u00e1tica y pac\u00edfica\u201d.<\/em><\/strong><br \/>\nEl mandatario critic\u00f3 duramente el plan econ\u00f3mico del gobierno saliente, realizando una radiograf\u00eda en la que present\u00f3 \u00abestad\u00edsticas dram\u00e1ticas\u00bb, y sobre las que destac\u00f3 enf\u00e1ticamente:\u00a0<strong><em>\u00abNo son n\u00fameros. Son personas, hombres, mujeres, ni\u00f1os, trabajadores, empresarios, comerciantes, productores agropecuarios peque\u00f1os y medianos\u00bb.\u00a0<\/em><\/strong>En ese sentido, consider\u00f3 a que<strong><em>\u00a0\u00abla Provincia no hizo siquiera lo que pod\u00eda hacer\u00bb<\/em><\/strong>\u00a0en este contexto de crisis nacional y que\u00a0<strong><em>\u201cla cifra que nos dejan en la caja no alcanza para cubrir las obligaciones b\u00e1sicas\u201d.<\/em><\/strong><br \/>\nKicillof habl\u00f3 de una provincia\u00a0<strong><em>\u201cen emergencia\u201d<\/em><\/strong>\u00a0en lo financiero, en su deuda, en la situaci\u00f3n del Banco Provincia, en salud y en educaci\u00f3n. En este marco, resalt\u00f3 que se trata de una situaci\u00f3n de emergencia<strong><em>\u00a0\u201cporque tenemos necesidades urgentes e imperiosas\u201d\u00a0<\/em><\/strong>y demand\u00f3 la colaboraci\u00f3n de todos los sectores:\u00a0<strong><em>\u201cComo est\u00e1n las cosas entre la Legislatura y el gobierno vamos a tener que afrontar estas situaciones. Espero el apoyo y la compresi\u00f3n de todos ustedes, y sobre todo de los y las bonaerenses\u00bb\u00a0<\/em><\/strong>dijo, poniendo sobre aviso del pr\u00f3ximo env\u00edo de los proyectos correspondientes.<br \/>\nTambi\u00e9n se refiri\u00f3 a los gobiernos locales al tiempo que destac\u00f3 la labor de\u00a0<strong><em>\u201clos intendentes que le pusieron el cuerpo y la militancia a las dificultades, y eso impidi\u00f3 que la situaci\u00f3n fuera peor. Queremos contar con su capacidad, venimos a gobernar con todos y cada uno de los municipios y no desde el centro\u201d<\/em><\/strong>\u00a0se comprometi\u00f3.<br \/>\nEn este marco, defini\u00f3 cu\u00e1l ser\u00e1 el perfil de esta nueva etapa, asegurando que el programa econ\u00f3mico va a beneficiar a los m\u00e1s postergados y que\u00a0<strong><em>\u00abla mejor pol\u00edtica para terminar con las necesidades, con la vulnerabilidad; con el hambre es dar trabajo\u201d.<\/em><\/strong>\u00a0Luego de recordar el fallo de judicial que plantea la razonabilidad de las tarifas, asegur\u00f3 que<strong><em>\u00a0\u00absi una tarifa no puede ser pagada por un jubilado no es tarifa, es saqueo\u00bb<\/em><\/strong>\u00a0y anunci\u00f3 la suspensi\u00f3n del aumento de luz autorizado por Vidal tras las elecciones y que comenzar\u00eda a regir en enero.<br \/>\nSobre el proyecto de Presupuesto, al que calific\u00f3 de\u00a0<strong><em>\u201cciencia ficci\u00f3n\u201d<\/em><\/strong>, anunci\u00f3 que esperar\u00e1 la definici\u00f3n del nacional antes de enviar el propio, y pidi\u00f3 el acompa\u00f1amiento de la Legislatura para encontrar los instrumentos que permitan afrontar la emergencia.<br \/>\nEn el \u00e1mbito educativo plante\u00f3 600 obras urgentes para poder comenzar el pr\u00f3ximo ciclo lectivo y, luego de homenajear a Sandra y Rub\u00e9n los trabajadores de la educaci\u00f3n fallecidos en una escuela de Moreno, se posicion\u00f3:\u00a0<strong><em>\u201cNo esperen ver a un gobernador que ataque a los maestros, hay que defender a la escuela p\u00fablica, la universidad, la ciencia, la investigaci\u00f3n\u201d.<\/em><\/strong><br \/>\nTambi\u00e9n anunci\u00f3 un programa de emergencia Pyme, para las que centralizar\u00e1 la atenci\u00f3n en un \u00fanico canal pero brindar\u00e1 respuesta con diferentes instrumentos.\u00a0<strong><em>\u201cQueremos detener la hemorragia para que no cierren m\u00e1s empresas y que no se pierdan m\u00e1s fuentes de trabajo\u201d.<\/em><\/strong><br \/>\nTambi\u00e9n se refiri\u00f3 al conflicto que atraviesa el Servicio Penitenciario, con 9 mil detenidos en huelga de hambre, y sostuvo como prioridad asegurar las cuestiones b\u00e1sicas, que hoy no est\u00e1n cubiertas, para seguir trabajando en la resoluci\u00f3n de las cuestiones estructurales.<br \/>\nFinalmente, anunci\u00f3 que enviar\u00e1 una nueva Ley de Ministerios, sobre la que adelant\u00f3 que habr\u00e1 una compresi\u00f3n de la estructura provincial, aunque inform\u00f3 que crear\u00e1 el Ministerio de las Mujeres, G\u00e9nero y Diversidad Sexual.<br \/>\n<strong>Repercusiones tras las Asamblea Legislativa<\/strong><br \/>\n<strong>Rub\u00e9n Eslaiman (Frente de Todos):\u00a0<\/strong>\u00abEl gobernador<strong>\u00a0<\/strong>plante\u00f3 la cruda realidad que est\u00e1 atravesando la provincia y fundamentalmente cu\u00e1l es el camino que va a tomar. Habl\u00f3 de la deuda que es inmensa y en d\u00f3lares. Esto reci\u00e9n comienza, pero el gobernador tiene claro lo que es fundamental: que hay que empezar a gobernar, por eso destaco el gabinete que es de toda gente experimentada y todos los bloques tenemos que apoyar\u201d.<br \/>\n<strong>Mar\u00eda Laura Ram\u00edrez (Frente de Todos): \u201c<\/strong>Estamos con muchas ganas de trabajar para el 2020 como dijo nuestro gobernador para el bicentenario de la provincia de Buenos Aires con un parlamento que va a estar a la altura de la circunstancia. Kicillof \u201cfue muy claro en los puntos donde va a trabajar espec\u00edficamente tanto en educaci\u00f3n, en lo social y en lo que fue obras p\u00fablicas. Y estoy muy feliz como mujer con el anuncio del Ministerio Para la Mujer y la Igualdad. Est\u00e1 bueno que un gobernador se haya acordado de nosotras y de todo lo que estamos viviendo d\u00eda a d\u00eda\u201d.<br \/>\n<strong>Daniel Lipovetzky (Juntos por el Cambio): \u201c<\/strong>Me parece bien que empiece a plantearle a las empresas una revisi\u00f3n de los contratos que es un tema que qued\u00f3 pendiente de los \u00faltimos gobiernos, no solamente de este, sino de los gobiernos anteriores a este tambi\u00e9n. Nosotros estamos para apoyar la gobernabilidad\u201d.<br \/>\n<a title=\"unnamed\" href=\"http:\/\/live.staticflickr.com\/65535\/49206241403_f0ef55e644_z.jpg\" rel=\"\"><img loading=\"lazy\" decoding=\"async\" class=\"aligncenter\" title=\"unnamed\" src=\"http:\/\/live.staticflickr.com\/65535\/49206241403_f0ef55e644_z.jpg\" alt=\"unnamed\" width=\"622\" height=\"158\" \/><\/a><br \/>\n<a title=\"Asamblea3\" href=\"http:\/\/live.staticflickr.com\/65535\/49206766481_cc974c6d03_z.jpg\" rel=\"\"><img loading=\"lazy\" decoding=\"async\" class=\"aligncenter\" title=\"Asamblea3\" src=\"http:\/\/live.staticflickr.com\/65535\/49206766481_cc974c6d03_z.jpg\" alt=\"Asamblea3\" width=\"640\" height=\"427\" \/><\/a><br \/>\n&nbsp;<br \/>\n<a title=\"Asamblea2\" href=\"http:\/\/live.staticflickr.com\/65535\/49206982472_c5aa485591_z.jpg\" rel=\"\"><img loading=\"lazy\" decoding=\"async\" class=\"aligncenter\" title=\"Asamblea2\" src=\"http:\/\/live.staticflickr.com\/65535\/49206982472_c5aa485591_z.jpg\" alt=\"Asamblea2\" width=\"640\" height=\"427\" \/><\/a><\/p>\n","protected":false},"excerpt":{"rendered":"<p>En un recinto colmado, el gobernador Axel Kicillof asumi\u00f3 como gobernador de la provincia de Buenos Aires al prestar juramento ante la vicegobernadora, Ver\u00f3nica Magario, y el pleno de la Asamblea Legislativa.<\/p>\n","protected":false},"author":3,"featured_media":0,"comment_status":"closed","ping_status":"open","sticky":false,"template":"","format":"standard","meta":{"footnotes":""},"categories":[24],"tags":[],"class_list":["post-37157","post","type-post","status-publish","format-standard","hentry","category-politica"],"yoast_head":"<!-- This site is optimized with the Yoast SEO plugin v25.9 - https:\/\/yoast.com\/wordpress\/plugins\/seo\/ -->\n<title>Asamblea Legislativa: Axel Kicillof jur\u00f3 como gobernador acompa\u00f1ado de Alberto y Cristina - Noticias Radio Reflejos<\/title>\n<meta name=\"robots\" content=\"index, follow, max-snippet:-1, max-image-preview:large, max-video-preview:-1\" \/>\n<link rel=\"canonical\" href=\"https:\/\/www.noticiasradioreflejos.com.ar\/2021\/asamblea-legislativa-axel-kicillof-juro-como-gobernador-acompanado-de-alberto-y-cristina\/\" \/>\n<meta property=\"og:locale\" content=\"es_ES\" \/>\n<meta property=\"og:type\" content=\"article\" \/>\n<meta property=\"og:title\" content=\"Asamblea Legislativa: Axel Kicillof jur\u00f3 como gobernador acompa\u00f1ado de Alberto y Cristina - Noticias Radio Reflejos\" \/>\n<meta property=\"og:description\" content=\"En un recinto colmado, el gobernador Axel Kicillof asumi\u00f3 como gobernador de la provincia de Buenos Aires al prestar juramento ante la vicegobernadora, Ver\u00f3nica Magario, y el pleno de la Asamblea Legislativa.\" \/>\n<meta property=\"og:url\" content=\"https:\/\/www.noticiasradioreflejos.com.ar\/2021\/asamblea-legislativa-axel-kicillof-juro-como-gobernador-acompanado-de-alberto-y-cristina\/\" \/>\n<meta property=\"og:site_name\" content=\"Noticias Radio Reflejos\" \/>\n<meta property=\"article:published_time\" content=\"2019-12-12T03:35:33+00:00\" \/>\n<meta property=\"og:image\" content=\"http:\/\/live.staticflickr.com\/65535\/49206241848_745538b5e7_z.jpg\" \/>\n<meta name=\"author\" content=\"Arnaldo Botto\" \/>\n<meta name=\"twitter:card\" content=\"summary_large_image\" \/>\n<script type=\"application\/ld+json\" class=\"yoast-schema-graph\">{\"@context\":\"https:\/\/schema.org\",\"@graph\":[{\"@type\":\"WebPage\",\"@id\":\"https:\/\/www.noticiasradioreflejos.com.ar\/2021\/asamblea-legislativa-axel-kicillof-juro-como-gobernador-acompanado-de-alberto-y-cristina\/\",\"url\":\"https:\/\/www.noticiasradioreflejos.com.ar\/2021\/asamblea-legislativa-axel-kicillof-juro-como-gobernador-acompanado-de-alberto-y-cristina\/\",\"name\":\"Asamblea Legislativa: Axel Kicillof jur\u00f3 como gobernador acompa\u00f1ado de Alberto y Cristina - Noticias Radio Reflejos\",\"isPartOf\":{\"@id\":\"https:\/\/www.noticiasradioreflejos.com.ar\/2021\/#website\"},\"primaryImageOfPage\":{\"@id\":\"https:\/\/www.noticiasradioreflejos.com.ar\/2021\/asamblea-legislativa-axel-kicillof-juro-como-gobernador-acompanado-de-alberto-y-cristina\/#primaryimage\"},\"image\":{\"@id\":\"https:\/\/www.noticiasradioreflejos.com.ar\/2021\/asamblea-legislativa-axel-kicillof-juro-como-gobernador-acompanado-de-alberto-y-cristina\/#primaryimage\"},\"thumbnailUrl\":\"http:\/\/live.staticflickr.com\/65535\/49206241848_745538b5e7_z.jpg\",\"datePublished\":\"2019-12-12T03:35:33+00:00\",\"author\":{\"@id\":\"https:\/\/www.noticiasradioreflejos.com.ar\/2021\/#\/schema\/person\/ad82545263dcc5ec0996818884fd5fb1\"},\"breadcrumb\":{\"@id\":\"https:\/\/www.noticiasradioreflejos.com.ar\/2021\/asamblea-legislativa-axel-kicillof-juro-como-gobernador-acompanado-de-alberto-y-cristina\/#breadcrumb\"},\"inLanguage\":\"es\",\"potentialAction\":[{\"@type\":\"ReadAction\",\"target\":[\"https:\/\/www.noticiasradioreflejos.com.ar\/2021\/asamblea-legislativa-axel-kicillof-juro-como-gobernador-acompanado-de-alberto-y-cristina\/\"]}]},{\"@type\":\"ImageObject\",\"inLanguage\":\"es\",\"@id\":\"https:\/\/www.noticiasradioreflejos.com.ar\/2021\/asamblea-legislativa-axel-kicillof-juro-como-gobernador-acompanado-de-alberto-y-cristina\/#primaryimage\",\"url\":\"http:\/\/live.staticflickr.com\/65535\/49206241848_745538b5e7_z.jpg\",\"contentUrl\":\"http:\/\/live.staticflickr.com\/65535\/49206241848_745538b5e7_z.jpg\"},{\"@type\":\"BreadcrumbList\",\"@id\":\"https:\/\/www.noticiasradioreflejos.com.ar\/2021\/asamblea-legislativa-axel-kicillof-juro-como-gobernador-acompanado-de-alberto-y-cristina\/#breadcrumb\",\"itemListElement\":[{\"@type\":\"ListItem\",\"position\":1,\"name\":\"Portada\",\"item\":\"https:\/\/www.noticiasradioreflejos.com.ar\/2021\/\"},{\"@type\":\"ListItem\",\"position\":2,\"name\":\"Asamblea Legislativa: Axel Kicillof jur\u00f3 como gobernador acompa\u00f1ado de Alberto y Cristina\"}]},{\"@type\":\"WebSite\",\"@id\":\"https:\/\/www.noticiasradioreflejos.com.ar\/2021\/#website\",\"url\":\"https:\/\/www.noticiasradioreflejos.com.ar\/2021\/\",\"name\":\"Noticias Radio Reflejos\",\"description\":\"Las noticias de mi comarca\",\"potentialAction\":[{\"@type\":\"SearchAction\",\"target\":{\"@type\":\"EntryPoint\",\"urlTemplate\":\"https:\/\/www.noticiasradioreflejos.com.ar\/2021\/?s={search_term_string}\"},\"query-input\":{\"@type\":\"PropertyValueSpecification\",\"valueRequired\":true,\"valueName\":\"search_term_string\"}}],\"inLanguage\":\"es\"},{\"@type\":\"Person\",\"@id\":\"https:\/\/www.noticiasradioreflejos.com.ar\/2021\/#\/schema\/person\/ad82545263dcc5ec0996818884fd5fb1\",\"name\":\"Arnaldo Botto\",\"image\":{\"@type\":\"ImageObject\",\"inLanguage\":\"es\",\"@id\":\"https:\/\/www.noticiasradioreflejos.com.ar\/2021\/#\/schema\/person\/image\/\",\"url\":\"https:\/\/secure.gravatar.com\/avatar\/55cb5e37c1efa326397366e6974cb338056df65cb50e7d64d1cf314e87504837?s=96&d=mm&r=g\",\"contentUrl\":\"https:\/\/secure.gravatar.com\/avatar\/55cb5e37c1efa326397366e6974cb338056df65cb50e7d64d1cf314e87504837?s=96&d=mm&r=g\",\"caption\":\"Arnaldo Botto\"},\"url\":\"https:\/\/www.noticiasradioreflejos.com.ar\/2021\/author\/arnaldo\/\"}]}<\/script>\n<!-- \/ Yoast SEO plugin. -->","yoast_head_json":{"title":"Asamblea Legislativa: Axel Kicillof jur\u00f3 como gobernador acompa\u00f1ado de Alberto y Cristina - Noticias Radio Reflejos","robots":{"index":"index","follow":"follow","max-snippet":"max-snippet:-1","max-image-preview":"max-image-preview:large","max-video-preview":"max-video-preview:-1"},"canonical":"https:\/\/www.noticiasradioreflejos.com.ar\/2021\/asamblea-legislativa-axel-kicillof-juro-como-gobernador-acompanado-de-alberto-y-cristina\/","og_locale":"es_ES","og_type":"article","og_title":"Asamblea Legislativa: Axel Kicillof jur\u00f3 como gobernador acompa\u00f1ado de Alberto y Cristina - Noticias Radio Reflejos","og_description":"En un recinto colmado, el gobernador Axel Kicillof asumi\u00f3 como gobernador de la provincia de Buenos Aires al prestar juramento ante la vicegobernadora, Ver\u00f3nica Magario, y el pleno de la Asamblea Legislativa.","og_url":"https:\/\/www.noticiasradioreflejos.com.ar\/2021\/asamblea-legislativa-axel-kicillof-juro-como-gobernador-acompanado-de-alberto-y-cristina\/","og_site_name":"Noticias Radio Reflejos","article_published_time":"2019-12-12T03:35:33+00:00","og_image":[{"url":"http:\/\/live.staticflickr.com\/65535\/49206241848_745538b5e7_z.jpg","type":"","width":"","height":""}],"author":"Arnaldo Botto","twitter_card":"summary_large_image","schema":{"@context":"https:\/\/schema.org","@graph":[{"@type":"WebPage","@id":"https:\/\/www.noticiasradioreflejos.com.ar\/2021\/asamblea-legislativa-axel-kicillof-juro-como-gobernador-acompanado-de-alberto-y-cristina\/","url":"https:\/\/www.noticiasradioreflejos.com.ar\/2021\/asamblea-legislativa-axel-kicillof-juro-como-gobernador-acompanado-de-alberto-y-cristina\/","name":"Asamblea Legislativa: Axel Kicillof jur\u00f3 como gobernador acompa\u00f1ado de Alberto y Cristina - Noticias Radio Reflejos","isPartOf":{"@id":"https:\/\/www.noticiasradioreflejos.com.ar\/2021\/#website"},"primaryImageOfPage":{"@id":"https:\/\/www.noticiasradioreflejos.com.ar\/2021\/asamblea-legislativa-axel-kicillof-juro-como-gobernador-acompanado-de-alberto-y-cristina\/#primaryimage"},"image":{"@id":"https:\/\/www.noticiasradioreflejos.com.ar\/2021\/asamblea-legislativa-axel-kicillof-juro-como-gobernador-acompanado-de-alberto-y-cristina\/#primaryimage"},"thumbnailUrl":"http:\/\/live.staticflickr.com\/65535\/49206241848_745538b5e7_z.jpg","datePublished":"2019-12-12T03:35:33+00:00","author":{"@id":"https:\/\/www.noticiasradioreflejos.com.ar\/2021\/#\/schema\/person\/ad82545263dcc5ec0996818884fd5fb1"},"breadcrumb":{"@id":"https:\/\/www.noticiasradioreflejos.com.ar\/2021\/asamblea-legislativa-axel-kicillof-juro-como-gobernador-acompanado-de-alberto-y-cristina\/#breadcrumb"},"inLanguage":"es","potentialAction":[{"@type":"ReadAction","target":["https:\/\/www.noticiasradioreflejos.com.ar\/2021\/asamblea-legislativa-axel-kicillof-juro-como-gobernador-acompanado-de-alberto-y-cristina\/"]}]},{"@type":"ImageObject","inLanguage":"es","@id":"https:\/\/www.noticiasradioreflejos.com.ar\/2021\/asamblea-legislativa-axel-kicillof-juro-como-gobernador-acompanado-de-alberto-y-cristina\/#primaryimage","url":"http:\/\/live.staticflickr.com\/65535\/49206241848_745538b5e7_z.jpg","contentUrl":"http:\/\/live.staticflickr.com\/65535\/49206241848_745538b5e7_z.jpg"},{"@type":"BreadcrumbList","@id":"https:\/\/www.noticiasradioreflejos.com.ar\/2021\/asamblea-legislativa-axel-kicillof-juro-como-gobernador-acompanado-de-alberto-y-cristina\/#breadcrumb","itemListElement":[{"@type":"ListItem","position":1,"name":"Portada","item":"https:\/\/www.noticiasradioreflejos.com.ar\/2021\/"},{"@type":"ListItem","position":2,"name":"Asamblea Legislativa: Axel Kicillof jur\u00f3 como gobernador acompa\u00f1ado de Alberto y Cristina"}]},{"@type":"WebSite","@id":"https:\/\/www.noticiasradioreflejos.com.ar\/2021\/#website","url":"https:\/\/www.noticiasradioreflejos.com.ar\/2021\/","name":"Noticias Radio Reflejos","description":"Las noticias de mi comarca","potentialAction":[{"@type":"SearchAction","target":{"@type":"EntryPoint","urlTemplate":"https:\/\/www.noticiasradioreflejos.com.ar\/2021\/?s={search_term_string}"},"query-input":{"@type":"PropertyValueSpecification","valueRequired":true,"valueName":"search_term_string"}}],"inLanguage":"es"},{"@type":"Person","@id":"https:\/\/www.noticiasradioreflejos.com.ar\/2021\/#\/schema\/person\/ad82545263dcc5ec0996818884fd5fb1","name":"Arnaldo Botto","image":{"@type":"ImageObject","inLanguage":"es","@id":"https:\/\/www.noticiasradioreflejos.com.ar\/2021\/#\/schema\/person\/image\/","url":"https:\/\/secure.gravatar.com\/avatar\/55cb5e37c1efa326397366e6974cb338056df65cb50e7d64d1cf314e87504837?s=96&d=mm&r=g","contentUrl":"https:\/\/secure.gravatar.com\/avatar\/55cb5e37c1efa326397366e6974cb338056df65cb50e7d64d1cf314e87504837?s=96&d=mm&r=g","caption":"Arnaldo Botto"},"url":"https:\/\/www.noticiasradioreflejos.com.ar\/2021\/author\/arnaldo\/"}]}},"_links":{"self":[{"href":"https:\/\/www.noticiasradioreflejos.com.ar\/2021\/wp-json\/wp\/v2\/posts\/37157","targetHints":{"allow":["GET"]}}],"collection":[{"href":"https:\/\/www.noticiasradioreflejos.com.ar\/2021\/wp-json\/wp\/v2\/posts"}],"about":[{"href":"https:\/\/www.noticiasradioreflejos.com.ar\/2021\/wp-json\/wp\/v2\/types\/post"}],"author":[{"embeddable":true,"href":"https:\/\/www.noticiasradioreflejos.com.ar\/2021\/wp-json\/wp\/v2\/users\/3"}],"replies":[{"embeddable":true,"href":"https:\/\/www.noticiasradioreflejos.com.ar\/2021\/wp-json\/wp\/v2\/comments?post=37157"}],"version-history":[{"count":0,"href":"https:\/\/www.noticiasradioreflejos.com.ar\/2021\/wp-json\/wp\/v2\/posts\/37157\/revisions"}],"wp:attachment":[{"href":"https:\/\/www.noticiasradioreflejos.com.ar\/2021\/wp-json\/wp\/v2\/media?parent=37157"}],"wp:term":[{"taxonomy":"category","embeddable":true,"href":"https:\/\/www.noticiasradioreflejos.com.ar\/2021\/wp-json\/wp\/v2\/categories?post=37157"},{"taxonomy":"post_tag","embeddable":true,"href":"https:\/\/www.noticiasradioreflejos.com.ar\/2021\/wp-json\/wp\/v2\/tags?post=37157"}],"curies":[{"name":"wp","href":"https:\/\/api.w.org\/{rel}","templated":true}]}}