{"id":37154,"date":"2019-12-12T00:22:29","date_gmt":"2019-12-12T03:22:29","guid":{"rendered":"http:\/\/www.noticiasradioreflejos.com.ar\/noticias\/?p=37154"},"modified":"2019-12-12T00:22:29","modified_gmt":"2019-12-12T03:22:29","slug":"la-camara-de-diputados-sanciono-la-ley-de-ministerios","status":"publish","type":"post","link":"https:\/\/www.noticiasradioreflejos.com.ar\/2021\/la-camara-de-diputados-sanciono-la-ley-de-ministerios\/","title":{"rendered":"La C\u00e1mara de Diputados sancion\u00f3 la ley de ministerios"},"content":{"rendered":"<p><a title=\"gacetilla\" href=\"http:\/\/live.staticflickr.com\/65535\/49206241848_745538b5e7_z.jpg\" rel=\"\"><img loading=\"lazy\" decoding=\"async\" class=\"aligncenter\" title=\"gacetilla\" src=\"http:\/\/live.staticflickr.com\/65535\/49206241848_745538b5e7_z.jpg\" alt=\"gacetilla\" width=\"640\" height=\"157\" \/><\/a><br \/>\n<strong><em>Tras la asunci\u00f3n del nuevo gobernador, Axel Kicillof, y luego de ser aprobada por el Senado bonaerense, la C\u00e1mara baja, presidida por Federico Oterm\u00edn, le dio curso a la Ley de Ministerios y con esta sanci\u00f3n quedan habilitados para jurar los nuevos miembros del Gabinete provincial.<\/em><\/strong><!--more--><br \/>\nCon la sanci\u00f3n de la Ley de Ministerios, este jueves 12 de diciembre podr\u00e1n jurar los integrantes del Gabinete provincial elegidos por el nuevo mandatario bonaerense Axel Kicillof, quien asumi\u00f3 su cargo este mediod\u00eda tras jurar ante la Asamblea Legislativa.<br \/>\nComo se\u00f1ala en su escrito, la Ley tiene como objetivo \u201cla necesidad de optimizar la organizaci\u00f3n de la administraci\u00f3n p\u00fablica a fin de asegurar la eficiencia en su funcionamiento\u201d.<br \/>\nEn este contexto, se estableci\u00f3 que habr\u00e1 trece ministerios y ser\u00e1n los siguientes: Ministerios de Jefatura de Gabinete de Ministros, Comunicaci\u00f3n P\u00fablica, Desarrollo Agrario, Desarrollo de la Comunidad, Gobierno, Hacienda y Finanzas, Infraestructura y Servicios P\u00fablicos, Justicia y Derechos Humanos, Mujeres, Pol\u00edticas de G\u00e9neros y Diversidad Sexual, Producci\u00f3n, Ciencia e Innovaci\u00f3n Tecnol\u00f3gica, Salud, Seguridad y Trabajo.<br \/>\nEn materia de Secretar\u00edas, se eliminar\u00e1n todas, con excepci\u00f3n de la Secretar\u00eda General, incorpor\u00e1ndose dentro de la ley y con relaci\u00f3n a cada Ministerio, a las Subsecretar\u00edas T\u00e9cnicas, Administrativas y Legales.<br \/>\nFacundo Tignanelli, quien fue designado como Jefe del Bloque del Frente de Todos, tom\u00f3 la palabra respecto de la ley sancionada y asegur\u00f3: \u201cAgradecemos a todos los bloques por el acompa\u00f1amiento a la Ley de Ministerios, y entendemos que la convivencia democr\u00e1tica requiere del consenso entre todos\u00bb.<br \/>\nEl diputado Maximiliano Abad afirm\u00f3 al referirse a la ley que \u00abdesde nuestro bloque ha habido diferencias respecto de la Ley de Ministerios, pero entendemos la necesidad de que el nuevo gobernador cuente con ella para poder desarrollar su labor\u00bb.<br \/>\nPor otra parte, juraron como nuevos legisladores la diputada D\u00e9bora Gal\u00e1n, que reemplaza a Malena Galmarini, quien asumir\u00e1 la presidencia de la empresa estatal nacional Aguas y Saneamientos Argentinos (AySA). El ex intendente de la localidad de Capit\u00e1n Sarmiento, Oscar Ostoich, jur\u00f3 y reemplaza a Mariano Pinedo, que renunci\u00f3 a su banca legislativa. Por \u00faltimo, la diputada Micaela Mor\u00e1n, oriunda de Z\u00e1rate, asumi\u00f3 su cargo en lugar de Lisandro Bonelli, quien pidi\u00f3 licencia.<br \/>\n<a title=\"unnamed\" href=\"http:\/\/live.staticflickr.com\/65535\/49206241403_f0ef55e644_z.jpg\" rel=\"\"><img loading=\"lazy\" decoding=\"async\" class=\"aligncenter\" title=\"unnamed\" src=\"http:\/\/live.staticflickr.com\/65535\/49206241403_f0ef55e644_z.jpg\" alt=\"unnamed\" width=\"622\" height=\"158\" \/><\/a><\/p>\n","protected":false},"excerpt":{"rendered":"<p>Tras la asunci\u00f3n del nuevo gobernador, Axel Kicillof, y luego de ser aprobada por el Senado bonaerense, la C\u00e1mara baja, presidida por Federico Oterm\u00edn, le dio curso a la Ley de Ministerios y con esta sanci\u00f3n quedan habilitados para jurar los nuevos miembros del Gabinete provincial.<\/p>\n","protected":false},"author":3,"featured_media":0,"comment_status":"closed","ping_status":"open","sticky":false,"template":"","format":"standard","meta":{"footnotes":""},"categories":[24],"tags":[],"class_list":["post-37154","post","type-post","status-publish","format-standard","hentry","category-politica"],"yoast_head":"<!-- This site is optimized with the Yoast SEO plugin v25.9 - https:\/\/yoast.com\/wordpress\/plugins\/seo\/ -->\n<title>La C\u00e1mara de Diputados sancion\u00f3 la ley de ministerios - Noticias Radio Reflejos<\/title>\n<meta name=\"robots\" content=\"index, follow, max-snippet:-1, max-image-preview:large, max-video-preview:-1\" \/>\n<link rel=\"canonical\" href=\"https:\/\/www.noticiasradioreflejos.com.ar\/2021\/la-camara-de-diputados-sanciono-la-ley-de-ministerios\/\" \/>\n<meta property=\"og:locale\" content=\"es_ES\" \/>\n<meta property=\"og:type\" content=\"article\" \/>\n<meta property=\"og:title\" content=\"La C\u00e1mara de Diputados sancion\u00f3 la ley de ministerios - Noticias Radio Reflejos\" \/>\n<meta property=\"og:description\" content=\"Tras la asunci\u00f3n del nuevo gobernador, Axel Kicillof, y luego de ser aprobada por el Senado bonaerense, la C\u00e1mara baja, presidida por Federico Oterm\u00edn, le dio curso a la Ley de Ministerios y con esta sanci\u00f3n quedan habilitados para jurar los nuevos miembros del Gabinete provincial.\" \/>\n<meta property=\"og:url\" content=\"https:\/\/www.noticiasradioreflejos.com.ar\/2021\/la-camara-de-diputados-sanciono-la-ley-de-ministerios\/\" \/>\n<meta property=\"og:site_name\" content=\"Noticias Radio Reflejos\" \/>\n<meta property=\"article:published_time\" content=\"2019-12-12T03:22:29+00:00\" \/>\n<meta property=\"og:image\" content=\"http:\/\/live.staticflickr.com\/65535\/49206241848_745538b5e7_z.jpg\" \/>\n<meta name=\"author\" content=\"Arnaldo Botto\" \/>\n<meta name=\"twitter:card\" content=\"summary_large_image\" \/>\n<script type=\"application\/ld+json\" class=\"yoast-schema-graph\">{\"@context\":\"https:\/\/schema.org\",\"@graph\":[{\"@type\":\"WebPage\",\"@id\":\"https:\/\/www.noticiasradioreflejos.com.ar\/2021\/la-camara-de-diputados-sanciono-la-ley-de-ministerios\/\",\"url\":\"https:\/\/www.noticiasradioreflejos.com.ar\/2021\/la-camara-de-diputados-sanciono-la-ley-de-ministerios\/\",\"name\":\"La C\u00e1mara de Diputados sancion\u00f3 la ley de ministerios - Noticias Radio Reflejos\",\"isPartOf\":{\"@id\":\"https:\/\/www.noticiasradioreflejos.com.ar\/2021\/#website\"},\"primaryImageOfPage\":{\"@id\":\"https:\/\/www.noticiasradioreflejos.com.ar\/2021\/la-camara-de-diputados-sanciono-la-ley-de-ministerios\/#primaryimage\"},\"image\":{\"@id\":\"https:\/\/www.noticiasradioreflejos.com.ar\/2021\/la-camara-de-diputados-sanciono-la-ley-de-ministerios\/#primaryimage\"},\"thumbnailUrl\":\"http:\/\/live.staticflickr.com\/65535\/49206241848_745538b5e7_z.jpg\",\"datePublished\":\"2019-12-12T03:22:29+00:00\",\"author\":{\"@id\":\"https:\/\/www.noticiasradioreflejos.com.ar\/2021\/#\/schema\/person\/ad82545263dcc5ec0996818884fd5fb1\"},\"breadcrumb\":{\"@id\":\"https:\/\/www.noticiasradioreflejos.com.ar\/2021\/la-camara-de-diputados-sanciono-la-ley-de-ministerios\/#breadcrumb\"},\"inLanguage\":\"es\",\"potentialAction\":[{\"@type\":\"ReadAction\",\"target\":[\"https:\/\/www.noticiasradioreflejos.com.ar\/2021\/la-camara-de-diputados-sanciono-la-ley-de-ministerios\/\"]}]},{\"@type\":\"ImageObject\",\"inLanguage\":\"es\",\"@id\":\"https:\/\/www.noticiasradioreflejos.com.ar\/2021\/la-camara-de-diputados-sanciono-la-ley-de-ministerios\/#primaryimage\",\"url\":\"http:\/\/live.staticflickr.com\/65535\/49206241848_745538b5e7_z.jpg\",\"contentUrl\":\"http:\/\/live.staticflickr.com\/65535\/49206241848_745538b5e7_z.jpg\"},{\"@type\":\"BreadcrumbList\",\"@id\":\"https:\/\/www.noticiasradioreflejos.com.ar\/2021\/la-camara-de-diputados-sanciono-la-ley-de-ministerios\/#breadcrumb\",\"itemListElement\":[{\"@type\":\"ListItem\",\"position\":1,\"name\":\"Portada\",\"item\":\"https:\/\/www.noticiasradioreflejos.com.ar\/2021\/\"},{\"@type\":\"ListItem\",\"position\":2,\"name\":\"La C\u00e1mara de Diputados sancion\u00f3 la ley de ministerios\"}]},{\"@type\":\"WebSite\",\"@id\":\"https:\/\/www.noticiasradioreflejos.com.ar\/2021\/#website\",\"url\":\"https:\/\/www.noticiasradioreflejos.com.ar\/2021\/\",\"name\":\"Noticias Radio Reflejos\",\"description\":\"Las noticias de mi comarca\",\"potentialAction\":[{\"@type\":\"SearchAction\",\"target\":{\"@type\":\"EntryPoint\",\"urlTemplate\":\"https:\/\/www.noticiasradioreflejos.com.ar\/2021\/?s={search_term_string}\"},\"query-input\":{\"@type\":\"PropertyValueSpecification\",\"valueRequired\":true,\"valueName\":\"search_term_string\"}}],\"inLanguage\":\"es\"},{\"@type\":\"Person\",\"@id\":\"https:\/\/www.noticiasradioreflejos.com.ar\/2021\/#\/schema\/person\/ad82545263dcc5ec0996818884fd5fb1\",\"name\":\"Arnaldo Botto\",\"image\":{\"@type\":\"ImageObject\",\"inLanguage\":\"es\",\"@id\":\"https:\/\/www.noticiasradioreflejos.com.ar\/2021\/#\/schema\/person\/image\/\",\"url\":\"https:\/\/secure.gravatar.com\/avatar\/55cb5e37c1efa326397366e6974cb338056df65cb50e7d64d1cf314e87504837?s=96&d=mm&r=g\",\"contentUrl\":\"https:\/\/secure.gravatar.com\/avatar\/55cb5e37c1efa326397366e6974cb338056df65cb50e7d64d1cf314e87504837?s=96&d=mm&r=g\",\"caption\":\"Arnaldo Botto\"},\"url\":\"https:\/\/www.noticiasradioreflejos.com.ar\/2021\/author\/arnaldo\/\"}]}<\/script>\n<!-- \/ Yoast SEO plugin. -->","yoast_head_json":{"title":"La C\u00e1mara de Diputados sancion\u00f3 la ley de ministerios - Noticias Radio Reflejos","robots":{"index":"index","follow":"follow","max-snippet":"max-snippet:-1","max-image-preview":"max-image-preview:large","max-video-preview":"max-video-preview:-1"},"canonical":"https:\/\/www.noticiasradioreflejos.com.ar\/2021\/la-camara-de-diputados-sanciono-la-ley-de-ministerios\/","og_locale":"es_ES","og_type":"article","og_title":"La C\u00e1mara de Diputados sancion\u00f3 la ley de ministerios - Noticias Radio Reflejos","og_description":"Tras la asunci\u00f3n del nuevo gobernador, Axel Kicillof, y luego de ser aprobada por el Senado bonaerense, la C\u00e1mara baja, presidida por Federico Oterm\u00edn, le dio curso a la Ley de Ministerios y con esta sanci\u00f3n quedan habilitados para jurar los nuevos miembros del Gabinete provincial.","og_url":"https:\/\/www.noticiasradioreflejos.com.ar\/2021\/la-camara-de-diputados-sanciono-la-ley-de-ministerios\/","og_site_name":"Noticias Radio Reflejos","article_published_time":"2019-12-12T03:22:29+00:00","og_image":[{"url":"http:\/\/live.staticflickr.com\/65535\/49206241848_745538b5e7_z.jpg","type":"","width":"","height":""}],"author":"Arnaldo Botto","twitter_card":"summary_large_image","schema":{"@context":"https:\/\/schema.org","@graph":[{"@type":"WebPage","@id":"https:\/\/www.noticiasradioreflejos.com.ar\/2021\/la-camara-de-diputados-sanciono-la-ley-de-ministerios\/","url":"https:\/\/www.noticiasradioreflejos.com.ar\/2021\/la-camara-de-diputados-sanciono-la-ley-de-ministerios\/","name":"La C\u00e1mara de Diputados sancion\u00f3 la ley de ministerios - Noticias Radio Reflejos","isPartOf":{"@id":"https:\/\/www.noticiasradioreflejos.com.ar\/2021\/#website"},"primaryImageOfPage":{"@id":"https:\/\/www.noticiasradioreflejos.com.ar\/2021\/la-camara-de-diputados-sanciono-la-ley-de-ministerios\/#primaryimage"},"image":{"@id":"https:\/\/www.noticiasradioreflejos.com.ar\/2021\/la-camara-de-diputados-sanciono-la-ley-de-ministerios\/#primaryimage"},"thumbnailUrl":"http:\/\/live.staticflickr.com\/65535\/49206241848_745538b5e7_z.jpg","datePublished":"2019-12-12T03:22:29+00:00","author":{"@id":"https:\/\/www.noticiasradioreflejos.com.ar\/2021\/#\/schema\/person\/ad82545263dcc5ec0996818884fd5fb1"},"breadcrumb":{"@id":"https:\/\/www.noticiasradioreflejos.com.ar\/2021\/la-camara-de-diputados-sanciono-la-ley-de-ministerios\/#breadcrumb"},"inLanguage":"es","potentialAction":[{"@type":"ReadAction","target":["https:\/\/www.noticiasradioreflejos.com.ar\/2021\/la-camara-de-diputados-sanciono-la-ley-de-ministerios\/"]}]},{"@type":"ImageObject","inLanguage":"es","@id":"https:\/\/www.noticiasradioreflejos.com.ar\/2021\/la-camara-de-diputados-sanciono-la-ley-de-ministerios\/#primaryimage","url":"http:\/\/live.staticflickr.com\/65535\/49206241848_745538b5e7_z.jpg","contentUrl":"http:\/\/live.staticflickr.com\/65535\/49206241848_745538b5e7_z.jpg"},{"@type":"BreadcrumbList","@id":"https:\/\/www.noticiasradioreflejos.com.ar\/2021\/la-camara-de-diputados-sanciono-la-ley-de-ministerios\/#breadcrumb","itemListElement":[{"@type":"ListItem","position":1,"name":"Portada","item":"https:\/\/www.noticiasradioreflejos.com.ar\/2021\/"},{"@type":"ListItem","position":2,"name":"La C\u00e1mara de Diputados sancion\u00f3 la ley de ministerios"}]},{"@type":"WebSite","@id":"https:\/\/www.noticiasradioreflejos.com.ar\/2021\/#website","url":"https:\/\/www.noticiasradioreflejos.com.ar\/2021\/","name":"Noticias Radio Reflejos","description":"Las noticias de mi comarca","potentialAction":[{"@type":"SearchAction","target":{"@type":"EntryPoint","urlTemplate":"https:\/\/www.noticiasradioreflejos.com.ar\/2021\/?s={search_term_string}"},"query-input":{"@type":"PropertyValueSpecification","valueRequired":true,"valueName":"search_term_string"}}],"inLanguage":"es"},{"@type":"Person","@id":"https:\/\/www.noticiasradioreflejos.com.ar\/2021\/#\/schema\/person\/ad82545263dcc5ec0996818884fd5fb1","name":"Arnaldo Botto","image":{"@type":"ImageObject","inLanguage":"es","@id":"https:\/\/www.noticiasradioreflejos.com.ar\/2021\/#\/schema\/person\/image\/","url":"https:\/\/secure.gravatar.com\/avatar\/55cb5e37c1efa326397366e6974cb338056df65cb50e7d64d1cf314e87504837?s=96&d=mm&r=g","contentUrl":"https:\/\/secure.gravatar.com\/avatar\/55cb5e37c1efa326397366e6974cb338056df65cb50e7d64d1cf314e87504837?s=96&d=mm&r=g","caption":"Arnaldo Botto"},"url":"https:\/\/www.noticiasradioreflejos.com.ar\/2021\/author\/arnaldo\/"}]}},"_links":{"self":[{"href":"https:\/\/www.noticiasradioreflejos.com.ar\/2021\/wp-json\/wp\/v2\/posts\/37154","targetHints":{"allow":["GET"]}}],"collection":[{"href":"https:\/\/www.noticiasradioreflejos.com.ar\/2021\/wp-json\/wp\/v2\/posts"}],"about":[{"href":"https:\/\/www.noticiasradioreflejos.com.ar\/2021\/wp-json\/wp\/v2\/types\/post"}],"author":[{"embeddable":true,"href":"https:\/\/www.noticiasradioreflejos.com.ar\/2021\/wp-json\/wp\/v2\/users\/3"}],"replies":[{"embeddable":true,"href":"https:\/\/www.noticiasradioreflejos.com.ar\/2021\/wp-json\/wp\/v2\/comments?post=37154"}],"version-history":[{"count":0,"href":"https:\/\/www.noticiasradioreflejos.com.ar\/2021\/wp-json\/wp\/v2\/posts\/37154\/revisions"}],"wp:attachment":[{"href":"https:\/\/www.noticiasradioreflejos.com.ar\/2021\/wp-json\/wp\/v2\/media?parent=37154"}],"wp:term":[{"taxonomy":"category","embeddable":true,"href":"https:\/\/www.noticiasradioreflejos.com.ar\/2021\/wp-json\/wp\/v2\/categories?post=37154"},{"taxonomy":"post_tag","embeddable":true,"href":"https:\/\/www.noticiasradioreflejos.com.ar\/2021\/wp-json\/wp\/v2\/tags?post=37154"}],"curies":[{"name":"wp","href":"https:\/\/api.w.org\/{rel}","templated":true}]}}