{"id":37136,"date":"2019-12-11T04:12:11","date_gmt":"2019-12-11T07:12:11","guid":{"rendered":"http:\/\/www.noticiasradioreflejos.com.ar\/noticias\/?p=37136"},"modified":"2019-12-11T04:12:11","modified_gmt":"2019-12-11T07:12:11","slug":"sergio-bordoni-asumio-su-nuevo-mandato","status":"publish","type":"post","link":"https:\/\/www.noticiasradioreflejos.com.ar\/2021\/sergio-bordoni-asumio-su-nuevo-mandato\/","title":{"rendered":"Sergio Bordoni asumi\u00f3 su nuevo mandato."},"content":{"rendered":"<p><a title=\"palabras\" href=\"http:\/\/live.staticflickr.com\/65535\/49202178483_f5077264c8_s.jpg\" rel=\"\"><img loading=\"lazy\" decoding=\"async\" class=\"alignleft\" style=\"float: left;\" title=\"palabras\" src=\"http:\/\/live.staticflickr.com\/65535\/49202178483_f5077264c8.jpg\" alt=\"palabras\" width=\"500\" height=\"334\" \/><\/a>El Jefe comunal prometi\u00f3 trabajar para darle soluciones a la gente. Prioridades fuentes de trabajo y viviendas. Present\u00f3 adem\u00e1s a su nuevo gabinete.<!--more--><br \/>\nSergio Bordoni, el Intendente N\u00ba 44 de la historia el distrito, ahora en su segundo mandato, juro este martes en el teatro municipal \u201cRodolfo Funke\u201d ante una sala colmada que acompa\u00f1\u00f3 a las autoridades electas.<br \/>\nEl Presidente del Honorable Concejo Deliberante Federico Labarthe, fue el encargado de tomarle juramento hasta Diciembre de 2023 cuando cumplir\u00eda con su \u00faltimo mandato.<br \/>\nBordoni, destac\u00f3 el trabajo que realizaron en los 4 a\u00f1os aunque reconoci\u00f3 que faltaron cosas y se comprometi\u00f3 a trabajar en pos del bienestar de la gente por m\u00e1s fuentes de trabajo y construcci\u00f3n de viviendas.<br \/>\nDijo que celebraba que hoy haya sido un d\u00eda de festejo de la democracia y el deseo de poder trabajar para el crecimiento del distrito con el nuevo gobernador Axel Kicillof y el Presidente Alberto Fernandez.<br \/>\n<a title=\"80072950_3289898171082077_5214487641948422144_o\" href=\"http:\/\/live.staticflickr.com\/65535\/49202177618_9585bae5c9_s.jpg\" rel=\"\"><img loading=\"lazy\" decoding=\"async\" class=\"alignleft\" style=\"float: left;\" title=\"80072950_3289898171082077_5214487641948422144_o\" src=\"http:\/\/live.staticflickr.com\/65535\/49202177618_9585bae5c9.jpg\" alt=\"80072950_3289898171082077_5214487641948422144_o\" width=\"500\" height=\"334\" \/><\/a>Tambi\u00e9n el Intendente puso en funciones al nuevo gabinete con caras conocidas y otras que ingresaron.<br \/>\nEn primer lugar y en un momento emotivo le tom\u00f3 juramento a su hija Estefan\u00eda, con voz temblorosa y muy nervioso se estrech\u00f3 en un abrazo con la nueva Secretaria de Hacienda.<br \/>\nActo seguido fue el turno de Susana Dos Santos como Secretaria de Turismo, Producci\u00f3n e industria. Luego convoc\u00f3 a Ezequiel Gabella que ahora ocupa la Secretar\u00eda de Gobierno y Seguridad.<br \/>\nEl Dr. Gonzalo Iparraguirre fue ratificado como secretario de desarrollo. La joven Agustina Peruzzi tambi\u00e9n juro como Secretaria de Obras y Servicios P\u00fablicos y por \u00faltimo al Dr. Miguel Pagnota como Secretario de Salud.<br \/>\nM\u00e1s tarde el jefe comunal hizo subir a los dem\u00e1s colaboradores como los delegados comunales: Patricia Marzialetti(Felipe Sola), Francisco Gabella(Pelicur\u00e1), Federico Sanz(Chasic\u00f3), Ricardo Amer(Tres Picos), Eugenio Rosetti(Villa Serrana La Gruta), Hugo Scabuso(Vila Ventana),German De Larena(Saldungaray), Hugo Polvara(Sierra de la Ventana).<br \/>\nComo Sub Secretarios: Ricardo Echevarria(Bromatologia), Belen Ladigan(Accion Social), Gerardo Bucchi(Juventud y empleo), mart\u00edn Olhaberry(Turismo), Walter Mendez(Servicios Urbanos), Noelia Baier(Salud),Gustavo Mui\u00f1os(Asesor Letrado)<br \/>\nComo directores: Sof\u00eda Urriaga(Deportes), Melisa Herrada(Medio Ambiente), Carlos POllio(Hogar Convivencial), Melisa Luj\u00e1n(Obras P\u00fablicas), Nadia Perez(Comunicaci\u00f3n), Natalia Dalponte(Hacienda),Andr\u00e9s Buschi(Asuntos Legales), Martin Cenizo(Seguridad), Noeli Kloster(Cultura), Diego Diaz(M\u00e9dico).<br \/>\nOtro de los momentos emotivos de la asunci\u00f3n fue destacado por el Intendente como la presencia de sus suegros y sus padres que quedaron retratados en una foto familiar junto a su esposa hijos y nieta.<br \/>\n<iframe loading=\"lazy\" src=\"https:\/\/w.soundcloud.com\/player\/?url=https%3A\/\/api.soundcloud.com\/tracks\/726128848&amp;color=%23ff5500&amp;auto_play=false&amp;hide_related=false&amp;show_comments=true&amp;show_user=true&amp;show_reposts=false&amp;show_teaser=true\" width=\"100%\" height=\"166\" frameborder=\"no\" scrolling=\"no\"><\/iframe><br \/>\n<a href=\"https:\/\/www.facebook.com\/pg\/Noticias-Tornquist-826029020802350\/photos\/?tab=album&amp;album_id=3289894461082448\" target=\"_blank\" rel=\"noopener\"><strong>FOTOS DE LA ASUNCION Y JURA DE SERGIO BORDONI<\/strong><\/a><\/p>\n","protected":false},"excerpt":{"rendered":"<p>El Jefe comunal prometi\u00f3 trabajar para darle soluciones a la gente. Prioridades fuentes de trabajo y viviendas. Present\u00f3 adem\u00e1s a su nuevo gabinete.<\/p>\n","protected":false},"author":3,"featured_media":0,"comment_status":"closed","ping_status":"open","sticky":false,"template":"","format":"standard","meta":{"footnotes":""},"categories":[28,24],"tags":[],"class_list":["post-37136","post","type-post","status-publish","format-standard","hentry","category-municipales","category-politica"],"yoast_head":"<!-- This site is optimized with the Yoast SEO plugin v25.9 - https:\/\/yoast.com\/wordpress\/plugins\/seo\/ -->\n<title>Sergio Bordoni asumi\u00f3 su nuevo mandato. - Noticias Radio Reflejos<\/title>\n<meta name=\"robots\" content=\"index, follow, max-snippet:-1, max-image-preview:large, max-video-preview:-1\" \/>\n<link rel=\"canonical\" href=\"https:\/\/www.noticiasradioreflejos.com.ar\/2021\/sergio-bordoni-asumio-su-nuevo-mandato\/\" \/>\n<meta property=\"og:locale\" content=\"es_ES\" \/>\n<meta property=\"og:type\" content=\"article\" \/>\n<meta property=\"og:title\" content=\"Sergio Bordoni asumi\u00f3 su nuevo mandato. - Noticias Radio Reflejos\" \/>\n<meta property=\"og:description\" content=\"El Jefe comunal prometi\u00f3 trabajar para darle soluciones a la gente. Prioridades fuentes de trabajo y viviendas. Present\u00f3 adem\u00e1s a su nuevo gabinete.\" \/>\n<meta property=\"og:url\" content=\"https:\/\/www.noticiasradioreflejos.com.ar\/2021\/sergio-bordoni-asumio-su-nuevo-mandato\/\" \/>\n<meta property=\"og:site_name\" content=\"Noticias Radio Reflejos\" \/>\n<meta property=\"article:published_time\" content=\"2019-12-11T07:12:11+00:00\" \/>\n<meta property=\"og:image\" content=\"http:\/\/live.staticflickr.com\/65535\/49202178483_f5077264c8.jpg\" \/>\n<meta name=\"author\" content=\"Arnaldo Botto\" \/>\n<meta name=\"twitter:card\" content=\"summary_large_image\" \/>\n<script type=\"application\/ld+json\" class=\"yoast-schema-graph\">{\"@context\":\"https:\/\/schema.org\",\"@graph\":[{\"@type\":\"WebPage\",\"@id\":\"https:\/\/www.noticiasradioreflejos.com.ar\/2021\/sergio-bordoni-asumio-su-nuevo-mandato\/\",\"url\":\"https:\/\/www.noticiasradioreflejos.com.ar\/2021\/sergio-bordoni-asumio-su-nuevo-mandato\/\",\"name\":\"Sergio Bordoni asumi\u00f3 su nuevo mandato. - Noticias Radio Reflejos\",\"isPartOf\":{\"@id\":\"https:\/\/www.noticiasradioreflejos.com.ar\/2021\/#website\"},\"primaryImageOfPage\":{\"@id\":\"https:\/\/www.noticiasradioreflejos.com.ar\/2021\/sergio-bordoni-asumio-su-nuevo-mandato\/#primaryimage\"},\"image\":{\"@id\":\"https:\/\/www.noticiasradioreflejos.com.ar\/2021\/sergio-bordoni-asumio-su-nuevo-mandato\/#primaryimage\"},\"thumbnailUrl\":\"http:\/\/live.staticflickr.com\/65535\/49202178483_f5077264c8.jpg\",\"datePublished\":\"2019-12-11T07:12:11+00:00\",\"author\":{\"@id\":\"https:\/\/www.noticiasradioreflejos.com.ar\/2021\/#\/schema\/person\/ad82545263dcc5ec0996818884fd5fb1\"},\"breadcrumb\":{\"@id\":\"https:\/\/www.noticiasradioreflejos.com.ar\/2021\/sergio-bordoni-asumio-su-nuevo-mandato\/#breadcrumb\"},\"inLanguage\":\"es\",\"potentialAction\":[{\"@type\":\"ReadAction\",\"target\":[\"https:\/\/www.noticiasradioreflejos.com.ar\/2021\/sergio-bordoni-asumio-su-nuevo-mandato\/\"]}]},{\"@type\":\"ImageObject\",\"inLanguage\":\"es\",\"@id\":\"https:\/\/www.noticiasradioreflejos.com.ar\/2021\/sergio-bordoni-asumio-su-nuevo-mandato\/#primaryimage\",\"url\":\"http:\/\/live.staticflickr.com\/65535\/49202178483_f5077264c8.jpg\",\"contentUrl\":\"http:\/\/live.staticflickr.com\/65535\/49202178483_f5077264c8.jpg\"},{\"@type\":\"BreadcrumbList\",\"@id\":\"https:\/\/www.noticiasradioreflejos.com.ar\/2021\/sergio-bordoni-asumio-su-nuevo-mandato\/#breadcrumb\",\"itemListElement\":[{\"@type\":\"ListItem\",\"position\":1,\"name\":\"Portada\",\"item\":\"https:\/\/www.noticiasradioreflejos.com.ar\/2021\/\"},{\"@type\":\"ListItem\",\"position\":2,\"name\":\"Sergio Bordoni asumi\u00f3 su nuevo mandato.\"}]},{\"@type\":\"WebSite\",\"@id\":\"https:\/\/www.noticiasradioreflejos.com.ar\/2021\/#website\",\"url\":\"https:\/\/www.noticiasradioreflejos.com.ar\/2021\/\",\"name\":\"Noticias Radio Reflejos\",\"description\":\"Las noticias de mi comarca\",\"potentialAction\":[{\"@type\":\"SearchAction\",\"target\":{\"@type\":\"EntryPoint\",\"urlTemplate\":\"https:\/\/www.noticiasradioreflejos.com.ar\/2021\/?s={search_term_string}\"},\"query-input\":{\"@type\":\"PropertyValueSpecification\",\"valueRequired\":true,\"valueName\":\"search_term_string\"}}],\"inLanguage\":\"es\"},{\"@type\":\"Person\",\"@id\":\"https:\/\/www.noticiasradioreflejos.com.ar\/2021\/#\/schema\/person\/ad82545263dcc5ec0996818884fd5fb1\",\"name\":\"Arnaldo Botto\",\"image\":{\"@type\":\"ImageObject\",\"inLanguage\":\"es\",\"@id\":\"https:\/\/www.noticiasradioreflejos.com.ar\/2021\/#\/schema\/person\/image\/\",\"url\":\"https:\/\/secure.gravatar.com\/avatar\/55cb5e37c1efa326397366e6974cb338056df65cb50e7d64d1cf314e87504837?s=96&d=mm&r=g\",\"contentUrl\":\"https:\/\/secure.gravatar.com\/avatar\/55cb5e37c1efa326397366e6974cb338056df65cb50e7d64d1cf314e87504837?s=96&d=mm&r=g\",\"caption\":\"Arnaldo Botto\"},\"url\":\"https:\/\/www.noticiasradioreflejos.com.ar\/2021\/author\/arnaldo\/\"}]}<\/script>\n<!-- \/ Yoast SEO plugin. -->","yoast_head_json":{"title":"Sergio Bordoni asumi\u00f3 su nuevo mandato. - Noticias Radio Reflejos","robots":{"index":"index","follow":"follow","max-snippet":"max-snippet:-1","max-image-preview":"max-image-preview:large","max-video-preview":"max-video-preview:-1"},"canonical":"https:\/\/www.noticiasradioreflejos.com.ar\/2021\/sergio-bordoni-asumio-su-nuevo-mandato\/","og_locale":"es_ES","og_type":"article","og_title":"Sergio Bordoni asumi\u00f3 su nuevo mandato. - Noticias Radio Reflejos","og_description":"El Jefe comunal prometi\u00f3 trabajar para darle soluciones a la gente. Prioridades fuentes de trabajo y viviendas. Present\u00f3 adem\u00e1s a su nuevo gabinete.","og_url":"https:\/\/www.noticiasradioreflejos.com.ar\/2021\/sergio-bordoni-asumio-su-nuevo-mandato\/","og_site_name":"Noticias Radio Reflejos","article_published_time":"2019-12-11T07:12:11+00:00","og_image":[{"url":"http:\/\/live.staticflickr.com\/65535\/49202178483_f5077264c8.jpg","type":"","width":"","height":""}],"author":"Arnaldo Botto","twitter_card":"summary_large_image","schema":{"@context":"https:\/\/schema.org","@graph":[{"@type":"WebPage","@id":"https:\/\/www.noticiasradioreflejos.com.ar\/2021\/sergio-bordoni-asumio-su-nuevo-mandato\/","url":"https:\/\/www.noticiasradioreflejos.com.ar\/2021\/sergio-bordoni-asumio-su-nuevo-mandato\/","name":"Sergio Bordoni asumi\u00f3 su nuevo mandato. - Noticias Radio Reflejos","isPartOf":{"@id":"https:\/\/www.noticiasradioreflejos.com.ar\/2021\/#website"},"primaryImageOfPage":{"@id":"https:\/\/www.noticiasradioreflejos.com.ar\/2021\/sergio-bordoni-asumio-su-nuevo-mandato\/#primaryimage"},"image":{"@id":"https:\/\/www.noticiasradioreflejos.com.ar\/2021\/sergio-bordoni-asumio-su-nuevo-mandato\/#primaryimage"},"thumbnailUrl":"http:\/\/live.staticflickr.com\/65535\/49202178483_f5077264c8.jpg","datePublished":"2019-12-11T07:12:11+00:00","author":{"@id":"https:\/\/www.noticiasradioreflejos.com.ar\/2021\/#\/schema\/person\/ad82545263dcc5ec0996818884fd5fb1"},"breadcrumb":{"@id":"https:\/\/www.noticiasradioreflejos.com.ar\/2021\/sergio-bordoni-asumio-su-nuevo-mandato\/#breadcrumb"},"inLanguage":"es","potentialAction":[{"@type":"ReadAction","target":["https:\/\/www.noticiasradioreflejos.com.ar\/2021\/sergio-bordoni-asumio-su-nuevo-mandato\/"]}]},{"@type":"ImageObject","inLanguage":"es","@id":"https:\/\/www.noticiasradioreflejos.com.ar\/2021\/sergio-bordoni-asumio-su-nuevo-mandato\/#primaryimage","url":"http:\/\/live.staticflickr.com\/65535\/49202178483_f5077264c8.jpg","contentUrl":"http:\/\/live.staticflickr.com\/65535\/49202178483_f5077264c8.jpg"},{"@type":"BreadcrumbList","@id":"https:\/\/www.noticiasradioreflejos.com.ar\/2021\/sergio-bordoni-asumio-su-nuevo-mandato\/#breadcrumb","itemListElement":[{"@type":"ListItem","position":1,"name":"Portada","item":"https:\/\/www.noticiasradioreflejos.com.ar\/2021\/"},{"@type":"ListItem","position":2,"name":"Sergio Bordoni asumi\u00f3 su nuevo mandato."}]},{"@type":"WebSite","@id":"https:\/\/www.noticiasradioreflejos.com.ar\/2021\/#website","url":"https:\/\/www.noticiasradioreflejos.com.ar\/2021\/","name":"Noticias Radio Reflejos","description":"Las noticias de mi comarca","potentialAction":[{"@type":"SearchAction","target":{"@type":"EntryPoint","urlTemplate":"https:\/\/www.noticiasradioreflejos.com.ar\/2021\/?s={search_term_string}"},"query-input":{"@type":"PropertyValueSpecification","valueRequired":true,"valueName":"search_term_string"}}],"inLanguage":"es"},{"@type":"Person","@id":"https:\/\/www.noticiasradioreflejos.com.ar\/2021\/#\/schema\/person\/ad82545263dcc5ec0996818884fd5fb1","name":"Arnaldo Botto","image":{"@type":"ImageObject","inLanguage":"es","@id":"https:\/\/www.noticiasradioreflejos.com.ar\/2021\/#\/schema\/person\/image\/","url":"https:\/\/secure.gravatar.com\/avatar\/55cb5e37c1efa326397366e6974cb338056df65cb50e7d64d1cf314e87504837?s=96&d=mm&r=g","contentUrl":"https:\/\/secure.gravatar.com\/avatar\/55cb5e37c1efa326397366e6974cb338056df65cb50e7d64d1cf314e87504837?s=96&d=mm&r=g","caption":"Arnaldo Botto"},"url":"https:\/\/www.noticiasradioreflejos.com.ar\/2021\/author\/arnaldo\/"}]}},"_links":{"self":[{"href":"https:\/\/www.noticiasradioreflejos.com.ar\/2021\/wp-json\/wp\/v2\/posts\/37136","targetHints":{"allow":["GET"]}}],"collection":[{"href":"https:\/\/www.noticiasradioreflejos.com.ar\/2021\/wp-json\/wp\/v2\/posts"}],"about":[{"href":"https:\/\/www.noticiasradioreflejos.com.ar\/2021\/wp-json\/wp\/v2\/types\/post"}],"author":[{"embeddable":true,"href":"https:\/\/www.noticiasradioreflejos.com.ar\/2021\/wp-json\/wp\/v2\/users\/3"}],"replies":[{"embeddable":true,"href":"https:\/\/www.noticiasradioreflejos.com.ar\/2021\/wp-json\/wp\/v2\/comments?post=37136"}],"version-history":[{"count":0,"href":"https:\/\/www.noticiasradioreflejos.com.ar\/2021\/wp-json\/wp\/v2\/posts\/37136\/revisions"}],"wp:attachment":[{"href":"https:\/\/www.noticiasradioreflejos.com.ar\/2021\/wp-json\/wp\/v2\/media?parent=37136"}],"wp:term":[{"taxonomy":"category","embeddable":true,"href":"https:\/\/www.noticiasradioreflejos.com.ar\/2021\/wp-json\/wp\/v2\/categories?post=37136"},{"taxonomy":"post_tag","embeddable":true,"href":"https:\/\/www.noticiasradioreflejos.com.ar\/2021\/wp-json\/wp\/v2\/tags?post=37136"}],"curies":[{"name":"wp","href":"https:\/\/api.w.org\/{rel}","templated":true}]}}