{"id":37109,"date":"2019-12-10T18:25:29","date_gmt":"2019-12-10T21:25:29","guid":{"rendered":"http:\/\/www.noticiasradioreflejos.com.ar\/noticias\/?p=37109"},"modified":"2019-12-10T18:25:29","modified_gmt":"2019-12-10T21:25:29","slug":"con-kaymanta-como-numero-central-ya-se-organiza-la-28-fiesta-provincial-de-las-golondrinas","status":"publish","type":"post","link":"https:\/\/www.noticiasradioreflejos.com.ar\/2021\/con-kaymanta-como-numero-central-ya-se-organiza-la-28-fiesta-provincial-de-las-golondrinas\/","title":{"rendered":"Con Kaymanta como n\u00famero central, ya se organiza la 28\u00b0 Fiesta Provincial de las Golondrinas."},"content":{"rendered":"<p>Los d\u00edas 17, 18 y 19 de enero del 2020, se realizar\u00e1 en Villa Ventana la 28\u00b0 Fiesta Provincial de las Golondrinas. Durante el programa<strong> \u00abUn Mate y Un Caf\u00e9\u00bb<\/strong>, charlamos v\u00eda telef\u00f3nica con el presidente de la Asoc. de Fomento, Cultural y F\u00edsica de Villa Ventana, <strong>Rub\u00e9n Testa<\/strong>, qui\u00e9n invit\u00f3 a Artistas locales, manualistas, artesanos y puestos de gastronom\u00eda a sumarse a esta nueva edici\u00f3n de la gran fiesta que se realiza en la Plaza Salerno de la localidad serrana. <!--more--> Testa anuncia la presencia de Kaymanta y otros espect\u00e1culos que ya est\u00e1n contratados para el evento. <!--more--><br \/>\n\u00abPrepar\u00e1ndonos para una nueva Fiesta de las Golondrinas, con mucha alegr\u00eda, con mucho trabajo y esperando que sea un \u00e9xito como lo fue en las ediciones anteriores. Una vez mas nos jugamos en hacer esta edici\u00f3n de 3 d\u00edas, la idea es darle lugar a los artistas locales, hay una situaci\u00f3n econ\u00f3mica que no podemos desconocer, el municipio esta atravesando una situaci\u00f3n dif\u00edcil, no hay demasiados fondos, por esto es que estamos buscando auspiciantes de distintas \u00e1reas, para poder afrontar los gastos de la fiesta. Tambi\u00e9n convocamos artesanos locales, gente que quiera poner su puesto de venta de comidas, que se comuniquen con nosotros para ir armando la fiesta, si en definitiva la hacemos entre todos. Ademas a los artistas locales, que como el a\u00f1o pasado se arrimaron, ver la posibilidad de darles un espacio a aquellos que no tuvieron la posibilidad el a\u00f1o pasado, y aquellos que se sumaron para armar entre todos la fiesta. Tenemos ya un par de artistas confirmados, el d\u00eda s\u00e1bado grupo (Kaymanta), el domingo con el grupo (Zoom) que es tributo a Soda Stereo, que por razones particulares han decidido que esta sea su ultima actuaci\u00f3n, se va a disolver moment\u00e1neamente la banda. Va a haber un espect\u00e1culo infantil (Serpentina), que es un musical con todas canciones de disney, y tambi\u00e9n un grupo folcl\u00f3rico (La otra parte) de Bah\u00eda Blanca, eso es lo que hasta el momento esta confirmado, despu\u00e9s esta abierto a la participaci\u00f3n de todos aquellos que quieran sumarse. Tambi\u00e9n les cuento que se abre una pagina para promocionar la fiesta, donde va a haber sorteos e invitar al publico de localidades vecinas. Las redes trascienden fronteras y la idea es que la pagina vaya tomando fuerza, y vaya llegando a la mayor cantidad de personas posibles, para eso vamos a generar dentro de la pagina sorteos de estad\u00edas e ir subiendo a la pagina cada novedad que haya a medida que se vaya completando la grilla de artistas, y tambi\u00e9n de artesanos y de puestos gastron\u00f3micos. Cada artesano que se vaya sumando va a tener un espacio en la pagina para promocionar el producto que vende y que la gente sepa con que se va a encontrar en Villa Ventana. Tratando de preservar tambi\u00e9n como hicimos el a\u00f1o pasado el tema de lo artesanal, lo manualista, y que no hayan puestos de reventa, es mas o menos la idea. El formato de la fiesta va a ser similar o igual al del a\u00f1o pasado, y estamos trabajando para conseguir sponsors a nivel regional, que puedan aportar para enriquecer a la fiesta\u00bb. Inici\u00f3 Ruben<br \/>\n\u00abDe a poquito estamos poni\u00e9ndonos en marcha, el a\u00f1o pasado fue una fiesta que se armo en muy pocos d\u00edas, este a\u00f1o arrancamos hace menos de un mes, con el tema de la transici\u00f3n de gobierno ten\u00edamos que esperar que iba a suceder, por eso demoro, pero ya estamos proyectando la 29\u00b0 de hacer un trabajo durante todo el a\u00f1o de recitales previos como para hacer una pre selecci\u00f3n a los artistas que van a encontrarse en el escenario. Se esta armando un equipo de trabajo para todo el a\u00f1o, para una pr\u00f3xima edici\u00f3n. Creo que la fiesta a crecido much\u00edsimo en los \u00faltimos a\u00f1os, merece una organizaci\u00f3n mas profunda, que tambi\u00e9n genere un movimiento cultural durante el a\u00f1o en Villa Ventana, porque fuera de la fiesta de la golondrina no tenemos otro evento relevante como para que la gente pueda disfrutar durante el a\u00f1o, con esto quiero decir que la idea es hacer algo en semana santa, algo en la fiesta de la primavera, algo en noviembre, en diciembre, y llegar a la fiesta de la golondrina con una grilla de artistas seleccionados en estos festivales previos\u00bb. Expres\u00f3<br \/>\n\u00abLa pagina se llama Fiesta Provincial de las Golondrinas, si bien en la pagina de fomento vamos a ir subiendo cosas relacionadas a la fiesta, nos pareci\u00f3 mas democr\u00e1tico como por as\u00ed decirlo, hacer una pagina exclusiva de la fiesta, porque estamos invitando a otras instituciones a participar tambi\u00e9n en la organizaci\u00f3n. Toda instituci\u00f3n que quiera sumarse a la organizaci\u00f3n, entonces ya no es la pagina de la asociaci\u00f3n de fomento, la fiesta si bien estamos trabajando en organizaci\u00f3n desde la asociaci\u00f3n de fomento como generalmente se hizo queremos que sea mas abarcativo, que la fiesta sea del pueblo de Villa Ventana\u00bb. Cont\u00f3 Testa<br \/>\n\u00abEst\u00e1n invitados a venir a disfrutar en familia, sabemos que el 17 es el aniversario de Sierra, va a ser invitar a festejar tambi\u00e9n el aniversario, y compartir con los vecinos y del distrito esta fiesta que es de todos, yo creo que tenemos que entender eso, que la fiesta provincial tanto esta como la de reyes, son de todos, y todos las disfrutamos, aveces algunos se suman al esfuerzo y otros no, pero la fiesta es de todos\u00bb. Finaliz\u00f3<br \/>\nNOTA COMPLETA:<br \/>\n<iframe loading=\"lazy\" src=\"https:\/\/w.soundcloud.com\/player\/?url=https%3A\/\/api.soundcloud.com\/tracks\/725782525&amp;color=%23ff5500&amp;auto_play=false&amp;hide_related=false&amp;show_comments=true&amp;show_user=true&amp;show_reposts=false&amp;show_teaser=true\" width=\"100%\" height=\"166\" frameborder=\"no\" scrolling=\"no\"><\/iframe><\/p>\n","protected":false},"excerpt":{"rendered":"<p>Los d\u00edas 17, 18 y 19 de enero del 2020, se realizar\u00e1 en Villa Ventana la 28\u00b0 Fiesta Provincial de las Golondrinas. Durante el programa \u00abUn Mate y Un Caf\u00e9\u00bb, charlamos v\u00eda telef\u00f3nica con el presidente de la Asoc. de Fomento, Cultural y F\u00edsica de Villa Ventana, Rub\u00e9n Testa, qui\u00e9n invit\u00f3 a Artistas locales, manualistas, [&hellip;]<\/p>\n","protected":false},"author":3,"featured_media":0,"comment_status":"closed","ping_status":"open","sticky":false,"template":"","format":"standard","meta":{"footnotes":""},"categories":[26],"tags":[],"class_list":["post-37109","post","type-post","status-publish","format-standard","hentry","category-sociedad"],"yoast_head":"<!-- This site is optimized with the Yoast SEO plugin v25.9 - https:\/\/yoast.com\/wordpress\/plugins\/seo\/ -->\n<title>Con Kaymanta como n\u00famero central, ya se organiza la 28\u00b0 Fiesta Provincial de las Golondrinas. - Noticias Radio Reflejos<\/title>\n<meta name=\"robots\" content=\"index, follow, max-snippet:-1, max-image-preview:large, max-video-preview:-1\" \/>\n<link rel=\"canonical\" href=\"https:\/\/www.noticiasradioreflejos.com.ar\/2021\/con-kaymanta-como-numero-central-ya-se-organiza-la-28-fiesta-provincial-de-las-golondrinas\/\" \/>\n<meta property=\"og:locale\" content=\"es_ES\" \/>\n<meta property=\"og:type\" content=\"article\" \/>\n<meta property=\"og:title\" content=\"Con Kaymanta como n\u00famero central, ya se organiza la 28\u00b0 Fiesta Provincial de las Golondrinas. - Noticias Radio Reflejos\" \/>\n<meta property=\"og:description\" content=\"Los d\u00edas 17, 18 y 19 de enero del 2020, se realizar\u00e1 en Villa Ventana la 28\u00b0 Fiesta Provincial de las Golondrinas. Durante el programa \u00abUn Mate y Un Caf\u00e9\u00bb, charlamos v\u00eda telef\u00f3nica con el presidente de la Asoc. de Fomento, Cultural y F\u00edsica de Villa Ventana, Rub\u00e9n Testa, qui\u00e9n invit\u00f3 a Artistas locales, manualistas, [&hellip;]\" \/>\n<meta property=\"og:url\" content=\"https:\/\/www.noticiasradioreflejos.com.ar\/2021\/con-kaymanta-como-numero-central-ya-se-organiza-la-28-fiesta-provincial-de-las-golondrinas\/\" \/>\n<meta property=\"og:site_name\" content=\"Noticias Radio Reflejos\" \/>\n<meta property=\"article:published_time\" content=\"2019-12-10T21:25:29+00:00\" \/>\n<meta property=\"og:image\" content=\"https:\/\/www.noticiasradioreflejos.com.ar\/2021\/wp-content\/uploads\/2021\/07\/logosol300x200.png\" \/>\n\t<meta property=\"og:image:width\" content=\"300\" \/>\n\t<meta property=\"og:image:height\" content=\"200\" \/>\n\t<meta property=\"og:image:type\" content=\"image\/png\" \/>\n<meta name=\"author\" content=\"Arnaldo Botto\" \/>\n<meta name=\"twitter:card\" content=\"summary_large_image\" \/>\n<script type=\"application\/ld+json\" class=\"yoast-schema-graph\">{\"@context\":\"https:\/\/schema.org\",\"@graph\":[{\"@type\":\"WebPage\",\"@id\":\"https:\/\/www.noticiasradioreflejos.com.ar\/2021\/con-kaymanta-como-numero-central-ya-se-organiza-la-28-fiesta-provincial-de-las-golondrinas\/\",\"url\":\"https:\/\/www.noticiasradioreflejos.com.ar\/2021\/con-kaymanta-como-numero-central-ya-se-organiza-la-28-fiesta-provincial-de-las-golondrinas\/\",\"name\":\"Con Kaymanta como n\u00famero central, ya se organiza la 28\u00b0 Fiesta Provincial de las Golondrinas. - Noticias Radio Reflejos\",\"isPartOf\":{\"@id\":\"https:\/\/www.noticiasradioreflejos.com.ar\/2021\/#website\"},\"datePublished\":\"2019-12-10T21:25:29+00:00\",\"author\":{\"@id\":\"https:\/\/www.noticiasradioreflejos.com.ar\/2021\/#\/schema\/person\/ad82545263dcc5ec0996818884fd5fb1\"},\"breadcrumb\":{\"@id\":\"https:\/\/www.noticiasradioreflejos.com.ar\/2021\/con-kaymanta-como-numero-central-ya-se-organiza-la-28-fiesta-provincial-de-las-golondrinas\/#breadcrumb\"},\"inLanguage\":\"es\",\"potentialAction\":[{\"@type\":\"ReadAction\",\"target\":[\"https:\/\/www.noticiasradioreflejos.com.ar\/2021\/con-kaymanta-como-numero-central-ya-se-organiza-la-28-fiesta-provincial-de-las-golondrinas\/\"]}]},{\"@type\":\"BreadcrumbList\",\"@id\":\"https:\/\/www.noticiasradioreflejos.com.ar\/2021\/con-kaymanta-como-numero-central-ya-se-organiza-la-28-fiesta-provincial-de-las-golondrinas\/#breadcrumb\",\"itemListElement\":[{\"@type\":\"ListItem\",\"position\":1,\"name\":\"Portada\",\"item\":\"https:\/\/www.noticiasradioreflejos.com.ar\/2021\/\"},{\"@type\":\"ListItem\",\"position\":2,\"name\":\"Con Kaymanta como n\u00famero central, ya se organiza la 28\u00b0 Fiesta Provincial de las Golondrinas.\"}]},{\"@type\":\"WebSite\",\"@id\":\"https:\/\/www.noticiasradioreflejos.com.ar\/2021\/#website\",\"url\":\"https:\/\/www.noticiasradioreflejos.com.ar\/2021\/\",\"name\":\"Noticias Radio Reflejos\",\"description\":\"Las noticias de mi comarca\",\"potentialAction\":[{\"@type\":\"SearchAction\",\"target\":{\"@type\":\"EntryPoint\",\"urlTemplate\":\"https:\/\/www.noticiasradioreflejos.com.ar\/2021\/?s={search_term_string}\"},\"query-input\":{\"@type\":\"PropertyValueSpecification\",\"valueRequired\":true,\"valueName\":\"search_term_string\"}}],\"inLanguage\":\"es\"},{\"@type\":\"Person\",\"@id\":\"https:\/\/www.noticiasradioreflejos.com.ar\/2021\/#\/schema\/person\/ad82545263dcc5ec0996818884fd5fb1\",\"name\":\"Arnaldo Botto\",\"image\":{\"@type\":\"ImageObject\",\"inLanguage\":\"es\",\"@id\":\"https:\/\/www.noticiasradioreflejos.com.ar\/2021\/#\/schema\/person\/image\/\",\"url\":\"https:\/\/secure.gravatar.com\/avatar\/55cb5e37c1efa326397366e6974cb338056df65cb50e7d64d1cf314e87504837?s=96&d=mm&r=g\",\"contentUrl\":\"https:\/\/secure.gravatar.com\/avatar\/55cb5e37c1efa326397366e6974cb338056df65cb50e7d64d1cf314e87504837?s=96&d=mm&r=g\",\"caption\":\"Arnaldo Botto\"},\"url\":\"https:\/\/www.noticiasradioreflejos.com.ar\/2021\/author\/arnaldo\/\"}]}<\/script>\n<!-- \/ Yoast SEO plugin. -->","yoast_head_json":{"title":"Con Kaymanta como n\u00famero central, ya se organiza la 28\u00b0 Fiesta Provincial de las Golondrinas. - Noticias Radio Reflejos","robots":{"index":"index","follow":"follow","max-snippet":"max-snippet:-1","max-image-preview":"max-image-preview:large","max-video-preview":"max-video-preview:-1"},"canonical":"https:\/\/www.noticiasradioreflejos.com.ar\/2021\/con-kaymanta-como-numero-central-ya-se-organiza-la-28-fiesta-provincial-de-las-golondrinas\/","og_locale":"es_ES","og_type":"article","og_title":"Con Kaymanta como n\u00famero central, ya se organiza la 28\u00b0 Fiesta Provincial de las Golondrinas. - Noticias Radio Reflejos","og_description":"Los d\u00edas 17, 18 y 19 de enero del 2020, se realizar\u00e1 en Villa Ventana la 28\u00b0 Fiesta Provincial de las Golondrinas. Durante el programa \u00abUn Mate y Un Caf\u00e9\u00bb, charlamos v\u00eda telef\u00f3nica con el presidente de la Asoc. de Fomento, Cultural y F\u00edsica de Villa Ventana, Rub\u00e9n Testa, qui\u00e9n invit\u00f3 a Artistas locales, manualistas, [&hellip;]","og_url":"https:\/\/www.noticiasradioreflejos.com.ar\/2021\/con-kaymanta-como-numero-central-ya-se-organiza-la-28-fiesta-provincial-de-las-golondrinas\/","og_site_name":"Noticias Radio Reflejos","article_published_time":"2019-12-10T21:25:29+00:00","og_image":[{"width":300,"height":200,"url":"https:\/\/www.noticiasradioreflejos.com.ar\/2021\/wp-content\/uploads\/2021\/07\/logosol300x200.png","type":"image\/png"}],"author":"Arnaldo Botto","twitter_card":"summary_large_image","schema":{"@context":"https:\/\/schema.org","@graph":[{"@type":"WebPage","@id":"https:\/\/www.noticiasradioreflejos.com.ar\/2021\/con-kaymanta-como-numero-central-ya-se-organiza-la-28-fiesta-provincial-de-las-golondrinas\/","url":"https:\/\/www.noticiasradioreflejos.com.ar\/2021\/con-kaymanta-como-numero-central-ya-se-organiza-la-28-fiesta-provincial-de-las-golondrinas\/","name":"Con Kaymanta como n\u00famero central, ya se organiza la 28\u00b0 Fiesta Provincial de las Golondrinas. - Noticias Radio Reflejos","isPartOf":{"@id":"https:\/\/www.noticiasradioreflejos.com.ar\/2021\/#website"},"datePublished":"2019-12-10T21:25:29+00:00","author":{"@id":"https:\/\/www.noticiasradioreflejos.com.ar\/2021\/#\/schema\/person\/ad82545263dcc5ec0996818884fd5fb1"},"breadcrumb":{"@id":"https:\/\/www.noticiasradioreflejos.com.ar\/2021\/con-kaymanta-como-numero-central-ya-se-organiza-la-28-fiesta-provincial-de-las-golondrinas\/#breadcrumb"},"inLanguage":"es","potentialAction":[{"@type":"ReadAction","target":["https:\/\/www.noticiasradioreflejos.com.ar\/2021\/con-kaymanta-como-numero-central-ya-se-organiza-la-28-fiesta-provincial-de-las-golondrinas\/"]}]},{"@type":"BreadcrumbList","@id":"https:\/\/www.noticiasradioreflejos.com.ar\/2021\/con-kaymanta-como-numero-central-ya-se-organiza-la-28-fiesta-provincial-de-las-golondrinas\/#breadcrumb","itemListElement":[{"@type":"ListItem","position":1,"name":"Portada","item":"https:\/\/www.noticiasradioreflejos.com.ar\/2021\/"},{"@type":"ListItem","position":2,"name":"Con Kaymanta como n\u00famero central, ya se organiza la 28\u00b0 Fiesta Provincial de las Golondrinas."}]},{"@type":"WebSite","@id":"https:\/\/www.noticiasradioreflejos.com.ar\/2021\/#website","url":"https:\/\/www.noticiasradioreflejos.com.ar\/2021\/","name":"Noticias Radio Reflejos","description":"Las noticias de mi comarca","potentialAction":[{"@type":"SearchAction","target":{"@type":"EntryPoint","urlTemplate":"https:\/\/www.noticiasradioreflejos.com.ar\/2021\/?s={search_term_string}"},"query-input":{"@type":"PropertyValueSpecification","valueRequired":true,"valueName":"search_term_string"}}],"inLanguage":"es"},{"@type":"Person","@id":"https:\/\/www.noticiasradioreflejos.com.ar\/2021\/#\/schema\/person\/ad82545263dcc5ec0996818884fd5fb1","name":"Arnaldo Botto","image":{"@type":"ImageObject","inLanguage":"es","@id":"https:\/\/www.noticiasradioreflejos.com.ar\/2021\/#\/schema\/person\/image\/","url":"https:\/\/secure.gravatar.com\/avatar\/55cb5e37c1efa326397366e6974cb338056df65cb50e7d64d1cf314e87504837?s=96&d=mm&r=g","contentUrl":"https:\/\/secure.gravatar.com\/avatar\/55cb5e37c1efa326397366e6974cb338056df65cb50e7d64d1cf314e87504837?s=96&d=mm&r=g","caption":"Arnaldo Botto"},"url":"https:\/\/www.noticiasradioreflejos.com.ar\/2021\/author\/arnaldo\/"}]}},"_links":{"self":[{"href":"https:\/\/www.noticiasradioreflejos.com.ar\/2021\/wp-json\/wp\/v2\/posts\/37109","targetHints":{"allow":["GET"]}}],"collection":[{"href":"https:\/\/www.noticiasradioreflejos.com.ar\/2021\/wp-json\/wp\/v2\/posts"}],"about":[{"href":"https:\/\/www.noticiasradioreflejos.com.ar\/2021\/wp-json\/wp\/v2\/types\/post"}],"author":[{"embeddable":true,"href":"https:\/\/www.noticiasradioreflejos.com.ar\/2021\/wp-json\/wp\/v2\/users\/3"}],"replies":[{"embeddable":true,"href":"https:\/\/www.noticiasradioreflejos.com.ar\/2021\/wp-json\/wp\/v2\/comments?post=37109"}],"version-history":[{"count":0,"href":"https:\/\/www.noticiasradioreflejos.com.ar\/2021\/wp-json\/wp\/v2\/posts\/37109\/revisions"}],"wp:attachment":[{"href":"https:\/\/www.noticiasradioreflejos.com.ar\/2021\/wp-json\/wp\/v2\/media?parent=37109"}],"wp:term":[{"taxonomy":"category","embeddable":true,"href":"https:\/\/www.noticiasradioreflejos.com.ar\/2021\/wp-json\/wp\/v2\/categories?post=37109"},{"taxonomy":"post_tag","embeddable":true,"href":"https:\/\/www.noticiasradioreflejos.com.ar\/2021\/wp-json\/wp\/v2\/tags?post=37109"}],"curies":[{"name":"wp","href":"https:\/\/api.w.org\/{rel}","templated":true}]}}