{"id":37091,"date":"2019-12-10T16:28:17","date_gmt":"2019-12-10T19:28:17","guid":{"rendered":"http:\/\/www.noticiasradioreflejos.com.ar\/noticias\/?p=37091"},"modified":"2019-12-10T16:28:17","modified_gmt":"2019-12-10T19:28:17","slug":"estamos-trabajando-a-conciencia-para-que-la-gente-disfrute-sergio-dominguez","status":"publish","type":"post","link":"https:\/\/www.noticiasradioreflejos.com.ar\/2021\/estamos-trabajando-a-conciencia-para-que-la-gente-disfrute-sergio-dominguez\/","title":{"rendered":"&quot;Estamos trabajando a conciencia para que la gente disfrute&quot; &#8211; Sergio Dominguez."},"content":{"rendered":"<p>El Presidente de Bomberos Voluntarios de Sierra de la Ventana, <strong>Sergio \u00abTeko\u00bb Dominguez<\/strong>, inform\u00f3 sobre la inmediata inauguraci\u00f3n de la piletas municipales que han sido concesionadas a la instituci\u00f3n por el actual intendente, la realizaci\u00f3n de la Asamblea ordinaria y los preparativos de la Fiesta Provincial de Reyes Magos.<!--more--><br \/>\n\u201cEs un mont\u00f3n de sensaciones, raras y muy buenas, porque se ha hecho un trabajo muy prolijo y a conciencia en todo el predio de las piletas. La semana pasada se termin\u00f3 de pintar la pileta que estaba al aire libre, los chicos que tienen la concesi\u00f3n de la cantina han trabajado a lo largo de dos meses de manera extraordinaria. Se hizo todo un re acondicionamiento de todo lo que es el complejo, la verdad que se trabajo mucho en lo que es la limpieza del agua, que era fundamental, tenemos mucha gente que nos ha dado una mano muy grande en Sierra de la Ventana, donde nos aconsej\u00f3 el trabajo de la limpieza y la protecci\u00f3n del agua para que este realmente en condiciones. Uno de los alicientes de este verano va a ser que la pileta que se esta trabajando hoy en d\u00eda donde se dan todas las clases, va a seguir climatizada durante el verano, porque una de las peticiones que ten\u00edamos era la temperatura tan baja por tener el techo, nunca le da el sol, entonces llegaba un momento que la temperatura era mucho mas baja que la de afuera, este a\u00f1o vamos a hacer el esfuerzo de tener una temperatura determinada para que se equiparen las dos. Se program\u00f3 el llenado de piletas para el d\u00eda de ma\u00f1ana, los chicos en la cantina est\u00e1n haciendo el predio, quedo incre\u00edble, se esta trabajando much\u00edsimo en el camping, la cancha de v\u00f3ley fuimos a Monte Hermoso y trajimos arena del mar. Tambi\u00e9n con la cancha de f\u00fatbol 4 que le pudimos poner arena, se hizo todo un cerco perimetral alrededor de la pileta para que la gente sepa que no puede entrar de cualquier lado y si o si pasar por la ducha. Muchos detalles peque\u00f1os que no se hab\u00edan tenido en cuenta, nosotros estamos tratando de captar cada una de las opiniones de la gente. La inauguraci\u00f3n se va a hacer este s\u00e1bado 14, a partir de las 14 horas\u00bb. Inici\u00f3<br \/>\n\u00abCualquier consulta que quieran hacer o cualquiera que quiera ser miembro de la comisi\u00f3n sera bienvenido, porque yo siempre le digo a la gente que no es un circulo cerrado, esto es de la comunidad de Sierra de la Ventana, y si no esta en la comisi\u00f3n puede colaborar desde afuera porque siempre hace falta gente\u00bb. Expres\u00f3<br \/>\n\u00abLa fiesta de reyes, terminamos de arreglar un poco todo el viernes con el intendente Sergio Bordoni, y Walter Mendez que es un poco el nexo con el municipio y nosotros. La gente ya conoce que nosotros venimos trabajando con much\u00edsimos meses de anticipaci\u00f3n, pero no se sabia realmente hasta las elecciones, si este gobierno segu\u00eda o no, con quien hab\u00eda que sentarse a charlar, sobre todo para comunicarle la manera que nosotros ten\u00edamos de trabajar a lo largo de esta fiesta. La fiesta de reyes se va a hacer 4 y 5 de enero, s\u00e1bado y domingo, estamos cerrando todav\u00eda las bandas que van a venir, el espect\u00e1culo familiar que vamos a tener el d\u00eda domingo, esta semana vamos a salir con el tema de los foodtrucks, con los valores. La comunidad cualquier duda que tenga me puede ir a ver, yo voy a dar mi numero de tel\u00e9fono para el que quiera consultarme, 2915765611, me pueden llamar o mandar un mensajito. Hay que meterle para adelante, yo creo que las instituciones se llevan adelante con compromiso\u00bb. Cont\u00f3<br \/>\n\u00abBienvenida cualquier tipo de duda, o consejo que nos puedan dar para que esto vaya creciendo y sea beneficioso para toda la comunidad\u00bb. Finaliz\u00f3 Sergio Teko Dominguez<br \/>\nNOTA COMPLETA:<br \/>\n<iframe loading=\"lazy\" src=\"https:\/\/w.soundcloud.com\/player\/?url=https%3A\/\/api.soundcloud.com\/tracks\/725755102%3Fsecret_token%3Ds-KFRjO&amp;color=%23ff5500&amp;auto_play=false&amp;hide_related=false&amp;show_comments=true&amp;show_user=true&amp;show_reposts=false&amp;show_teaser=true\" width=\"100%\" height=\"166\" frameborder=\"no\" scrolling=\"no\"><\/iframe><\/p>\n","protected":false},"excerpt":{"rendered":"<p>El Presidente de Bomberos Voluntarios de Sierra de la Ventana, Sergio \u00abTeko\u00bb Dominguez, inform\u00f3 sobre la inmediata inauguraci\u00f3n de la piletas municipales que han sido concesionadas a la instituci\u00f3n por el actual intendente, la realizaci\u00f3n de la Asamblea ordinaria y los preparativos de la Fiesta Provincial de Reyes Magos.<\/p>\n","protected":false},"author":3,"featured_media":0,"comment_status":"closed","ping_status":"open","sticky":false,"template":"","format":"standard","meta":{"footnotes":""},"categories":[26],"tags":[],"class_list":["post-37091","post","type-post","status-publish","format-standard","hentry","category-sociedad"],"yoast_head":"<!-- This site is optimized with the Yoast SEO plugin v25.9 - https:\/\/yoast.com\/wordpress\/plugins\/seo\/ -->\n<title>&quot;Estamos trabajando a conciencia para que la gente disfrute&quot; - Sergio Dominguez. - Noticias Radio Reflejos<\/title>\n<meta name=\"robots\" content=\"index, follow, max-snippet:-1, max-image-preview:large, max-video-preview:-1\" \/>\n<link rel=\"canonical\" href=\"https:\/\/www.noticiasradioreflejos.com.ar\/2021\/estamos-trabajando-a-conciencia-para-que-la-gente-disfrute-sergio-dominguez\/\" \/>\n<meta property=\"og:locale\" content=\"es_ES\" \/>\n<meta property=\"og:type\" content=\"article\" \/>\n<meta property=\"og:title\" content=\"&quot;Estamos trabajando a conciencia para que la gente disfrute&quot; - Sergio Dominguez. - Noticias Radio Reflejos\" \/>\n<meta property=\"og:description\" content=\"El Presidente de Bomberos Voluntarios de Sierra de la Ventana, Sergio \u00abTeko\u00bb Dominguez, inform\u00f3 sobre la inmediata inauguraci\u00f3n de la piletas municipales que han sido concesionadas a la instituci\u00f3n por el actual intendente, la realizaci\u00f3n de la Asamblea ordinaria y los preparativos de la Fiesta Provincial de Reyes Magos.\" \/>\n<meta property=\"og:url\" content=\"https:\/\/www.noticiasradioreflejos.com.ar\/2021\/estamos-trabajando-a-conciencia-para-que-la-gente-disfrute-sergio-dominguez\/\" \/>\n<meta property=\"og:site_name\" content=\"Noticias Radio Reflejos\" \/>\n<meta property=\"article:published_time\" content=\"2019-12-10T19:28:17+00:00\" \/>\n<meta property=\"og:image\" content=\"https:\/\/www.noticiasradioreflejos.com.ar\/2021\/wp-content\/uploads\/2021\/07\/logosol300x200.png\" \/>\n\t<meta property=\"og:image:width\" content=\"300\" \/>\n\t<meta property=\"og:image:height\" content=\"200\" \/>\n\t<meta property=\"og:image:type\" content=\"image\/png\" \/>\n<meta name=\"author\" content=\"Arnaldo Botto\" \/>\n<meta name=\"twitter:card\" content=\"summary_large_image\" \/>\n<script type=\"application\/ld+json\" class=\"yoast-schema-graph\">{\"@context\":\"https:\/\/schema.org\",\"@graph\":[{\"@type\":\"WebPage\",\"@id\":\"https:\/\/www.noticiasradioreflejos.com.ar\/2021\/estamos-trabajando-a-conciencia-para-que-la-gente-disfrute-sergio-dominguez\/\",\"url\":\"https:\/\/www.noticiasradioreflejos.com.ar\/2021\/estamos-trabajando-a-conciencia-para-que-la-gente-disfrute-sergio-dominguez\/\",\"name\":\"&quot;Estamos trabajando a conciencia para que la gente disfrute&quot; - Sergio Dominguez. - Noticias Radio Reflejos\",\"isPartOf\":{\"@id\":\"https:\/\/www.noticiasradioreflejos.com.ar\/2021\/#website\"},\"datePublished\":\"2019-12-10T19:28:17+00:00\",\"author\":{\"@id\":\"https:\/\/www.noticiasradioreflejos.com.ar\/2021\/#\/schema\/person\/ad82545263dcc5ec0996818884fd5fb1\"},\"breadcrumb\":{\"@id\":\"https:\/\/www.noticiasradioreflejos.com.ar\/2021\/estamos-trabajando-a-conciencia-para-que-la-gente-disfrute-sergio-dominguez\/#breadcrumb\"},\"inLanguage\":\"es\",\"potentialAction\":[{\"@type\":\"ReadAction\",\"target\":[\"https:\/\/www.noticiasradioreflejos.com.ar\/2021\/estamos-trabajando-a-conciencia-para-que-la-gente-disfrute-sergio-dominguez\/\"]}]},{\"@type\":\"BreadcrumbList\",\"@id\":\"https:\/\/www.noticiasradioreflejos.com.ar\/2021\/estamos-trabajando-a-conciencia-para-que-la-gente-disfrute-sergio-dominguez\/#breadcrumb\",\"itemListElement\":[{\"@type\":\"ListItem\",\"position\":1,\"name\":\"Portada\",\"item\":\"https:\/\/www.noticiasradioreflejos.com.ar\/2021\/\"},{\"@type\":\"ListItem\",\"position\":2,\"name\":\"&quot;Estamos trabajando a conciencia para que la gente disfrute&quot; &#8211; Sergio Dominguez.\"}]},{\"@type\":\"WebSite\",\"@id\":\"https:\/\/www.noticiasradioreflejos.com.ar\/2021\/#website\",\"url\":\"https:\/\/www.noticiasradioreflejos.com.ar\/2021\/\",\"name\":\"Noticias Radio Reflejos\",\"description\":\"Las noticias de mi comarca\",\"potentialAction\":[{\"@type\":\"SearchAction\",\"target\":{\"@type\":\"EntryPoint\",\"urlTemplate\":\"https:\/\/www.noticiasradioreflejos.com.ar\/2021\/?s={search_term_string}\"},\"query-input\":{\"@type\":\"PropertyValueSpecification\",\"valueRequired\":true,\"valueName\":\"search_term_string\"}}],\"inLanguage\":\"es\"},{\"@type\":\"Person\",\"@id\":\"https:\/\/www.noticiasradioreflejos.com.ar\/2021\/#\/schema\/person\/ad82545263dcc5ec0996818884fd5fb1\",\"name\":\"Arnaldo Botto\",\"image\":{\"@type\":\"ImageObject\",\"inLanguage\":\"es\",\"@id\":\"https:\/\/www.noticiasradioreflejos.com.ar\/2021\/#\/schema\/person\/image\/\",\"url\":\"https:\/\/secure.gravatar.com\/avatar\/55cb5e37c1efa326397366e6974cb338056df65cb50e7d64d1cf314e87504837?s=96&d=mm&r=g\",\"contentUrl\":\"https:\/\/secure.gravatar.com\/avatar\/55cb5e37c1efa326397366e6974cb338056df65cb50e7d64d1cf314e87504837?s=96&d=mm&r=g\",\"caption\":\"Arnaldo Botto\"},\"url\":\"https:\/\/www.noticiasradioreflejos.com.ar\/2021\/author\/arnaldo\/\"}]}<\/script>\n<!-- \/ Yoast SEO plugin. -->","yoast_head_json":{"title":"&quot;Estamos trabajando a conciencia para que la gente disfrute&quot; - Sergio Dominguez. - Noticias Radio Reflejos","robots":{"index":"index","follow":"follow","max-snippet":"max-snippet:-1","max-image-preview":"max-image-preview:large","max-video-preview":"max-video-preview:-1"},"canonical":"https:\/\/www.noticiasradioreflejos.com.ar\/2021\/estamos-trabajando-a-conciencia-para-que-la-gente-disfrute-sergio-dominguez\/","og_locale":"es_ES","og_type":"article","og_title":"&quot;Estamos trabajando a conciencia para que la gente disfrute&quot; - Sergio Dominguez. - Noticias Radio Reflejos","og_description":"El Presidente de Bomberos Voluntarios de Sierra de la Ventana, Sergio \u00abTeko\u00bb Dominguez, inform\u00f3 sobre la inmediata inauguraci\u00f3n de la piletas municipales que han sido concesionadas a la instituci\u00f3n por el actual intendente, la realizaci\u00f3n de la Asamblea ordinaria y los preparativos de la Fiesta Provincial de Reyes Magos.","og_url":"https:\/\/www.noticiasradioreflejos.com.ar\/2021\/estamos-trabajando-a-conciencia-para-que-la-gente-disfrute-sergio-dominguez\/","og_site_name":"Noticias Radio Reflejos","article_published_time":"2019-12-10T19:28:17+00:00","og_image":[{"width":300,"height":200,"url":"https:\/\/www.noticiasradioreflejos.com.ar\/2021\/wp-content\/uploads\/2021\/07\/logosol300x200.png","type":"image\/png"}],"author":"Arnaldo Botto","twitter_card":"summary_large_image","schema":{"@context":"https:\/\/schema.org","@graph":[{"@type":"WebPage","@id":"https:\/\/www.noticiasradioreflejos.com.ar\/2021\/estamos-trabajando-a-conciencia-para-que-la-gente-disfrute-sergio-dominguez\/","url":"https:\/\/www.noticiasradioreflejos.com.ar\/2021\/estamos-trabajando-a-conciencia-para-que-la-gente-disfrute-sergio-dominguez\/","name":"&quot;Estamos trabajando a conciencia para que la gente disfrute&quot; - Sergio Dominguez. - Noticias Radio Reflejos","isPartOf":{"@id":"https:\/\/www.noticiasradioreflejos.com.ar\/2021\/#website"},"datePublished":"2019-12-10T19:28:17+00:00","author":{"@id":"https:\/\/www.noticiasradioreflejos.com.ar\/2021\/#\/schema\/person\/ad82545263dcc5ec0996818884fd5fb1"},"breadcrumb":{"@id":"https:\/\/www.noticiasradioreflejos.com.ar\/2021\/estamos-trabajando-a-conciencia-para-que-la-gente-disfrute-sergio-dominguez\/#breadcrumb"},"inLanguage":"es","potentialAction":[{"@type":"ReadAction","target":["https:\/\/www.noticiasradioreflejos.com.ar\/2021\/estamos-trabajando-a-conciencia-para-que-la-gente-disfrute-sergio-dominguez\/"]}]},{"@type":"BreadcrumbList","@id":"https:\/\/www.noticiasradioreflejos.com.ar\/2021\/estamos-trabajando-a-conciencia-para-que-la-gente-disfrute-sergio-dominguez\/#breadcrumb","itemListElement":[{"@type":"ListItem","position":1,"name":"Portada","item":"https:\/\/www.noticiasradioreflejos.com.ar\/2021\/"},{"@type":"ListItem","position":2,"name":"&quot;Estamos trabajando a conciencia para que la gente disfrute&quot; &#8211; Sergio Dominguez."}]},{"@type":"WebSite","@id":"https:\/\/www.noticiasradioreflejos.com.ar\/2021\/#website","url":"https:\/\/www.noticiasradioreflejos.com.ar\/2021\/","name":"Noticias Radio Reflejos","description":"Las noticias de mi comarca","potentialAction":[{"@type":"SearchAction","target":{"@type":"EntryPoint","urlTemplate":"https:\/\/www.noticiasradioreflejos.com.ar\/2021\/?s={search_term_string}"},"query-input":{"@type":"PropertyValueSpecification","valueRequired":true,"valueName":"search_term_string"}}],"inLanguage":"es"},{"@type":"Person","@id":"https:\/\/www.noticiasradioreflejos.com.ar\/2021\/#\/schema\/person\/ad82545263dcc5ec0996818884fd5fb1","name":"Arnaldo Botto","image":{"@type":"ImageObject","inLanguage":"es","@id":"https:\/\/www.noticiasradioreflejos.com.ar\/2021\/#\/schema\/person\/image\/","url":"https:\/\/secure.gravatar.com\/avatar\/55cb5e37c1efa326397366e6974cb338056df65cb50e7d64d1cf314e87504837?s=96&d=mm&r=g","contentUrl":"https:\/\/secure.gravatar.com\/avatar\/55cb5e37c1efa326397366e6974cb338056df65cb50e7d64d1cf314e87504837?s=96&d=mm&r=g","caption":"Arnaldo Botto"},"url":"https:\/\/www.noticiasradioreflejos.com.ar\/2021\/author\/arnaldo\/"}]}},"_links":{"self":[{"href":"https:\/\/www.noticiasradioreflejos.com.ar\/2021\/wp-json\/wp\/v2\/posts\/37091","targetHints":{"allow":["GET"]}}],"collection":[{"href":"https:\/\/www.noticiasradioreflejos.com.ar\/2021\/wp-json\/wp\/v2\/posts"}],"about":[{"href":"https:\/\/www.noticiasradioreflejos.com.ar\/2021\/wp-json\/wp\/v2\/types\/post"}],"author":[{"embeddable":true,"href":"https:\/\/www.noticiasradioreflejos.com.ar\/2021\/wp-json\/wp\/v2\/users\/3"}],"replies":[{"embeddable":true,"href":"https:\/\/www.noticiasradioreflejos.com.ar\/2021\/wp-json\/wp\/v2\/comments?post=37091"}],"version-history":[{"count":0,"href":"https:\/\/www.noticiasradioreflejos.com.ar\/2021\/wp-json\/wp\/v2\/posts\/37091\/revisions"}],"wp:attachment":[{"href":"https:\/\/www.noticiasradioreflejos.com.ar\/2021\/wp-json\/wp\/v2\/media?parent=37091"}],"wp:term":[{"taxonomy":"category","embeddable":true,"href":"https:\/\/www.noticiasradioreflejos.com.ar\/2021\/wp-json\/wp\/v2\/categories?post=37091"},{"taxonomy":"post_tag","embeddable":true,"href":"https:\/\/www.noticiasradioreflejos.com.ar\/2021\/wp-json\/wp\/v2\/tags?post=37091"}],"curies":[{"name":"wp","href":"https:\/\/api.w.org\/{rel}","templated":true}]}}