{"id":37078,"date":"2019-12-10T08:42:39","date_gmt":"2019-12-10T11:42:39","guid":{"rendered":"http:\/\/www.noticiasradioreflejos.com.ar\/noticias\/?p=37078"},"modified":"2019-12-10T08:42:39","modified_gmt":"2019-12-10T11:42:39","slug":"celebrar-nuestra-democracia","status":"publish","type":"post","link":"https:\/\/www.noticiasradioreflejos.com.ar\/2021\/celebrar-nuestra-democracia\/","title":{"rendered":"&quot;Celebrar nuestra Democracia&quot;."},"content":{"rendered":"<p><strong>Comunicado del Partido Justicialista de Tornquist:<\/strong><br \/>\nEl martes 10 de diciembre VOLVEMOS y con nosotros los sue\u00f1os de los m\u00e1s necesitados, de todos aquellos que fueron despojados de sus derechos. Y con nosotros vuelve la concepci\u00f3n de que \u201cla patria es el otro\u201d, una frase que es la bandera de nuestros principios: Soberan\u00eda Pol\u00edtica, Independencia Econ\u00f3mica y Justicia Social. <!--more-->Nos podr\u00e1n atacar con tristes discursos nuestros detractores, pero el amor vence al odio. Nada nos correr\u00e1 de nuestro objetivo: poner de pie nuestra querida patria.\u00a0 Volvemos en Naci\u00f3n y Provincia. Volvemos con Fern\u00e0ndez- Fern\u00e0ndez y Axel- Magario. Sabemos que no ser\u00e1 f\u00e1cil, pero cu\u00e1ndo le fue f\u00e1cil a nuestro movimiento.<br \/>\nTambi\u00e8n queremos apoyar a nuestra lista local, a nuestros concejales que asumen este 10 de diciembre y a todos los que formaron parte de nuestra lista con entrega, amor y ganas de mejorar nuestra realidad. En especial, a nuestro candidato, Gustavo Trankels, quien a pedido del Consejo del Partido y de los militantes acept\u00f3 ir como candidato del Frente de Todos. A pesar de que los resultados no nos permitieron recuperar la Intendencia, hicimos una excelente elecci\u00f3n, la mejor en cuanto a votantes en nuestra historia partidaria.<br \/>\nQueremos agradecer a todos quienes nos acompa\u00f1aron con su voto. Hicimos una campa\u00f1a sin recursos, ni aportantes, ni clientelismo pero con amor y convicci\u00f3n por el camino elegido, recibiendo maltratos y amenazas, pero siempre unidos. Eso est\u00e1 intacto. Ning\u00fan logro supera al orgullo de rodearse de gente maravillosa, de gente que quiere lo mejor para su distrito. Eso nos llen\u00f3 y nos llena de orgullo. Nos hace seguir trabajando juntos para lograr un distrito m\u00e1s justo. Eso nos permite mirar a nuestros compa\u00f1eros y simpatizantes a la cara y fundirnos en un sincero abrazo porque no hay nada m\u00e1s triste que aquel que debe esconderse por la<br \/>\nverg\u00fcenza de mostrarse con quienes se rodean. Ese es el premio o el castigo que la vida nos da. Hoy podemos mirar a los ojos a todos nuestros militantes y seguidores y seguir, como lo estamos haciendo, militando y trabajando para nuestro distrito, con autocr\u00edtica, escuchando a los vecinos, porque sentimos que esa es nuestra obligaci\u00f3n. El Partido Justicialista celebra que estemos prontos a vivir la asunci\u00f3n de las nuevas autoridades a nivel Nacional, provincial y distrital, porque significa celebrar nuestra Democracia.<\/p>\n","protected":false},"excerpt":{"rendered":"<p>Comunicado del Partido Justicialista de Tornquist: El martes 10 de diciembre VOLVEMOS y con nosotros los sue\u00f1os de los m\u00e1s necesitados, de todos aquellos que fueron despojados de sus derechos. Y con nosotros vuelve la concepci\u00f3n de que \u201cla patria es el otro\u201d, una frase que es la bandera de nuestros principios: Soberan\u00eda Pol\u00edtica, Independencia [&hellip;]<\/p>\n","protected":false},"author":3,"featured_media":0,"comment_status":"closed","ping_status":"open","sticky":false,"template":"","format":"standard","meta":{"footnotes":""},"categories":[24],"tags":[],"class_list":["post-37078","post","type-post","status-publish","format-standard","hentry","category-politica"],"yoast_head":"<!-- This site is optimized with the Yoast SEO plugin v25.9 - https:\/\/yoast.com\/wordpress\/plugins\/seo\/ -->\n<title>&quot;Celebrar nuestra Democracia&quot;. - Noticias Radio Reflejos<\/title>\n<meta name=\"robots\" content=\"index, follow, max-snippet:-1, max-image-preview:large, max-video-preview:-1\" \/>\n<link rel=\"canonical\" href=\"https:\/\/www.noticiasradioreflejos.com.ar\/2021\/celebrar-nuestra-democracia\/\" \/>\n<meta property=\"og:locale\" content=\"es_ES\" \/>\n<meta property=\"og:type\" content=\"article\" \/>\n<meta property=\"og:title\" content=\"&quot;Celebrar nuestra Democracia&quot;. - Noticias Radio Reflejos\" \/>\n<meta property=\"og:description\" content=\"Comunicado del Partido Justicialista de Tornquist: El martes 10 de diciembre VOLVEMOS y con nosotros los sue\u00f1os de los m\u00e1s necesitados, de todos aquellos que fueron despojados de sus derechos. Y con nosotros vuelve la concepci\u00f3n de que \u201cla patria es el otro\u201d, una frase que es la bandera de nuestros principios: Soberan\u00eda Pol\u00edtica, Independencia [&hellip;]\" \/>\n<meta property=\"og:url\" content=\"https:\/\/www.noticiasradioreflejos.com.ar\/2021\/celebrar-nuestra-democracia\/\" \/>\n<meta property=\"og:site_name\" content=\"Noticias Radio Reflejos\" \/>\n<meta property=\"article:published_time\" content=\"2019-12-10T11:42:39+00:00\" \/>\n<meta property=\"og:image\" content=\"https:\/\/www.noticiasradioreflejos.com.ar\/2021\/wp-content\/uploads\/2021\/07\/logosol300x200.png\" \/>\n\t<meta property=\"og:image:width\" content=\"300\" \/>\n\t<meta property=\"og:image:height\" content=\"200\" \/>\n\t<meta property=\"og:image:type\" content=\"image\/png\" \/>\n<meta name=\"author\" content=\"Arnaldo Botto\" \/>\n<meta name=\"twitter:card\" content=\"summary_large_image\" \/>\n<script type=\"application\/ld+json\" class=\"yoast-schema-graph\">{\"@context\":\"https:\/\/schema.org\",\"@graph\":[{\"@type\":\"WebPage\",\"@id\":\"https:\/\/www.noticiasradioreflejos.com.ar\/2021\/celebrar-nuestra-democracia\/\",\"url\":\"https:\/\/www.noticiasradioreflejos.com.ar\/2021\/celebrar-nuestra-democracia\/\",\"name\":\"&quot;Celebrar nuestra Democracia&quot;. - Noticias Radio Reflejos\",\"isPartOf\":{\"@id\":\"https:\/\/www.noticiasradioreflejos.com.ar\/2021\/#website\"},\"datePublished\":\"2019-12-10T11:42:39+00:00\",\"author\":{\"@id\":\"https:\/\/www.noticiasradioreflejos.com.ar\/2021\/#\/schema\/person\/ad82545263dcc5ec0996818884fd5fb1\"},\"breadcrumb\":{\"@id\":\"https:\/\/www.noticiasradioreflejos.com.ar\/2021\/celebrar-nuestra-democracia\/#breadcrumb\"},\"inLanguage\":\"es\",\"potentialAction\":[{\"@type\":\"ReadAction\",\"target\":[\"https:\/\/www.noticiasradioreflejos.com.ar\/2021\/celebrar-nuestra-democracia\/\"]}]},{\"@type\":\"BreadcrumbList\",\"@id\":\"https:\/\/www.noticiasradioreflejos.com.ar\/2021\/celebrar-nuestra-democracia\/#breadcrumb\",\"itemListElement\":[{\"@type\":\"ListItem\",\"position\":1,\"name\":\"Portada\",\"item\":\"https:\/\/www.noticiasradioreflejos.com.ar\/2021\/\"},{\"@type\":\"ListItem\",\"position\":2,\"name\":\"&quot;Celebrar nuestra Democracia&quot;.\"}]},{\"@type\":\"WebSite\",\"@id\":\"https:\/\/www.noticiasradioreflejos.com.ar\/2021\/#website\",\"url\":\"https:\/\/www.noticiasradioreflejos.com.ar\/2021\/\",\"name\":\"Noticias Radio Reflejos\",\"description\":\"Las noticias de mi comarca\",\"potentialAction\":[{\"@type\":\"SearchAction\",\"target\":{\"@type\":\"EntryPoint\",\"urlTemplate\":\"https:\/\/www.noticiasradioreflejos.com.ar\/2021\/?s={search_term_string}\"},\"query-input\":{\"@type\":\"PropertyValueSpecification\",\"valueRequired\":true,\"valueName\":\"search_term_string\"}}],\"inLanguage\":\"es\"},{\"@type\":\"Person\",\"@id\":\"https:\/\/www.noticiasradioreflejos.com.ar\/2021\/#\/schema\/person\/ad82545263dcc5ec0996818884fd5fb1\",\"name\":\"Arnaldo Botto\",\"image\":{\"@type\":\"ImageObject\",\"inLanguage\":\"es\",\"@id\":\"https:\/\/www.noticiasradioreflejos.com.ar\/2021\/#\/schema\/person\/image\/\",\"url\":\"https:\/\/secure.gravatar.com\/avatar\/55cb5e37c1efa326397366e6974cb338056df65cb50e7d64d1cf314e87504837?s=96&d=mm&r=g\",\"contentUrl\":\"https:\/\/secure.gravatar.com\/avatar\/55cb5e37c1efa326397366e6974cb338056df65cb50e7d64d1cf314e87504837?s=96&d=mm&r=g\",\"caption\":\"Arnaldo Botto\"},\"url\":\"https:\/\/www.noticiasradioreflejos.com.ar\/2021\/author\/arnaldo\/\"}]}<\/script>\n<!-- \/ Yoast SEO plugin. -->","yoast_head_json":{"title":"&quot;Celebrar nuestra Democracia&quot;. - Noticias Radio Reflejos","robots":{"index":"index","follow":"follow","max-snippet":"max-snippet:-1","max-image-preview":"max-image-preview:large","max-video-preview":"max-video-preview:-1"},"canonical":"https:\/\/www.noticiasradioreflejos.com.ar\/2021\/celebrar-nuestra-democracia\/","og_locale":"es_ES","og_type":"article","og_title":"&quot;Celebrar nuestra Democracia&quot;. - Noticias Radio Reflejos","og_description":"Comunicado del Partido Justicialista de Tornquist: El martes 10 de diciembre VOLVEMOS y con nosotros los sue\u00f1os de los m\u00e1s necesitados, de todos aquellos que fueron despojados de sus derechos. Y con nosotros vuelve la concepci\u00f3n de que \u201cla patria es el otro\u201d, una frase que es la bandera de nuestros principios: Soberan\u00eda Pol\u00edtica, Independencia [&hellip;]","og_url":"https:\/\/www.noticiasradioreflejos.com.ar\/2021\/celebrar-nuestra-democracia\/","og_site_name":"Noticias Radio Reflejos","article_published_time":"2019-12-10T11:42:39+00:00","og_image":[{"width":300,"height":200,"url":"https:\/\/www.noticiasradioreflejos.com.ar\/2021\/wp-content\/uploads\/2021\/07\/logosol300x200.png","type":"image\/png"}],"author":"Arnaldo Botto","twitter_card":"summary_large_image","schema":{"@context":"https:\/\/schema.org","@graph":[{"@type":"WebPage","@id":"https:\/\/www.noticiasradioreflejos.com.ar\/2021\/celebrar-nuestra-democracia\/","url":"https:\/\/www.noticiasradioreflejos.com.ar\/2021\/celebrar-nuestra-democracia\/","name":"&quot;Celebrar nuestra Democracia&quot;. - Noticias Radio Reflejos","isPartOf":{"@id":"https:\/\/www.noticiasradioreflejos.com.ar\/2021\/#website"},"datePublished":"2019-12-10T11:42:39+00:00","author":{"@id":"https:\/\/www.noticiasradioreflejos.com.ar\/2021\/#\/schema\/person\/ad82545263dcc5ec0996818884fd5fb1"},"breadcrumb":{"@id":"https:\/\/www.noticiasradioreflejos.com.ar\/2021\/celebrar-nuestra-democracia\/#breadcrumb"},"inLanguage":"es","potentialAction":[{"@type":"ReadAction","target":["https:\/\/www.noticiasradioreflejos.com.ar\/2021\/celebrar-nuestra-democracia\/"]}]},{"@type":"BreadcrumbList","@id":"https:\/\/www.noticiasradioreflejos.com.ar\/2021\/celebrar-nuestra-democracia\/#breadcrumb","itemListElement":[{"@type":"ListItem","position":1,"name":"Portada","item":"https:\/\/www.noticiasradioreflejos.com.ar\/2021\/"},{"@type":"ListItem","position":2,"name":"&quot;Celebrar nuestra Democracia&quot;."}]},{"@type":"WebSite","@id":"https:\/\/www.noticiasradioreflejos.com.ar\/2021\/#website","url":"https:\/\/www.noticiasradioreflejos.com.ar\/2021\/","name":"Noticias Radio Reflejos","description":"Las noticias de mi comarca","potentialAction":[{"@type":"SearchAction","target":{"@type":"EntryPoint","urlTemplate":"https:\/\/www.noticiasradioreflejos.com.ar\/2021\/?s={search_term_string}"},"query-input":{"@type":"PropertyValueSpecification","valueRequired":true,"valueName":"search_term_string"}}],"inLanguage":"es"},{"@type":"Person","@id":"https:\/\/www.noticiasradioreflejos.com.ar\/2021\/#\/schema\/person\/ad82545263dcc5ec0996818884fd5fb1","name":"Arnaldo Botto","image":{"@type":"ImageObject","inLanguage":"es","@id":"https:\/\/www.noticiasradioreflejos.com.ar\/2021\/#\/schema\/person\/image\/","url":"https:\/\/secure.gravatar.com\/avatar\/55cb5e37c1efa326397366e6974cb338056df65cb50e7d64d1cf314e87504837?s=96&d=mm&r=g","contentUrl":"https:\/\/secure.gravatar.com\/avatar\/55cb5e37c1efa326397366e6974cb338056df65cb50e7d64d1cf314e87504837?s=96&d=mm&r=g","caption":"Arnaldo Botto"},"url":"https:\/\/www.noticiasradioreflejos.com.ar\/2021\/author\/arnaldo\/"}]}},"_links":{"self":[{"href":"https:\/\/www.noticiasradioreflejos.com.ar\/2021\/wp-json\/wp\/v2\/posts\/37078","targetHints":{"allow":["GET"]}}],"collection":[{"href":"https:\/\/www.noticiasradioreflejos.com.ar\/2021\/wp-json\/wp\/v2\/posts"}],"about":[{"href":"https:\/\/www.noticiasradioreflejos.com.ar\/2021\/wp-json\/wp\/v2\/types\/post"}],"author":[{"embeddable":true,"href":"https:\/\/www.noticiasradioreflejos.com.ar\/2021\/wp-json\/wp\/v2\/users\/3"}],"replies":[{"embeddable":true,"href":"https:\/\/www.noticiasradioreflejos.com.ar\/2021\/wp-json\/wp\/v2\/comments?post=37078"}],"version-history":[{"count":0,"href":"https:\/\/www.noticiasradioreflejos.com.ar\/2021\/wp-json\/wp\/v2\/posts\/37078\/revisions"}],"wp:attachment":[{"href":"https:\/\/www.noticiasradioreflejos.com.ar\/2021\/wp-json\/wp\/v2\/media?parent=37078"}],"wp:term":[{"taxonomy":"category","embeddable":true,"href":"https:\/\/www.noticiasradioreflejos.com.ar\/2021\/wp-json\/wp\/v2\/categories?post=37078"},{"taxonomy":"post_tag","embeddable":true,"href":"https:\/\/www.noticiasradioreflejos.com.ar\/2021\/wp-json\/wp\/v2\/tags?post=37078"}],"curies":[{"name":"wp","href":"https:\/\/api.w.org\/{rel}","templated":true}]}}