{"id":37067,"date":"2019-12-09T15:56:46","date_gmt":"2019-12-09T18:56:46","guid":{"rendered":"http:\/\/www.noticiasradioreflejos.com.ar\/noticias\/?p=37067"},"modified":"2019-12-09T15:56:46","modified_gmt":"2019-12-09T18:56:46","slug":"allanamientos-detenidos-y-aprehendidos-en-los-ultimos-dias-en-el-distrito","status":"publish","type":"post","link":"https:\/\/www.noticiasradioreflejos.com.ar\/2021\/allanamientos-detenidos-y-aprehendidos-en-los-ultimos-dias-en-el-distrito\/","title":{"rendered":"Allanamientos, detenidos y aprehendidos en los \u00faltimos d\u00edas en el distrito."},"content":{"rendered":"<p>La Secretaria de Seguridad del Partido de Tornquist, lleva a conocimiento de los diferentes hechos ocurridos en el transcurso de los \u00faltimos d\u00edas: <!--more--><br \/>\nTRES ALLANAMIENTOS POR UN HECHO DE HURTO<br \/>\nSe informa que en el marco de la denuncia radicada en la Estaci\u00f3n Comunal Tornquist por el ciudadano Eugenio Janyistabro, luego de realizar tareas investigativas por personal de dicha seccional policial como as\u00ed recepci\u00f3n de Declaraciones Testimoniales, se lograron recolectar pruebas suficientes, solicit\u00e1ndose las respectivas Ordenes de Allanamientos al magistrado interviniente para con los domicilios de Lavalle N\u00ba 569 y vivienda perteneciente al Matadero local, ambos de Tornquist, como as\u00ed para la Calle Santa Mar\u00eda N\u00ba 1059 de Bah\u00eda Blanca, lugares estos donde asiduamente pernoctara el ciudadano Miguel Hermes Marcos, alias \u201cHermes Moyano\u201d. Que posteriormente y siguiendo la misma l\u00ednea de investigaci\u00f3n, se logr\u00f3 recuperar parte de los elementos denunciados por el Se\u00f1or Janyistabro como sustra\u00eddos. Intervino la Ayudant\u00eda Fiscal de Tornquist.-<br \/>\nDOS DETENIDOS CONTRAVENCIONALES Y UN APREHENDIDO PENAL.-<br \/>\nAsimismo se informa que con fecha Domingo 08 del mes y a\u00f1o en curso, luego de un llamado telef\u00f3nico al n\u00famero de emergencias 101 de la Estaci\u00f3n Comunal Tornquist, los uniformados se constituyeron en la intersecci\u00f3n de Moreno y Safontas de este medio, lugar donde se estaba produciendo una ri\u00f1a callejera, por lo que personal policial intercede con el objeto de calmar la situaci\u00f3n procediendo en consecuencia a la DETENCION de MAURO ADRIAN CABRERA, de 21 a\u00f1os, y ULISES BLANC, de 22 a\u00f1os, ambos de Tornquist, por INFRACCION A LOS ARTICULOS 35, 72 Y 74 DEL DECRETO LEY 8031\/73, d\u00e1ndose intervenci\u00f3n a Juzgado de Paz Letrado de Tornquist. Que en momentos en que personal policial estaba por subir a los detenidos al m\u00f3vil policial para su traslado, interfiere una tercer persona con la clara intenci\u00f3n de impedir el traslado de los infractores, siendo identificada esta persona como LAUTARO UITIXBEREA, de 20 a\u00f1os, residente del medio, a quien luego de varias \u00f3rdenes impartidas por la Policia y al hacer caso omiso, arremete contra los uniformados con golpes de pu\u00f1o al aire, sin producirse ning\u00fan tipo de lesi\u00f3n, produci\u00e9ndose un breve forcejo, donde finalmente Uitixberea termina reducido, esposado y APREHENDIDO por los delitos de DESOBEDIENCIA Y RESISTENCIA A LA AUTORIDAD, d\u00e1ndose intervenci\u00f3n a la Fiscal\u00eda Especializada en Delitos en Flagrancia N\u00ba 15 de Bah\u00eda Blanca.-<br \/>\nSECRETARIA DE SEGURIDAD \u2013 MUNICIPALIDAD DE TORNQUIST<br \/>\nDICIEMBRE 09 DE 2019.-<\/p>\n","protected":false},"excerpt":{"rendered":"<p>La Secretaria de Seguridad del Partido de Tornquist, lleva a conocimiento de los diferentes hechos ocurridos en el transcurso de los \u00faltimos d\u00edas:<\/p>\n","protected":false},"author":3,"featured_media":0,"comment_status":"closed","ping_status":"open","sticky":false,"template":"","format":"standard","meta":{"footnotes":""},"categories":[29],"tags":[],"class_list":["post-37067","post","type-post","status-publish","format-standard","hentry","category-policiales"],"yoast_head":"<!-- This site is optimized with the Yoast SEO plugin v25.9 - https:\/\/yoast.com\/wordpress\/plugins\/seo\/ -->\n<title>Allanamientos, detenidos y aprehendidos en los \u00faltimos d\u00edas en el distrito. - Noticias Radio Reflejos<\/title>\n<meta name=\"robots\" content=\"index, follow, max-snippet:-1, max-image-preview:large, max-video-preview:-1\" \/>\n<link rel=\"canonical\" href=\"https:\/\/www.noticiasradioreflejos.com.ar\/2021\/allanamientos-detenidos-y-aprehendidos-en-los-ultimos-dias-en-el-distrito\/\" \/>\n<meta property=\"og:locale\" content=\"es_ES\" \/>\n<meta property=\"og:type\" content=\"article\" \/>\n<meta property=\"og:title\" content=\"Allanamientos, detenidos y aprehendidos en los \u00faltimos d\u00edas en el distrito. - Noticias Radio Reflejos\" \/>\n<meta property=\"og:description\" content=\"La Secretaria de Seguridad del Partido de Tornquist, lleva a conocimiento de los diferentes hechos ocurridos en el transcurso de los \u00faltimos d\u00edas:\" \/>\n<meta property=\"og:url\" content=\"https:\/\/www.noticiasradioreflejos.com.ar\/2021\/allanamientos-detenidos-y-aprehendidos-en-los-ultimos-dias-en-el-distrito\/\" \/>\n<meta property=\"og:site_name\" content=\"Noticias Radio Reflejos\" \/>\n<meta property=\"article:published_time\" content=\"2019-12-09T18:56:46+00:00\" \/>\n<meta property=\"og:image\" content=\"https:\/\/www.noticiasradioreflejos.com.ar\/2021\/wp-content\/uploads\/2021\/07\/logosol300x200.png\" \/>\n\t<meta property=\"og:image:width\" content=\"300\" \/>\n\t<meta property=\"og:image:height\" content=\"200\" \/>\n\t<meta property=\"og:image:type\" content=\"image\/png\" \/>\n<meta name=\"author\" content=\"Arnaldo Botto\" \/>\n<meta name=\"twitter:card\" content=\"summary_large_image\" \/>\n<script type=\"application\/ld+json\" class=\"yoast-schema-graph\">{\"@context\":\"https:\/\/schema.org\",\"@graph\":[{\"@type\":\"WebPage\",\"@id\":\"https:\/\/www.noticiasradioreflejos.com.ar\/2021\/allanamientos-detenidos-y-aprehendidos-en-los-ultimos-dias-en-el-distrito\/\",\"url\":\"https:\/\/www.noticiasradioreflejos.com.ar\/2021\/allanamientos-detenidos-y-aprehendidos-en-los-ultimos-dias-en-el-distrito\/\",\"name\":\"Allanamientos, detenidos y aprehendidos en los \u00faltimos d\u00edas en el distrito. - Noticias Radio Reflejos\",\"isPartOf\":{\"@id\":\"https:\/\/www.noticiasradioreflejos.com.ar\/2021\/#website\"},\"datePublished\":\"2019-12-09T18:56:46+00:00\",\"author\":{\"@id\":\"https:\/\/www.noticiasradioreflejos.com.ar\/2021\/#\/schema\/person\/ad82545263dcc5ec0996818884fd5fb1\"},\"breadcrumb\":{\"@id\":\"https:\/\/www.noticiasradioreflejos.com.ar\/2021\/allanamientos-detenidos-y-aprehendidos-en-los-ultimos-dias-en-el-distrito\/#breadcrumb\"},\"inLanguage\":\"es\",\"potentialAction\":[{\"@type\":\"ReadAction\",\"target\":[\"https:\/\/www.noticiasradioreflejos.com.ar\/2021\/allanamientos-detenidos-y-aprehendidos-en-los-ultimos-dias-en-el-distrito\/\"]}]},{\"@type\":\"BreadcrumbList\",\"@id\":\"https:\/\/www.noticiasradioreflejos.com.ar\/2021\/allanamientos-detenidos-y-aprehendidos-en-los-ultimos-dias-en-el-distrito\/#breadcrumb\",\"itemListElement\":[{\"@type\":\"ListItem\",\"position\":1,\"name\":\"Portada\",\"item\":\"https:\/\/www.noticiasradioreflejos.com.ar\/2021\/\"},{\"@type\":\"ListItem\",\"position\":2,\"name\":\"Allanamientos, detenidos y aprehendidos en los \u00faltimos d\u00edas en el distrito.\"}]},{\"@type\":\"WebSite\",\"@id\":\"https:\/\/www.noticiasradioreflejos.com.ar\/2021\/#website\",\"url\":\"https:\/\/www.noticiasradioreflejos.com.ar\/2021\/\",\"name\":\"Noticias Radio Reflejos\",\"description\":\"Las noticias de mi comarca\",\"potentialAction\":[{\"@type\":\"SearchAction\",\"target\":{\"@type\":\"EntryPoint\",\"urlTemplate\":\"https:\/\/www.noticiasradioreflejos.com.ar\/2021\/?s={search_term_string}\"},\"query-input\":{\"@type\":\"PropertyValueSpecification\",\"valueRequired\":true,\"valueName\":\"search_term_string\"}}],\"inLanguage\":\"es\"},{\"@type\":\"Person\",\"@id\":\"https:\/\/www.noticiasradioreflejos.com.ar\/2021\/#\/schema\/person\/ad82545263dcc5ec0996818884fd5fb1\",\"name\":\"Arnaldo Botto\",\"image\":{\"@type\":\"ImageObject\",\"inLanguage\":\"es\",\"@id\":\"https:\/\/www.noticiasradioreflejos.com.ar\/2021\/#\/schema\/person\/image\/\",\"url\":\"https:\/\/secure.gravatar.com\/avatar\/55cb5e37c1efa326397366e6974cb338056df65cb50e7d64d1cf314e87504837?s=96&d=mm&r=g\",\"contentUrl\":\"https:\/\/secure.gravatar.com\/avatar\/55cb5e37c1efa326397366e6974cb338056df65cb50e7d64d1cf314e87504837?s=96&d=mm&r=g\",\"caption\":\"Arnaldo Botto\"},\"url\":\"https:\/\/www.noticiasradioreflejos.com.ar\/2021\/author\/arnaldo\/\"}]}<\/script>\n<!-- \/ Yoast SEO plugin. -->","yoast_head_json":{"title":"Allanamientos, detenidos y aprehendidos en los \u00faltimos d\u00edas en el distrito. - Noticias Radio Reflejos","robots":{"index":"index","follow":"follow","max-snippet":"max-snippet:-1","max-image-preview":"max-image-preview:large","max-video-preview":"max-video-preview:-1"},"canonical":"https:\/\/www.noticiasradioreflejos.com.ar\/2021\/allanamientos-detenidos-y-aprehendidos-en-los-ultimos-dias-en-el-distrito\/","og_locale":"es_ES","og_type":"article","og_title":"Allanamientos, detenidos y aprehendidos en los \u00faltimos d\u00edas en el distrito. - Noticias Radio Reflejos","og_description":"La Secretaria de Seguridad del Partido de Tornquist, lleva a conocimiento de los diferentes hechos ocurridos en el transcurso de los \u00faltimos d\u00edas:","og_url":"https:\/\/www.noticiasradioreflejos.com.ar\/2021\/allanamientos-detenidos-y-aprehendidos-en-los-ultimos-dias-en-el-distrito\/","og_site_name":"Noticias Radio Reflejos","article_published_time":"2019-12-09T18:56:46+00:00","og_image":[{"width":300,"height":200,"url":"https:\/\/www.noticiasradioreflejos.com.ar\/2021\/wp-content\/uploads\/2021\/07\/logosol300x200.png","type":"image\/png"}],"author":"Arnaldo Botto","twitter_card":"summary_large_image","schema":{"@context":"https:\/\/schema.org","@graph":[{"@type":"WebPage","@id":"https:\/\/www.noticiasradioreflejos.com.ar\/2021\/allanamientos-detenidos-y-aprehendidos-en-los-ultimos-dias-en-el-distrito\/","url":"https:\/\/www.noticiasradioreflejos.com.ar\/2021\/allanamientos-detenidos-y-aprehendidos-en-los-ultimos-dias-en-el-distrito\/","name":"Allanamientos, detenidos y aprehendidos en los \u00faltimos d\u00edas en el distrito. - Noticias Radio Reflejos","isPartOf":{"@id":"https:\/\/www.noticiasradioreflejos.com.ar\/2021\/#website"},"datePublished":"2019-12-09T18:56:46+00:00","author":{"@id":"https:\/\/www.noticiasradioreflejos.com.ar\/2021\/#\/schema\/person\/ad82545263dcc5ec0996818884fd5fb1"},"breadcrumb":{"@id":"https:\/\/www.noticiasradioreflejos.com.ar\/2021\/allanamientos-detenidos-y-aprehendidos-en-los-ultimos-dias-en-el-distrito\/#breadcrumb"},"inLanguage":"es","potentialAction":[{"@type":"ReadAction","target":["https:\/\/www.noticiasradioreflejos.com.ar\/2021\/allanamientos-detenidos-y-aprehendidos-en-los-ultimos-dias-en-el-distrito\/"]}]},{"@type":"BreadcrumbList","@id":"https:\/\/www.noticiasradioreflejos.com.ar\/2021\/allanamientos-detenidos-y-aprehendidos-en-los-ultimos-dias-en-el-distrito\/#breadcrumb","itemListElement":[{"@type":"ListItem","position":1,"name":"Portada","item":"https:\/\/www.noticiasradioreflejos.com.ar\/2021\/"},{"@type":"ListItem","position":2,"name":"Allanamientos, detenidos y aprehendidos en los \u00faltimos d\u00edas en el distrito."}]},{"@type":"WebSite","@id":"https:\/\/www.noticiasradioreflejos.com.ar\/2021\/#website","url":"https:\/\/www.noticiasradioreflejos.com.ar\/2021\/","name":"Noticias Radio Reflejos","description":"Las noticias de mi comarca","potentialAction":[{"@type":"SearchAction","target":{"@type":"EntryPoint","urlTemplate":"https:\/\/www.noticiasradioreflejos.com.ar\/2021\/?s={search_term_string}"},"query-input":{"@type":"PropertyValueSpecification","valueRequired":true,"valueName":"search_term_string"}}],"inLanguage":"es"},{"@type":"Person","@id":"https:\/\/www.noticiasradioreflejos.com.ar\/2021\/#\/schema\/person\/ad82545263dcc5ec0996818884fd5fb1","name":"Arnaldo Botto","image":{"@type":"ImageObject","inLanguage":"es","@id":"https:\/\/www.noticiasradioreflejos.com.ar\/2021\/#\/schema\/person\/image\/","url":"https:\/\/secure.gravatar.com\/avatar\/55cb5e37c1efa326397366e6974cb338056df65cb50e7d64d1cf314e87504837?s=96&d=mm&r=g","contentUrl":"https:\/\/secure.gravatar.com\/avatar\/55cb5e37c1efa326397366e6974cb338056df65cb50e7d64d1cf314e87504837?s=96&d=mm&r=g","caption":"Arnaldo Botto"},"url":"https:\/\/www.noticiasradioreflejos.com.ar\/2021\/author\/arnaldo\/"}]}},"_links":{"self":[{"href":"https:\/\/www.noticiasradioreflejos.com.ar\/2021\/wp-json\/wp\/v2\/posts\/37067","targetHints":{"allow":["GET"]}}],"collection":[{"href":"https:\/\/www.noticiasradioreflejos.com.ar\/2021\/wp-json\/wp\/v2\/posts"}],"about":[{"href":"https:\/\/www.noticiasradioreflejos.com.ar\/2021\/wp-json\/wp\/v2\/types\/post"}],"author":[{"embeddable":true,"href":"https:\/\/www.noticiasradioreflejos.com.ar\/2021\/wp-json\/wp\/v2\/users\/3"}],"replies":[{"embeddable":true,"href":"https:\/\/www.noticiasradioreflejos.com.ar\/2021\/wp-json\/wp\/v2\/comments?post=37067"}],"version-history":[{"count":0,"href":"https:\/\/www.noticiasradioreflejos.com.ar\/2021\/wp-json\/wp\/v2\/posts\/37067\/revisions"}],"wp:attachment":[{"href":"https:\/\/www.noticiasradioreflejos.com.ar\/2021\/wp-json\/wp\/v2\/media?parent=37067"}],"wp:term":[{"taxonomy":"category","embeddable":true,"href":"https:\/\/www.noticiasradioreflejos.com.ar\/2021\/wp-json\/wp\/v2\/categories?post=37067"},{"taxonomy":"post_tag","embeddable":true,"href":"https:\/\/www.noticiasradioreflejos.com.ar\/2021\/wp-json\/wp\/v2\/tags?post=37067"}],"curies":[{"name":"wp","href":"https:\/\/api.w.org\/{rel}","templated":true}]}}