{"id":37062,"date":"2019-12-09T12:13:21","date_gmt":"2019-12-09T15:13:21","guid":{"rendered":"http:\/\/www.noticiasradioreflejos.com.ar\/noticias\/?p=37062"},"modified":"2019-12-09T12:13:21","modified_gmt":"2019-12-09T15:13:21","slug":"dr-liberatorio-nuevo-jefe-de-sala-medica-de-sierra-de-la-ventana","status":"publish","type":"post","link":"https:\/\/www.noticiasradioreflejos.com.ar\/2021\/dr-liberatorio-nuevo-jefe-de-sala-medica-de-sierra-de-la-ventana\/","title":{"rendered":"Dr. Liberatore nuevo jefe de Sala M\u00e9dica de Sierra de la Ventana"},"content":{"rendered":"<p>La Secretaria de Salud municipal pone en conocimiento de la comunidad, que desde el primero de diciembre, el Dr. Eduardo Liberatore es el nuevo jefe de la unidad sanitaria \u201cDr.Emilio Aldaya\u201d, de la localidad de Sierra de la Ventana.<!--more--><br \/>\nDej\u00f3 su cargo d\u00edas atr\u00e1s, por motivos personales, el Dr. Gustavo \u201cCoquito\u201d D\u00edaz, a quien agradecemos su enorme solidaridad y profesionalismo en sus ocho a\u00f1os frente a la unidad, destacando su gran compromiso para con cada uno de los vecinos de la localidad.<br \/>\nPor otro lado, auguramos una buena gesti\u00f3n para el nuevo jefe de la unidad sanitaria.<\/p>\n","protected":false},"excerpt":{"rendered":"<p>La Secretaria de Salud municipal pone en conocimiento de la comunidad, que desde el primero de diciembre, el Dr. Eduardo Liberatore es el nuevo jefe de la unidad sanitaria \u201cDr.Emilio Aldaya\u201d, de la localidad de Sierra de la Ventana.<\/p>\n","protected":false},"author":3,"featured_media":0,"comment_status":"closed","ping_status":"open","sticky":false,"template":"","format":"standard","meta":{"footnotes":""},"categories":[30],"tags":[],"class_list":["post-37062","post","type-post","status-publish","format-standard","hentry","category-salud"],"yoast_head":"<!-- This site is optimized with the Yoast SEO plugin v25.9 - https:\/\/yoast.com\/wordpress\/plugins\/seo\/ -->\n<title>Dr. Liberatore nuevo jefe de Sala M\u00e9dica de Sierra de la Ventana - Noticias Radio Reflejos<\/title>\n<meta name=\"robots\" content=\"index, follow, max-snippet:-1, max-image-preview:large, max-video-preview:-1\" \/>\n<link rel=\"canonical\" href=\"https:\/\/www.noticiasradioreflejos.com.ar\/2021\/dr-liberatorio-nuevo-jefe-de-sala-medica-de-sierra-de-la-ventana\/\" \/>\n<meta property=\"og:locale\" content=\"es_ES\" \/>\n<meta property=\"og:type\" content=\"article\" \/>\n<meta property=\"og:title\" content=\"Dr. Liberatore nuevo jefe de Sala M\u00e9dica de Sierra de la Ventana - Noticias Radio Reflejos\" \/>\n<meta property=\"og:description\" content=\"La Secretaria de Salud municipal pone en conocimiento de la comunidad, que desde el primero de diciembre, el Dr. Eduardo Liberatore es el nuevo jefe de la unidad sanitaria \u201cDr.Emilio Aldaya\u201d, de la localidad de Sierra de la Ventana.\" \/>\n<meta property=\"og:url\" content=\"https:\/\/www.noticiasradioreflejos.com.ar\/2021\/dr-liberatorio-nuevo-jefe-de-sala-medica-de-sierra-de-la-ventana\/\" \/>\n<meta property=\"og:site_name\" content=\"Noticias Radio Reflejos\" \/>\n<meta property=\"article:published_time\" content=\"2019-12-09T15:13:21+00:00\" \/>\n<meta property=\"og:image\" content=\"https:\/\/www.noticiasradioreflejos.com.ar\/2021\/wp-content\/uploads\/2021\/07\/logosol300x200.png\" \/>\n\t<meta property=\"og:image:width\" content=\"300\" \/>\n\t<meta property=\"og:image:height\" content=\"200\" \/>\n\t<meta property=\"og:image:type\" content=\"image\/png\" \/>\n<meta name=\"author\" content=\"Arnaldo Botto\" \/>\n<meta name=\"twitter:card\" content=\"summary_large_image\" \/>\n<script type=\"application\/ld+json\" class=\"yoast-schema-graph\">{\"@context\":\"https:\/\/schema.org\",\"@graph\":[{\"@type\":\"WebPage\",\"@id\":\"https:\/\/www.noticiasradioreflejos.com.ar\/2021\/dr-liberatorio-nuevo-jefe-de-sala-medica-de-sierra-de-la-ventana\/\",\"url\":\"https:\/\/www.noticiasradioreflejos.com.ar\/2021\/dr-liberatorio-nuevo-jefe-de-sala-medica-de-sierra-de-la-ventana\/\",\"name\":\"Dr. Liberatore nuevo jefe de Sala M\u00e9dica de Sierra de la Ventana - Noticias Radio Reflejos\",\"isPartOf\":{\"@id\":\"https:\/\/www.noticiasradioreflejos.com.ar\/2021\/#website\"},\"datePublished\":\"2019-12-09T15:13:21+00:00\",\"author\":{\"@id\":\"https:\/\/www.noticiasradioreflejos.com.ar\/2021\/#\/schema\/person\/ad82545263dcc5ec0996818884fd5fb1\"},\"breadcrumb\":{\"@id\":\"https:\/\/www.noticiasradioreflejos.com.ar\/2021\/dr-liberatorio-nuevo-jefe-de-sala-medica-de-sierra-de-la-ventana\/#breadcrumb\"},\"inLanguage\":\"es\",\"potentialAction\":[{\"@type\":\"ReadAction\",\"target\":[\"https:\/\/www.noticiasradioreflejos.com.ar\/2021\/dr-liberatorio-nuevo-jefe-de-sala-medica-de-sierra-de-la-ventana\/\"]}]},{\"@type\":\"BreadcrumbList\",\"@id\":\"https:\/\/www.noticiasradioreflejos.com.ar\/2021\/dr-liberatorio-nuevo-jefe-de-sala-medica-de-sierra-de-la-ventana\/#breadcrumb\",\"itemListElement\":[{\"@type\":\"ListItem\",\"position\":1,\"name\":\"Portada\",\"item\":\"https:\/\/www.noticiasradioreflejos.com.ar\/2021\/\"},{\"@type\":\"ListItem\",\"position\":2,\"name\":\"Dr. Liberatore nuevo jefe de Sala M\u00e9dica de Sierra de la Ventana\"}]},{\"@type\":\"WebSite\",\"@id\":\"https:\/\/www.noticiasradioreflejos.com.ar\/2021\/#website\",\"url\":\"https:\/\/www.noticiasradioreflejos.com.ar\/2021\/\",\"name\":\"Noticias Radio Reflejos\",\"description\":\"Las noticias de mi comarca\",\"potentialAction\":[{\"@type\":\"SearchAction\",\"target\":{\"@type\":\"EntryPoint\",\"urlTemplate\":\"https:\/\/www.noticiasradioreflejos.com.ar\/2021\/?s={search_term_string}\"},\"query-input\":{\"@type\":\"PropertyValueSpecification\",\"valueRequired\":true,\"valueName\":\"search_term_string\"}}],\"inLanguage\":\"es\"},{\"@type\":\"Person\",\"@id\":\"https:\/\/www.noticiasradioreflejos.com.ar\/2021\/#\/schema\/person\/ad82545263dcc5ec0996818884fd5fb1\",\"name\":\"Arnaldo Botto\",\"image\":{\"@type\":\"ImageObject\",\"inLanguage\":\"es\",\"@id\":\"https:\/\/www.noticiasradioreflejos.com.ar\/2021\/#\/schema\/person\/image\/\",\"url\":\"https:\/\/secure.gravatar.com\/avatar\/55cb5e37c1efa326397366e6974cb338056df65cb50e7d64d1cf314e87504837?s=96&d=mm&r=g\",\"contentUrl\":\"https:\/\/secure.gravatar.com\/avatar\/55cb5e37c1efa326397366e6974cb338056df65cb50e7d64d1cf314e87504837?s=96&d=mm&r=g\",\"caption\":\"Arnaldo Botto\"},\"url\":\"https:\/\/www.noticiasradioreflejos.com.ar\/2021\/author\/arnaldo\/\"}]}<\/script>\n<!-- \/ Yoast SEO plugin. -->","yoast_head_json":{"title":"Dr. Liberatore nuevo jefe de Sala M\u00e9dica de Sierra de la Ventana - Noticias Radio Reflejos","robots":{"index":"index","follow":"follow","max-snippet":"max-snippet:-1","max-image-preview":"max-image-preview:large","max-video-preview":"max-video-preview:-1"},"canonical":"https:\/\/www.noticiasradioreflejos.com.ar\/2021\/dr-liberatorio-nuevo-jefe-de-sala-medica-de-sierra-de-la-ventana\/","og_locale":"es_ES","og_type":"article","og_title":"Dr. Liberatore nuevo jefe de Sala M\u00e9dica de Sierra de la Ventana - Noticias Radio Reflejos","og_description":"La Secretaria de Salud municipal pone en conocimiento de la comunidad, que desde el primero de diciembre, el Dr. Eduardo Liberatore es el nuevo jefe de la unidad sanitaria \u201cDr.Emilio Aldaya\u201d, de la localidad de Sierra de la Ventana.","og_url":"https:\/\/www.noticiasradioreflejos.com.ar\/2021\/dr-liberatorio-nuevo-jefe-de-sala-medica-de-sierra-de-la-ventana\/","og_site_name":"Noticias Radio Reflejos","article_published_time":"2019-12-09T15:13:21+00:00","og_image":[{"width":300,"height":200,"url":"https:\/\/www.noticiasradioreflejos.com.ar\/2021\/wp-content\/uploads\/2021\/07\/logosol300x200.png","type":"image\/png"}],"author":"Arnaldo Botto","twitter_card":"summary_large_image","schema":{"@context":"https:\/\/schema.org","@graph":[{"@type":"WebPage","@id":"https:\/\/www.noticiasradioreflejos.com.ar\/2021\/dr-liberatorio-nuevo-jefe-de-sala-medica-de-sierra-de-la-ventana\/","url":"https:\/\/www.noticiasradioreflejos.com.ar\/2021\/dr-liberatorio-nuevo-jefe-de-sala-medica-de-sierra-de-la-ventana\/","name":"Dr. Liberatore nuevo jefe de Sala M\u00e9dica de Sierra de la Ventana - Noticias Radio Reflejos","isPartOf":{"@id":"https:\/\/www.noticiasradioreflejos.com.ar\/2021\/#website"},"datePublished":"2019-12-09T15:13:21+00:00","author":{"@id":"https:\/\/www.noticiasradioreflejos.com.ar\/2021\/#\/schema\/person\/ad82545263dcc5ec0996818884fd5fb1"},"breadcrumb":{"@id":"https:\/\/www.noticiasradioreflejos.com.ar\/2021\/dr-liberatorio-nuevo-jefe-de-sala-medica-de-sierra-de-la-ventana\/#breadcrumb"},"inLanguage":"es","potentialAction":[{"@type":"ReadAction","target":["https:\/\/www.noticiasradioreflejos.com.ar\/2021\/dr-liberatorio-nuevo-jefe-de-sala-medica-de-sierra-de-la-ventana\/"]}]},{"@type":"BreadcrumbList","@id":"https:\/\/www.noticiasradioreflejos.com.ar\/2021\/dr-liberatorio-nuevo-jefe-de-sala-medica-de-sierra-de-la-ventana\/#breadcrumb","itemListElement":[{"@type":"ListItem","position":1,"name":"Portada","item":"https:\/\/www.noticiasradioreflejos.com.ar\/2021\/"},{"@type":"ListItem","position":2,"name":"Dr. Liberatore nuevo jefe de Sala M\u00e9dica de Sierra de la Ventana"}]},{"@type":"WebSite","@id":"https:\/\/www.noticiasradioreflejos.com.ar\/2021\/#website","url":"https:\/\/www.noticiasradioreflejos.com.ar\/2021\/","name":"Noticias Radio Reflejos","description":"Las noticias de mi comarca","potentialAction":[{"@type":"SearchAction","target":{"@type":"EntryPoint","urlTemplate":"https:\/\/www.noticiasradioreflejos.com.ar\/2021\/?s={search_term_string}"},"query-input":{"@type":"PropertyValueSpecification","valueRequired":true,"valueName":"search_term_string"}}],"inLanguage":"es"},{"@type":"Person","@id":"https:\/\/www.noticiasradioreflejos.com.ar\/2021\/#\/schema\/person\/ad82545263dcc5ec0996818884fd5fb1","name":"Arnaldo Botto","image":{"@type":"ImageObject","inLanguage":"es","@id":"https:\/\/www.noticiasradioreflejos.com.ar\/2021\/#\/schema\/person\/image\/","url":"https:\/\/secure.gravatar.com\/avatar\/55cb5e37c1efa326397366e6974cb338056df65cb50e7d64d1cf314e87504837?s=96&d=mm&r=g","contentUrl":"https:\/\/secure.gravatar.com\/avatar\/55cb5e37c1efa326397366e6974cb338056df65cb50e7d64d1cf314e87504837?s=96&d=mm&r=g","caption":"Arnaldo Botto"},"url":"https:\/\/www.noticiasradioreflejos.com.ar\/2021\/author\/arnaldo\/"}]}},"_links":{"self":[{"href":"https:\/\/www.noticiasradioreflejos.com.ar\/2021\/wp-json\/wp\/v2\/posts\/37062","targetHints":{"allow":["GET"]}}],"collection":[{"href":"https:\/\/www.noticiasradioreflejos.com.ar\/2021\/wp-json\/wp\/v2\/posts"}],"about":[{"href":"https:\/\/www.noticiasradioreflejos.com.ar\/2021\/wp-json\/wp\/v2\/types\/post"}],"author":[{"embeddable":true,"href":"https:\/\/www.noticiasradioreflejos.com.ar\/2021\/wp-json\/wp\/v2\/users\/3"}],"replies":[{"embeddable":true,"href":"https:\/\/www.noticiasradioreflejos.com.ar\/2021\/wp-json\/wp\/v2\/comments?post=37062"}],"version-history":[{"count":0,"href":"https:\/\/www.noticiasradioreflejos.com.ar\/2021\/wp-json\/wp\/v2\/posts\/37062\/revisions"}],"wp:attachment":[{"href":"https:\/\/www.noticiasradioreflejos.com.ar\/2021\/wp-json\/wp\/v2\/media?parent=37062"}],"wp:term":[{"taxonomy":"category","embeddable":true,"href":"https:\/\/www.noticiasradioreflejos.com.ar\/2021\/wp-json\/wp\/v2\/categories?post=37062"},{"taxonomy":"post_tag","embeddable":true,"href":"https:\/\/www.noticiasradioreflejos.com.ar\/2021\/wp-json\/wp\/v2\/tags?post=37062"}],"curies":[{"name":"wp","href":"https:\/\/api.w.org\/{rel}","templated":true}]}}