{"id":36813,"date":"2019-11-29T11:38:40","date_gmt":"2019-11-29T14:38:40","guid":{"rendered":"http:\/\/www.noticiasradioreflejos.com.ar\/noticias\/?p=36813"},"modified":"2019-11-29T11:38:40","modified_gmt":"2019-11-29T14:38:40","slug":"un-abuelo-de-90-anos-murio-durante-un-robo-en-cnel-suarez","status":"publish","type":"post","link":"https:\/\/www.noticiasradioreflejos.com.ar\/2021\/un-abuelo-de-90-anos-murio-durante-un-robo-en-cnel-suarez\/","title":{"rendered":"Cnel. Suarez: Al anciano lo mataron a pu\u00f1aladas."},"content":{"rendered":"<p>La autopsia practicada sobre el cuerpo de Tom\u00e1s Schwab, el hombre de 91 a\u00f1os que apareci\u00f3 muerto esta ma\u00f1ana tras un supuesto robo en el pueblo Santa Trinidad, revel\u00f3 que la v\u00edctima presentaba \u00abvarios cortes y lesiones en todo su cuerpo producidos con un elemento punzo cortante\u00bb.<!--more--><br \/>\nPueblo Santa Trinidad, amaneci\u00f3 conmocionada por el fallecimiento de un querido vecino de la comunidad, un abuelo de 90 a\u00f1os identificado como Tom\u00e1s Schwab domiciliado en la Avenida Libertad 475.<br \/>\nSeg\u00fan fuentes consultadas, Don Tom\u00e1s fue hallado sin vida por un familiar a primera hora del viernes, con una de las ventanas de su domicilio forzada y destrozos en el interior de la vivienda.<br \/>\nEl vecino del pueblo Santa Trinidad habr\u00eda sido v\u00edctima de una feroz golpiza que le ocasion\u00f3 lesiones que determinaron su fallecimiento durante la \u00faltima madrugada.<br \/>\nLa Polic\u00eda Cient\u00edfica, la Comisar\u00eda 2\u00ba con sede en Pueblo San Jos\u00e9 y la Ayudant\u00eda de Fiscal local a cargo del Dr. Facundo Indart avanzan en distintas hip\u00f3tesis que permitan esclarecer el hecho que conmociona la primera colonia alemana.<br \/>\nDurante la ma\u00f1ana del viernes el Dr. Francisco Cortalezzi llev\u00f3 a cabo la operaci\u00f3n de autopsia.<br \/>\nLa autopsia practicada sobre el cuerpo de Tom\u00e1s Schwab, el hombre de 91 a\u00f1os que apareci\u00f3 muerto esta ma\u00f1ana tras un supuesto robo en el pueblo Santa Trinidad, revel\u00f3 que la v\u00edctima presentaba \u00abvarios cortes y lesiones en todo su cuerpo producidos con un elemento punzo cortante\u00bb.<br \/>\nLa causa qued\u00f3 caratulada como homicidio calificado, con intervenci\u00f3n de la UFIJ N\u00b0 5 de nuestra ciudad.<br \/>\nSeg\u00fan fuentes consultadas por LA BR\u00daJULA 24, por estas horas estar\u00eda perdiendo peso la hip\u00f3tesis de robo, teniendo en cuenta la sa\u00f1a con la que asesinaron a la v\u00edctima. Si bien hab\u00eda una ventana forzada, en el domicilio no hab\u00eda un gran desorden. No hab\u00eda colchones dados vuelta, ni nada que permita indicar que las personas que ingresaron al domicilio ubicado en Avenida Libertador al 400 estaban buscando algo en particular<br \/>\nEl cuerpo de Schwab fue descubierto hoy, alrededor de las 6.30, por un familiar. El anciano resid\u00eda solo y su c\u00edrculo \u00edntimo habitaba en inmuebles de las inmediaciones.Seg\u00fan publica el portal La Nueva Radio Su\u00e1rez, la Polic\u00eda y la ayudant\u00eda fiscal avanzan en distintas hip\u00f3tesis que permitan esclarecer el hecho<br \/>\nque conmociona a los vecinos del sector.<br \/>\nCon motivo del fallecimiento de Tom\u00e1s Schwab de 90 a\u00f1os la Delegaci\u00f3n Municipal de Pueblo Santa Trinidad suspendi\u00f3 la inauguraci\u00f3n de pavimento prevista para la noche del viernes frente a la casa en la que se registr\u00f3 el lamentable hecho policial.<br \/>\nFUENTE: LA NUEVA RADIO SU\u00c1REZ<\/p>\n","protected":false},"excerpt":{"rendered":"<p>La autopsia practicada sobre el cuerpo de Tom\u00e1s Schwab, el hombre de 91 a\u00f1os que apareci\u00f3 muerto esta ma\u00f1ana tras un supuesto robo en el pueblo Santa Trinidad, revel\u00f3 que la v\u00edctima presentaba \u00abvarios cortes y lesiones en todo su cuerpo producidos con un elemento punzo cortante\u00bb.<\/p>\n","protected":false},"author":3,"featured_media":0,"comment_status":"closed","ping_status":"open","sticky":false,"template":"","format":"standard","meta":{"footnotes":""},"categories":[29],"tags":[],"class_list":["post-36813","post","type-post","status-publish","format-standard","hentry","category-policiales"],"yoast_head":"<!-- This site is optimized with the Yoast SEO plugin v25.9 - https:\/\/yoast.com\/wordpress\/plugins\/seo\/ -->\n<title>Cnel. Suarez: Al anciano lo mataron a pu\u00f1aladas. - Noticias Radio Reflejos<\/title>\n<meta name=\"robots\" content=\"index, follow, max-snippet:-1, max-image-preview:large, max-video-preview:-1\" \/>\n<link rel=\"canonical\" href=\"https:\/\/www.noticiasradioreflejos.com.ar\/2021\/un-abuelo-de-90-anos-murio-durante-un-robo-en-cnel-suarez\/\" \/>\n<meta property=\"og:locale\" content=\"es_ES\" \/>\n<meta property=\"og:type\" content=\"article\" \/>\n<meta property=\"og:title\" content=\"Cnel. Suarez: Al anciano lo mataron a pu\u00f1aladas. - Noticias Radio Reflejos\" \/>\n<meta property=\"og:description\" content=\"La autopsia practicada sobre el cuerpo de Tom\u00e1s Schwab, el hombre de 91 a\u00f1os que apareci\u00f3 muerto esta ma\u00f1ana tras un supuesto robo en el pueblo Santa Trinidad, revel\u00f3 que la v\u00edctima presentaba \u00abvarios cortes y lesiones en todo su cuerpo producidos con un elemento punzo cortante\u00bb.\" \/>\n<meta property=\"og:url\" content=\"https:\/\/www.noticiasradioreflejos.com.ar\/2021\/un-abuelo-de-90-anos-murio-durante-un-robo-en-cnel-suarez\/\" \/>\n<meta property=\"og:site_name\" content=\"Noticias Radio Reflejos\" \/>\n<meta property=\"article:published_time\" content=\"2019-11-29T14:38:40+00:00\" \/>\n<meta property=\"og:image\" content=\"https:\/\/www.noticiasradioreflejos.com.ar\/2021\/wp-content\/uploads\/2021\/07\/logosol300x200.png\" \/>\n\t<meta property=\"og:image:width\" content=\"300\" \/>\n\t<meta property=\"og:image:height\" content=\"200\" \/>\n\t<meta property=\"og:image:type\" content=\"image\/png\" \/>\n<meta name=\"author\" content=\"Arnaldo Botto\" \/>\n<meta name=\"twitter:card\" content=\"summary_large_image\" \/>\n<script type=\"application\/ld+json\" class=\"yoast-schema-graph\">{\"@context\":\"https:\/\/schema.org\",\"@graph\":[{\"@type\":\"WebPage\",\"@id\":\"https:\/\/www.noticiasradioreflejos.com.ar\/2021\/un-abuelo-de-90-anos-murio-durante-un-robo-en-cnel-suarez\/\",\"url\":\"https:\/\/www.noticiasradioreflejos.com.ar\/2021\/un-abuelo-de-90-anos-murio-durante-un-robo-en-cnel-suarez\/\",\"name\":\"Cnel. Suarez: Al anciano lo mataron a pu\u00f1aladas. - Noticias Radio Reflejos\",\"isPartOf\":{\"@id\":\"https:\/\/www.noticiasradioreflejos.com.ar\/2021\/#website\"},\"datePublished\":\"2019-11-29T14:38:40+00:00\",\"author\":{\"@id\":\"https:\/\/www.noticiasradioreflejos.com.ar\/2021\/#\/schema\/person\/ad82545263dcc5ec0996818884fd5fb1\"},\"breadcrumb\":{\"@id\":\"https:\/\/www.noticiasradioreflejos.com.ar\/2021\/un-abuelo-de-90-anos-murio-durante-un-robo-en-cnel-suarez\/#breadcrumb\"},\"inLanguage\":\"es\",\"potentialAction\":[{\"@type\":\"ReadAction\",\"target\":[\"https:\/\/www.noticiasradioreflejos.com.ar\/2021\/un-abuelo-de-90-anos-murio-durante-un-robo-en-cnel-suarez\/\"]}]},{\"@type\":\"BreadcrumbList\",\"@id\":\"https:\/\/www.noticiasradioreflejos.com.ar\/2021\/un-abuelo-de-90-anos-murio-durante-un-robo-en-cnel-suarez\/#breadcrumb\",\"itemListElement\":[{\"@type\":\"ListItem\",\"position\":1,\"name\":\"Portada\",\"item\":\"https:\/\/www.noticiasradioreflejos.com.ar\/2021\/\"},{\"@type\":\"ListItem\",\"position\":2,\"name\":\"Cnel. Suarez: Al anciano lo mataron a pu\u00f1aladas.\"}]},{\"@type\":\"WebSite\",\"@id\":\"https:\/\/www.noticiasradioreflejos.com.ar\/2021\/#website\",\"url\":\"https:\/\/www.noticiasradioreflejos.com.ar\/2021\/\",\"name\":\"Noticias Radio Reflejos\",\"description\":\"Las noticias de mi comarca\",\"potentialAction\":[{\"@type\":\"SearchAction\",\"target\":{\"@type\":\"EntryPoint\",\"urlTemplate\":\"https:\/\/www.noticiasradioreflejos.com.ar\/2021\/?s={search_term_string}\"},\"query-input\":{\"@type\":\"PropertyValueSpecification\",\"valueRequired\":true,\"valueName\":\"search_term_string\"}}],\"inLanguage\":\"es\"},{\"@type\":\"Person\",\"@id\":\"https:\/\/www.noticiasradioreflejos.com.ar\/2021\/#\/schema\/person\/ad82545263dcc5ec0996818884fd5fb1\",\"name\":\"Arnaldo Botto\",\"image\":{\"@type\":\"ImageObject\",\"inLanguage\":\"es\",\"@id\":\"https:\/\/www.noticiasradioreflejos.com.ar\/2021\/#\/schema\/person\/image\/\",\"url\":\"https:\/\/secure.gravatar.com\/avatar\/55cb5e37c1efa326397366e6974cb338056df65cb50e7d64d1cf314e87504837?s=96&d=mm&r=g\",\"contentUrl\":\"https:\/\/secure.gravatar.com\/avatar\/55cb5e37c1efa326397366e6974cb338056df65cb50e7d64d1cf314e87504837?s=96&d=mm&r=g\",\"caption\":\"Arnaldo Botto\"},\"url\":\"https:\/\/www.noticiasradioreflejos.com.ar\/2021\/author\/arnaldo\/\"}]}<\/script>\n<!-- \/ Yoast SEO plugin. -->","yoast_head_json":{"title":"Cnel. Suarez: Al anciano lo mataron a pu\u00f1aladas. - Noticias Radio Reflejos","robots":{"index":"index","follow":"follow","max-snippet":"max-snippet:-1","max-image-preview":"max-image-preview:large","max-video-preview":"max-video-preview:-1"},"canonical":"https:\/\/www.noticiasradioreflejos.com.ar\/2021\/un-abuelo-de-90-anos-murio-durante-un-robo-en-cnel-suarez\/","og_locale":"es_ES","og_type":"article","og_title":"Cnel. Suarez: Al anciano lo mataron a pu\u00f1aladas. - Noticias Radio Reflejos","og_description":"La autopsia practicada sobre el cuerpo de Tom\u00e1s Schwab, el hombre de 91 a\u00f1os que apareci\u00f3 muerto esta ma\u00f1ana tras un supuesto robo en el pueblo Santa Trinidad, revel\u00f3 que la v\u00edctima presentaba \u00abvarios cortes y lesiones en todo su cuerpo producidos con un elemento punzo cortante\u00bb.","og_url":"https:\/\/www.noticiasradioreflejos.com.ar\/2021\/un-abuelo-de-90-anos-murio-durante-un-robo-en-cnel-suarez\/","og_site_name":"Noticias Radio Reflejos","article_published_time":"2019-11-29T14:38:40+00:00","og_image":[{"width":300,"height":200,"url":"https:\/\/www.noticiasradioreflejos.com.ar\/2021\/wp-content\/uploads\/2021\/07\/logosol300x200.png","type":"image\/png"}],"author":"Arnaldo Botto","twitter_card":"summary_large_image","schema":{"@context":"https:\/\/schema.org","@graph":[{"@type":"WebPage","@id":"https:\/\/www.noticiasradioreflejos.com.ar\/2021\/un-abuelo-de-90-anos-murio-durante-un-robo-en-cnel-suarez\/","url":"https:\/\/www.noticiasradioreflejos.com.ar\/2021\/un-abuelo-de-90-anos-murio-durante-un-robo-en-cnel-suarez\/","name":"Cnel. Suarez: Al anciano lo mataron a pu\u00f1aladas. - Noticias Radio Reflejos","isPartOf":{"@id":"https:\/\/www.noticiasradioreflejos.com.ar\/2021\/#website"},"datePublished":"2019-11-29T14:38:40+00:00","author":{"@id":"https:\/\/www.noticiasradioreflejos.com.ar\/2021\/#\/schema\/person\/ad82545263dcc5ec0996818884fd5fb1"},"breadcrumb":{"@id":"https:\/\/www.noticiasradioreflejos.com.ar\/2021\/un-abuelo-de-90-anos-murio-durante-un-robo-en-cnel-suarez\/#breadcrumb"},"inLanguage":"es","potentialAction":[{"@type":"ReadAction","target":["https:\/\/www.noticiasradioreflejos.com.ar\/2021\/un-abuelo-de-90-anos-murio-durante-un-robo-en-cnel-suarez\/"]}]},{"@type":"BreadcrumbList","@id":"https:\/\/www.noticiasradioreflejos.com.ar\/2021\/un-abuelo-de-90-anos-murio-durante-un-robo-en-cnel-suarez\/#breadcrumb","itemListElement":[{"@type":"ListItem","position":1,"name":"Portada","item":"https:\/\/www.noticiasradioreflejos.com.ar\/2021\/"},{"@type":"ListItem","position":2,"name":"Cnel. Suarez: Al anciano lo mataron a pu\u00f1aladas."}]},{"@type":"WebSite","@id":"https:\/\/www.noticiasradioreflejos.com.ar\/2021\/#website","url":"https:\/\/www.noticiasradioreflejos.com.ar\/2021\/","name":"Noticias Radio Reflejos","description":"Las noticias de mi comarca","potentialAction":[{"@type":"SearchAction","target":{"@type":"EntryPoint","urlTemplate":"https:\/\/www.noticiasradioreflejos.com.ar\/2021\/?s={search_term_string}"},"query-input":{"@type":"PropertyValueSpecification","valueRequired":true,"valueName":"search_term_string"}}],"inLanguage":"es"},{"@type":"Person","@id":"https:\/\/www.noticiasradioreflejos.com.ar\/2021\/#\/schema\/person\/ad82545263dcc5ec0996818884fd5fb1","name":"Arnaldo Botto","image":{"@type":"ImageObject","inLanguage":"es","@id":"https:\/\/www.noticiasradioreflejos.com.ar\/2021\/#\/schema\/person\/image\/","url":"https:\/\/secure.gravatar.com\/avatar\/55cb5e37c1efa326397366e6974cb338056df65cb50e7d64d1cf314e87504837?s=96&d=mm&r=g","contentUrl":"https:\/\/secure.gravatar.com\/avatar\/55cb5e37c1efa326397366e6974cb338056df65cb50e7d64d1cf314e87504837?s=96&d=mm&r=g","caption":"Arnaldo Botto"},"url":"https:\/\/www.noticiasradioreflejos.com.ar\/2021\/author\/arnaldo\/"}]}},"_links":{"self":[{"href":"https:\/\/www.noticiasradioreflejos.com.ar\/2021\/wp-json\/wp\/v2\/posts\/36813","targetHints":{"allow":["GET"]}}],"collection":[{"href":"https:\/\/www.noticiasradioreflejos.com.ar\/2021\/wp-json\/wp\/v2\/posts"}],"about":[{"href":"https:\/\/www.noticiasradioreflejos.com.ar\/2021\/wp-json\/wp\/v2\/types\/post"}],"author":[{"embeddable":true,"href":"https:\/\/www.noticiasradioreflejos.com.ar\/2021\/wp-json\/wp\/v2\/users\/3"}],"replies":[{"embeddable":true,"href":"https:\/\/www.noticiasradioreflejos.com.ar\/2021\/wp-json\/wp\/v2\/comments?post=36813"}],"version-history":[{"count":0,"href":"https:\/\/www.noticiasradioreflejos.com.ar\/2021\/wp-json\/wp\/v2\/posts\/36813\/revisions"}],"wp:attachment":[{"href":"https:\/\/www.noticiasradioreflejos.com.ar\/2021\/wp-json\/wp\/v2\/media?parent=36813"}],"wp:term":[{"taxonomy":"category","embeddable":true,"href":"https:\/\/www.noticiasradioreflejos.com.ar\/2021\/wp-json\/wp\/v2\/categories?post=36813"},{"taxonomy":"post_tag","embeddable":true,"href":"https:\/\/www.noticiasradioreflejos.com.ar\/2021\/wp-json\/wp\/v2\/tags?post=36813"}],"curies":[{"name":"wp","href":"https:\/\/api.w.org\/{rel}","templated":true}]}}