{"id":36786,"date":"2019-11-28T18:04:11","date_gmt":"2019-11-28T21:04:11","guid":{"rendered":"http:\/\/www.noticiasradioreflejos.com.ar\/noticias\/?p=36786"},"modified":"2019-11-28T18:04:11","modified_gmt":"2019-11-28T21:04:11","slug":"el-club-union-lanzo-su-torneo-de-verano-de-futbol-8","status":"publish","type":"post","link":"https:\/\/www.noticiasradioreflejos.com.ar\/2021\/el-club-union-lanzo-su-torneo-de-verano-de-futbol-8\/","title":{"rendered":"El Club Uni\u00f3n lanz\u00f3 su torneo de verano de f\u00fatbol 8."},"content":{"rendered":"<p><a href=\"http:\/\/live.staticflickr.com\/65535\/49139034237_73c9a2b460_s.jpg\" title=\"Torneo Futbol 8 CUT 2020\" rel=\"\"><img loading=\"lazy\" decoding=\"async\" src=\"http:\/\/live.staticflickr.com\/65535\/49139034237_73c9a2b460.jpg\" width=\"500\" height=\"355\" alt=\"Torneo Futbol 8 CUT 2020\" title=\"Torneo Futbol 8 CUT 2020\" class=\"alignleft\" style=\"float: left;\"><\/a>El Club Uni\u00f3n de Tornquist abri\u00f3 las inscripciones para la segunda edici\u00f3n de su Torneo de Verano de F\u00fatbol 8, que desarrollar\u00e1 en la cancha de c\u00e9sped sint\u00e9tico que posee en su predio deportivo.<!--more--><br \/>\nLuego del \u00e9xito de la temporada estival pasada, el verde larg\u00f3 el certamen 2020 que entregar\u00e1 $40.000 en \u00f3rdenes de compra en premios.<br \/>\nEl torneo comenzar\u00e1 el 26 de diciembre y se disputar\u00e1 todos los martes, jueves y s\u00e1bados hasta su finalizaci\u00f3n, que depender\u00e1 de la cantidad de equipos participantes.<br \/>\nLas inscripciones se recepcionan hasta el 20 de diciembre en la secretar\u00eda del Club de lunes a viernes de 17 a 21 hs, o comunic\u00e1ndose al 2914714969, y tienen un valor de $7.500 por equipo, con un m\u00e1ximo de 15 jugadores (hasta 3 activos).<br \/>\nPrensa Club Uni\u00f3n<br \/>\nwww.uniondetornquist.com -clubuniondetornquist@gmail.com &#8211; \/ClubUnionDeTornquist-@UnionTornquist<code><\/code><\/p>\n","protected":false},"excerpt":{"rendered":"<p>El Club Uni\u00f3n de Tornquist abri\u00f3 las inscripciones para la segunda edici\u00f3n de su Torneo de Verano de F\u00fatbol 8, que desarrollar\u00e1 en la cancha de c\u00e9sped sint\u00e9tico que posee en su predio deportivo.<\/p>\n","protected":false},"author":3,"featured_media":0,"comment_status":"closed","ping_status":"open","sticky":false,"template":"","format":"standard","meta":{"footnotes":""},"categories":[27],"tags":[],"class_list":["post-36786","post","type-post","status-publish","format-standard","hentry","category-deportes"],"yoast_head":"<!-- This site is optimized with the Yoast SEO plugin v25.9 - https:\/\/yoast.com\/wordpress\/plugins\/seo\/ -->\n<title>El Club Uni\u00f3n lanz\u00f3 su torneo de verano de f\u00fatbol 8. - Noticias Radio Reflejos<\/title>\n<meta name=\"robots\" content=\"index, follow, max-snippet:-1, max-image-preview:large, max-video-preview:-1\" \/>\n<link rel=\"canonical\" href=\"https:\/\/www.noticiasradioreflejos.com.ar\/2021\/el-club-union-lanzo-su-torneo-de-verano-de-futbol-8\/\" \/>\n<meta property=\"og:locale\" content=\"es_ES\" \/>\n<meta property=\"og:type\" content=\"article\" \/>\n<meta property=\"og:title\" content=\"El Club Uni\u00f3n lanz\u00f3 su torneo de verano de f\u00fatbol 8. - Noticias Radio Reflejos\" \/>\n<meta property=\"og:description\" content=\"El Club Uni\u00f3n de Tornquist abri\u00f3 las inscripciones para la segunda edici\u00f3n de su Torneo de Verano de F\u00fatbol 8, que desarrollar\u00e1 en la cancha de c\u00e9sped sint\u00e9tico que posee en su predio deportivo.\" \/>\n<meta property=\"og:url\" content=\"https:\/\/www.noticiasradioreflejos.com.ar\/2021\/el-club-union-lanzo-su-torneo-de-verano-de-futbol-8\/\" \/>\n<meta property=\"og:site_name\" content=\"Noticias Radio Reflejos\" \/>\n<meta property=\"article:published_time\" content=\"2019-11-28T21:04:11+00:00\" \/>\n<meta property=\"og:image\" content=\"http:\/\/live.staticflickr.com\/65535\/49139034237_73c9a2b460.jpg\" \/>\n<meta name=\"author\" content=\"Arnaldo Botto\" \/>\n<meta name=\"twitter:card\" content=\"summary_large_image\" \/>\n<script type=\"application\/ld+json\" class=\"yoast-schema-graph\">{\"@context\":\"https:\/\/schema.org\",\"@graph\":[{\"@type\":\"WebPage\",\"@id\":\"https:\/\/www.noticiasradioreflejos.com.ar\/2021\/el-club-union-lanzo-su-torneo-de-verano-de-futbol-8\/\",\"url\":\"https:\/\/www.noticiasradioreflejos.com.ar\/2021\/el-club-union-lanzo-su-torneo-de-verano-de-futbol-8\/\",\"name\":\"El Club Uni\u00f3n lanz\u00f3 su torneo de verano de f\u00fatbol 8. - Noticias Radio Reflejos\",\"isPartOf\":{\"@id\":\"https:\/\/www.noticiasradioreflejos.com.ar\/2021\/#website\"},\"primaryImageOfPage\":{\"@id\":\"https:\/\/www.noticiasradioreflejos.com.ar\/2021\/el-club-union-lanzo-su-torneo-de-verano-de-futbol-8\/#primaryimage\"},\"image\":{\"@id\":\"https:\/\/www.noticiasradioreflejos.com.ar\/2021\/el-club-union-lanzo-su-torneo-de-verano-de-futbol-8\/#primaryimage\"},\"thumbnailUrl\":\"http:\/\/live.staticflickr.com\/65535\/49139034237_73c9a2b460.jpg\",\"datePublished\":\"2019-11-28T21:04:11+00:00\",\"author\":{\"@id\":\"https:\/\/www.noticiasradioreflejos.com.ar\/2021\/#\/schema\/person\/ad82545263dcc5ec0996818884fd5fb1\"},\"breadcrumb\":{\"@id\":\"https:\/\/www.noticiasradioreflejos.com.ar\/2021\/el-club-union-lanzo-su-torneo-de-verano-de-futbol-8\/#breadcrumb\"},\"inLanguage\":\"es\",\"potentialAction\":[{\"@type\":\"ReadAction\",\"target\":[\"https:\/\/www.noticiasradioreflejos.com.ar\/2021\/el-club-union-lanzo-su-torneo-de-verano-de-futbol-8\/\"]}]},{\"@type\":\"ImageObject\",\"inLanguage\":\"es\",\"@id\":\"https:\/\/www.noticiasradioreflejos.com.ar\/2021\/el-club-union-lanzo-su-torneo-de-verano-de-futbol-8\/#primaryimage\",\"url\":\"http:\/\/live.staticflickr.com\/65535\/49139034237_73c9a2b460.jpg\",\"contentUrl\":\"http:\/\/live.staticflickr.com\/65535\/49139034237_73c9a2b460.jpg\"},{\"@type\":\"BreadcrumbList\",\"@id\":\"https:\/\/www.noticiasradioreflejos.com.ar\/2021\/el-club-union-lanzo-su-torneo-de-verano-de-futbol-8\/#breadcrumb\",\"itemListElement\":[{\"@type\":\"ListItem\",\"position\":1,\"name\":\"Portada\",\"item\":\"https:\/\/www.noticiasradioreflejos.com.ar\/2021\/\"},{\"@type\":\"ListItem\",\"position\":2,\"name\":\"El Club Uni\u00f3n lanz\u00f3 su torneo de verano de f\u00fatbol 8.\"}]},{\"@type\":\"WebSite\",\"@id\":\"https:\/\/www.noticiasradioreflejos.com.ar\/2021\/#website\",\"url\":\"https:\/\/www.noticiasradioreflejos.com.ar\/2021\/\",\"name\":\"Noticias Radio Reflejos\",\"description\":\"Las noticias de mi comarca\",\"potentialAction\":[{\"@type\":\"SearchAction\",\"target\":{\"@type\":\"EntryPoint\",\"urlTemplate\":\"https:\/\/www.noticiasradioreflejos.com.ar\/2021\/?s={search_term_string}\"},\"query-input\":{\"@type\":\"PropertyValueSpecification\",\"valueRequired\":true,\"valueName\":\"search_term_string\"}}],\"inLanguage\":\"es\"},{\"@type\":\"Person\",\"@id\":\"https:\/\/www.noticiasradioreflejos.com.ar\/2021\/#\/schema\/person\/ad82545263dcc5ec0996818884fd5fb1\",\"name\":\"Arnaldo Botto\",\"image\":{\"@type\":\"ImageObject\",\"inLanguage\":\"es\",\"@id\":\"https:\/\/www.noticiasradioreflejos.com.ar\/2021\/#\/schema\/person\/image\/\",\"url\":\"https:\/\/secure.gravatar.com\/avatar\/55cb5e37c1efa326397366e6974cb338056df65cb50e7d64d1cf314e87504837?s=96&d=mm&r=g\",\"contentUrl\":\"https:\/\/secure.gravatar.com\/avatar\/55cb5e37c1efa326397366e6974cb338056df65cb50e7d64d1cf314e87504837?s=96&d=mm&r=g\",\"caption\":\"Arnaldo Botto\"},\"url\":\"https:\/\/www.noticiasradioreflejos.com.ar\/2021\/author\/arnaldo\/\"}]}<\/script>\n<!-- \/ Yoast SEO plugin. -->","yoast_head_json":{"title":"El Club Uni\u00f3n lanz\u00f3 su torneo de verano de f\u00fatbol 8. - Noticias Radio Reflejos","robots":{"index":"index","follow":"follow","max-snippet":"max-snippet:-1","max-image-preview":"max-image-preview:large","max-video-preview":"max-video-preview:-1"},"canonical":"https:\/\/www.noticiasradioreflejos.com.ar\/2021\/el-club-union-lanzo-su-torneo-de-verano-de-futbol-8\/","og_locale":"es_ES","og_type":"article","og_title":"El Club Uni\u00f3n lanz\u00f3 su torneo de verano de f\u00fatbol 8. - Noticias Radio Reflejos","og_description":"El Club Uni\u00f3n de Tornquist abri\u00f3 las inscripciones para la segunda edici\u00f3n de su Torneo de Verano de F\u00fatbol 8, que desarrollar\u00e1 en la cancha de c\u00e9sped sint\u00e9tico que posee en su predio deportivo.","og_url":"https:\/\/www.noticiasradioreflejos.com.ar\/2021\/el-club-union-lanzo-su-torneo-de-verano-de-futbol-8\/","og_site_name":"Noticias Radio Reflejos","article_published_time":"2019-11-28T21:04:11+00:00","og_image":[{"url":"http:\/\/live.staticflickr.com\/65535\/49139034237_73c9a2b460.jpg","type":"","width":"","height":""}],"author":"Arnaldo Botto","twitter_card":"summary_large_image","schema":{"@context":"https:\/\/schema.org","@graph":[{"@type":"WebPage","@id":"https:\/\/www.noticiasradioreflejos.com.ar\/2021\/el-club-union-lanzo-su-torneo-de-verano-de-futbol-8\/","url":"https:\/\/www.noticiasradioreflejos.com.ar\/2021\/el-club-union-lanzo-su-torneo-de-verano-de-futbol-8\/","name":"El Club Uni\u00f3n lanz\u00f3 su torneo de verano de f\u00fatbol 8. - Noticias Radio Reflejos","isPartOf":{"@id":"https:\/\/www.noticiasradioreflejos.com.ar\/2021\/#website"},"primaryImageOfPage":{"@id":"https:\/\/www.noticiasradioreflejos.com.ar\/2021\/el-club-union-lanzo-su-torneo-de-verano-de-futbol-8\/#primaryimage"},"image":{"@id":"https:\/\/www.noticiasradioreflejos.com.ar\/2021\/el-club-union-lanzo-su-torneo-de-verano-de-futbol-8\/#primaryimage"},"thumbnailUrl":"http:\/\/live.staticflickr.com\/65535\/49139034237_73c9a2b460.jpg","datePublished":"2019-11-28T21:04:11+00:00","author":{"@id":"https:\/\/www.noticiasradioreflejos.com.ar\/2021\/#\/schema\/person\/ad82545263dcc5ec0996818884fd5fb1"},"breadcrumb":{"@id":"https:\/\/www.noticiasradioreflejos.com.ar\/2021\/el-club-union-lanzo-su-torneo-de-verano-de-futbol-8\/#breadcrumb"},"inLanguage":"es","potentialAction":[{"@type":"ReadAction","target":["https:\/\/www.noticiasradioreflejos.com.ar\/2021\/el-club-union-lanzo-su-torneo-de-verano-de-futbol-8\/"]}]},{"@type":"ImageObject","inLanguage":"es","@id":"https:\/\/www.noticiasradioreflejos.com.ar\/2021\/el-club-union-lanzo-su-torneo-de-verano-de-futbol-8\/#primaryimage","url":"http:\/\/live.staticflickr.com\/65535\/49139034237_73c9a2b460.jpg","contentUrl":"http:\/\/live.staticflickr.com\/65535\/49139034237_73c9a2b460.jpg"},{"@type":"BreadcrumbList","@id":"https:\/\/www.noticiasradioreflejos.com.ar\/2021\/el-club-union-lanzo-su-torneo-de-verano-de-futbol-8\/#breadcrumb","itemListElement":[{"@type":"ListItem","position":1,"name":"Portada","item":"https:\/\/www.noticiasradioreflejos.com.ar\/2021\/"},{"@type":"ListItem","position":2,"name":"El Club Uni\u00f3n lanz\u00f3 su torneo de verano de f\u00fatbol 8."}]},{"@type":"WebSite","@id":"https:\/\/www.noticiasradioreflejos.com.ar\/2021\/#website","url":"https:\/\/www.noticiasradioreflejos.com.ar\/2021\/","name":"Noticias Radio Reflejos","description":"Las noticias de mi comarca","potentialAction":[{"@type":"SearchAction","target":{"@type":"EntryPoint","urlTemplate":"https:\/\/www.noticiasradioreflejos.com.ar\/2021\/?s={search_term_string}"},"query-input":{"@type":"PropertyValueSpecification","valueRequired":true,"valueName":"search_term_string"}}],"inLanguage":"es"},{"@type":"Person","@id":"https:\/\/www.noticiasradioreflejos.com.ar\/2021\/#\/schema\/person\/ad82545263dcc5ec0996818884fd5fb1","name":"Arnaldo Botto","image":{"@type":"ImageObject","inLanguage":"es","@id":"https:\/\/www.noticiasradioreflejos.com.ar\/2021\/#\/schema\/person\/image\/","url":"https:\/\/secure.gravatar.com\/avatar\/55cb5e37c1efa326397366e6974cb338056df65cb50e7d64d1cf314e87504837?s=96&d=mm&r=g","contentUrl":"https:\/\/secure.gravatar.com\/avatar\/55cb5e37c1efa326397366e6974cb338056df65cb50e7d64d1cf314e87504837?s=96&d=mm&r=g","caption":"Arnaldo Botto"},"url":"https:\/\/www.noticiasradioreflejos.com.ar\/2021\/author\/arnaldo\/"}]}},"_links":{"self":[{"href":"https:\/\/www.noticiasradioreflejos.com.ar\/2021\/wp-json\/wp\/v2\/posts\/36786","targetHints":{"allow":["GET"]}}],"collection":[{"href":"https:\/\/www.noticiasradioreflejos.com.ar\/2021\/wp-json\/wp\/v2\/posts"}],"about":[{"href":"https:\/\/www.noticiasradioreflejos.com.ar\/2021\/wp-json\/wp\/v2\/types\/post"}],"author":[{"embeddable":true,"href":"https:\/\/www.noticiasradioreflejos.com.ar\/2021\/wp-json\/wp\/v2\/users\/3"}],"replies":[{"embeddable":true,"href":"https:\/\/www.noticiasradioreflejos.com.ar\/2021\/wp-json\/wp\/v2\/comments?post=36786"}],"version-history":[{"count":0,"href":"https:\/\/www.noticiasradioreflejos.com.ar\/2021\/wp-json\/wp\/v2\/posts\/36786\/revisions"}],"wp:attachment":[{"href":"https:\/\/www.noticiasradioreflejos.com.ar\/2021\/wp-json\/wp\/v2\/media?parent=36786"}],"wp:term":[{"taxonomy":"category","embeddable":true,"href":"https:\/\/www.noticiasradioreflejos.com.ar\/2021\/wp-json\/wp\/v2\/categories?post=36786"},{"taxonomy":"post_tag","embeddable":true,"href":"https:\/\/www.noticiasradioreflejos.com.ar\/2021\/wp-json\/wp\/v2\/tags?post=36786"}],"curies":[{"name":"wp","href":"https:\/\/api.w.org\/{rel}","templated":true}]}}