{"id":36781,"date":"2019-11-28T16:41:33","date_gmt":"2019-11-28T19:41:33","guid":{"rendered":"http:\/\/www.noticiasradioreflejos.com.ar\/noticias\/?p=36781"},"modified":"2019-11-28T16:41:33","modified_gmt":"2019-11-28T19:41:33","slug":"la-comarca-fue-anfitriona-de-un-nuevo-fam-press","status":"publish","type":"post","link":"https:\/\/www.noticiasradioreflejos.com.ar\/2021\/la-comarca-fue-anfitriona-de-un-nuevo-fam-press\/","title":{"rendered":"La comarca fue anfitriona de un nuevo fam press"},"content":{"rendered":"<p>Durante dos d\u00edas se desarroll\u00f3 en nuestro distrito un nuevo \u201cFam Press\u201d, actividad que tiene como objetivo promocionar los puntos y atractivos tur\u00edsticos de nuestra comarca. <!--more--><br \/>\nLas actividades, organizadas por la Secretaria de Turismo del Municipio y la Subsecretaria de Turismo de la Provincia, estaban dirigidas a Medios de Comunicaci\u00f3n, tales como Telam, Radio Con Vos, La Naci\u00f3n, Infocielo, La Prensa, Sent\u00ed Argentina Canal 26, Radio Continental, Radio Provincia y An Digital.<br \/>\nLa recorrida consisti\u00f3 en una visita a uno de los mayores atractivos de nuestra comarca, el Parque Provincial E. Tornquist, adem\u00e1s de acercarse al Club Hotel de la Ventana, en Villa Ventana; donde almorzaron en una pintoresca cervecer\u00eda. Tambi\u00e9n realizaron una experiencia rural, en Mahuida Co.<br \/>\nLuego visitaron la localidad de Sierra de la Ventana, donde visitaron el Museo Ferroviario y recorrieron el nuevo atractivo de la Trochita en el predio del Centro Cultural.<br \/>\n<a title=\"IMG_5284 (Medium)\" href=\"http:\/\/live.staticflickr.com\/65535\/49138038893_a4db777d5f_s.jpg\" rel=\"\"><img loading=\"lazy\" decoding=\"async\" class=\"alignleft\" style=\"float: left;\" title=\"IMG_5284 (Medium)\" src=\"http:\/\/live.staticflickr.com\/65535\/49138038893_a4db777d5f.jpg\" alt=\"IMG_5284 (Medium)\" width=\"500\" height=\"333\" \/><\/a>La visita culmin\u00f3 con una recorrida, con impronta arquitect\u00f3nica-cultural, donde pudieron disfrutar de las obras de Salamone, y degustar los vinos locales en la Bodega Saldungaray.<br \/>\nFam Press es una actividad de familiarizaci\u00f3n, donde se ofrece vivir la experiencia de un destino tur\u00edstico en primera persona, con el fin de lograr un mejor reconocimiento del producto, mejorando la comercializaci\u00f3n a futuro.<br \/>\nDurante el transcurso de ambas jornadas, los periodistas pudieron realizar videos, filmaciones, notas y fotograf\u00edas, como material para sus respectivos programas.<br \/>\nLa Secretaria de Turismo agradece a todos aquellos prestadores tur\u00edsticos, que abrieron y pusieron a disposici\u00f3n cada uno de sus espacios para brindarles las mejor experiencia a los medios que nos visitaron: Complejo Puesta del Sol, Cervecer\u00eda La Estaci\u00f3n, Mahuida Co, Bodega Saldungaray, y a las C\u00e1maras y Asociaciones de Turismo, quienes les brindaron la cena de despedida a nuestros visitantes.<br \/>\nEsto demuestra que trabajando de manera mancomunada entre municipio y privados, podemos potenciar todas las estrategias de promoci\u00f3n de nuestro distrito.<\/p>\n","protected":false},"excerpt":{"rendered":"<p>Durante dos d\u00edas se desarroll\u00f3 en nuestro distrito un nuevo \u201cFam Press\u201d, actividad que tiene como objetivo promocionar los puntos y atractivos tur\u00edsticos de nuestra comarca.<\/p>\n","protected":false},"author":3,"featured_media":0,"comment_status":"closed","ping_status":"open","sticky":false,"template":"","format":"standard","meta":{"footnotes":""},"categories":[33],"tags":[],"class_list":["post-36781","post","type-post","status-publish","format-standard","hentry","category-turismo"],"yoast_head":"<!-- This site is optimized with the Yoast SEO plugin v25.9 - https:\/\/yoast.com\/wordpress\/plugins\/seo\/ -->\n<title>La comarca fue anfitriona de un nuevo fam press - Noticias Radio Reflejos<\/title>\n<meta name=\"robots\" content=\"index, follow, max-snippet:-1, max-image-preview:large, max-video-preview:-1\" \/>\n<link rel=\"canonical\" href=\"https:\/\/www.noticiasradioreflejos.com.ar\/2021\/la-comarca-fue-anfitriona-de-un-nuevo-fam-press\/\" \/>\n<meta property=\"og:locale\" content=\"es_ES\" \/>\n<meta property=\"og:type\" content=\"article\" \/>\n<meta property=\"og:title\" content=\"La comarca fue anfitriona de un nuevo fam press - Noticias Radio Reflejos\" \/>\n<meta property=\"og:description\" content=\"Durante dos d\u00edas se desarroll\u00f3 en nuestro distrito un nuevo \u201cFam Press\u201d, actividad que tiene como objetivo promocionar los puntos y atractivos tur\u00edsticos de nuestra comarca.\" \/>\n<meta property=\"og:url\" content=\"https:\/\/www.noticiasradioreflejos.com.ar\/2021\/la-comarca-fue-anfitriona-de-un-nuevo-fam-press\/\" \/>\n<meta property=\"og:site_name\" content=\"Noticias Radio Reflejos\" \/>\n<meta property=\"article:published_time\" content=\"2019-11-28T19:41:33+00:00\" \/>\n<meta property=\"og:image\" content=\"http:\/\/live.staticflickr.com\/65535\/49138038893_a4db777d5f.jpg\" \/>\n<meta name=\"author\" content=\"Arnaldo Botto\" \/>\n<meta name=\"twitter:card\" content=\"summary_large_image\" \/>\n<script type=\"application\/ld+json\" class=\"yoast-schema-graph\">{\"@context\":\"https:\/\/schema.org\",\"@graph\":[{\"@type\":\"WebPage\",\"@id\":\"https:\/\/www.noticiasradioreflejos.com.ar\/2021\/la-comarca-fue-anfitriona-de-un-nuevo-fam-press\/\",\"url\":\"https:\/\/www.noticiasradioreflejos.com.ar\/2021\/la-comarca-fue-anfitriona-de-un-nuevo-fam-press\/\",\"name\":\"La comarca fue anfitriona de un nuevo fam press - Noticias Radio Reflejos\",\"isPartOf\":{\"@id\":\"https:\/\/www.noticiasradioreflejos.com.ar\/2021\/#website\"},\"primaryImageOfPage\":{\"@id\":\"https:\/\/www.noticiasradioreflejos.com.ar\/2021\/la-comarca-fue-anfitriona-de-un-nuevo-fam-press\/#primaryimage\"},\"image\":{\"@id\":\"https:\/\/www.noticiasradioreflejos.com.ar\/2021\/la-comarca-fue-anfitriona-de-un-nuevo-fam-press\/#primaryimage\"},\"thumbnailUrl\":\"http:\/\/live.staticflickr.com\/65535\/49138038893_a4db777d5f.jpg\",\"datePublished\":\"2019-11-28T19:41:33+00:00\",\"author\":{\"@id\":\"https:\/\/www.noticiasradioreflejos.com.ar\/2021\/#\/schema\/person\/ad82545263dcc5ec0996818884fd5fb1\"},\"breadcrumb\":{\"@id\":\"https:\/\/www.noticiasradioreflejos.com.ar\/2021\/la-comarca-fue-anfitriona-de-un-nuevo-fam-press\/#breadcrumb\"},\"inLanguage\":\"es\",\"potentialAction\":[{\"@type\":\"ReadAction\",\"target\":[\"https:\/\/www.noticiasradioreflejos.com.ar\/2021\/la-comarca-fue-anfitriona-de-un-nuevo-fam-press\/\"]}]},{\"@type\":\"ImageObject\",\"inLanguage\":\"es\",\"@id\":\"https:\/\/www.noticiasradioreflejos.com.ar\/2021\/la-comarca-fue-anfitriona-de-un-nuevo-fam-press\/#primaryimage\",\"url\":\"http:\/\/live.staticflickr.com\/65535\/49138038893_a4db777d5f.jpg\",\"contentUrl\":\"http:\/\/live.staticflickr.com\/65535\/49138038893_a4db777d5f.jpg\"},{\"@type\":\"BreadcrumbList\",\"@id\":\"https:\/\/www.noticiasradioreflejos.com.ar\/2021\/la-comarca-fue-anfitriona-de-un-nuevo-fam-press\/#breadcrumb\",\"itemListElement\":[{\"@type\":\"ListItem\",\"position\":1,\"name\":\"Portada\",\"item\":\"https:\/\/www.noticiasradioreflejos.com.ar\/2021\/\"},{\"@type\":\"ListItem\",\"position\":2,\"name\":\"La comarca fue anfitriona de un nuevo fam press\"}]},{\"@type\":\"WebSite\",\"@id\":\"https:\/\/www.noticiasradioreflejos.com.ar\/2021\/#website\",\"url\":\"https:\/\/www.noticiasradioreflejos.com.ar\/2021\/\",\"name\":\"Noticias Radio Reflejos\",\"description\":\"Las noticias de mi comarca\",\"potentialAction\":[{\"@type\":\"SearchAction\",\"target\":{\"@type\":\"EntryPoint\",\"urlTemplate\":\"https:\/\/www.noticiasradioreflejos.com.ar\/2021\/?s={search_term_string}\"},\"query-input\":{\"@type\":\"PropertyValueSpecification\",\"valueRequired\":true,\"valueName\":\"search_term_string\"}}],\"inLanguage\":\"es\"},{\"@type\":\"Person\",\"@id\":\"https:\/\/www.noticiasradioreflejos.com.ar\/2021\/#\/schema\/person\/ad82545263dcc5ec0996818884fd5fb1\",\"name\":\"Arnaldo Botto\",\"image\":{\"@type\":\"ImageObject\",\"inLanguage\":\"es\",\"@id\":\"https:\/\/www.noticiasradioreflejos.com.ar\/2021\/#\/schema\/person\/image\/\",\"url\":\"https:\/\/secure.gravatar.com\/avatar\/55cb5e37c1efa326397366e6974cb338056df65cb50e7d64d1cf314e87504837?s=96&d=mm&r=g\",\"contentUrl\":\"https:\/\/secure.gravatar.com\/avatar\/55cb5e37c1efa326397366e6974cb338056df65cb50e7d64d1cf314e87504837?s=96&d=mm&r=g\",\"caption\":\"Arnaldo Botto\"},\"url\":\"https:\/\/www.noticiasradioreflejos.com.ar\/2021\/author\/arnaldo\/\"}]}<\/script>\n<!-- \/ Yoast SEO plugin. -->","yoast_head_json":{"title":"La comarca fue anfitriona de un nuevo fam press - Noticias Radio Reflejos","robots":{"index":"index","follow":"follow","max-snippet":"max-snippet:-1","max-image-preview":"max-image-preview:large","max-video-preview":"max-video-preview:-1"},"canonical":"https:\/\/www.noticiasradioreflejos.com.ar\/2021\/la-comarca-fue-anfitriona-de-un-nuevo-fam-press\/","og_locale":"es_ES","og_type":"article","og_title":"La comarca fue anfitriona de un nuevo fam press - Noticias Radio Reflejos","og_description":"Durante dos d\u00edas se desarroll\u00f3 en nuestro distrito un nuevo \u201cFam Press\u201d, actividad que tiene como objetivo promocionar los puntos y atractivos tur\u00edsticos de nuestra comarca.","og_url":"https:\/\/www.noticiasradioreflejos.com.ar\/2021\/la-comarca-fue-anfitriona-de-un-nuevo-fam-press\/","og_site_name":"Noticias Radio Reflejos","article_published_time":"2019-11-28T19:41:33+00:00","og_image":[{"url":"http:\/\/live.staticflickr.com\/65535\/49138038893_a4db777d5f.jpg","type":"","width":"","height":""}],"author":"Arnaldo Botto","twitter_card":"summary_large_image","schema":{"@context":"https:\/\/schema.org","@graph":[{"@type":"WebPage","@id":"https:\/\/www.noticiasradioreflejos.com.ar\/2021\/la-comarca-fue-anfitriona-de-un-nuevo-fam-press\/","url":"https:\/\/www.noticiasradioreflejos.com.ar\/2021\/la-comarca-fue-anfitriona-de-un-nuevo-fam-press\/","name":"La comarca fue anfitriona de un nuevo fam press - Noticias Radio Reflejos","isPartOf":{"@id":"https:\/\/www.noticiasradioreflejos.com.ar\/2021\/#website"},"primaryImageOfPage":{"@id":"https:\/\/www.noticiasradioreflejos.com.ar\/2021\/la-comarca-fue-anfitriona-de-un-nuevo-fam-press\/#primaryimage"},"image":{"@id":"https:\/\/www.noticiasradioreflejos.com.ar\/2021\/la-comarca-fue-anfitriona-de-un-nuevo-fam-press\/#primaryimage"},"thumbnailUrl":"http:\/\/live.staticflickr.com\/65535\/49138038893_a4db777d5f.jpg","datePublished":"2019-11-28T19:41:33+00:00","author":{"@id":"https:\/\/www.noticiasradioreflejos.com.ar\/2021\/#\/schema\/person\/ad82545263dcc5ec0996818884fd5fb1"},"breadcrumb":{"@id":"https:\/\/www.noticiasradioreflejos.com.ar\/2021\/la-comarca-fue-anfitriona-de-un-nuevo-fam-press\/#breadcrumb"},"inLanguage":"es","potentialAction":[{"@type":"ReadAction","target":["https:\/\/www.noticiasradioreflejos.com.ar\/2021\/la-comarca-fue-anfitriona-de-un-nuevo-fam-press\/"]}]},{"@type":"ImageObject","inLanguage":"es","@id":"https:\/\/www.noticiasradioreflejos.com.ar\/2021\/la-comarca-fue-anfitriona-de-un-nuevo-fam-press\/#primaryimage","url":"http:\/\/live.staticflickr.com\/65535\/49138038893_a4db777d5f.jpg","contentUrl":"http:\/\/live.staticflickr.com\/65535\/49138038893_a4db777d5f.jpg"},{"@type":"BreadcrumbList","@id":"https:\/\/www.noticiasradioreflejos.com.ar\/2021\/la-comarca-fue-anfitriona-de-un-nuevo-fam-press\/#breadcrumb","itemListElement":[{"@type":"ListItem","position":1,"name":"Portada","item":"https:\/\/www.noticiasradioreflejos.com.ar\/2021\/"},{"@type":"ListItem","position":2,"name":"La comarca fue anfitriona de un nuevo fam press"}]},{"@type":"WebSite","@id":"https:\/\/www.noticiasradioreflejos.com.ar\/2021\/#website","url":"https:\/\/www.noticiasradioreflejos.com.ar\/2021\/","name":"Noticias Radio Reflejos","description":"Las noticias de mi comarca","potentialAction":[{"@type":"SearchAction","target":{"@type":"EntryPoint","urlTemplate":"https:\/\/www.noticiasradioreflejos.com.ar\/2021\/?s={search_term_string}"},"query-input":{"@type":"PropertyValueSpecification","valueRequired":true,"valueName":"search_term_string"}}],"inLanguage":"es"},{"@type":"Person","@id":"https:\/\/www.noticiasradioreflejos.com.ar\/2021\/#\/schema\/person\/ad82545263dcc5ec0996818884fd5fb1","name":"Arnaldo Botto","image":{"@type":"ImageObject","inLanguage":"es","@id":"https:\/\/www.noticiasradioreflejos.com.ar\/2021\/#\/schema\/person\/image\/","url":"https:\/\/secure.gravatar.com\/avatar\/55cb5e37c1efa326397366e6974cb338056df65cb50e7d64d1cf314e87504837?s=96&d=mm&r=g","contentUrl":"https:\/\/secure.gravatar.com\/avatar\/55cb5e37c1efa326397366e6974cb338056df65cb50e7d64d1cf314e87504837?s=96&d=mm&r=g","caption":"Arnaldo Botto"},"url":"https:\/\/www.noticiasradioreflejos.com.ar\/2021\/author\/arnaldo\/"}]}},"_links":{"self":[{"href":"https:\/\/www.noticiasradioreflejos.com.ar\/2021\/wp-json\/wp\/v2\/posts\/36781","targetHints":{"allow":["GET"]}}],"collection":[{"href":"https:\/\/www.noticiasradioreflejos.com.ar\/2021\/wp-json\/wp\/v2\/posts"}],"about":[{"href":"https:\/\/www.noticiasradioreflejos.com.ar\/2021\/wp-json\/wp\/v2\/types\/post"}],"author":[{"embeddable":true,"href":"https:\/\/www.noticiasradioreflejos.com.ar\/2021\/wp-json\/wp\/v2\/users\/3"}],"replies":[{"embeddable":true,"href":"https:\/\/www.noticiasradioreflejos.com.ar\/2021\/wp-json\/wp\/v2\/comments?post=36781"}],"version-history":[{"count":0,"href":"https:\/\/www.noticiasradioreflejos.com.ar\/2021\/wp-json\/wp\/v2\/posts\/36781\/revisions"}],"wp:attachment":[{"href":"https:\/\/www.noticiasradioreflejos.com.ar\/2021\/wp-json\/wp\/v2\/media?parent=36781"}],"wp:term":[{"taxonomy":"category","embeddable":true,"href":"https:\/\/www.noticiasradioreflejos.com.ar\/2021\/wp-json\/wp\/v2\/categories?post=36781"},{"taxonomy":"post_tag","embeddable":true,"href":"https:\/\/www.noticiasradioreflejos.com.ar\/2021\/wp-json\/wp\/v2\/tags?post=36781"}],"curies":[{"name":"wp","href":"https:\/\/api.w.org\/{rel}","templated":true}]}}