{"id":36779,"date":"2019-11-28T16:36:02","date_gmt":"2019-11-28T19:36:02","guid":{"rendered":"http:\/\/www.noticiasradioreflejos.com.ar\/noticias\/?p=36779"},"modified":"2019-11-28T16:36:02","modified_gmt":"2019-11-28T19:36:02","slug":"jornada-de-testeo-rapido-gratuito-y-confidencial-de-hiv-y-sifilis","status":"publish","type":"post","link":"https:\/\/www.noticiasradioreflejos.com.ar\/2021\/jornada-de-testeo-rapido-gratuito-y-confidencial-de-hiv-y-sifilis\/","title":{"rendered":"jornada de testeo r\u00e1pido, gratuito y confidencial de HIV y S\u00edfilis"},"content":{"rendered":"<p><a title=\"WhatsApp Image 2019-11-28 at 12.04.05\" href=\"http:\/\/live.staticflickr.com\/65535\/49138709367_397a59fa89_s.jpg\" rel=\"\"><img loading=\"lazy\" decoding=\"async\" class=\"alignleft\" style=\"float: left;\" title=\"WhatsApp Image 2019-11-28 at 12.04.05\" src=\"http:\/\/live.staticflickr.com\/65535\/49138709367_397a59fa89.jpg\" alt=\"WhatsApp Image 2019-11-28 at 12.04.05\" width=\"500\" height=\"500\" \/><\/a>Con motivo de conmemorarse, el 1 de diciembre, el D\u00cdA MUNDIAL DE LA LUCHA CONTRA EL SIDA, la Secretar\u00eda de Salud Municipal llevar\u00e1 a cabo una jornada de testeo r\u00e1pido, gratuito y confidencial de HIV y S\u00edfilis. La misma tendr\u00e1 lugar en las instalaciones del Hospital Municipal (Consultorio 2), el d\u00eda lunes 2 de diciembre en el horario de 8 a 11hs; y ser\u00e1 llevada a cabo por la Dra. Infect\u00f3loga Lorena Cabaleiro, y el equipo de bioqu\u00edmicas: Margarita Garmendia, Susana Aburto y Natacha Caporicci.<!--more--><br \/>\nAdem\u00e1s de realizar los an\u00e1lisis correspondientes, los promotores de salud del municipio, llevar\u00e1n adelante la difusi\u00f3n de material informativo sobre el HIV.<br \/>\nCada 1 de diciembre, la Organizaci\u00f3n Mundial de la Salud celebra el D\u00eda mundial de la lucha contra el sida, buscando generar una mayor conciencia de lo que supone este virus, y prevenir situaciones de riesgo.<br \/>\nEl SIDA, es el s\u00edndrome de inmunodeficiencia adquirida , provocada por el virus de la inmunodeficiencia humana, una infecci\u00f3n que ataca el sistema inmunitario e impide que el cuerpo se pueda proteger de otras enfermedades.<br \/>\nInvitamos a toda la comunidad acerarse y hacerse el test.<\/p>\n","protected":false},"excerpt":{"rendered":"<p>Con motivo de conmemorarse, el 1 de diciembre, el D\u00cdA MUNDIAL DE LA LUCHA CONTRA EL SIDA, la Secretar\u00eda de Salud Municipal llevar\u00e1 a cabo una jornada de testeo r\u00e1pido, gratuito y confidencial de HIV y S\u00edfilis. La misma tendr\u00e1 lugar en las instalaciones del Hospital Municipal (Consultorio 2), el d\u00eda lunes 2 de diciembre [&hellip;]<\/p>\n","protected":false},"author":3,"featured_media":0,"comment_status":"closed","ping_status":"open","sticky":false,"template":"","format":"standard","meta":{"footnotes":""},"categories":[30],"tags":[],"class_list":["post-36779","post","type-post","status-publish","format-standard","hentry","category-salud"],"yoast_head":"<!-- This site is optimized with the Yoast SEO plugin v25.9 - https:\/\/yoast.com\/wordpress\/plugins\/seo\/ -->\n<title>jornada de testeo r\u00e1pido, gratuito y confidencial de HIV y S\u00edfilis - Noticias Radio Reflejos<\/title>\n<meta name=\"robots\" content=\"index, follow, max-snippet:-1, max-image-preview:large, max-video-preview:-1\" \/>\n<link rel=\"canonical\" href=\"https:\/\/www.noticiasradioreflejos.com.ar\/2021\/jornada-de-testeo-rapido-gratuito-y-confidencial-de-hiv-y-sifilis\/\" \/>\n<meta property=\"og:locale\" content=\"es_ES\" \/>\n<meta property=\"og:type\" content=\"article\" \/>\n<meta property=\"og:title\" content=\"jornada de testeo r\u00e1pido, gratuito y confidencial de HIV y S\u00edfilis - Noticias Radio Reflejos\" \/>\n<meta property=\"og:description\" content=\"Con motivo de conmemorarse, el 1 de diciembre, el D\u00cdA MUNDIAL DE LA LUCHA CONTRA EL SIDA, la Secretar\u00eda de Salud Municipal llevar\u00e1 a cabo una jornada de testeo r\u00e1pido, gratuito y confidencial de HIV y S\u00edfilis. La misma tendr\u00e1 lugar en las instalaciones del Hospital Municipal (Consultorio 2), el d\u00eda lunes 2 de diciembre [&hellip;]\" \/>\n<meta property=\"og:url\" content=\"https:\/\/www.noticiasradioreflejos.com.ar\/2021\/jornada-de-testeo-rapido-gratuito-y-confidencial-de-hiv-y-sifilis\/\" \/>\n<meta property=\"og:site_name\" content=\"Noticias Radio Reflejos\" \/>\n<meta property=\"article:published_time\" content=\"2019-11-28T19:36:02+00:00\" \/>\n<meta property=\"og:image\" content=\"http:\/\/live.staticflickr.com\/65535\/49138709367_397a59fa89.jpg\" \/>\n<meta name=\"author\" content=\"Arnaldo Botto\" \/>\n<meta name=\"twitter:card\" content=\"summary_large_image\" \/>\n<script type=\"application\/ld+json\" class=\"yoast-schema-graph\">{\"@context\":\"https:\/\/schema.org\",\"@graph\":[{\"@type\":\"WebPage\",\"@id\":\"https:\/\/www.noticiasradioreflejos.com.ar\/2021\/jornada-de-testeo-rapido-gratuito-y-confidencial-de-hiv-y-sifilis\/\",\"url\":\"https:\/\/www.noticiasradioreflejos.com.ar\/2021\/jornada-de-testeo-rapido-gratuito-y-confidencial-de-hiv-y-sifilis\/\",\"name\":\"jornada de testeo r\u00e1pido, gratuito y confidencial de HIV y S\u00edfilis - Noticias Radio Reflejos\",\"isPartOf\":{\"@id\":\"https:\/\/www.noticiasradioreflejos.com.ar\/2021\/#website\"},\"primaryImageOfPage\":{\"@id\":\"https:\/\/www.noticiasradioreflejos.com.ar\/2021\/jornada-de-testeo-rapido-gratuito-y-confidencial-de-hiv-y-sifilis\/#primaryimage\"},\"image\":{\"@id\":\"https:\/\/www.noticiasradioreflejos.com.ar\/2021\/jornada-de-testeo-rapido-gratuito-y-confidencial-de-hiv-y-sifilis\/#primaryimage\"},\"thumbnailUrl\":\"http:\/\/live.staticflickr.com\/65535\/49138709367_397a59fa89.jpg\",\"datePublished\":\"2019-11-28T19:36:02+00:00\",\"author\":{\"@id\":\"https:\/\/www.noticiasradioreflejos.com.ar\/2021\/#\/schema\/person\/ad82545263dcc5ec0996818884fd5fb1\"},\"breadcrumb\":{\"@id\":\"https:\/\/www.noticiasradioreflejos.com.ar\/2021\/jornada-de-testeo-rapido-gratuito-y-confidencial-de-hiv-y-sifilis\/#breadcrumb\"},\"inLanguage\":\"es\",\"potentialAction\":[{\"@type\":\"ReadAction\",\"target\":[\"https:\/\/www.noticiasradioreflejos.com.ar\/2021\/jornada-de-testeo-rapido-gratuito-y-confidencial-de-hiv-y-sifilis\/\"]}]},{\"@type\":\"ImageObject\",\"inLanguage\":\"es\",\"@id\":\"https:\/\/www.noticiasradioreflejos.com.ar\/2021\/jornada-de-testeo-rapido-gratuito-y-confidencial-de-hiv-y-sifilis\/#primaryimage\",\"url\":\"http:\/\/live.staticflickr.com\/65535\/49138709367_397a59fa89.jpg\",\"contentUrl\":\"http:\/\/live.staticflickr.com\/65535\/49138709367_397a59fa89.jpg\"},{\"@type\":\"BreadcrumbList\",\"@id\":\"https:\/\/www.noticiasradioreflejos.com.ar\/2021\/jornada-de-testeo-rapido-gratuito-y-confidencial-de-hiv-y-sifilis\/#breadcrumb\",\"itemListElement\":[{\"@type\":\"ListItem\",\"position\":1,\"name\":\"Portada\",\"item\":\"https:\/\/www.noticiasradioreflejos.com.ar\/2021\/\"},{\"@type\":\"ListItem\",\"position\":2,\"name\":\"jornada de testeo r\u00e1pido, gratuito y confidencial de HIV y S\u00edfilis\"}]},{\"@type\":\"WebSite\",\"@id\":\"https:\/\/www.noticiasradioreflejos.com.ar\/2021\/#website\",\"url\":\"https:\/\/www.noticiasradioreflejos.com.ar\/2021\/\",\"name\":\"Noticias Radio Reflejos\",\"description\":\"Las noticias de mi comarca\",\"potentialAction\":[{\"@type\":\"SearchAction\",\"target\":{\"@type\":\"EntryPoint\",\"urlTemplate\":\"https:\/\/www.noticiasradioreflejos.com.ar\/2021\/?s={search_term_string}\"},\"query-input\":{\"@type\":\"PropertyValueSpecification\",\"valueRequired\":true,\"valueName\":\"search_term_string\"}}],\"inLanguage\":\"es\"},{\"@type\":\"Person\",\"@id\":\"https:\/\/www.noticiasradioreflejos.com.ar\/2021\/#\/schema\/person\/ad82545263dcc5ec0996818884fd5fb1\",\"name\":\"Arnaldo Botto\",\"image\":{\"@type\":\"ImageObject\",\"inLanguage\":\"es\",\"@id\":\"https:\/\/www.noticiasradioreflejos.com.ar\/2021\/#\/schema\/person\/image\/\",\"url\":\"https:\/\/secure.gravatar.com\/avatar\/55cb5e37c1efa326397366e6974cb338056df65cb50e7d64d1cf314e87504837?s=96&d=mm&r=g\",\"contentUrl\":\"https:\/\/secure.gravatar.com\/avatar\/55cb5e37c1efa326397366e6974cb338056df65cb50e7d64d1cf314e87504837?s=96&d=mm&r=g\",\"caption\":\"Arnaldo Botto\"},\"url\":\"https:\/\/www.noticiasradioreflejos.com.ar\/2021\/author\/arnaldo\/\"}]}<\/script>\n<!-- \/ Yoast SEO plugin. -->","yoast_head_json":{"title":"jornada de testeo r\u00e1pido, gratuito y confidencial de HIV y S\u00edfilis - Noticias Radio Reflejos","robots":{"index":"index","follow":"follow","max-snippet":"max-snippet:-1","max-image-preview":"max-image-preview:large","max-video-preview":"max-video-preview:-1"},"canonical":"https:\/\/www.noticiasradioreflejos.com.ar\/2021\/jornada-de-testeo-rapido-gratuito-y-confidencial-de-hiv-y-sifilis\/","og_locale":"es_ES","og_type":"article","og_title":"jornada de testeo r\u00e1pido, gratuito y confidencial de HIV y S\u00edfilis - Noticias Radio Reflejos","og_description":"Con motivo de conmemorarse, el 1 de diciembre, el D\u00cdA MUNDIAL DE LA LUCHA CONTRA EL SIDA, la Secretar\u00eda de Salud Municipal llevar\u00e1 a cabo una jornada de testeo r\u00e1pido, gratuito y confidencial de HIV y S\u00edfilis. La misma tendr\u00e1 lugar en las instalaciones del Hospital Municipal (Consultorio 2), el d\u00eda lunes 2 de diciembre [&hellip;]","og_url":"https:\/\/www.noticiasradioreflejos.com.ar\/2021\/jornada-de-testeo-rapido-gratuito-y-confidencial-de-hiv-y-sifilis\/","og_site_name":"Noticias Radio Reflejos","article_published_time":"2019-11-28T19:36:02+00:00","og_image":[{"url":"http:\/\/live.staticflickr.com\/65535\/49138709367_397a59fa89.jpg","type":"","width":"","height":""}],"author":"Arnaldo Botto","twitter_card":"summary_large_image","schema":{"@context":"https:\/\/schema.org","@graph":[{"@type":"WebPage","@id":"https:\/\/www.noticiasradioreflejos.com.ar\/2021\/jornada-de-testeo-rapido-gratuito-y-confidencial-de-hiv-y-sifilis\/","url":"https:\/\/www.noticiasradioreflejos.com.ar\/2021\/jornada-de-testeo-rapido-gratuito-y-confidencial-de-hiv-y-sifilis\/","name":"jornada de testeo r\u00e1pido, gratuito y confidencial de HIV y S\u00edfilis - Noticias Radio Reflejos","isPartOf":{"@id":"https:\/\/www.noticiasradioreflejos.com.ar\/2021\/#website"},"primaryImageOfPage":{"@id":"https:\/\/www.noticiasradioreflejos.com.ar\/2021\/jornada-de-testeo-rapido-gratuito-y-confidencial-de-hiv-y-sifilis\/#primaryimage"},"image":{"@id":"https:\/\/www.noticiasradioreflejos.com.ar\/2021\/jornada-de-testeo-rapido-gratuito-y-confidencial-de-hiv-y-sifilis\/#primaryimage"},"thumbnailUrl":"http:\/\/live.staticflickr.com\/65535\/49138709367_397a59fa89.jpg","datePublished":"2019-11-28T19:36:02+00:00","author":{"@id":"https:\/\/www.noticiasradioreflejos.com.ar\/2021\/#\/schema\/person\/ad82545263dcc5ec0996818884fd5fb1"},"breadcrumb":{"@id":"https:\/\/www.noticiasradioreflejos.com.ar\/2021\/jornada-de-testeo-rapido-gratuito-y-confidencial-de-hiv-y-sifilis\/#breadcrumb"},"inLanguage":"es","potentialAction":[{"@type":"ReadAction","target":["https:\/\/www.noticiasradioreflejos.com.ar\/2021\/jornada-de-testeo-rapido-gratuito-y-confidencial-de-hiv-y-sifilis\/"]}]},{"@type":"ImageObject","inLanguage":"es","@id":"https:\/\/www.noticiasradioreflejos.com.ar\/2021\/jornada-de-testeo-rapido-gratuito-y-confidencial-de-hiv-y-sifilis\/#primaryimage","url":"http:\/\/live.staticflickr.com\/65535\/49138709367_397a59fa89.jpg","contentUrl":"http:\/\/live.staticflickr.com\/65535\/49138709367_397a59fa89.jpg"},{"@type":"BreadcrumbList","@id":"https:\/\/www.noticiasradioreflejos.com.ar\/2021\/jornada-de-testeo-rapido-gratuito-y-confidencial-de-hiv-y-sifilis\/#breadcrumb","itemListElement":[{"@type":"ListItem","position":1,"name":"Portada","item":"https:\/\/www.noticiasradioreflejos.com.ar\/2021\/"},{"@type":"ListItem","position":2,"name":"jornada de testeo r\u00e1pido, gratuito y confidencial de HIV y S\u00edfilis"}]},{"@type":"WebSite","@id":"https:\/\/www.noticiasradioreflejos.com.ar\/2021\/#website","url":"https:\/\/www.noticiasradioreflejos.com.ar\/2021\/","name":"Noticias Radio Reflejos","description":"Las noticias de mi comarca","potentialAction":[{"@type":"SearchAction","target":{"@type":"EntryPoint","urlTemplate":"https:\/\/www.noticiasradioreflejos.com.ar\/2021\/?s={search_term_string}"},"query-input":{"@type":"PropertyValueSpecification","valueRequired":true,"valueName":"search_term_string"}}],"inLanguage":"es"},{"@type":"Person","@id":"https:\/\/www.noticiasradioreflejos.com.ar\/2021\/#\/schema\/person\/ad82545263dcc5ec0996818884fd5fb1","name":"Arnaldo Botto","image":{"@type":"ImageObject","inLanguage":"es","@id":"https:\/\/www.noticiasradioreflejos.com.ar\/2021\/#\/schema\/person\/image\/","url":"https:\/\/secure.gravatar.com\/avatar\/55cb5e37c1efa326397366e6974cb338056df65cb50e7d64d1cf314e87504837?s=96&d=mm&r=g","contentUrl":"https:\/\/secure.gravatar.com\/avatar\/55cb5e37c1efa326397366e6974cb338056df65cb50e7d64d1cf314e87504837?s=96&d=mm&r=g","caption":"Arnaldo Botto"},"url":"https:\/\/www.noticiasradioreflejos.com.ar\/2021\/author\/arnaldo\/"}]}},"_links":{"self":[{"href":"https:\/\/www.noticiasradioreflejos.com.ar\/2021\/wp-json\/wp\/v2\/posts\/36779","targetHints":{"allow":["GET"]}}],"collection":[{"href":"https:\/\/www.noticiasradioreflejos.com.ar\/2021\/wp-json\/wp\/v2\/posts"}],"about":[{"href":"https:\/\/www.noticiasradioreflejos.com.ar\/2021\/wp-json\/wp\/v2\/types\/post"}],"author":[{"embeddable":true,"href":"https:\/\/www.noticiasradioreflejos.com.ar\/2021\/wp-json\/wp\/v2\/users\/3"}],"replies":[{"embeddable":true,"href":"https:\/\/www.noticiasradioreflejos.com.ar\/2021\/wp-json\/wp\/v2\/comments?post=36779"}],"version-history":[{"count":0,"href":"https:\/\/www.noticiasradioreflejos.com.ar\/2021\/wp-json\/wp\/v2\/posts\/36779\/revisions"}],"wp:attachment":[{"href":"https:\/\/www.noticiasradioreflejos.com.ar\/2021\/wp-json\/wp\/v2\/media?parent=36779"}],"wp:term":[{"taxonomy":"category","embeddable":true,"href":"https:\/\/www.noticiasradioreflejos.com.ar\/2021\/wp-json\/wp\/v2\/categories?post=36779"},{"taxonomy":"post_tag","embeddable":true,"href":"https:\/\/www.noticiasradioreflejos.com.ar\/2021\/wp-json\/wp\/v2\/tags?post=36779"}],"curies":[{"name":"wp","href":"https:\/\/api.w.org\/{rel}","templated":true}]}}